{"id":11609,"date":"2014-07-04T18:12:48","date_gmt":"2014-07-04T16:12:48","guid":{"rendered":"https:\/\/vosgesinfo.fr\/gerardmerinfo\/2014\/07\/christian-daniel-le-coeur-au-lorraine\/"},"modified":"2014-07-04T18:12:48","modified_gmt":"2014-07-04T16:12:48","slug":"christian-daniel-le-coeur-au-lorraine","status":"publish","type":"post","link":"https:\/\/vosgesinfo.fr\/gerardmerinfo\/2014\/07\/christian-daniel-le-coeur-au-lorraine\/","title":{"rendered":"Christian Daniel le coeur au \u00ab\u00a0Lorraine\u00a0\u00bb"},"content":{"rendered":" Christian Daniel toujours sur la br\u00e8che\n<p><strong>A 64 ans, le garagiste G\u00e9r\u00f4mois Christian Daniel est toujours \u00e0 battre le fer. Sur les lieux de son travail, mais \u00e9galement sur les routes de France quand il est au d\u00e9part d&rsquo;un rallye dont il\u00a0 prend le d\u00e9part chaque ann\u00e9e depuis des d\u00e9cennies. <\/strong><\/p>\n<p>Le temps n&rsquo;a pas d\u2019emprise sur l&rsquo;homme qui ne louperait pour rien au monde le Rallye de Lorraine. Le fantastique rallye de Lorraine qui est aujourd&rsquo;hui malheureusement l&rsquo;ombre de lui m\u00eame au regard des ann\u00e9es 70-80 lorsque l\u2019\u00e9preuve \u00e9tait inscrite au calendrier du championnat de France de 2\u00e8me et 1\u00e8me division&#8230;.L&rsquo;\u00e9poque des Hazard, Loubet, Serpaggi B\u00e9guin, Ragnotti. Un temps r\u00e9volu, mais la passion demeure et \u00ab\u00a0<em>Le Lorraine<\/em>\u00a0\u00bb pourrait renaitre de ses cendres un jour peut-\u00eatre. En attendant Christian Daniel associ\u00e9 \u00e0 St\u00e9phane Jeanmougin sur sa Clio RS de 190 CV \u00e9tait bien sous les ordres du\u00a0 stater de la premi\u00e8re sp\u00e9ciale du cot\u00e9 de St-Di\u00e9\u00a0 pour une arriv\u00e9e place Stanislas dimanche dernier \u00e0 Nancy avec\u00a0 une tr\u00e8s belle 33\u00e8me place au scratch. Le rallyman termine 1er de sa classe et 9\u00e8me du groupe A : et oui les groupes A ne succombent pas malgr\u00e9 le temps. \u00a0\u00bb J<em>&lsquo;ai toujours la passion, la flamme<\/em>\u00a0\u00bb conc\u00e8de le garagiste de la rue du 152\u00e8me \u00a0\u00bb <em>on roule avec la t\u00eate par rapport aux jeunes qui envoient tr\u00e8s fort. Mais je finis les courses, il faut savoir parfois lever pied. Je m&rsquo;aligne\u00a0 dans 9 \u00e0 10 rallyes tous les ans : 3 nationaux pour 7 r\u00e9gionaux sans oublier la course de cote de G\u00e9rardmer\u00a0\u00bb<\/em>.<\/p>\n<p>Les hostilit\u00e9 on d\u00e9but\u00e9 en d\u00e9odatie\u00a0 avec 6 sp\u00e9ciales en boucle\u00a0 dont la mythique \u00e9tape dite de Corcieux longue de 24 km tr\u00e8s technique, rapide ou beaucoup de pilotes partent \u00e0 la faute. C&rsquo;est malheureusement ce qui est arriv\u00e9 \u00e0 un autre pensionnaire de l&rsquo;Ecurie des 3 Lacs,\u00a0 Bruno Wolf\u00a0 associ\u00e9 \u00e0 Fr\u00e9d\u00e9ric Dumas, aux termes d&rsquo;un excellent rallye en sortant malheureusement\u00a0 lors de la derni\u00e8re sp\u00e9ciale avant de rejoindre Nancy.<\/p>\n<p>Bref, Christian Daniel a d\u00e9finitivement le c\u0153ur au Lorraine et tout simplement \u00e0 la course automobile\u00a0 dans le sang depuis son plus jeune \u00e2ge. Papy fait de la r\u00e9sistance, pour\u00a0 preuve le g\u00e9r\u00f4mois sera au d\u00e9part le week-end prochain lors du\u00a0 <strong><span style=\"color: #000000; font-family: Arial,Helvetica,sans-serif; font-size: medium;\">27<\/span><span style=\"color: #000000; font-family: Arial,Helvetica,sans-serif; font-size: medium;\">\u00e8me Rallye Rupp\u00e9en sur les hauteurs du Mont de Fourche.<\/span><\/strong><\/p>\n<p>A noter \u00e9galement en ce qui concerne l\u2019\u00e9curie des 3 Lacs les classements de : Badonnel Yannick\/Badonnel Florian sur\u00a0 Peugeot 106, 11\u00e8me au\u00a0 scratch, 2\u00e8me de classe,\u00a0 3\u00e8me de groupe et DIDOT Mateo\/Mora Nicolas sur Peugeot 205 Rallye 38\u00e8me au classement scratch.<\/p>\n Christian Daniel en action\n<p>&nbsp;<\/p>\n<p>&nbsp;<\/p>\n<p>&nbsp;<\/p>\n","protected":false},"excerpt":{"rendered":"<p>A 64 ans, le garagiste G\u00e9r\u00f4mois Christian Daniel est toujours \u00e0 battre le fer. Sur les lieux de son travail, [&hellip;]<\/p>\n","protected":false},"author":1,"featured_media":0,"comment_status":"open","ping_status":"open","sticky":false,"template":"","format":"standard","meta":{"footnotes":""},"categories":[14],"tags":[],"class_list":["post-11609","post","type-post","status-publish","format-standard","hentry","category-sport"],"acf":[],"yoast_head":"<!-- This site is optimized with the Yoast SEO plugin v22.5 - https:\/\/yoast.com\/wordpress\/plugins\/seo\/ -->\n<title>Christian Daniel le coeur au &quot;Lorraine&quot; - Gerardmer Info<\/title>\n<meta name=\"robots\" content=\"index, follow, max-snippet:-1, max-image-preview:large, max-video-preview:-1\" \/>\n<link rel=\"canonical\" href=\"https:\/\/vosgesinfo.fr\/gerardmerinfo\/2014\/07\/christian-daniel-le-coeur-au-lorraine\/\" \/>\n<meta name=\"twitter:card\" content=\"summary_large_image\" \/>\n<meta name=\"twitter:title\" content=\"Christian Daniel le coeur au &quot;Lorraine&quot; - Gerardmer Info\" \/>\n<meta name=\"twitter:description\" content=\"A 64 ans, le garagiste G\u00e9r\u00f4mois Christian Daniel est toujours \u00e0 battre le fer. Sur les lieux de son travail, [&hellip;]\" \/>\n<meta name=\"twitter:creator\" content=\"@VosgesInfo88\" \/>\n<meta name=\"twitter:site\" content=\"@VosgesInfo88\" \/>\n<meta name=\"twitter:label1\" content=\"\u00c9crit par\" \/>\n\t<meta name=\"twitter:data1\" content=\"qs_admin\" \/>\n\t<meta name=\"twitter:label2\" content=\"Dur\u00e9e de lecture estim\u00e9e\" \/>\n\t<meta name=\"twitter:data2\" content=\"2 minutes\" \/>\n<script type=\"application\/ld+json\" class=\"yoast-schema-graph\">{\"@context\":\"https:\/\/schema.org\",\"@graph\":[{\"@type\":\"Article\",\"@id\":\"https:\/\/vosgesinfo.fr\/gerardmerinfo\/2014\/07\/christian-daniel-le-coeur-au-lorraine\/#article\",\"isPartOf\":{\"@id\":\"https:\/\/vosgesinfo.fr\/gerardmerinfo\/2014\/07\/christian-daniel-le-coeur-au-lorraine\/\"},\"author\":{\"name\":\"qs_admin\",\"@id\":\"https:\/\/vosgesinfo.fr\/gerardmerinfo\/#\/schema\/person\/bc5d02d71e6932e81b6dadb7386667b1\"},\"headline\":\"Christian Daniel le coeur au \u00ab\u00a0Lorraine\u00a0\u00bb\",\"datePublished\":\"2014-07-04T16:12:48+00:00\",\"dateModified\":\"2014-07-04T16:12:48+00:00\",\"mainEntityOfPage\":{\"@id\":\"https:\/\/vosgesinfo.fr\/gerardmerinfo\/2014\/07\/christian-daniel-le-coeur-au-lorraine\/\"},\"wordCount\":480,\"commentCount\":0,\"publisher\":{\"@id\":\"https:\/\/vosgesinfo.fr\/gerardmerinfo\/#organization\"},\"articleSection\":[\"Sport\"],\"inLanguage\":\"fr-FR\",\"potentialAction\":[{\"@type\":\"CommentAction\",\"name\":\"Comment\",\"target\":[\"https:\/\/vosgesinfo.fr\/gerardmerinfo\/2014\/07\/christian-daniel-le-coeur-au-lorraine\/#respond\"]}]},{\"@type\":\"WebPage\",\"@id\":\"https:\/\/vosgesinfo.fr\/gerardmerinfo\/2014\/07\/christian-daniel-le-coeur-au-lorraine\/\",\"url\":\"https:\/\/vosgesinfo.fr\/gerardmerinfo\/2014\/07\/christian-daniel-le-coeur-au-lorraine\/\",\"name\":\"Christian Daniel le coeur au \\\"Lorraine\\\" - Gerardmer Info\",\"isPartOf\":{\"@id\":\"https:\/\/vosgesinfo.fr\/gerardmerinfo\/#website\"},\"datePublished\":\"2014-07-04T16:12:48+00:00\",\"dateModified\":\"2014-07-04T16:12:48+00:00\",\"breadcrumb\":{\"@id\":\"https:\/\/vosgesinfo.fr\/gerardmerinfo\/2014\/07\/christian-daniel-le-coeur-au-lorraine\/#breadcrumb\"},\"inLanguage\":\"fr-FR\",\"potentialAction\":[{\"@type\":\"ReadAction\",\"target\":[\"https:\/\/vosgesinfo.fr\/gerardmerinfo\/2014\/07\/christian-daniel-le-coeur-au-lorraine\/\"]}]},{\"@type\":\"BreadcrumbList\",\"@id\":\"https:\/\/vosgesinfo.fr\/gerardmerinfo\/2014\/07\/christian-daniel-le-coeur-au-lorraine\/#breadcrumb\",\"itemListElement\":[{\"@type\":\"ListItem\",\"position\":1,\"name\":\"Home\",\"item\":\"https:\/\/vosgesinfo.fr\/gerardmerinfo\/\"},{\"@type\":\"ListItem\",\"position\":2,\"name\":\"Christian Daniel le coeur au \u00ab\u00a0Lorraine\u00a0\u00bb\"}]},{\"@type\":\"WebSite\",\"@id\":\"https:\/\/vosgesinfo.fr\/gerardmerinfo\/#website\",\"url\":\"https:\/\/vosgesinfo.fr\/gerardmerinfo\/\",\"name\":\"Gerardmer Info\",\"description\":\"Toute l&#039;actualit\u00e9 de G\u00e9rardmer\",\"publisher\":{\"@id\":\"https:\/\/vosgesinfo.fr\/gerardmerinfo\/#organization\"},\"alternateName\":\"Toute l'actualit\u00e9 de G\u00e9rardmer\",\"potentialAction\":[{\"@type\":\"SearchAction\",\"target\":{\"@type\":\"EntryPoint\",\"urlTemplate\":\"https:\/\/vosgesinfo.fr\/gerardmerinfo\/?s={search_term_string}\"},\"query-input\":\"required name=search_term_string\"}],\"inLanguage\":\"fr-FR\"},{\"@type\":\"Organization\",\"@id\":\"https:\/\/vosgesinfo.fr\/gerardmerinfo\/#organization\",\"name\":\"Gerardmer Info\",\"url\":\"https:\/\/vosgesinfo.fr\/gerardmerinfo\/\",\"logo\":{\"@type\":\"ImageObject\",\"inLanguage\":\"fr-FR\",\"@id\":\"https:\/\/vosgesinfo.fr\/gerardmerinfo\/#\/schema\/logo\/image\/\",\"url\":\"https:\/\/vosgesinfo.fr\/app\/uploads\/sites\/6\/2023\/08\/favicon-gerardmerinfo.png\",\"contentUrl\":\"https:\/\/vosgesinfo.fr\/app\/uploads\/sites\/6\/2023\/08\/favicon-gerardmerinfo.png\",\"width\":512,\"height\":512,\"caption\":\"Gerardmer Info\"},\"image\":{\"@id\":\"https:\/\/vosgesinfo.fr\/gerardmerinfo\/#\/schema\/logo\/image\/\"},\"sameAs\":[\"https:\/\/www.facebook.com\/profile.php?id=100049475262660\",\"https:\/\/x.com\/VosgesInfo88\",\"https:\/\/www.youtube.com\/@vosgesinfo\"]},{\"@type\":\"Person\",\"@id\":\"https:\/\/vosgesinfo.fr\/gerardmerinfo\/#\/schema\/person\/bc5d02d71e6932e81b6dadb7386667b1\",\"name\":\"qs_admin\",\"image\":{\"@type\":\"ImageObject\",\"inLanguage\":\"fr-FR\",\"@id\":\"https:\/\/vosgesinfo.fr\/gerardmerinfo\/#\/schema\/person\/image\/\",\"url\":\"https:\/\/secure.gravatar.com\/avatar\/94b18ee0ed79e4a42ea2f2931277b6841a8999fc6fde214600c78057cf1fe1de?s=96&d=mm&r=g\",\"contentUrl\":\"https:\/\/secure.gravatar.com\/avatar\/94b18ee0ed79e4a42ea2f2931277b6841a8999fc6fde214600c78057cf1fe1de?s=96&d=mm&r=g\",\"caption\":\"qs_admin\"},\"sameAs\":[\"https:\/\/vosgesinfo.fr\/wp\"],\"url\":\"https:\/\/vosgesinfo.fr\/gerardmerinfo\/author\/qs_admin\/\"}]}<\/script>\n<!-- \/ Yoast SEO plugin. -->","yoast_head_json":{"title":"Christian Daniel le coeur au \"Lorraine\" - Gerardmer Info","robots":{"index":"index","follow":"follow","max-snippet":"max-snippet:-1","max-image-preview":"max-image-preview:large","max-video-preview":"max-video-preview:-1"},"canonical":"https:\/\/vosgesinfo.fr\/gerardmerinfo\/2014\/07\/christian-daniel-le-coeur-au-lorraine\/","twitter_card":"summary_large_image","twitter_title":"Christian Daniel le coeur au \"Lorraine\" - Gerardmer Info","twitter_description":"A 64 ans, le garagiste G\u00e9r\u00f4mois Christian Daniel est toujours \u00e0 battre le fer. Sur les lieux de son travail, [&hellip;]","twitter_creator":"@VosgesInfo88","twitter_site":"@VosgesInfo88","twitter_misc":{"\u00c9crit par":"qs_admin","Dur\u00e9e de lecture estim\u00e9e":"2 minutes"},"schema":{"@context":"https:\/\/schema.org","@graph":[{"@type":"Article","@id":"https:\/\/vosgesinfo.fr\/gerardmerinfo\/2014\/07\/christian-daniel-le-coeur-au-lorraine\/#article","isPartOf":{"@id":"https:\/\/vosgesinfo.fr\/gerardmerinfo\/2014\/07\/christian-daniel-le-coeur-au-lorraine\/"},"author":{"name":"qs_admin","@id":"https:\/\/vosgesinfo.fr\/gerardmerinfo\/#\/schema\/person\/bc5d02d71e6932e81b6dadb7386667b1"},"headline":"Christian Daniel le coeur au \u00ab\u00a0Lorraine\u00a0\u00bb","datePublished":"2014-07-04T16:12:48+00:00","dateModified":"2014-07-04T16:12:48+00:00","mainEntityOfPage":{"@id":"https:\/\/vosgesinfo.fr\/gerardmerinfo\/2014\/07\/christian-daniel-le-coeur-au-lorraine\/"},"wordCount":480,"commentCount":0,"publisher":{"@id":"https:\/\/vosgesinfo.fr\/gerardmerinfo\/#organization"},"articleSection":["Sport"],"inLanguage":"fr-FR","potentialAction":[{"@type":"CommentAction","name":"Comment","target":["https:\/\/vosgesinfo.fr\/gerardmerinfo\/2014\/07\/christian-daniel-le-coeur-au-lorraine\/#respond"]}]},{"@type":"WebPage","@id":"https:\/\/vosgesinfo.fr\/gerardmerinfo\/2014\/07\/christian-daniel-le-coeur-au-lorraine\/","url":"https:\/\/vosgesinfo.fr\/gerardmerinfo\/2014\/07\/christian-daniel-le-coeur-au-lorraine\/","name":"Christian Daniel le coeur au \"Lorraine\" - Gerardmer Info","isPartOf":{"@id":"https:\/\/vosgesinfo.fr\/gerardmerinfo\/#website"},"datePublished":"2014-07-04T16:12:48+00:00","dateModified":"2014-07-04T16:12:48+00:00","breadcrumb":{"@id":"https:\/\/vosgesinfo.fr\/gerardmerinfo\/2014\/07\/christian-daniel-le-coeur-au-lorraine\/#breadcrumb"},"inLanguage":"fr-FR","potentialAction":[{"@type":"ReadAction","target":["https:\/\/vosgesinfo.fr\/gerardmerinfo\/2014\/07\/christian-daniel-le-coeur-au-lorraine\/"]}]},{"@type":"BreadcrumbList","@id":"https:\/\/vosgesinfo.fr\/gerardmerinfo\/2014\/07\/christian-daniel-le-coeur-au-lorraine\/#breadcrumb","itemListElement":[{"@type":"ListItem","position":1,"name":"Home","item":"https:\/\/vosgesinfo.fr\/gerardmerinfo\/"},{"@type":"ListItem","position":2,"name":"Christian Daniel le coeur au \u00ab\u00a0Lorraine\u00a0\u00bb"}]},{"@type":"WebSite","@id":"https:\/\/vosgesinfo.fr\/gerardmerinfo\/#website","url":"https:\/\/vosgesinfo.fr\/gerardmerinfo\/","name":"Gerardmer Info","description":"Toute l&#039;actualit\u00e9 de G\u00e9rardmer","publisher":{"@id":"https:\/\/vosgesinfo.fr\/gerardmerinfo\/#organization"},"alternateName":"Toute l'actualit\u00e9 de G\u00e9rardmer","potentialAction":[{"@type":"SearchAction","target":{"@type":"EntryPoint","urlTemplate":"https:\/\/vosgesinfo.fr\/gerardmerinfo\/?s={search_term_string}"},"query-input":"required name=search_term_string"}],"inLanguage":"fr-FR"},{"@type":"Organization","@id":"https:\/\/vosgesinfo.fr\/gerardmerinfo\/#organization","name":"Gerardmer Info","url":"https:\/\/vosgesinfo.fr\/gerardmerinfo\/","logo":{"@type":"ImageObject","inLanguage":"fr-FR","@id":"https:\/\/vosgesinfo.fr\/gerardmerinfo\/#\/schema\/logo\/image\/","url":"https:\/\/vosgesinfo.fr\/app\/uploads\/sites\/6\/2023\/08\/favicon-gerardmerinfo.png","contentUrl":"https:\/\/vosgesinfo.fr\/app\/uploads\/sites\/6\/2023\/08\/favicon-gerardmerinfo.png","width":512,"height":512,"caption":"Gerardmer Info"},"image":{"@id":"https:\/\/vosgesinfo.fr\/gerardmerinfo\/#\/schema\/logo\/image\/"},"sameAs":["https:\/\/www.facebook.com\/profile.php?id=100049475262660","https:\/\/x.com\/VosgesInfo88","https:\/\/www.youtube.com\/@vosgesinfo"]},{"@type":"Person","@id":"https:\/\/vosgesinfo.fr\/gerardmerinfo\/#\/schema\/person\/bc5d02d71e6932e81b6dadb7386667b1","name":"qs_admin","image":{"@type":"ImageObject","inLanguage":"fr-FR","@id":"https:\/\/vosgesinfo.fr\/gerardmerinfo\/#\/schema\/person\/image\/","url":"https:\/\/secure.gravatar.com\/avatar\/94b18ee0ed79e4a42ea2f2931277b6841a8999fc6fde214600c78057cf1fe1de?s=96&d=mm&r=g","contentUrl":"https:\/\/secure.gravatar.com\/avatar\/94b18ee0ed79e4a42ea2f2931277b6841a8999fc6fde214600c78057cf1fe1de?s=96&d=mm&r=g","caption":"qs_admin"},"sameAs":["https:\/\/vosgesinfo.fr\/wp"],"url":"https:\/\/vosgesinfo.fr\/gerardmerinfo\/author\/qs_admin\/"}]}},"_links":{"self":[{"href":"https:\/\/vosgesinfo.fr\/gerardmerinfo\/wp-json\/wp\/v2\/posts\/11609","targetHints":{"allow":["GET"]}}],"collection":[{"href":"https:\/\/vosgesinfo.fr\/gerardmerinfo\/wp-json\/wp\/v2\/posts"}],"about":[{"href":"https:\/\/vosgesinfo.fr\/gerardmerinfo\/wp-json\/wp\/v2\/types\/post"}],"author":[{"embeddable":true,"href":"https:\/\/vosgesinfo.fr\/gerardmerinfo\/wp-json\/wp\/v2\/users\/1"}],"replies":[{"embeddable":true,"href":"https:\/\/vosgesinfo.fr\/gerardmerinfo\/wp-json\/wp\/v2\/comments?post=11609"}],"version-history":[{"count":0,"href":"https:\/\/vosgesinfo.fr\/gerardmerinfo\/wp-json\/wp\/v2\/posts\/11609\/revisions"}],"wp:attachment":[{"href":"https:\/\/vosgesinfo.fr\/gerardmerinfo\/wp-json\/wp\/v2\/media?parent=11609"}],"wp:term":[{"taxonomy":"category","embeddable":true,"href":"https:\/\/vosgesinfo.fr\/gerardmerinfo\/wp-json\/wp\/v2\/categories?post=11609"},{"taxonomy":"post_tag","embeddable":true,"href":"https:\/\/vosgesinfo.fr\/gerardmerinfo\/wp-json\/wp\/v2\/tags?post=11609"}],"curies":[{"name":"wp","href":"https:\/\/api.w.org\/{rel}","templated":true}]}}