{"id":11612,"date":"2014-07-05T08:08:04","date_gmt":"2014-07-05T06:08:04","guid":{"rendered":"https:\/\/vosgesinfo.fr\/gerardmerinfo\/2014\/07\/conseil-municipal-tourisme-et-handicap-a-lordre-du-jour\/"},"modified":"2014-07-05T08:08:04","modified_gmt":"2014-07-05T06:08:04","slug":"conseil-municipal-tourisme-et-handicap-a-lordre-du-jour","status":"publish","type":"post","link":"https:\/\/vosgesinfo.fr\/gerardmerinfo\/2014\/07\/conseil-municipal-tourisme-et-handicap-a-lordre-du-jour\/","title":{"rendered":"Conseil Municipal : handicap et tourisme \u00e0 l&rsquo;ordre du jour"},"content":{"rendered":"<p>La France aime les abr\u00e9viations et le conseil municipal aussi : celui-ci \u00e9tait programm\u00e9\u00a0 jeudi soir, sans doute en fonction des 1\/4 de finale de la Coupe du Monde de Foot. Les \u00e9\u00e9lus sont donc all\u00e9s \u00e9galement de leur abr\u00e9viation pour \u00e9voquer\u00a0 le SIVU Tourisme et pour adopter le compte administratif\u00a0 de l&rsquo;OT comprenez de l&rsquo;Office de Tourisme, deux points importants\u00a0 de la r\u00e9union de travail. Mais avant cela, les \u00e9lus\u00a0 pr\u00e9sents, Sophie Della Maria \u00e9tant absente pour l&rsquo;opposition,\u00a0 ont \u00e9voqu\u00e9 le rapport\u00a0 annuel 2013 sur la commission\u00a0 accessibilit\u00e9 aux personnes handicap\u00e9es. L&rsquo;an dernier, les r\u00e9alisations ont port\u00e9 sur la mise aux normes des trottoirs et des passages pi\u00e9tons. Les bateaux ont \u00e9t\u00e9 surbaiss\u00e9s\u00a0 \u00e0 17 endroits diff\u00e9rents faisant suite aux interventions de 2012 o\u00f9 44 endroits avaient d\u00e9j\u00e0 subi des modifications. La commune a \u00e9galement proc\u00e9d\u00e9 \u00e0 la mat\u00e9rialisation de places de stationnement handicap\u00e9\u00a0 rue de Provence, Quartier Kl\u00e9ber, parking de l&rsquo;esplanade et \u00e0 la Maison de la Culture. Mais aussi \u00e0 l&rsquo;am\u00e9nagement\u00a0 de portes automatiques, la cr\u00e9ation de WC handicap\u00e9 en mairie et rue de l&rsquo;\u00e9glise, sans oublier toutes les modifications (la liste est longue) apport\u00e9es au dispositif existant et m\u00e9ritant une adaptation. Une nouveaut\u00e9 intervient cependant dans le paysage local et touristique avec\u00a0 la prochaine mise en service l&rsquo;automne prochain d&rsquo;un sentier sur les bords du lac, plus exactement \u00e0 Ramberchamp\u00a0 avec une boucle de 500 m\u00e8tres\u00a0 avec l&rsquo;installation de diff\u00e9rentes stations p\u00e9dagogiques dot\u00e9es d&rsquo;agr\u00e8s sensoriels.<\/p>\n<p>Bref, 55 places de stationnement sont aujourd&rsquo;hui disponibles. 45 km\u00a0 de voirie ont \u00e9t\u00e9 diagnostiqu\u00e9s\u00a0 sur les 120 km\u00a0 de la commune. Ainsi 75 000 \u20ac ont \u00e9t\u00e9 budg\u00e9t\u00e9s en 2013 sans compter les op\u00e9rations de restructuration globale.\u00a0 En ce qui concerne les b\u00e2timents, la ville aura investi 57 600 \u20ac alors que le sentier pr\u00e9vu au budget de 2014 devrait co\u00fbter \u00e0 la collectivit\u00e9 80 300 \u20ac&#8230;..au m\u00eame titre que le monte-personne en mairie devrait \u00eatre remplac\u00e9 par un v\u00e9ritable ascenseur pour un co\u00fbt\u00a0 de 70 000 \u20ac.<\/p>\n<p>C&rsquo;est Herv\u00e9 Badonnel qui succ\u00e9dait au Maire, Stessy Speissmann, pour le rapport d\u2019activit\u00e9\u00a0 du SIVU Tourisme Hautes Vosges. Les \u00e9lus ont du approuver\u00a0 le bilan et budget g\u00e9n\u00e9ral,\u00a0 la commune de G\u00e9rardmer \u00e9tant partie prenante \u00e0 hauteur de 53 000 \u20ac sur un budget de participation total de 162 000 \u20ac.\u00a0 L&rsquo;adjoint aux finances est\u00a0 revenu sur la motivation du SIVU, celles de promouvoir les Hautes Vosges, plus sp\u00e9cialement les sp\u00e9cificit\u00e9s du massif\u00a0 en participant \u00e0 des salons, des manifestations \u00e0 vocation touristique&#8230;..Il est bon de savoir que\u00a0 les deux principales villes que sont G\u00e9rardmer et la Bresse repr\u00e9sentent \u00e0 elles deux 10 000 lits pour la premi\u00e8re nomm\u00e9e et 8 000 lits pour la seconde pour un total de 30 000.<\/p>\n<p>Autre point \u00e9galement \u00e0 l&rsquo;ordre du Conseil, l&rsquo;approbation du compte administratif 2014\u00a0 et du budget 2014 de l&rsquo;Office de Tourisme :\u00a0 laiss\u00e9 \u00e0 Herv\u00e9 Badonnel en sa qualit\u00e9 de pr\u00e9sident de l&rsquo;OT. En ce qui concerne l\u2019ann\u00e9e en cours, le budget primitif se monte \u00e0 80 600 \u20ac en section d&rsquo;investissement pour 2 231 450 \u20ac en section de fonctionnement.\u00a0 La commune finance l&rsquo;OT \u00e0 hauteur de 300 000 \u20ac sous forme de subventions, 90 000 \u20ac de reversement des droits de mutations et 210 000 \u20ac de reversement de la taxe de s\u00e9jour. A ce propos, le maire a pr\u00e9cis\u00e9 qu&rsquo;un projet d&rsquo;augmentation de celle ci est dans les tuyaux du gouvernement, en fonction de la cat\u00e9gorie des h\u00f4tels concern\u00e9s et son application serait laiss\u00e9e au bon jugement des collectivit\u00e9s territoriales&#8230;A suivre..<\/p>\n<p>Pour conclure la soir\u00e9e, sur une notre un peu plus l\u00e9g\u00e8re, les \u00e9lus ont d\u00e9sign\u00e9 les deux rosiers ou rosi\u00e8res de la ville en attribuant les prix Lucien L\u00e9vy et\u00a0 Leg Jean-Baptiste Saulcy. Eliott Vandevoir,\u00a0 \u00e9l\u00e8ve en classe de CM2 de l&rsquo;\u00e9cole Jean Mac\u00e9,\u00a0 a \u00e9t\u00e9 d\u00e9sign\u00e9 par ses maitres comme le plus m\u00e9ritant et en ce qui concerne\u00a0 la jeune fille de 20 ans la plus vertueuse et la plus m\u00e9ritante de la commune, il s&rsquo;agit de Jeanne No\u00ebl. Les deux nomin\u00e9s recevront respectivement une somme de 40 et 80 \u20ac&#8230;.<\/p>\n","protected":false},"excerpt":{"rendered":"<p>La France aime les abr\u00e9viations et le conseil municipal aussi : celui-ci \u00e9tait programm\u00e9\u00a0 jeudi soir, sans doute en fonction [&hellip;]<\/p>\n","protected":false},"author":1,"featured_media":0,"comment_status":"open","ping_status":"open","sticky":false,"template":"","format":"standard","meta":{"footnotes":""},"categories":[10],"tags":[],"class_list":["post-11612","post","type-post","status-publish","format-standard","hentry","category-politique"],"acf":[],"yoast_head":"<!-- This site is optimized with the Yoast SEO plugin v22.5 - https:\/\/yoast.com\/wordpress\/plugins\/seo\/ -->\n<title>Conseil Municipal : handicap et tourisme \u00e0 l&#039;ordre du jour - Gerardmer Info<\/title>\n<meta name=\"robots\" content=\"index, follow, max-snippet:-1, max-image-preview:large, max-video-preview:-1\" \/>\n<link rel=\"canonical\" href=\"https:\/\/vosgesinfo.fr\/gerardmerinfo\/2014\/07\/conseil-municipal-tourisme-et-handicap-a-lordre-du-jour\/\" \/>\n<meta name=\"twitter:card\" content=\"summary_large_image\" \/>\n<meta name=\"twitter:title\" content=\"Conseil Municipal : handicap et tourisme \u00e0 l&#039;ordre du jour - Gerardmer Info\" \/>\n<meta name=\"twitter:description\" content=\"La France aime les abr\u00e9viations et le conseil municipal aussi : celui-ci \u00e9tait programm\u00e9\u00a0 jeudi soir, sans doute en fonction [&hellip;]\" \/>\n<meta name=\"twitter:creator\" content=\"@VosgesInfo88\" \/>\n<meta name=\"twitter:site\" content=\"@VosgesInfo88\" \/>\n<meta name=\"twitter:label1\" content=\"\u00c9crit par\" \/>\n\t<meta name=\"twitter:data1\" content=\"qs_admin\" \/>\n\t<meta name=\"twitter:label2\" content=\"Dur\u00e9e de lecture estim\u00e9e\" \/>\n\t<meta name=\"twitter:data2\" content=\"3 minutes\" \/>\n<script type=\"application\/ld+json\" class=\"yoast-schema-graph\">{\"@context\":\"https:\/\/schema.org\",\"@graph\":[{\"@type\":\"Article\",\"@id\":\"https:\/\/vosgesinfo.fr\/gerardmerinfo\/2014\/07\/conseil-municipal-tourisme-et-handicap-a-lordre-du-jour\/#article\",\"isPartOf\":{\"@id\":\"https:\/\/vosgesinfo.fr\/gerardmerinfo\/2014\/07\/conseil-municipal-tourisme-et-handicap-a-lordre-du-jour\/\"},\"author\":{\"name\":\"qs_admin\",\"@id\":\"https:\/\/vosgesinfo.fr\/gerardmerinfo\/#\/schema\/person\/bc5d02d71e6932e81b6dadb7386667b1\"},\"headline\":\"Conseil Municipal : handicap et tourisme \u00e0 l&rsquo;ordre du jour\",\"datePublished\":\"2014-07-05T06:08:04+00:00\",\"dateModified\":\"2014-07-05T06:08:04+00:00\",\"mainEntityOfPage\":{\"@id\":\"https:\/\/vosgesinfo.fr\/gerardmerinfo\/2014\/07\/conseil-municipal-tourisme-et-handicap-a-lordre-du-jour\/\"},\"wordCount\":705,\"commentCount\":0,\"publisher\":{\"@id\":\"https:\/\/vosgesinfo.fr\/gerardmerinfo\/#organization\"},\"articleSection\":[\"Politique\"],\"inLanguage\":\"fr-FR\",\"potentialAction\":[{\"@type\":\"CommentAction\",\"name\":\"Comment\",\"target\":[\"https:\/\/vosgesinfo.fr\/gerardmerinfo\/2014\/07\/conseil-municipal-tourisme-et-handicap-a-lordre-du-jour\/#respond\"]}]},{\"@type\":\"WebPage\",\"@id\":\"https:\/\/vosgesinfo.fr\/gerardmerinfo\/2014\/07\/conseil-municipal-tourisme-et-handicap-a-lordre-du-jour\/\",\"url\":\"https:\/\/vosgesinfo.fr\/gerardmerinfo\/2014\/07\/conseil-municipal-tourisme-et-handicap-a-lordre-du-jour\/\",\"name\":\"Conseil Municipal : handicap et tourisme \u00e0 l'ordre du jour - Gerardmer Info\",\"isPartOf\":{\"@id\":\"https:\/\/vosgesinfo.fr\/gerardmerinfo\/#website\"},\"datePublished\":\"2014-07-05T06:08:04+00:00\",\"dateModified\":\"2014-07-05T06:08:04+00:00\",\"breadcrumb\":{\"@id\":\"https:\/\/vosgesinfo.fr\/gerardmerinfo\/2014\/07\/conseil-municipal-tourisme-et-handicap-a-lordre-du-jour\/#breadcrumb\"},\"inLanguage\":\"fr-FR\",\"potentialAction\":[{\"@type\":\"ReadAction\",\"target\":[\"https:\/\/vosgesinfo.fr\/gerardmerinfo\/2014\/07\/conseil-municipal-tourisme-et-handicap-a-lordre-du-jour\/\"]}]},{\"@type\":\"BreadcrumbList\",\"@id\":\"https:\/\/vosgesinfo.fr\/gerardmerinfo\/2014\/07\/conseil-municipal-tourisme-et-handicap-a-lordre-du-jour\/#breadcrumb\",\"itemListElement\":[{\"@type\":\"ListItem\",\"position\":1,\"name\":\"Home\",\"item\":\"https:\/\/vosgesinfo.fr\/gerardmerinfo\/\"},{\"@type\":\"ListItem\",\"position\":2,\"name\":\"Conseil Municipal : handicap et tourisme \u00e0 l&rsquo;ordre du jour\"}]},{\"@type\":\"WebSite\",\"@id\":\"https:\/\/vosgesinfo.fr\/gerardmerinfo\/#website\",\"url\":\"https:\/\/vosgesinfo.fr\/gerardmerinfo\/\",\"name\":\"Gerardmer Info\",\"description\":\"Toute l&#039;actualit\u00e9 de G\u00e9rardmer\",\"publisher\":{\"@id\":\"https:\/\/vosgesinfo.fr\/gerardmerinfo\/#organization\"},\"alternateName\":\"Toute l'actualit\u00e9 de G\u00e9rardmer\",\"potentialAction\":[{\"@type\":\"SearchAction\",\"target\":{\"@type\":\"EntryPoint\",\"urlTemplate\":\"https:\/\/vosgesinfo.fr\/gerardmerinfo\/?s={search_term_string}\"},\"query-input\":\"required name=search_term_string\"}],\"inLanguage\":\"fr-FR\"},{\"@type\":\"Organization\",\"@id\":\"https:\/\/vosgesinfo.fr\/gerardmerinfo\/#organization\",\"name\":\"Gerardmer Info\",\"url\":\"https:\/\/vosgesinfo.fr\/gerardmerinfo\/\",\"logo\":{\"@type\":\"ImageObject\",\"inLanguage\":\"fr-FR\",\"@id\":\"https:\/\/vosgesinfo.fr\/gerardmerinfo\/#\/schema\/logo\/image\/\",\"url\":\"https:\/\/vosgesinfo.fr\/app\/uploads\/sites\/6\/2023\/08\/favicon-gerardmerinfo.png\",\"contentUrl\":\"https:\/\/vosgesinfo.fr\/app\/uploads\/sites\/6\/2023\/08\/favicon-gerardmerinfo.png\",\"width\":512,\"height\":512,\"caption\":\"Gerardmer Info\"},\"image\":{\"@id\":\"https:\/\/vosgesinfo.fr\/gerardmerinfo\/#\/schema\/logo\/image\/\"},\"sameAs\":[\"https:\/\/www.facebook.com\/profile.php?id=100049475262660\",\"https:\/\/x.com\/VosgesInfo88\",\"https:\/\/www.youtube.com\/@vosgesinfo\"]},{\"@type\":\"Person\",\"@id\":\"https:\/\/vosgesinfo.fr\/gerardmerinfo\/#\/schema\/person\/bc5d02d71e6932e81b6dadb7386667b1\",\"name\":\"qs_admin\",\"image\":{\"@type\":\"ImageObject\",\"inLanguage\":\"fr-FR\",\"@id\":\"https:\/\/vosgesinfo.fr\/gerardmerinfo\/#\/schema\/person\/image\/\",\"url\":\"https:\/\/secure.gravatar.com\/avatar\/94b18ee0ed79e4a42ea2f2931277b6841a8999fc6fde214600c78057cf1fe1de?s=96&d=mm&r=g\",\"contentUrl\":\"https:\/\/secure.gravatar.com\/avatar\/94b18ee0ed79e4a42ea2f2931277b6841a8999fc6fde214600c78057cf1fe1de?s=96&d=mm&r=g\",\"caption\":\"qs_admin\"},\"sameAs\":[\"https:\/\/vosgesinfo.fr\/wp\"],\"url\":\"https:\/\/vosgesinfo.fr\/gerardmerinfo\/author\/qs_admin\/\"}]}<\/script>\n<!-- \/ Yoast SEO plugin. -->","yoast_head_json":{"title":"Conseil Municipal : handicap et tourisme \u00e0 l'ordre du jour - Gerardmer Info","robots":{"index":"index","follow":"follow","max-snippet":"max-snippet:-1","max-image-preview":"max-image-preview:large","max-video-preview":"max-video-preview:-1"},"canonical":"https:\/\/vosgesinfo.fr\/gerardmerinfo\/2014\/07\/conseil-municipal-tourisme-et-handicap-a-lordre-du-jour\/","twitter_card":"summary_large_image","twitter_title":"Conseil Municipal : handicap et tourisme \u00e0 l'ordre du jour - Gerardmer Info","twitter_description":"La France aime les abr\u00e9viations et le conseil municipal aussi : celui-ci \u00e9tait programm\u00e9\u00a0 jeudi soir, sans doute en fonction [&hellip;]","twitter_creator":"@VosgesInfo88","twitter_site":"@VosgesInfo88","twitter_misc":{"\u00c9crit par":"qs_admin","Dur\u00e9e de lecture estim\u00e9e":"3 minutes"},"schema":{"@context":"https:\/\/schema.org","@graph":[{"@type":"Article","@id":"https:\/\/vosgesinfo.fr\/gerardmerinfo\/2014\/07\/conseil-municipal-tourisme-et-handicap-a-lordre-du-jour\/#article","isPartOf":{"@id":"https:\/\/vosgesinfo.fr\/gerardmerinfo\/2014\/07\/conseil-municipal-tourisme-et-handicap-a-lordre-du-jour\/"},"author":{"name":"qs_admin","@id":"https:\/\/vosgesinfo.fr\/gerardmerinfo\/#\/schema\/person\/bc5d02d71e6932e81b6dadb7386667b1"},"headline":"Conseil Municipal : handicap et tourisme \u00e0 l&rsquo;ordre du jour","datePublished":"2014-07-05T06:08:04+00:00","dateModified":"2014-07-05T06:08:04+00:00","mainEntityOfPage":{"@id":"https:\/\/vosgesinfo.fr\/gerardmerinfo\/2014\/07\/conseil-municipal-tourisme-et-handicap-a-lordre-du-jour\/"},"wordCount":705,"commentCount":0,"publisher":{"@id":"https:\/\/vosgesinfo.fr\/gerardmerinfo\/#organization"},"articleSection":["Politique"],"inLanguage":"fr-FR","potentialAction":[{"@type":"CommentAction","name":"Comment","target":["https:\/\/vosgesinfo.fr\/gerardmerinfo\/2014\/07\/conseil-municipal-tourisme-et-handicap-a-lordre-du-jour\/#respond"]}]},{"@type":"WebPage","@id":"https:\/\/vosgesinfo.fr\/gerardmerinfo\/2014\/07\/conseil-municipal-tourisme-et-handicap-a-lordre-du-jour\/","url":"https:\/\/vosgesinfo.fr\/gerardmerinfo\/2014\/07\/conseil-municipal-tourisme-et-handicap-a-lordre-du-jour\/","name":"Conseil Municipal : handicap et tourisme \u00e0 l'ordre du jour - Gerardmer Info","isPartOf":{"@id":"https:\/\/vosgesinfo.fr\/gerardmerinfo\/#website"},"datePublished":"2014-07-05T06:08:04+00:00","dateModified":"2014-07-05T06:08:04+00:00","breadcrumb":{"@id":"https:\/\/vosgesinfo.fr\/gerardmerinfo\/2014\/07\/conseil-municipal-tourisme-et-handicap-a-lordre-du-jour\/#breadcrumb"},"inLanguage":"fr-FR","potentialAction":[{"@type":"ReadAction","target":["https:\/\/vosgesinfo.fr\/gerardmerinfo\/2014\/07\/conseil-municipal-tourisme-et-handicap-a-lordre-du-jour\/"]}]},{"@type":"BreadcrumbList","@id":"https:\/\/vosgesinfo.fr\/gerardmerinfo\/2014\/07\/conseil-municipal-tourisme-et-handicap-a-lordre-du-jour\/#breadcrumb","itemListElement":[{"@type":"ListItem","position":1,"name":"Home","item":"https:\/\/vosgesinfo.fr\/gerardmerinfo\/"},{"@type":"ListItem","position":2,"name":"Conseil Municipal : handicap et tourisme \u00e0 l&rsquo;ordre du jour"}]},{"@type":"WebSite","@id":"https:\/\/vosgesinfo.fr\/gerardmerinfo\/#website","url":"https:\/\/vosgesinfo.fr\/gerardmerinfo\/","name":"Gerardmer Info","description":"Toute l&#039;actualit\u00e9 de G\u00e9rardmer","publisher":{"@id":"https:\/\/vosgesinfo.fr\/gerardmerinfo\/#organization"},"alternateName":"Toute l'actualit\u00e9 de G\u00e9rardmer","potentialAction":[{"@type":"SearchAction","target":{"@type":"EntryPoint","urlTemplate":"https:\/\/vosgesinfo.fr\/gerardmerinfo\/?s={search_term_string}"},"query-input":"required name=search_term_string"}],"inLanguage":"fr-FR"},{"@type":"Organization","@id":"https:\/\/vosgesinfo.fr\/gerardmerinfo\/#organization","name":"Gerardmer Info","url":"https:\/\/vosgesinfo.fr\/gerardmerinfo\/","logo":{"@type":"ImageObject","inLanguage":"fr-FR","@id":"https:\/\/vosgesinfo.fr\/gerardmerinfo\/#\/schema\/logo\/image\/","url":"https:\/\/vosgesinfo.fr\/app\/uploads\/sites\/6\/2023\/08\/favicon-gerardmerinfo.png","contentUrl":"https:\/\/vosgesinfo.fr\/app\/uploads\/sites\/6\/2023\/08\/favicon-gerardmerinfo.png","width":512,"height":512,"caption":"Gerardmer Info"},"image":{"@id":"https:\/\/vosgesinfo.fr\/gerardmerinfo\/#\/schema\/logo\/image\/"},"sameAs":["https:\/\/www.facebook.com\/profile.php?id=100049475262660","https:\/\/x.com\/VosgesInfo88","https:\/\/www.youtube.com\/@vosgesinfo"]},{"@type":"Person","@id":"https:\/\/vosgesinfo.fr\/gerardmerinfo\/#\/schema\/person\/bc5d02d71e6932e81b6dadb7386667b1","name":"qs_admin","image":{"@type":"ImageObject","inLanguage":"fr-FR","@id":"https:\/\/vosgesinfo.fr\/gerardmerinfo\/#\/schema\/person\/image\/","url":"https:\/\/secure.gravatar.com\/avatar\/94b18ee0ed79e4a42ea2f2931277b6841a8999fc6fde214600c78057cf1fe1de?s=96&d=mm&r=g","contentUrl":"https:\/\/secure.gravatar.com\/avatar\/94b18ee0ed79e4a42ea2f2931277b6841a8999fc6fde214600c78057cf1fe1de?s=96&d=mm&r=g","caption":"qs_admin"},"sameAs":["https:\/\/vosgesinfo.fr\/wp"],"url":"https:\/\/vosgesinfo.fr\/gerardmerinfo\/author\/qs_admin\/"}]}},"_links":{"self":[{"href":"https:\/\/vosgesinfo.fr\/gerardmerinfo\/wp-json\/wp\/v2\/posts\/11612","targetHints":{"allow":["GET"]}}],"collection":[{"href":"https:\/\/vosgesinfo.fr\/gerardmerinfo\/wp-json\/wp\/v2\/posts"}],"about":[{"href":"https:\/\/vosgesinfo.fr\/gerardmerinfo\/wp-json\/wp\/v2\/types\/post"}],"author":[{"embeddable":true,"href":"https:\/\/vosgesinfo.fr\/gerardmerinfo\/wp-json\/wp\/v2\/users\/1"}],"replies":[{"embeddable":true,"href":"https:\/\/vosgesinfo.fr\/gerardmerinfo\/wp-json\/wp\/v2\/comments?post=11612"}],"version-history":[{"count":0,"href":"https:\/\/vosgesinfo.fr\/gerardmerinfo\/wp-json\/wp\/v2\/posts\/11612\/revisions"}],"wp:attachment":[{"href":"https:\/\/vosgesinfo.fr\/gerardmerinfo\/wp-json\/wp\/v2\/media?parent=11612"}],"wp:term":[{"taxonomy":"category","embeddable":true,"href":"https:\/\/vosgesinfo.fr\/gerardmerinfo\/wp-json\/wp\/v2\/categories?post=11612"},{"taxonomy":"post_tag","embeddable":true,"href":"https:\/\/vosgesinfo.fr\/gerardmerinfo\/wp-json\/wp\/v2\/tags?post=11612"}],"curies":[{"name":"wp","href":"https:\/\/api.w.org\/{rel}","templated":true}]}}