{"id":11613,"date":"2014-07-05T17:27:23","date_gmt":"2014-07-05T15:27:23","guid":{"rendered":"https:\/\/vosgesinfo.fr\/gerardmerinfo\/2014\/07\/croisette-debut-des-travaux-prevu-pour-2015\/"},"modified":"2014-07-05T17:27:23","modified_gmt":"2014-07-05T15:27:23","slug":"croisette-debut-des-travaux-prevu-pour-2015","status":"publish","type":"post","link":"https:\/\/vosgesinfo.fr\/gerardmerinfo\/2014\/07\/croisette-debut-des-travaux-prevu-pour-2015\/","title":{"rendered":"Croisette : d\u00e9but des travaux pr\u00e9vu pour 2015"},"content":{"rendered":" Le projet retenu est le suivant : 2 giratoires li\u00e9s par 2 chauss\u00e9es en double voies. Sur les c\u00f4t\u00e9s, au niveau des commerces et habitations du carrefour, des contres-all\u00e9es en sens unique seront mises en place avec notamment des places de parking\n<p style=\"text-align: center;\">Cliquez sur l&rsquo;image pour l&rsquo;agrandir<\/p>\n<p><strong>Le Conseil G\u00e9n\u00e9ral et son pr\u00e9sident Christian Poncelet ont pr\u00e9sent\u00e9 le projet d&rsquo;am\u00e9nagement du carrefour de la Croisette dont les travaux devraient d\u00e9buter au 2\u00e9me semestre 2015.<\/strong><\/p>\n Une r\u00e9union de pr\u00e9sentation du projet a r\u00e9cemment eu lieu en pr\u00e9sence du pr\u00e9sident du Conseil G\u00e9n\u00e9ral Christian Poncelet et du maire de la Ville de G\u00e9rardmer Stessy Speissmann, sans oublier le responsable des services techniques de la Municipalit\u00e9 Patrick Didier\n<p>Et c&rsquo;est vers un projet compos\u00e9 de deux ronds-points que s&rsquo;est tourn\u00e9 le D\u00e9partement apr\u00e8s notamment un comptage routier effectu\u00e9 par ses soins ainsi une \u00e9tude de circulation r\u00e9alis\u00e9e par des sp\u00e9cialistes de Metz. Il faut dire que ce secteur de G\u00e9rardmer compos\u00e9 de 6 intersections \u00e9tait devenu trop dangereux, et ce d&rsquo;autant plus qu&rsquo;il est extr\u00eamement fr\u00e9quent\u00e9, notamment pendant les vacances. Trafic important, retenue de file, mauvaise visibilit\u00e9, manque d&rsquo;identit\u00e9 de l&rsquo;usage des abords et enfin accessibilit\u00e9 d\u00e9faillante pour les personnes handicap\u00e9es, il \u00e9tait temps de prendre le probl\u00e8me \u00e0 bras-le-corps et il est imp\u00e9ratif de ne rien laisser au hasard.<\/p>\n Une pr\u00e9sentation d\u00e9taill\u00e9e du projet d&rsquo;am\u00e9nagement a \u00e9t\u00e9 effectu\u00e9e par le Conseil G\u00e9n\u00e9ral via les techniciens de son service Routes\n<p>Les propositions du Conseil G\u00e9n\u00e9ral vont donc \u00eatre \u00e9tudi\u00e9es avec attention par la Ville. 10 000 m\u00b2 et 6 rues devraient \u00eatre concern\u00e9s par le chantier, c&rsquo;est du s\u00e9rieux ! L&rsquo;addition est estim\u00e9e \u00e0 1 million d&rsquo;euros et sera r\u00e9partie \u00e9galement entre les deux parties qui envisagent de grouper intelligemment les commandes. A cela viendront s&rsquo;ajouter environ 400 000 euros pour le d\u00e9montage du pont de la Jamagne qui devient bien trop cher \u00e0 entretenir (d&rsquo;ici 4 ans il devrait co\u00fbter au moins 300 000 euros en entretien) et surtout particuli\u00e8rement dangereux pour les pi\u00e9tons l&rsquo;hiver car trop compliqu\u00e9 \u00e0 d\u00e9neiger.<\/p>\n<p>Dans les grandes lignes, le calendrier est fix\u00e9 est le suivant :<\/p>\n<p>2014 : travaux communaux sur les diff\u00e9rents r\u00e9seaux<\/p>\n<p>D\u00e9but 2015 : \u00e9tudes et \u00e9laborations de la proc\u00e9dure<\/p>\n<p>2\u00e9me semestre 2015 : \u00a0travaux d&rsquo;une dur\u00e9e estim\u00e9e \u00e0 6 mois<\/p>\n<p>Dans l&rsquo;imm\u00e9diat, il va falloir rapidement effectuer le choix des principes d&rsquo;am\u00e9nagement et les choix d&rsquo;intervention sur le domaine priv\u00e9. A ce propos, sachez qu&rsquo;une r\u00e9union publique est pr\u00e9vue le 9 juillet prochain \u00e0 la salle des Armes de la mairie de G\u00e9rardmer. L&rsquo;ensemble du projet vous sera d\u00e9taill\u00e9. G\u00e9r\u00f4mois, riverains, si vous avez des questions \u00e0 poser, ce sera le moment ou jamais !!<\/p>\n","protected":false},"excerpt":{"rendered":"<p>Cliquez sur l&rsquo;image pour l&rsquo;agrandir Le Conseil G\u00e9n\u00e9ral et son pr\u00e9sident Christian Poncelet ont pr\u00e9sent\u00e9 le projet d&rsquo;am\u00e9nagement du carrefour [&hellip;]<\/p>\n","protected":false},"author":42,"featured_media":0,"comment_status":"open","ping_status":"open","sticky":false,"template":"","format":"standard","meta":{"footnotes":""},"categories":[25],"tags":[],"class_list":["post-11613","post","type-post","status-publish","format-standard","hentry","category-gerardmer"],"acf":[],"yoast_head":"<!-- This site is optimized with the Yoast SEO plugin v22.5 - https:\/\/yoast.com\/wordpress\/plugins\/seo\/ -->\n<title>Croisette : d\u00e9but des travaux pr\u00e9vu pour 2015 - Gerardmer Info<\/title>\n<meta name=\"robots\" content=\"index, follow, max-snippet:-1, max-image-preview:large, max-video-preview:-1\" \/>\n<link rel=\"canonical\" href=\"https:\/\/vosgesinfo.fr\/gerardmerinfo\/2014\/07\/croisette-debut-des-travaux-prevu-pour-2015\/\" \/>\n<meta name=\"twitter:card\" content=\"summary_large_image\" \/>\n<meta name=\"twitter:title\" content=\"Croisette : d\u00e9but des travaux pr\u00e9vu pour 2015 - Gerardmer Info\" \/>\n<meta name=\"twitter:description\" content=\"Cliquez sur l&rsquo;image pour l&rsquo;agrandir Le Conseil G\u00e9n\u00e9ral et son pr\u00e9sident Christian Poncelet ont pr\u00e9sent\u00e9 le projet d&rsquo;am\u00e9nagement du carrefour [&hellip;]\" \/>\n<meta name=\"twitter:creator\" content=\"@VosgesInfo88\" \/>\n<meta name=\"twitter:site\" content=\"@VosgesInfo88\" \/>\n<meta name=\"twitter:label1\" content=\"\u00c9crit par\" \/>\n\t<meta name=\"twitter:data1\" content=\"QG\" \/>\n\t<meta name=\"twitter:label2\" content=\"Dur\u00e9e de lecture estim\u00e9e\" \/>\n\t<meta name=\"twitter:data2\" content=\"2 minutes\" \/>\n<script type=\"application\/ld+json\" class=\"yoast-schema-graph\">{\"@context\":\"https:\/\/schema.org\",\"@graph\":[{\"@type\":\"Article\",\"@id\":\"https:\/\/vosgesinfo.fr\/gerardmerinfo\/2014\/07\/croisette-debut-des-travaux-prevu-pour-2015\/#article\",\"isPartOf\":{\"@id\":\"https:\/\/vosgesinfo.fr\/gerardmerinfo\/2014\/07\/croisette-debut-des-travaux-prevu-pour-2015\/\"},\"author\":{\"name\":\"QG\",\"@id\":\"https:\/\/vosgesinfo.fr\/gerardmerinfo\/#\/schema\/person\/db5605779a843dad16b5368f3e7613a5\"},\"headline\":\"Croisette : d\u00e9but des travaux pr\u00e9vu pour 2015\",\"datePublished\":\"2014-07-05T15:27:23+00:00\",\"dateModified\":\"2014-07-05T15:27:23+00:00\",\"mainEntityOfPage\":{\"@id\":\"https:\/\/vosgesinfo.fr\/gerardmerinfo\/2014\/07\/croisette-debut-des-travaux-prevu-pour-2015\/\"},\"wordCount\":526,\"commentCount\":0,\"publisher\":{\"@id\":\"https:\/\/vosgesinfo.fr\/gerardmerinfo\/#organization\"},\"articleSection\":[\"G\u00e9rardmer\"],\"inLanguage\":\"fr-FR\",\"potentialAction\":[{\"@type\":\"CommentAction\",\"name\":\"Comment\",\"target\":[\"https:\/\/vosgesinfo.fr\/gerardmerinfo\/2014\/07\/croisette-debut-des-travaux-prevu-pour-2015\/#respond\"]}]},{\"@type\":\"WebPage\",\"@id\":\"https:\/\/vosgesinfo.fr\/gerardmerinfo\/2014\/07\/croisette-debut-des-travaux-prevu-pour-2015\/\",\"url\":\"https:\/\/vosgesinfo.fr\/gerardmerinfo\/2014\/07\/croisette-debut-des-travaux-prevu-pour-2015\/\",\"name\":\"Croisette : d\u00e9but des travaux pr\u00e9vu pour 2015 - Gerardmer Info\",\"isPartOf\":{\"@id\":\"https:\/\/vosgesinfo.fr\/gerardmerinfo\/#website\"},\"datePublished\":\"2014-07-05T15:27:23+00:00\",\"dateModified\":\"2014-07-05T15:27:23+00:00\",\"breadcrumb\":{\"@id\":\"https:\/\/vosgesinfo.fr\/gerardmerinfo\/2014\/07\/croisette-debut-des-travaux-prevu-pour-2015\/#breadcrumb\"},\"inLanguage\":\"fr-FR\",\"potentialAction\":[{\"@type\":\"ReadAction\",\"target\":[\"https:\/\/vosgesinfo.fr\/gerardmerinfo\/2014\/07\/croisette-debut-des-travaux-prevu-pour-2015\/\"]}]},{\"@type\":\"BreadcrumbList\",\"@id\":\"https:\/\/vosgesinfo.fr\/gerardmerinfo\/2014\/07\/croisette-debut-des-travaux-prevu-pour-2015\/#breadcrumb\",\"itemListElement\":[{\"@type\":\"ListItem\",\"position\":1,\"name\":\"Home\",\"item\":\"https:\/\/vosgesinfo.fr\/gerardmerinfo\/\"},{\"@type\":\"ListItem\",\"position\":2,\"name\":\"Croisette : d\u00e9but des travaux pr\u00e9vu pour 2015\"}]},{\"@type\":\"WebSite\",\"@id\":\"https:\/\/vosgesinfo.fr\/gerardmerinfo\/#website\",\"url\":\"https:\/\/vosgesinfo.fr\/gerardmerinfo\/\",\"name\":\"Gerardmer Info\",\"description\":\"Toute l&#039;actualit\u00e9 de G\u00e9rardmer\",\"publisher\":{\"@id\":\"https:\/\/vosgesinfo.fr\/gerardmerinfo\/#organization\"},\"alternateName\":\"Toute l'actualit\u00e9 de G\u00e9rardmer\",\"potentialAction\":[{\"@type\":\"SearchAction\",\"target\":{\"@type\":\"EntryPoint\",\"urlTemplate\":\"https:\/\/vosgesinfo.fr\/gerardmerinfo\/?s={search_term_string}\"},\"query-input\":\"required name=search_term_string\"}],\"inLanguage\":\"fr-FR\"},{\"@type\":\"Organization\",\"@id\":\"https:\/\/vosgesinfo.fr\/gerardmerinfo\/#organization\",\"name\":\"Gerardmer Info\",\"url\":\"https:\/\/vosgesinfo.fr\/gerardmerinfo\/\",\"logo\":{\"@type\":\"ImageObject\",\"inLanguage\":\"fr-FR\",\"@id\":\"https:\/\/vosgesinfo.fr\/gerardmerinfo\/#\/schema\/logo\/image\/\",\"url\":\"https:\/\/vosgesinfo.fr\/app\/uploads\/sites\/6\/2023\/08\/favicon-gerardmerinfo.png\",\"contentUrl\":\"https:\/\/vosgesinfo.fr\/app\/uploads\/sites\/6\/2023\/08\/favicon-gerardmerinfo.png\",\"width\":512,\"height\":512,\"caption\":\"Gerardmer Info\"},\"image\":{\"@id\":\"https:\/\/vosgesinfo.fr\/gerardmerinfo\/#\/schema\/logo\/image\/\"},\"sameAs\":[\"https:\/\/www.facebook.com\/profile.php?id=100049475262660\",\"https:\/\/x.com\/VosgesInfo88\",\"https:\/\/www.youtube.com\/@vosgesinfo\"]},{\"@type\":\"Person\",\"@id\":\"https:\/\/vosgesinfo.fr\/gerardmerinfo\/#\/schema\/person\/db5605779a843dad16b5368f3e7613a5\",\"name\":\"QG\",\"image\":{\"@type\":\"ImageObject\",\"inLanguage\":\"fr-FR\",\"@id\":\"https:\/\/vosgesinfo.fr\/gerardmerinfo\/#\/schema\/person\/image\/\",\"url\":\"https:\/\/secure.gravatar.com\/avatar\/ea80c42c204b534408512832fde52504ecabb9706bcb6151cf6175e5b64e6793?s=96&d=mm&r=g\",\"contentUrl\":\"https:\/\/secure.gravatar.com\/avatar\/ea80c42c204b534408512832fde52504ecabb9706bcb6151cf6175e5b64e6793?s=96&d=mm&r=g\",\"caption\":\"QG\"},\"url\":\"https:\/\/vosgesinfo.fr\/gerardmerinfo\/author\/quentin88\/\"}]}<\/script>\n<!-- \/ Yoast SEO plugin. -->","yoast_head_json":{"title":"Croisette : d\u00e9but des travaux pr\u00e9vu pour 2015 - Gerardmer Info","robots":{"index":"index","follow":"follow","max-snippet":"max-snippet:-1","max-image-preview":"max-image-preview:large","max-video-preview":"max-video-preview:-1"},"canonical":"https:\/\/vosgesinfo.fr\/gerardmerinfo\/2014\/07\/croisette-debut-des-travaux-prevu-pour-2015\/","twitter_card":"summary_large_image","twitter_title":"Croisette : d\u00e9but des travaux pr\u00e9vu pour 2015 - Gerardmer Info","twitter_description":"Cliquez sur l&rsquo;image pour l&rsquo;agrandir Le Conseil G\u00e9n\u00e9ral et son pr\u00e9sident Christian Poncelet ont pr\u00e9sent\u00e9 le projet d&rsquo;am\u00e9nagement du carrefour [&hellip;]","twitter_creator":"@VosgesInfo88","twitter_site":"@VosgesInfo88","twitter_misc":{"\u00c9crit par":"QG","Dur\u00e9e de lecture estim\u00e9e":"2 minutes"},"schema":{"@context":"https:\/\/schema.org","@graph":[{"@type":"Article","@id":"https:\/\/vosgesinfo.fr\/gerardmerinfo\/2014\/07\/croisette-debut-des-travaux-prevu-pour-2015\/#article","isPartOf":{"@id":"https:\/\/vosgesinfo.fr\/gerardmerinfo\/2014\/07\/croisette-debut-des-travaux-prevu-pour-2015\/"},"author":{"name":"QG","@id":"https:\/\/vosgesinfo.fr\/gerardmerinfo\/#\/schema\/person\/db5605779a843dad16b5368f3e7613a5"},"headline":"Croisette : d\u00e9but des travaux pr\u00e9vu pour 2015","datePublished":"2014-07-05T15:27:23+00:00","dateModified":"2014-07-05T15:27:23+00:00","mainEntityOfPage":{"@id":"https:\/\/vosgesinfo.fr\/gerardmerinfo\/2014\/07\/croisette-debut-des-travaux-prevu-pour-2015\/"},"wordCount":526,"commentCount":0,"publisher":{"@id":"https:\/\/vosgesinfo.fr\/gerardmerinfo\/#organization"},"articleSection":["G\u00e9rardmer"],"inLanguage":"fr-FR","potentialAction":[{"@type":"CommentAction","name":"Comment","target":["https:\/\/vosgesinfo.fr\/gerardmerinfo\/2014\/07\/croisette-debut-des-travaux-prevu-pour-2015\/#respond"]}]},{"@type":"WebPage","@id":"https:\/\/vosgesinfo.fr\/gerardmerinfo\/2014\/07\/croisette-debut-des-travaux-prevu-pour-2015\/","url":"https:\/\/vosgesinfo.fr\/gerardmerinfo\/2014\/07\/croisette-debut-des-travaux-prevu-pour-2015\/","name":"Croisette : d\u00e9but des travaux pr\u00e9vu pour 2015 - Gerardmer Info","isPartOf":{"@id":"https:\/\/vosgesinfo.fr\/gerardmerinfo\/#website"},"datePublished":"2014-07-05T15:27:23+00:00","dateModified":"2014-07-05T15:27:23+00:00","breadcrumb":{"@id":"https:\/\/vosgesinfo.fr\/gerardmerinfo\/2014\/07\/croisette-debut-des-travaux-prevu-pour-2015\/#breadcrumb"},"inLanguage":"fr-FR","potentialAction":[{"@type":"ReadAction","target":["https:\/\/vosgesinfo.fr\/gerardmerinfo\/2014\/07\/croisette-debut-des-travaux-prevu-pour-2015\/"]}]},{"@type":"BreadcrumbList","@id":"https:\/\/vosgesinfo.fr\/gerardmerinfo\/2014\/07\/croisette-debut-des-travaux-prevu-pour-2015\/#breadcrumb","itemListElement":[{"@type":"ListItem","position":1,"name":"Home","item":"https:\/\/vosgesinfo.fr\/gerardmerinfo\/"},{"@type":"ListItem","position":2,"name":"Croisette : d\u00e9but des travaux pr\u00e9vu pour 2015"}]},{"@type":"WebSite","@id":"https:\/\/vosgesinfo.fr\/gerardmerinfo\/#website","url":"https:\/\/vosgesinfo.fr\/gerardmerinfo\/","name":"Gerardmer Info","description":"Toute l&#039;actualit\u00e9 de G\u00e9rardmer","publisher":{"@id":"https:\/\/vosgesinfo.fr\/gerardmerinfo\/#organization"},"alternateName":"Toute l'actualit\u00e9 de G\u00e9rardmer","potentialAction":[{"@type":"SearchAction","target":{"@type":"EntryPoint","urlTemplate":"https:\/\/vosgesinfo.fr\/gerardmerinfo\/?s={search_term_string}"},"query-input":"required name=search_term_string"}],"inLanguage":"fr-FR"},{"@type":"Organization","@id":"https:\/\/vosgesinfo.fr\/gerardmerinfo\/#organization","name":"Gerardmer Info","url":"https:\/\/vosgesinfo.fr\/gerardmerinfo\/","logo":{"@type":"ImageObject","inLanguage":"fr-FR","@id":"https:\/\/vosgesinfo.fr\/gerardmerinfo\/#\/schema\/logo\/image\/","url":"https:\/\/vosgesinfo.fr\/app\/uploads\/sites\/6\/2023\/08\/favicon-gerardmerinfo.png","contentUrl":"https:\/\/vosgesinfo.fr\/app\/uploads\/sites\/6\/2023\/08\/favicon-gerardmerinfo.png","width":512,"height":512,"caption":"Gerardmer Info"},"image":{"@id":"https:\/\/vosgesinfo.fr\/gerardmerinfo\/#\/schema\/logo\/image\/"},"sameAs":["https:\/\/www.facebook.com\/profile.php?id=100049475262660","https:\/\/x.com\/VosgesInfo88","https:\/\/www.youtube.com\/@vosgesinfo"]},{"@type":"Person","@id":"https:\/\/vosgesinfo.fr\/gerardmerinfo\/#\/schema\/person\/db5605779a843dad16b5368f3e7613a5","name":"QG","image":{"@type":"ImageObject","inLanguage":"fr-FR","@id":"https:\/\/vosgesinfo.fr\/gerardmerinfo\/#\/schema\/person\/image\/","url":"https:\/\/secure.gravatar.com\/avatar\/ea80c42c204b534408512832fde52504ecabb9706bcb6151cf6175e5b64e6793?s=96&d=mm&r=g","contentUrl":"https:\/\/secure.gravatar.com\/avatar\/ea80c42c204b534408512832fde52504ecabb9706bcb6151cf6175e5b64e6793?s=96&d=mm&r=g","caption":"QG"},"url":"https:\/\/vosgesinfo.fr\/gerardmerinfo\/author\/quentin88\/"}]}},"_links":{"self":[{"href":"https:\/\/vosgesinfo.fr\/gerardmerinfo\/wp-json\/wp\/v2\/posts\/11613","targetHints":{"allow":["GET"]}}],"collection":[{"href":"https:\/\/vosgesinfo.fr\/gerardmerinfo\/wp-json\/wp\/v2\/posts"}],"about":[{"href":"https:\/\/vosgesinfo.fr\/gerardmerinfo\/wp-json\/wp\/v2\/types\/post"}],"author":[{"embeddable":true,"href":"https:\/\/vosgesinfo.fr\/gerardmerinfo\/wp-json\/wp\/v2\/users\/42"}],"replies":[{"embeddable":true,"href":"https:\/\/vosgesinfo.fr\/gerardmerinfo\/wp-json\/wp\/v2\/comments?post=11613"}],"version-history":[{"count":0,"href":"https:\/\/vosgesinfo.fr\/gerardmerinfo\/wp-json\/wp\/v2\/posts\/11613\/revisions"}],"wp:attachment":[{"href":"https:\/\/vosgesinfo.fr\/gerardmerinfo\/wp-json\/wp\/v2\/media?parent=11613"}],"wp:term":[{"taxonomy":"category","embeddable":true,"href":"https:\/\/vosgesinfo.fr\/gerardmerinfo\/wp-json\/wp\/v2\/categories?post=11613"},{"taxonomy":"post_tag","embeddable":true,"href":"https:\/\/vosgesinfo.fr\/gerardmerinfo\/wp-json\/wp\/v2\/tags?post=11613"}],"curies":[{"name":"wp","href":"https:\/\/api.w.org\/{rel}","templated":true}]}}