{"id":11614,"date":"2014-07-05T16:01:31","date_gmt":"2014-07-05T14:01:31","guid":{"rendered":"https:\/\/vosgesinfo.fr\/gerardmerinfo\/2014\/07\/yvette-morel-nous-a-quittes-2\/"},"modified":"2014-07-05T16:01:31","modified_gmt":"2014-07-05T14:01:31","slug":"yvette-morel-nous-a-quittes-2","status":"publish","type":"post","link":"https:\/\/vosgesinfo.fr\/gerardmerinfo\/2014\/07\/yvette-morel-nous-a-quittes-2\/","title":{"rendered":"Yvette Morel nous a quitt\u00e9s"},"content":{"rendered":" Yvette Morel lors de ses 100 ans\n<p>Yvette Rose Linnikow naissait le 23 mars 1913 \u00e0 G\u00e9rardmer \u00e0 la veille de la Grande Guerre. Une prime jeunesse chez ses grands-parents maternels tandis que son p\u00e8re et ses oncles se battaient sur tous les fronts. Pour la petite fille aux portes des combats vosgiens ce furent les d\u00e9m\u00e9nagements successifs vers des villages moins expos\u00e9s que G\u00e9rardmer aux obus allemands et aux bombardements par les \u00abtaupes \u00bb ainsi d\u00e9nomm\u00e9s les avions ennemis qui occasionn\u00e8rent plusieurs victimes \u00e0 G\u00e9rardmer, Epinal, St Di\u00e9, Remiremont, etc.<br \/>\nApr\u00e8s la fin de cette trag\u00e9die revint la vie normale ; Yvette en 1931 \u00e9pous\u00e9 Ren\u00e9 Clair. En 1934 vint au monde Andr\u00e9 son fils et ce fut pour la petite famille la vie professionnelle \u00e0 l\u2019usine Nathan L\u00e9vy et le logement dans les cit\u00e9s du m\u00eame nom.<br \/>\nEn 1939 de nouveau la botte allemande. Ren\u00e9 Clair sergent dans un corps franc sur la ligne Maginot est fait prisonnier, emmen\u00e9 pendant de longues ann\u00e9es en captivit\u00e9 en Allemagne. Yvette fait face alors seule \u00e0 toutes les vicissitudes. A la mort de son beau-p\u00e8re en 1940, elle recueille sa belle-m\u00e8re puis sa m\u00e8re lorsque son p\u00e8re, le \u00abrusse \u00bb est tu\u00e9 lors du bombardement d\u2019Epinal. Enfin elle connait avec sa famille l\u2019expulsion de son appartement et l\u2019incendie en novembre 1944 de la maison. Elle se r\u00e9fugie avec d\u2019autres membres de la famille dans l\u2019atelier de peinture de Raymond Vincent-Viry au boulevard Kelsch. Puis l\u2019exode vers Mirecourt, le logement de malheureux juifs d\u00e9port\u00e9s \u00e0 Auschwitz, r\u00e9quisitionn\u00e9 pour la famille Clair par la mairie de Mirecourt. Le travail \u00e0 l\u2019h\u00f4pital de Ravenel, alors occup\u00e9 par l\u2019arm\u00e9e am\u00e9ricaine et ses milliers de bless\u00e9s, et le moyen de pouvoir enfin gagner sa vie pour ceux qui n\u2019ont que les v\u00eatements qu\u2019ils portent sur le dos et absolument rien d\u2019autre.<br \/>\nEn 1946-47, l\u2019h\u00f4pital de Ravenel redevient civil : Yvette et Ren\u00e9 Clair y continuent leur travail tandis que sa m\u00e8re retourne vivre \u00e0 G\u00e9rardmer dans les baraques des sinistr\u00e9s.<br \/>\nA cette \u00e9poque se situe l\u2019\u00e9pisode qui, mieux que de longs discours, souligne la volont\u00e9 et l\u2019intelligence d\u2019Yvette Clair. L\u2019h\u00f4pital de Ravenel o\u00f9 elle travaille comme repasseuse dans l\u2019atelier de lingerie est soumis aux r\u00e8gles de l\u2019administration. Et c\u2019est ainsi qu\u2019Yvette, afin d\u2019am\u00e9liorer l\u2019ordinaire de la famille, entreprend de passer le CAP de repasseuse ce qui lui apporte un substantiel suppl\u00e9ment de salaire, puis elle r\u00e9ussit celui de ling\u00e8re, cat\u00e9gorie sup\u00e9rieure. Enfin pendant trois ann\u00e9es elle entreprend, pendant qu\u2019Andr\u00e9 \u00e9tudie pour passer son bac, des \u00e9tudes d\u2019infirmi\u00e8re o\u00f9 la paie de cette cat\u00e9gorie de salari\u00e9 \u00e9tait la plus cons\u00e9quente. Elle devient donc infirmi\u00e8re lorsqu\u2019elle r\u00e9ussit ses examens. Elle poursuit alors par la sp\u00e9cialisation psychiatrie et devient surveillante, cadre de l\u2019h\u00f4pital.<br \/>\nVers la fin des ann\u00e9es 1960 elle revient vivre \u00e0 G\u00e9rardmer, se remarie et devient Yvette Morel.<br \/>\nA l\u2019\u00e9poque le lyc\u00e9e h\u00f4telier a besoin d\u2019une infirmi\u00e8re, et elle postule pour quelques ann\u00e9es encore de travail. A la mort de son mari, son fils Andr\u00e9 et sa belle-fille viennent vivre plusieurs ann\u00e9es avec elle. Lorsqu\u2019elle \u00e9prouve trop de difficult\u00e9s \u00e0 se d\u00e9placer elle demande \u00e0 \u00eatre admise \u00e0 Clair Logis.<br \/>\nC\u2019est l\u00e0, avec les soins d\u00e9vou\u00e9s du docteur Christ et de toute l\u2019\u00e9quipe comp\u00e9tente et humaine de Clair Logis, qu\u2019elle finira sa vie apr\u00e8s avoir f\u00eat\u00e9 dans la joie son centi\u00e8me anniversaire.<\/p>\n<p>&nbsp;<\/p>\n","protected":false},"excerpt":{"rendered":"<p>Yvette Rose Linnikow naissait le 23 mars 1913 \u00e0 G\u00e9rardmer \u00e0 la veille de la Grande Guerre. Une prime jeunesse [&hellip;]<\/p>\n","protected":false},"author":1,"featured_media":0,"comment_status":"open","ping_status":"open","sticky":false,"template":"","format":"standard","meta":{"footnotes":""},"categories":[43],"tags":[],"class_list":["post-11614","post","type-post","status-publish","format-standard","hentry","category-necrologie"],"acf":[],"yoast_head":"<!-- This site is optimized with the Yoast SEO plugin v22.5 - https:\/\/yoast.com\/wordpress\/plugins\/seo\/ -->\n<title>Yvette Morel nous a quitt\u00e9s - Gerardmer Info<\/title>\n<meta name=\"robots\" content=\"index, follow, max-snippet:-1, max-image-preview:large, max-video-preview:-1\" \/>\n<link rel=\"canonical\" href=\"https:\/\/vosgesinfo.fr\/gerardmerinfo\/2014\/07\/yvette-morel-nous-a-quittes-2\/\" \/>\n<meta name=\"twitter:card\" content=\"summary_large_image\" \/>\n<meta name=\"twitter:title\" content=\"Yvette Morel nous a quitt\u00e9s - Gerardmer Info\" \/>\n<meta name=\"twitter:description\" content=\"Yvette Rose Linnikow naissait le 23 mars 1913 \u00e0 G\u00e9rardmer \u00e0 la veille de la Grande Guerre. Une prime jeunesse [&hellip;]\" \/>\n<meta name=\"twitter:creator\" content=\"@VosgesInfo88\" \/>\n<meta name=\"twitter:site\" content=\"@VosgesInfo88\" \/>\n<meta name=\"twitter:label1\" content=\"\u00c9crit par\" \/>\n\t<meta name=\"twitter:data1\" content=\"qs_admin\" \/>\n\t<meta name=\"twitter:label2\" content=\"Dur\u00e9e de lecture estim\u00e9e\" \/>\n\t<meta name=\"twitter:data2\" content=\"3 minutes\" \/>\n<script type=\"application\/ld+json\" class=\"yoast-schema-graph\">{\"@context\":\"https:\/\/schema.org\",\"@graph\":[{\"@type\":\"Article\",\"@id\":\"https:\/\/vosgesinfo.fr\/gerardmerinfo\/2014\/07\/yvette-morel-nous-a-quittes-2\/#article\",\"isPartOf\":{\"@id\":\"https:\/\/vosgesinfo.fr\/gerardmerinfo\/2014\/07\/yvette-morel-nous-a-quittes-2\/\"},\"author\":{\"name\":\"qs_admin\",\"@id\":\"https:\/\/vosgesinfo.fr\/gerardmerinfo\/#\/schema\/person\/bc5d02d71e6932e81b6dadb7386667b1\"},\"headline\":\"Yvette Morel nous a quitt\u00e9s\",\"datePublished\":\"2014-07-05T14:01:31+00:00\",\"dateModified\":\"2014-07-05T14:01:31+00:00\",\"mainEntityOfPage\":{\"@id\":\"https:\/\/vosgesinfo.fr\/gerardmerinfo\/2014\/07\/yvette-morel-nous-a-quittes-2\/\"},\"wordCount\":641,\"commentCount\":0,\"publisher\":{\"@id\":\"https:\/\/vosgesinfo.fr\/gerardmerinfo\/#organization\"},\"articleSection\":[\"N\u00e9crologie\"],\"inLanguage\":\"fr-FR\",\"potentialAction\":[{\"@type\":\"CommentAction\",\"name\":\"Comment\",\"target\":[\"https:\/\/vosgesinfo.fr\/gerardmerinfo\/2014\/07\/yvette-morel-nous-a-quittes-2\/#respond\"]}]},{\"@type\":\"WebPage\",\"@id\":\"https:\/\/vosgesinfo.fr\/gerardmerinfo\/2014\/07\/yvette-morel-nous-a-quittes-2\/\",\"url\":\"https:\/\/vosgesinfo.fr\/gerardmerinfo\/2014\/07\/yvette-morel-nous-a-quittes-2\/\",\"name\":\"Yvette Morel nous a quitt\u00e9s - Gerardmer Info\",\"isPartOf\":{\"@id\":\"https:\/\/vosgesinfo.fr\/gerardmerinfo\/#website\"},\"datePublished\":\"2014-07-05T14:01:31+00:00\",\"dateModified\":\"2014-07-05T14:01:31+00:00\",\"breadcrumb\":{\"@id\":\"https:\/\/vosgesinfo.fr\/gerardmerinfo\/2014\/07\/yvette-morel-nous-a-quittes-2\/#breadcrumb\"},\"inLanguage\":\"fr-FR\",\"potentialAction\":[{\"@type\":\"ReadAction\",\"target\":[\"https:\/\/vosgesinfo.fr\/gerardmerinfo\/2014\/07\/yvette-morel-nous-a-quittes-2\/\"]}]},{\"@type\":\"BreadcrumbList\",\"@id\":\"https:\/\/vosgesinfo.fr\/gerardmerinfo\/2014\/07\/yvette-morel-nous-a-quittes-2\/#breadcrumb\",\"itemListElement\":[{\"@type\":\"ListItem\",\"position\":1,\"name\":\"Home\",\"item\":\"https:\/\/vosgesinfo.fr\/gerardmerinfo\/\"},{\"@type\":\"ListItem\",\"position\":2,\"name\":\"Yvette Morel nous a quitt\u00e9s\"}]},{\"@type\":\"WebSite\",\"@id\":\"https:\/\/vosgesinfo.fr\/gerardmerinfo\/#website\",\"url\":\"https:\/\/vosgesinfo.fr\/gerardmerinfo\/\",\"name\":\"Gerardmer Info\",\"description\":\"Toute l&#039;actualit\u00e9 de G\u00e9rardmer\",\"publisher\":{\"@id\":\"https:\/\/vosgesinfo.fr\/gerardmerinfo\/#organization\"},\"alternateName\":\"Toute l'actualit\u00e9 de G\u00e9rardmer\",\"potentialAction\":[{\"@type\":\"SearchAction\",\"target\":{\"@type\":\"EntryPoint\",\"urlTemplate\":\"https:\/\/vosgesinfo.fr\/gerardmerinfo\/?s={search_term_string}\"},\"query-input\":\"required name=search_term_string\"}],\"inLanguage\":\"fr-FR\"},{\"@type\":\"Organization\",\"@id\":\"https:\/\/vosgesinfo.fr\/gerardmerinfo\/#organization\",\"name\":\"Gerardmer Info\",\"url\":\"https:\/\/vosgesinfo.fr\/gerardmerinfo\/\",\"logo\":{\"@type\":\"ImageObject\",\"inLanguage\":\"fr-FR\",\"@id\":\"https:\/\/vosgesinfo.fr\/gerardmerinfo\/#\/schema\/logo\/image\/\",\"url\":\"https:\/\/vosgesinfo.fr\/app\/uploads\/sites\/6\/2023\/08\/favicon-gerardmerinfo.png\",\"contentUrl\":\"https:\/\/vosgesinfo.fr\/app\/uploads\/sites\/6\/2023\/08\/favicon-gerardmerinfo.png\",\"width\":512,\"height\":512,\"caption\":\"Gerardmer Info\"},\"image\":{\"@id\":\"https:\/\/vosgesinfo.fr\/gerardmerinfo\/#\/schema\/logo\/image\/\"},\"sameAs\":[\"https:\/\/www.facebook.com\/profile.php?id=100049475262660\",\"https:\/\/x.com\/VosgesInfo88\",\"https:\/\/www.youtube.com\/@vosgesinfo\"]},{\"@type\":\"Person\",\"@id\":\"https:\/\/vosgesinfo.fr\/gerardmerinfo\/#\/schema\/person\/bc5d02d71e6932e81b6dadb7386667b1\",\"name\":\"qs_admin\",\"image\":{\"@type\":\"ImageObject\",\"inLanguage\":\"fr-FR\",\"@id\":\"https:\/\/vosgesinfo.fr\/gerardmerinfo\/#\/schema\/person\/image\/\",\"url\":\"https:\/\/secure.gravatar.com\/avatar\/94b18ee0ed79e4a42ea2f2931277b6841a8999fc6fde214600c78057cf1fe1de?s=96&d=mm&r=g\",\"contentUrl\":\"https:\/\/secure.gravatar.com\/avatar\/94b18ee0ed79e4a42ea2f2931277b6841a8999fc6fde214600c78057cf1fe1de?s=96&d=mm&r=g\",\"caption\":\"qs_admin\"},\"sameAs\":[\"https:\/\/vosgesinfo.fr\/wp\"],\"url\":\"https:\/\/vosgesinfo.fr\/gerardmerinfo\/author\/qs_admin\/\"}]}<\/script>\n<!-- \/ Yoast SEO plugin. -->","yoast_head_json":{"title":"Yvette Morel nous a quitt\u00e9s - Gerardmer Info","robots":{"index":"index","follow":"follow","max-snippet":"max-snippet:-1","max-image-preview":"max-image-preview:large","max-video-preview":"max-video-preview:-1"},"canonical":"https:\/\/vosgesinfo.fr\/gerardmerinfo\/2014\/07\/yvette-morel-nous-a-quittes-2\/","twitter_card":"summary_large_image","twitter_title":"Yvette Morel nous a quitt\u00e9s - Gerardmer Info","twitter_description":"Yvette Rose Linnikow naissait le 23 mars 1913 \u00e0 G\u00e9rardmer \u00e0 la veille de la Grande Guerre. Une prime jeunesse [&hellip;]","twitter_creator":"@VosgesInfo88","twitter_site":"@VosgesInfo88","twitter_misc":{"\u00c9crit par":"qs_admin","Dur\u00e9e de lecture estim\u00e9e":"3 minutes"},"schema":{"@context":"https:\/\/schema.org","@graph":[{"@type":"Article","@id":"https:\/\/vosgesinfo.fr\/gerardmerinfo\/2014\/07\/yvette-morel-nous-a-quittes-2\/#article","isPartOf":{"@id":"https:\/\/vosgesinfo.fr\/gerardmerinfo\/2014\/07\/yvette-morel-nous-a-quittes-2\/"},"author":{"name":"qs_admin","@id":"https:\/\/vosgesinfo.fr\/gerardmerinfo\/#\/schema\/person\/bc5d02d71e6932e81b6dadb7386667b1"},"headline":"Yvette Morel nous a quitt\u00e9s","datePublished":"2014-07-05T14:01:31+00:00","dateModified":"2014-07-05T14:01:31+00:00","mainEntityOfPage":{"@id":"https:\/\/vosgesinfo.fr\/gerardmerinfo\/2014\/07\/yvette-morel-nous-a-quittes-2\/"},"wordCount":641,"commentCount":0,"publisher":{"@id":"https:\/\/vosgesinfo.fr\/gerardmerinfo\/#organization"},"articleSection":["N\u00e9crologie"],"inLanguage":"fr-FR","potentialAction":[{"@type":"CommentAction","name":"Comment","target":["https:\/\/vosgesinfo.fr\/gerardmerinfo\/2014\/07\/yvette-morel-nous-a-quittes-2\/#respond"]}]},{"@type":"WebPage","@id":"https:\/\/vosgesinfo.fr\/gerardmerinfo\/2014\/07\/yvette-morel-nous-a-quittes-2\/","url":"https:\/\/vosgesinfo.fr\/gerardmerinfo\/2014\/07\/yvette-morel-nous-a-quittes-2\/","name":"Yvette Morel nous a quitt\u00e9s - Gerardmer Info","isPartOf":{"@id":"https:\/\/vosgesinfo.fr\/gerardmerinfo\/#website"},"datePublished":"2014-07-05T14:01:31+00:00","dateModified":"2014-07-05T14:01:31+00:00","breadcrumb":{"@id":"https:\/\/vosgesinfo.fr\/gerardmerinfo\/2014\/07\/yvette-morel-nous-a-quittes-2\/#breadcrumb"},"inLanguage":"fr-FR","potentialAction":[{"@type":"ReadAction","target":["https:\/\/vosgesinfo.fr\/gerardmerinfo\/2014\/07\/yvette-morel-nous-a-quittes-2\/"]}]},{"@type":"BreadcrumbList","@id":"https:\/\/vosgesinfo.fr\/gerardmerinfo\/2014\/07\/yvette-morel-nous-a-quittes-2\/#breadcrumb","itemListElement":[{"@type":"ListItem","position":1,"name":"Home","item":"https:\/\/vosgesinfo.fr\/gerardmerinfo\/"},{"@type":"ListItem","position":2,"name":"Yvette Morel nous a quitt\u00e9s"}]},{"@type":"WebSite","@id":"https:\/\/vosgesinfo.fr\/gerardmerinfo\/#website","url":"https:\/\/vosgesinfo.fr\/gerardmerinfo\/","name":"Gerardmer Info","description":"Toute l&#039;actualit\u00e9 de G\u00e9rardmer","publisher":{"@id":"https:\/\/vosgesinfo.fr\/gerardmerinfo\/#organization"},"alternateName":"Toute l'actualit\u00e9 de G\u00e9rardmer","potentialAction":[{"@type":"SearchAction","target":{"@type":"EntryPoint","urlTemplate":"https:\/\/vosgesinfo.fr\/gerardmerinfo\/?s={search_term_string}"},"query-input":"required name=search_term_string"}],"inLanguage":"fr-FR"},{"@type":"Organization","@id":"https:\/\/vosgesinfo.fr\/gerardmerinfo\/#organization","name":"Gerardmer Info","url":"https:\/\/vosgesinfo.fr\/gerardmerinfo\/","logo":{"@type":"ImageObject","inLanguage":"fr-FR","@id":"https:\/\/vosgesinfo.fr\/gerardmerinfo\/#\/schema\/logo\/image\/","url":"https:\/\/vosgesinfo.fr\/app\/uploads\/sites\/6\/2023\/08\/favicon-gerardmerinfo.png","contentUrl":"https:\/\/vosgesinfo.fr\/app\/uploads\/sites\/6\/2023\/08\/favicon-gerardmerinfo.png","width":512,"height":512,"caption":"Gerardmer Info"},"image":{"@id":"https:\/\/vosgesinfo.fr\/gerardmerinfo\/#\/schema\/logo\/image\/"},"sameAs":["https:\/\/www.facebook.com\/profile.php?id=100049475262660","https:\/\/x.com\/VosgesInfo88","https:\/\/www.youtube.com\/@vosgesinfo"]},{"@type":"Person","@id":"https:\/\/vosgesinfo.fr\/gerardmerinfo\/#\/schema\/person\/bc5d02d71e6932e81b6dadb7386667b1","name":"qs_admin","image":{"@type":"ImageObject","inLanguage":"fr-FR","@id":"https:\/\/vosgesinfo.fr\/gerardmerinfo\/#\/schema\/person\/image\/","url":"https:\/\/secure.gravatar.com\/avatar\/94b18ee0ed79e4a42ea2f2931277b6841a8999fc6fde214600c78057cf1fe1de?s=96&d=mm&r=g","contentUrl":"https:\/\/secure.gravatar.com\/avatar\/94b18ee0ed79e4a42ea2f2931277b6841a8999fc6fde214600c78057cf1fe1de?s=96&d=mm&r=g","caption":"qs_admin"},"sameAs":["https:\/\/vosgesinfo.fr\/wp"],"url":"https:\/\/vosgesinfo.fr\/gerardmerinfo\/author\/qs_admin\/"}]}},"_links":{"self":[{"href":"https:\/\/vosgesinfo.fr\/gerardmerinfo\/wp-json\/wp\/v2\/posts\/11614","targetHints":{"allow":["GET"]}}],"collection":[{"href":"https:\/\/vosgesinfo.fr\/gerardmerinfo\/wp-json\/wp\/v2\/posts"}],"about":[{"href":"https:\/\/vosgesinfo.fr\/gerardmerinfo\/wp-json\/wp\/v2\/types\/post"}],"author":[{"embeddable":true,"href":"https:\/\/vosgesinfo.fr\/gerardmerinfo\/wp-json\/wp\/v2\/users\/1"}],"replies":[{"embeddable":true,"href":"https:\/\/vosgesinfo.fr\/gerardmerinfo\/wp-json\/wp\/v2\/comments?post=11614"}],"version-history":[{"count":0,"href":"https:\/\/vosgesinfo.fr\/gerardmerinfo\/wp-json\/wp\/v2\/posts\/11614\/revisions"}],"wp:attachment":[{"href":"https:\/\/vosgesinfo.fr\/gerardmerinfo\/wp-json\/wp\/v2\/media?parent=11614"}],"wp:term":[{"taxonomy":"category","embeddable":true,"href":"https:\/\/vosgesinfo.fr\/gerardmerinfo\/wp-json\/wp\/v2\/categories?post=11614"},{"taxonomy":"post_tag","embeddable":true,"href":"https:\/\/vosgesinfo.fr\/gerardmerinfo\/wp-json\/wp\/v2\/tags?post=11614"}],"curies":[{"name":"wp","href":"https:\/\/api.w.org\/{rel}","templated":true}]}}