{"id":11618,"date":"2014-07-08T16:43:24","date_gmt":"2014-07-08T14:43:24","guid":{"rendered":"https:\/\/vosgesinfo.fr\/gerardmerinfo\/2014\/07\/incursion-en-alsace-pour-le-velo-sport-geromois\/"},"modified":"2014-07-08T16:43:24","modified_gmt":"2014-07-08T14:43:24","slug":"incursion-en-alsace-pour-le-velo-sport-geromois","status":"publish","type":"post","link":"https:\/\/vosgesinfo.fr\/gerardmerinfo\/2014\/07\/incursion-en-alsace-pour-le-velo-sport-geromois\/","title":{"rendered":"Incursion en Alsace pour le V\u00e9lo Sport G\u00e9romois"},"content":{"rendered":"<p>Ce week-end, le VSG a particip\u00e9 avec une \u00e9quipe de 5 coureurs \u00e0 la 20\u00b0 \u00e9dition de tour du pi\u00e9mont haut -rhinois organis\u00e9e par la MJC de Buhl.<br \/>\nSamuel VALDENAIRE se classe 45\u00b0 et premier Pass Open, Cyril CARRU 54\u00b0, St\u00e9phane VOLLE 65\u00b0, Damien RICHARD 82\u00b0 et David HOUOT 104\u00b0.<br \/>\nNos amis Mathieu PRUDHOMME, Jacky JANGEORGES et R\u00e9gis CLAUDEL terminent respectivement 28, 30 et 35\u00b0.<br \/>\nBravo et merci \u00e0 toute l&rsquo;\u00e9quipe de la MJC de BUHL qui nous a accueilli.<\/p>\n","protected":false},"excerpt":{"rendered":"<p>Ce week-end, le VSG a particip\u00e9 avec une \u00e9quipe de 5 coureurs \u00e0 la 20\u00b0 \u00e9dition de tour du pi\u00e9mont [&hellip;]<\/p>\n","protected":false},"author":136,"featured_media":0,"comment_status":"open","ping_status":"open","sticky":false,"template":"","format":"standard","meta":{"footnotes":""},"categories":[14],"tags":[],"class_list":["post-11618","post","type-post","status-publish","format-standard","hentry","category-sport"],"acf":[],"yoast_head":"<!-- This site is optimized with the Yoast SEO plugin v22.5 - https:\/\/yoast.com\/wordpress\/plugins\/seo\/ -->\n<title>Incursion en Alsace pour le V\u00e9lo Sport G\u00e9romois - Gerardmer Info<\/title>\n<meta name=\"robots\" content=\"index, follow, max-snippet:-1, max-image-preview:large, max-video-preview:-1\" \/>\n<link rel=\"canonical\" href=\"https:\/\/vosgesinfo.fr\/gerardmerinfo\/2014\/07\/incursion-en-alsace-pour-le-velo-sport-geromois\/\" \/>\n<meta name=\"twitter:card\" content=\"summary_large_image\" \/>\n<meta name=\"twitter:title\" content=\"Incursion en Alsace pour le V\u00e9lo Sport G\u00e9romois - Gerardmer Info\" \/>\n<meta name=\"twitter:description\" content=\"Ce week-end, le VSG a particip\u00e9 avec une \u00e9quipe de 5 coureurs \u00e0 la 20\u00b0 \u00e9dition de tour du pi\u00e9mont [&hellip;]\" \/>\n<meta name=\"twitter:creator\" content=\"@VosgesInfo88\" \/>\n<meta name=\"twitter:site\" content=\"@VosgesInfo88\" \/>\n<meta name=\"twitter:label1\" content=\"\u00c9crit par\" \/>\n\t<meta name=\"twitter:data1\" content=\"velosportgeromois\" \/>\n<script type=\"application\/ld+json\" class=\"yoast-schema-graph\">{\"@context\":\"https:\/\/schema.org\",\"@graph\":[{\"@type\":\"Article\",\"@id\":\"https:\/\/vosgesinfo.fr\/gerardmerinfo\/2014\/07\/incursion-en-alsace-pour-le-velo-sport-geromois\/#article\",\"isPartOf\":{\"@id\":\"https:\/\/vosgesinfo.fr\/gerardmerinfo\/2014\/07\/incursion-en-alsace-pour-le-velo-sport-geromois\/\"},\"author\":{\"name\":\"velosportgeromois\",\"@id\":\"https:\/\/vosgesinfo.fr\/gerardmerinfo\/#\/schema\/person\/655ce64c781a4ed1db1e32e86cdc0517\"},\"headline\":\"Incursion en Alsace pour le V\u00e9lo Sport G\u00e9romois\",\"datePublished\":\"2014-07-08T14:43:24+00:00\",\"dateModified\":\"2014-07-08T14:43:24+00:00\",\"mainEntityOfPage\":{\"@id\":\"https:\/\/vosgesinfo.fr\/gerardmerinfo\/2014\/07\/incursion-en-alsace-pour-le-velo-sport-geromois\/\"},\"wordCount\":83,\"commentCount\":0,\"publisher\":{\"@id\":\"https:\/\/vosgesinfo.fr\/gerardmerinfo\/#organization\"},\"articleSection\":[\"Sport\"],\"inLanguage\":\"fr-FR\",\"potentialAction\":[{\"@type\":\"CommentAction\",\"name\":\"Comment\",\"target\":[\"https:\/\/vosgesinfo.fr\/gerardmerinfo\/2014\/07\/incursion-en-alsace-pour-le-velo-sport-geromois\/#respond\"]}]},{\"@type\":\"WebPage\",\"@id\":\"https:\/\/vosgesinfo.fr\/gerardmerinfo\/2014\/07\/incursion-en-alsace-pour-le-velo-sport-geromois\/\",\"url\":\"https:\/\/vosgesinfo.fr\/gerardmerinfo\/2014\/07\/incursion-en-alsace-pour-le-velo-sport-geromois\/\",\"name\":\"Incursion en Alsace pour le V\u00e9lo Sport G\u00e9romois - Gerardmer Info\",\"isPartOf\":{\"@id\":\"https:\/\/vosgesinfo.fr\/gerardmerinfo\/#website\"},\"datePublished\":\"2014-07-08T14:43:24+00:00\",\"dateModified\":\"2014-07-08T14:43:24+00:00\",\"breadcrumb\":{\"@id\":\"https:\/\/vosgesinfo.fr\/gerardmerinfo\/2014\/07\/incursion-en-alsace-pour-le-velo-sport-geromois\/#breadcrumb\"},\"inLanguage\":\"fr-FR\",\"potentialAction\":[{\"@type\":\"ReadAction\",\"target\":[\"https:\/\/vosgesinfo.fr\/gerardmerinfo\/2014\/07\/incursion-en-alsace-pour-le-velo-sport-geromois\/\"]}]},{\"@type\":\"BreadcrumbList\",\"@id\":\"https:\/\/vosgesinfo.fr\/gerardmerinfo\/2014\/07\/incursion-en-alsace-pour-le-velo-sport-geromois\/#breadcrumb\",\"itemListElement\":[{\"@type\":\"ListItem\",\"position\":1,\"name\":\"Home\",\"item\":\"https:\/\/vosgesinfo.fr\/gerardmerinfo\/\"},{\"@type\":\"ListItem\",\"position\":2,\"name\":\"Incursion en Alsace pour le V\u00e9lo Sport G\u00e9romois\"}]},{\"@type\":\"WebSite\",\"@id\":\"https:\/\/vosgesinfo.fr\/gerardmerinfo\/#website\",\"url\":\"https:\/\/vosgesinfo.fr\/gerardmerinfo\/\",\"name\":\"Gerardmer Info\",\"description\":\"Toute l&#039;actualit\u00e9 de G\u00e9rardmer\",\"publisher\":{\"@id\":\"https:\/\/vosgesinfo.fr\/gerardmerinfo\/#organization\"},\"alternateName\":\"Toute l'actualit\u00e9 de G\u00e9rardmer\",\"potentialAction\":[{\"@type\":\"SearchAction\",\"target\":{\"@type\":\"EntryPoint\",\"urlTemplate\":\"https:\/\/vosgesinfo.fr\/gerardmerinfo\/?s={search_term_string}\"},\"query-input\":\"required name=search_term_string\"}],\"inLanguage\":\"fr-FR\"},{\"@type\":\"Organization\",\"@id\":\"https:\/\/vosgesinfo.fr\/gerardmerinfo\/#organization\",\"name\":\"Gerardmer Info\",\"url\":\"https:\/\/vosgesinfo.fr\/gerardmerinfo\/\",\"logo\":{\"@type\":\"ImageObject\",\"inLanguage\":\"fr-FR\",\"@id\":\"https:\/\/vosgesinfo.fr\/gerardmerinfo\/#\/schema\/logo\/image\/\",\"url\":\"https:\/\/vosgesinfo.fr\/app\/uploads\/sites\/6\/2023\/08\/favicon-gerardmerinfo.png\",\"contentUrl\":\"https:\/\/vosgesinfo.fr\/app\/uploads\/sites\/6\/2023\/08\/favicon-gerardmerinfo.png\",\"width\":512,\"height\":512,\"caption\":\"Gerardmer Info\"},\"image\":{\"@id\":\"https:\/\/vosgesinfo.fr\/gerardmerinfo\/#\/schema\/logo\/image\/\"},\"sameAs\":[\"https:\/\/www.facebook.com\/profile.php?id=100049475262660\",\"https:\/\/x.com\/VosgesInfo88\",\"https:\/\/www.youtube.com\/@vosgesinfo\"]},{\"@type\":\"Person\",\"@id\":\"https:\/\/vosgesinfo.fr\/gerardmerinfo\/#\/schema\/person\/655ce64c781a4ed1db1e32e86cdc0517\",\"name\":\"velosportgeromois\",\"image\":{\"@type\":\"ImageObject\",\"inLanguage\":\"fr-FR\",\"@id\":\"https:\/\/vosgesinfo.fr\/gerardmerinfo\/#\/schema\/person\/image\/\",\"url\":\"https:\/\/secure.gravatar.com\/avatar\/10c9ecd77286716e41aaf665916189b75dcb964e17bb4c8a2bc90a8051069d8f?s=96&d=mm&r=g\",\"contentUrl\":\"https:\/\/secure.gravatar.com\/avatar\/10c9ecd77286716e41aaf665916189b75dcb964e17bb4c8a2bc90a8051069d8f?s=96&d=mm&r=g\",\"caption\":\"velosportgeromois\"},\"url\":\"https:\/\/vosgesinfo.fr\/gerardmerinfo\/author\/velosportgeromois\/\"}]}<\/script>\n<!-- \/ Yoast SEO plugin. -->","yoast_head_json":{"title":"Incursion en Alsace pour le V\u00e9lo Sport G\u00e9romois - Gerardmer Info","robots":{"index":"index","follow":"follow","max-snippet":"max-snippet:-1","max-image-preview":"max-image-preview:large","max-video-preview":"max-video-preview:-1"},"canonical":"https:\/\/vosgesinfo.fr\/gerardmerinfo\/2014\/07\/incursion-en-alsace-pour-le-velo-sport-geromois\/","twitter_card":"summary_large_image","twitter_title":"Incursion en Alsace pour le V\u00e9lo Sport G\u00e9romois - Gerardmer Info","twitter_description":"Ce week-end, le VSG a particip\u00e9 avec une \u00e9quipe de 5 coureurs \u00e0 la 20\u00b0 \u00e9dition de tour du pi\u00e9mont [&hellip;]","twitter_creator":"@VosgesInfo88","twitter_site":"@VosgesInfo88","twitter_misc":{"\u00c9crit par":"velosportgeromois"},"schema":{"@context":"https:\/\/schema.org","@graph":[{"@type":"Article","@id":"https:\/\/vosgesinfo.fr\/gerardmerinfo\/2014\/07\/incursion-en-alsace-pour-le-velo-sport-geromois\/#article","isPartOf":{"@id":"https:\/\/vosgesinfo.fr\/gerardmerinfo\/2014\/07\/incursion-en-alsace-pour-le-velo-sport-geromois\/"},"author":{"name":"velosportgeromois","@id":"https:\/\/vosgesinfo.fr\/gerardmerinfo\/#\/schema\/person\/655ce64c781a4ed1db1e32e86cdc0517"},"headline":"Incursion en Alsace pour le V\u00e9lo Sport G\u00e9romois","datePublished":"2014-07-08T14:43:24+00:00","dateModified":"2014-07-08T14:43:24+00:00","mainEntityOfPage":{"@id":"https:\/\/vosgesinfo.fr\/gerardmerinfo\/2014\/07\/incursion-en-alsace-pour-le-velo-sport-geromois\/"},"wordCount":83,"commentCount":0,"publisher":{"@id":"https:\/\/vosgesinfo.fr\/gerardmerinfo\/#organization"},"articleSection":["Sport"],"inLanguage":"fr-FR","potentialAction":[{"@type":"CommentAction","name":"Comment","target":["https:\/\/vosgesinfo.fr\/gerardmerinfo\/2014\/07\/incursion-en-alsace-pour-le-velo-sport-geromois\/#respond"]}]},{"@type":"WebPage","@id":"https:\/\/vosgesinfo.fr\/gerardmerinfo\/2014\/07\/incursion-en-alsace-pour-le-velo-sport-geromois\/","url":"https:\/\/vosgesinfo.fr\/gerardmerinfo\/2014\/07\/incursion-en-alsace-pour-le-velo-sport-geromois\/","name":"Incursion en Alsace pour le V\u00e9lo Sport G\u00e9romois - Gerardmer Info","isPartOf":{"@id":"https:\/\/vosgesinfo.fr\/gerardmerinfo\/#website"},"datePublished":"2014-07-08T14:43:24+00:00","dateModified":"2014-07-08T14:43:24+00:00","breadcrumb":{"@id":"https:\/\/vosgesinfo.fr\/gerardmerinfo\/2014\/07\/incursion-en-alsace-pour-le-velo-sport-geromois\/#breadcrumb"},"inLanguage":"fr-FR","potentialAction":[{"@type":"ReadAction","target":["https:\/\/vosgesinfo.fr\/gerardmerinfo\/2014\/07\/incursion-en-alsace-pour-le-velo-sport-geromois\/"]}]},{"@type":"BreadcrumbList","@id":"https:\/\/vosgesinfo.fr\/gerardmerinfo\/2014\/07\/incursion-en-alsace-pour-le-velo-sport-geromois\/#breadcrumb","itemListElement":[{"@type":"ListItem","position":1,"name":"Home","item":"https:\/\/vosgesinfo.fr\/gerardmerinfo\/"},{"@type":"ListItem","position":2,"name":"Incursion en Alsace pour le V\u00e9lo Sport G\u00e9romois"}]},{"@type":"WebSite","@id":"https:\/\/vosgesinfo.fr\/gerardmerinfo\/#website","url":"https:\/\/vosgesinfo.fr\/gerardmerinfo\/","name":"Gerardmer Info","description":"Toute l&#039;actualit\u00e9 de G\u00e9rardmer","publisher":{"@id":"https:\/\/vosgesinfo.fr\/gerardmerinfo\/#organization"},"alternateName":"Toute l'actualit\u00e9 de G\u00e9rardmer","potentialAction":[{"@type":"SearchAction","target":{"@type":"EntryPoint","urlTemplate":"https:\/\/vosgesinfo.fr\/gerardmerinfo\/?s={search_term_string}"},"query-input":"required name=search_term_string"}],"inLanguage":"fr-FR"},{"@type":"Organization","@id":"https:\/\/vosgesinfo.fr\/gerardmerinfo\/#organization","name":"Gerardmer Info","url":"https:\/\/vosgesinfo.fr\/gerardmerinfo\/","logo":{"@type":"ImageObject","inLanguage":"fr-FR","@id":"https:\/\/vosgesinfo.fr\/gerardmerinfo\/#\/schema\/logo\/image\/","url":"https:\/\/vosgesinfo.fr\/app\/uploads\/sites\/6\/2023\/08\/favicon-gerardmerinfo.png","contentUrl":"https:\/\/vosgesinfo.fr\/app\/uploads\/sites\/6\/2023\/08\/favicon-gerardmerinfo.png","width":512,"height":512,"caption":"Gerardmer Info"},"image":{"@id":"https:\/\/vosgesinfo.fr\/gerardmerinfo\/#\/schema\/logo\/image\/"},"sameAs":["https:\/\/www.facebook.com\/profile.php?id=100049475262660","https:\/\/x.com\/VosgesInfo88","https:\/\/www.youtube.com\/@vosgesinfo"]},{"@type":"Person","@id":"https:\/\/vosgesinfo.fr\/gerardmerinfo\/#\/schema\/person\/655ce64c781a4ed1db1e32e86cdc0517","name":"velosportgeromois","image":{"@type":"ImageObject","inLanguage":"fr-FR","@id":"https:\/\/vosgesinfo.fr\/gerardmerinfo\/#\/schema\/person\/image\/","url":"https:\/\/secure.gravatar.com\/avatar\/10c9ecd77286716e41aaf665916189b75dcb964e17bb4c8a2bc90a8051069d8f?s=96&d=mm&r=g","contentUrl":"https:\/\/secure.gravatar.com\/avatar\/10c9ecd77286716e41aaf665916189b75dcb964e17bb4c8a2bc90a8051069d8f?s=96&d=mm&r=g","caption":"velosportgeromois"},"url":"https:\/\/vosgesinfo.fr\/gerardmerinfo\/author\/velosportgeromois\/"}]}},"_links":{"self":[{"href":"https:\/\/vosgesinfo.fr\/gerardmerinfo\/wp-json\/wp\/v2\/posts\/11618","targetHints":{"allow":["GET"]}}],"collection":[{"href":"https:\/\/vosgesinfo.fr\/gerardmerinfo\/wp-json\/wp\/v2\/posts"}],"about":[{"href":"https:\/\/vosgesinfo.fr\/gerardmerinfo\/wp-json\/wp\/v2\/types\/post"}],"author":[{"embeddable":true,"href":"https:\/\/vosgesinfo.fr\/gerardmerinfo\/wp-json\/wp\/v2\/users\/136"}],"replies":[{"embeddable":true,"href":"https:\/\/vosgesinfo.fr\/gerardmerinfo\/wp-json\/wp\/v2\/comments?post=11618"}],"version-history":[{"count":0,"href":"https:\/\/vosgesinfo.fr\/gerardmerinfo\/wp-json\/wp\/v2\/posts\/11618\/revisions"}],"wp:attachment":[{"href":"https:\/\/vosgesinfo.fr\/gerardmerinfo\/wp-json\/wp\/v2\/media?parent=11618"}],"wp:term":[{"taxonomy":"category","embeddable":true,"href":"https:\/\/vosgesinfo.fr\/gerardmerinfo\/wp-json\/wp\/v2\/categories?post=11618"},{"taxonomy":"post_tag","embeddable":true,"href":"https:\/\/vosgesinfo.fr\/gerardmerinfo\/wp-json\/wp\/v2\/tags?post=11618"}],"curies":[{"name":"wp","href":"https:\/\/api.w.org\/{rel}","templated":true}]}}