{"id":11634,"date":"2014-07-15T17:35:43","date_gmt":"2014-07-15T15:35:43","guid":{"rendered":"https:\/\/vosgesinfo.fr\/gerardmerinfo\/2014\/07\/la-navette-des-cretes-reprend-du-service\/"},"modified":"2014-07-15T17:35:43","modified_gmt":"2014-07-15T15:35:43","slug":"la-navette-des-cretes-reprend-du-service","status":"publish","type":"post","link":"https:\/\/vosgesinfo.fr\/gerardmerinfo\/2014\/07\/la-navette-des-cretes-reprend-du-service\/","title":{"rendered":"La navette des Cr\u00eates reprend du service"},"content":{"rendered":"<p><a href=\"http:\/\/gerardmerinfo.fr\" rel=\"attachment wp-att-35730\"><img decoding=\"async\" class=\"alignleft size-medium wp-image-35730\" src=\"http:\/\/gerardmerinfo.fr\" alt=\"navette-des-cretes61365151245\" width=\"300\" height=\"199\" \/><\/a><\/p>\n<p><span style=\"font-family: Calibri; font-size: medium;\"><strong>La \u00ab navette des cr\u00eates \u00bb reprend du service du <span style=\"color: #cc0000;\">16 juillet au 24 ao\u00fbt 2014<\/span> les dimanches, les jours f\u00e9ri\u00e9s et <span style=\"color: #008080;\">les mercredis 16, 30 juillet et 6 ao\u00fbt<\/span>.<\/strong><\/span><\/p>\n<p align=\"justify\">Riche de <b>11 liaisons <\/b>au d\u00e9part des gares TER, elle permettra d\u2019acc\u00e9der \u00e0 la grande cr\u00eate et au Ballon d\u2019Alsace. Tous les sites desservis sur la cr\u00eate sont reli\u00e9s au GR5.<br \/>\n<b><br \/>\nOubliez la voiture et d\u00e9tendez-vous\u2026 <\/b>depuis les vall\u00e9es, nos conducteurs vous transporteront en toute s\u00e9curit\u00e9. Si vous venez de Strasbourg, de Nancy ou d\u2019ailleurs, le TER vous acheminera jusqu\u2019au pied des montagnes pour une journ\u00e9e sereine en pleine nature.<\/p>\n<p align=\"justify\">Les Offices de tourisme proposent des balades p\u00e9destres et \u00e0 v\u00e9lo au d\u00e9part des arr\u00eats de la navette. Les navettes seront \u00e9quip\u00e9es de porte-v\u00e9los.<\/p>\n<p align=\"justify\"><span style=\"font-family: Calibri; font-size: medium;\">\u00c0 pied, en attelage ou \u00e0 v\u00e9lo, la Grande Cr\u00eate des Vosges se met en quatre pour vous accueillir : balades, randonn\u00e9es, et animations pour tous les \u00e2ges quelles que soient vos aptitudes physiques. Vous d\u00e9couvrirez une nature pr\u00e9serv\u00e9e, mais fragile.<a href=\"http:\/\/gerardmerinfo.fr\" rel=\"attachment wp-att-35731\"><img decoding=\"async\" class=\"alignright size-medium wp-image-35731\" src=\"http:\/\/gerardmerinfo.fr\" alt=\"pano-navettecol1340715918\" width=\"300\" height=\"200\" \/><\/a><\/span><\/p>\n<p align=\"justify\"><span style=\"font-family: Calibri; font-size: medium;\"><b><b><a href=\"https:\/\/issuu.com\/parcdesballons\/docs\/passeport_grande_crete_92bbafb358c6ec\" target=\"_blank\" rel=\"noopener\"> Consultez la brochure <\/a> \u00a0\u00a0\u00a0\u00a0\u00a0\u00a0\u00a0  T\u00e9l\u00e9chargez la brochure<\/b><\/b>\u00a0<\/span><\/p>\n<p>Gr\u00e2ce \u00e0 la navette touristique des cr\u00eates vous traverserez les paysages grandioses de la Grande Cr\u00eate des Vosges.<\/p>\n<p>En famille ou entre amis, vous d\u00e9couvrirez ses sommets embl\u00e9matiques comme le Grand Ballon, le Hohneck, le Ballon d\u2019Alsace et une vue panoramique exceptionnelle sur la plaine, les lacs et sommets vosgiens.<\/p>\n<p>Elle vous conduira \u00e9galement au champ de bataille du Vieil Armand, un des hauts lieux de la m\u00e9moire de la Grande Guerre et mille autres sites encore.<\/p>\n<p><b>&gt; Pour tout renseignement contactez la Maison du Parc 03 89 77 90 34 \/<\/b> <a href=\"mailto:info@parc-ballons-vosges.fr\" target=\"_blank\" rel=\"noopener\">info@parc-ballons-vosges.fr<\/a><br \/>\n<b>\u00a0\u00a0\u00a0 et les Offices du tourisme participants. <\/b><\/p>\n<div align=\"left\"><b>\u00a0\u00a0\u00a0\u00a0<\/b><span style=\"color: #cc0000;\"><b>\u2022\u00a0<\/b><a href=\"http:\/\/www.parc-ballons-vosges.fr\/navettedescretes\/?art=412\" target=\"_blank\" rel=\"noopener\"><b>Le trac\u00e9 et les tarifs<\/b><\/a> <\/span><\/div>\n<p><span style=\"color: #cc0000;\"><b>\u00a0 \u00a0\u00a0 \u2022 <\/b><a href=\"http:\/\/www.parc-ballons-vosges.fr\/navettedescretes\/?art=413\" target=\"_blank\" rel=\"noopener\"><b>Les offres touristiques et les horaires <\/b><\/a><br \/>\n<a href=\"http:\/\/www.parc-ballons-vosges.fr\/navettedescretes\/?art=413\" target=\"_blank\" rel=\"noopener\"><b><br \/>\n<\/b><\/a><b>\u00a0\u00a0\u00a0\u00a0 <\/b><b><b>\u2022<\/b><a href=\"http:\/\/www.parc-ballons-vosges.fr\/navettedescretes\/?art=619\" target=\"_blank\" rel=\"noopener\">Conditions d\u2019utilisation des v\u00e9los VTT<\/a> <\/b><a href=\"http:\/\/www.parc-ballons-vosges.fr\/navettedescretes\/?art=413\" target=\"_blank\" rel=\"noopener\"><b><br \/>\n<\/b><\/a><\/span><\/p>\n<p><span style=\"color: #cc0000;\"><b>\u00a0\u00a0\u00a0\u00a0 \u2022 <\/b><a href=\"http:\/\/www.parc-ballons-vosges.fr\/navettedescretes\/?art=414\" target=\"_blank\" rel=\"noopener\"><b>Les partenaires<\/b><\/a><\/span><\/p>\n<p><a href=\"http:\/\/gerardmerinfo.fr\" rel=\"attachment wp-att-35732\"><img decoding=\"async\" class=\"alignleft size-medium wp-image-35732\" src=\"http:\/\/gerardmerinfo.fr\" alt=\"navette-des-cretes\" width=\"300\" height=\"199\" \/><\/a><\/p>\n<p>&nbsp;<\/p>\n","protected":false},"excerpt":{"rendered":"<p>La \u00ab navette des cr\u00eates \u00bb reprend du service du 16 juillet au 24 ao\u00fbt 2014 les dimanches, les jours [&hellip;]<\/p>\n","protected":false},"author":1,"featured_media":0,"comment_status":"open","ping_status":"open","sticky":false,"template":"","format":"standard","meta":{"footnotes":""},"categories":[13,18],"tags":[],"class_list":["post-11634","post","type-post","status-publish","format-standard","hentry","category-societe","category-vosges"],"acf":[],"yoast_head":"<!-- This site is optimized with the Yoast SEO plugin v22.5 - https:\/\/yoast.com\/wordpress\/plugins\/seo\/ -->\n<title>La navette des Cr\u00eates reprend du service - Gerardmer Info<\/title>\n<meta name=\"robots\" content=\"index, follow, max-snippet:-1, max-image-preview:large, max-video-preview:-1\" \/>\n<link rel=\"canonical\" href=\"https:\/\/vosgesinfo.fr\/gerardmerinfo\/2014\/07\/la-navette-des-cretes-reprend-du-service\/\" \/>\n<meta name=\"twitter:card\" content=\"summary_large_image\" \/>\n<meta name=\"twitter:title\" content=\"La navette des Cr\u00eates reprend du service - Gerardmer Info\" \/>\n<meta name=\"twitter:description\" content=\"La \u00ab navette des cr\u00eates \u00bb reprend du service du 16 juillet au 24 ao\u00fbt 2014 les dimanches, les jours [&hellip;]\" \/>\n<meta name=\"twitter:image\" content=\"http:\/\/gerardmerinfo.fr\" \/>\n<meta name=\"twitter:creator\" content=\"@VosgesInfo88\" \/>\n<meta name=\"twitter:site\" content=\"@VosgesInfo88\" \/>\n<meta name=\"twitter:label1\" content=\"\u00c9crit par\" \/>\n\t<meta name=\"twitter:data1\" content=\"qs_admin\" \/>\n\t<meta name=\"twitter:label2\" content=\"Dur\u00e9e de lecture estim\u00e9e\" \/>\n\t<meta name=\"twitter:data2\" content=\"2 minutes\" \/>\n<script type=\"application\/ld+json\" class=\"yoast-schema-graph\">{\"@context\":\"https:\/\/schema.org\",\"@graph\":[{\"@type\":\"Article\",\"@id\":\"https:\/\/vosgesinfo.fr\/gerardmerinfo\/2014\/07\/la-navette-des-cretes-reprend-du-service\/#article\",\"isPartOf\":{\"@id\":\"https:\/\/vosgesinfo.fr\/gerardmerinfo\/2014\/07\/la-navette-des-cretes-reprend-du-service\/\"},\"author\":{\"name\":\"qs_admin\",\"@id\":\"https:\/\/vosgesinfo.fr\/gerardmerinfo\/#\/schema\/person\/bc5d02d71e6932e81b6dadb7386667b1\"},\"headline\":\"La navette des Cr\u00eates reprend du service\",\"datePublished\":\"2014-07-15T15:35:43+00:00\",\"dateModified\":\"2014-07-15T15:35:43+00:00\",\"mainEntityOfPage\":{\"@id\":\"https:\/\/vosgesinfo.fr\/gerardmerinfo\/2014\/07\/la-navette-des-cretes-reprend-du-service\/\"},\"wordCount\":319,\"commentCount\":0,\"publisher\":{\"@id\":\"https:\/\/vosgesinfo.fr\/gerardmerinfo\/#organization\"},\"image\":{\"@id\":\"https:\/\/vosgesinfo.fr\/gerardmerinfo\/2014\/07\/la-navette-des-cretes-reprend-du-service\/#primaryimage\"},\"thumbnailUrl\":\"http:\/\/gerardmerinfo.fr\",\"articleSection\":[\"Soci\u00e9t\u00e9\",\"Vosges\"],\"inLanguage\":\"fr-FR\",\"potentialAction\":[{\"@type\":\"CommentAction\",\"name\":\"Comment\",\"target\":[\"https:\/\/vosgesinfo.fr\/gerardmerinfo\/2014\/07\/la-navette-des-cretes-reprend-du-service\/#respond\"]}]},{\"@type\":\"WebPage\",\"@id\":\"https:\/\/vosgesinfo.fr\/gerardmerinfo\/2014\/07\/la-navette-des-cretes-reprend-du-service\/\",\"url\":\"https:\/\/vosgesinfo.fr\/gerardmerinfo\/2014\/07\/la-navette-des-cretes-reprend-du-service\/\",\"name\":\"La navette des Cr\u00eates reprend du service - Gerardmer Info\",\"isPartOf\":{\"@id\":\"https:\/\/vosgesinfo.fr\/gerardmerinfo\/#website\"},\"primaryImageOfPage\":{\"@id\":\"https:\/\/vosgesinfo.fr\/gerardmerinfo\/2014\/07\/la-navette-des-cretes-reprend-du-service\/#primaryimage\"},\"image\":{\"@id\":\"https:\/\/vosgesinfo.fr\/gerardmerinfo\/2014\/07\/la-navette-des-cretes-reprend-du-service\/#primaryimage\"},\"thumbnailUrl\":\"http:\/\/gerardmerinfo.fr\",\"datePublished\":\"2014-07-15T15:35:43+00:00\",\"dateModified\":\"2014-07-15T15:35:43+00:00\",\"breadcrumb\":{\"@id\":\"https:\/\/vosgesinfo.fr\/gerardmerinfo\/2014\/07\/la-navette-des-cretes-reprend-du-service\/#breadcrumb\"},\"inLanguage\":\"fr-FR\",\"potentialAction\":[{\"@type\":\"ReadAction\",\"target\":[\"https:\/\/vosgesinfo.fr\/gerardmerinfo\/2014\/07\/la-navette-des-cretes-reprend-du-service\/\"]}]},{\"@type\":\"ImageObject\",\"inLanguage\":\"fr-FR\",\"@id\":\"https:\/\/vosgesinfo.fr\/gerardmerinfo\/2014\/07\/la-navette-des-cretes-reprend-du-service\/#primaryimage\",\"url\":\"http:\/\/gerardmerinfo.fr\",\"contentUrl\":\"http:\/\/gerardmerinfo.fr\"},{\"@type\":\"BreadcrumbList\",\"@id\":\"https:\/\/vosgesinfo.fr\/gerardmerinfo\/2014\/07\/la-navette-des-cretes-reprend-du-service\/#breadcrumb\",\"itemListElement\":[{\"@type\":\"ListItem\",\"position\":1,\"name\":\"Home\",\"item\":\"https:\/\/vosgesinfo.fr\/gerardmerinfo\/\"},{\"@type\":\"ListItem\",\"position\":2,\"name\":\"La navette des Cr\u00eates reprend du service\"}]},{\"@type\":\"WebSite\",\"@id\":\"https:\/\/vosgesinfo.fr\/gerardmerinfo\/#website\",\"url\":\"https:\/\/vosgesinfo.fr\/gerardmerinfo\/\",\"name\":\"Gerardmer Info\",\"description\":\"Toute l&#039;actualit\u00e9 de G\u00e9rardmer\",\"publisher\":{\"@id\":\"https:\/\/vosgesinfo.fr\/gerardmerinfo\/#organization\"},\"alternateName\":\"Toute l'actualit\u00e9 de G\u00e9rardmer\",\"potentialAction\":[{\"@type\":\"SearchAction\",\"target\":{\"@type\":\"EntryPoint\",\"urlTemplate\":\"https:\/\/vosgesinfo.fr\/gerardmerinfo\/?s={search_term_string}\"},\"query-input\":\"required name=search_term_string\"}],\"inLanguage\":\"fr-FR\"},{\"@type\":\"Organization\",\"@id\":\"https:\/\/vosgesinfo.fr\/gerardmerinfo\/#organization\",\"name\":\"Gerardmer Info\",\"url\":\"https:\/\/vosgesinfo.fr\/gerardmerinfo\/\",\"logo\":{\"@type\":\"ImageObject\",\"inLanguage\":\"fr-FR\",\"@id\":\"https:\/\/vosgesinfo.fr\/gerardmerinfo\/#\/schema\/logo\/image\/\",\"url\":\"https:\/\/vosgesinfo.fr\/app\/uploads\/sites\/6\/2023\/08\/favicon-gerardmerinfo.png\",\"contentUrl\":\"https:\/\/vosgesinfo.fr\/app\/uploads\/sites\/6\/2023\/08\/favicon-gerardmerinfo.png\",\"width\":512,\"height\":512,\"caption\":\"Gerardmer Info\"},\"image\":{\"@id\":\"https:\/\/vosgesinfo.fr\/gerardmerinfo\/#\/schema\/logo\/image\/\"},\"sameAs\":[\"https:\/\/www.facebook.com\/profile.php?id=100049475262660\",\"https:\/\/x.com\/VosgesInfo88\",\"https:\/\/www.youtube.com\/@vosgesinfo\"]},{\"@type\":\"Person\",\"@id\":\"https:\/\/vosgesinfo.fr\/gerardmerinfo\/#\/schema\/person\/bc5d02d71e6932e81b6dadb7386667b1\",\"name\":\"qs_admin\",\"image\":{\"@type\":\"ImageObject\",\"inLanguage\":\"fr-FR\",\"@id\":\"https:\/\/vosgesinfo.fr\/gerardmerinfo\/#\/schema\/person\/image\/\",\"url\":\"https:\/\/secure.gravatar.com\/avatar\/94b18ee0ed79e4a42ea2f2931277b6841a8999fc6fde214600c78057cf1fe1de?s=96&d=mm&r=g\",\"contentUrl\":\"https:\/\/secure.gravatar.com\/avatar\/94b18ee0ed79e4a42ea2f2931277b6841a8999fc6fde214600c78057cf1fe1de?s=96&d=mm&r=g\",\"caption\":\"qs_admin\"},\"sameAs\":[\"https:\/\/vosgesinfo.fr\/wp\"],\"url\":\"https:\/\/vosgesinfo.fr\/gerardmerinfo\/author\/qs_admin\/\"}]}<\/script>\n<!-- \/ Yoast SEO plugin. -->","yoast_head_json":{"title":"La navette des Cr\u00eates reprend du service - Gerardmer Info","robots":{"index":"index","follow":"follow","max-snippet":"max-snippet:-1","max-image-preview":"max-image-preview:large","max-video-preview":"max-video-preview:-1"},"canonical":"https:\/\/vosgesinfo.fr\/gerardmerinfo\/2014\/07\/la-navette-des-cretes-reprend-du-service\/","twitter_card":"summary_large_image","twitter_title":"La navette des Cr\u00eates reprend du service - Gerardmer Info","twitter_description":"La \u00ab navette des cr\u00eates \u00bb reprend du service du 16 juillet au 24 ao\u00fbt 2014 les dimanches, les jours [&hellip;]","twitter_image":"http:\/\/gerardmerinfo.fr","twitter_creator":"@VosgesInfo88","twitter_site":"@VosgesInfo88","twitter_misc":{"\u00c9crit par":"qs_admin","Dur\u00e9e de lecture estim\u00e9e":"2 minutes"},"schema":{"@context":"https:\/\/schema.org","@graph":[{"@type":"Article","@id":"https:\/\/vosgesinfo.fr\/gerardmerinfo\/2014\/07\/la-navette-des-cretes-reprend-du-service\/#article","isPartOf":{"@id":"https:\/\/vosgesinfo.fr\/gerardmerinfo\/2014\/07\/la-navette-des-cretes-reprend-du-service\/"},"author":{"name":"qs_admin","@id":"https:\/\/vosgesinfo.fr\/gerardmerinfo\/#\/schema\/person\/bc5d02d71e6932e81b6dadb7386667b1"},"headline":"La navette des Cr\u00eates reprend du service","datePublished":"2014-07-15T15:35:43+00:00","dateModified":"2014-07-15T15:35:43+00:00","mainEntityOfPage":{"@id":"https:\/\/vosgesinfo.fr\/gerardmerinfo\/2014\/07\/la-navette-des-cretes-reprend-du-service\/"},"wordCount":319,"commentCount":0,"publisher":{"@id":"https:\/\/vosgesinfo.fr\/gerardmerinfo\/#organization"},"image":{"@id":"https:\/\/vosgesinfo.fr\/gerardmerinfo\/2014\/07\/la-navette-des-cretes-reprend-du-service\/#primaryimage"},"thumbnailUrl":"http:\/\/gerardmerinfo.fr","articleSection":["Soci\u00e9t\u00e9","Vosges"],"inLanguage":"fr-FR","potentialAction":[{"@type":"CommentAction","name":"Comment","target":["https:\/\/vosgesinfo.fr\/gerardmerinfo\/2014\/07\/la-navette-des-cretes-reprend-du-service\/#respond"]}]},{"@type":"WebPage","@id":"https:\/\/vosgesinfo.fr\/gerardmerinfo\/2014\/07\/la-navette-des-cretes-reprend-du-service\/","url":"https:\/\/vosgesinfo.fr\/gerardmerinfo\/2014\/07\/la-navette-des-cretes-reprend-du-service\/","name":"La navette des Cr\u00eates reprend du service - Gerardmer Info","isPartOf":{"@id":"https:\/\/vosgesinfo.fr\/gerardmerinfo\/#website"},"primaryImageOfPage":{"@id":"https:\/\/vosgesinfo.fr\/gerardmerinfo\/2014\/07\/la-navette-des-cretes-reprend-du-service\/#primaryimage"},"image":{"@id":"https:\/\/vosgesinfo.fr\/gerardmerinfo\/2014\/07\/la-navette-des-cretes-reprend-du-service\/#primaryimage"},"thumbnailUrl":"http:\/\/gerardmerinfo.fr","datePublished":"2014-07-15T15:35:43+00:00","dateModified":"2014-07-15T15:35:43+00:00","breadcrumb":{"@id":"https:\/\/vosgesinfo.fr\/gerardmerinfo\/2014\/07\/la-navette-des-cretes-reprend-du-service\/#breadcrumb"},"inLanguage":"fr-FR","potentialAction":[{"@type":"ReadAction","target":["https:\/\/vosgesinfo.fr\/gerardmerinfo\/2014\/07\/la-navette-des-cretes-reprend-du-service\/"]}]},{"@type":"ImageObject","inLanguage":"fr-FR","@id":"https:\/\/vosgesinfo.fr\/gerardmerinfo\/2014\/07\/la-navette-des-cretes-reprend-du-service\/#primaryimage","url":"http:\/\/gerardmerinfo.fr","contentUrl":"http:\/\/gerardmerinfo.fr"},{"@type":"BreadcrumbList","@id":"https:\/\/vosgesinfo.fr\/gerardmerinfo\/2014\/07\/la-navette-des-cretes-reprend-du-service\/#breadcrumb","itemListElement":[{"@type":"ListItem","position":1,"name":"Home","item":"https:\/\/vosgesinfo.fr\/gerardmerinfo\/"},{"@type":"ListItem","position":2,"name":"La navette des Cr\u00eates reprend du service"}]},{"@type":"WebSite","@id":"https:\/\/vosgesinfo.fr\/gerardmerinfo\/#website","url":"https:\/\/vosgesinfo.fr\/gerardmerinfo\/","name":"Gerardmer Info","description":"Toute l&#039;actualit\u00e9 de G\u00e9rardmer","publisher":{"@id":"https:\/\/vosgesinfo.fr\/gerardmerinfo\/#organization"},"alternateName":"Toute l'actualit\u00e9 de G\u00e9rardmer","potentialAction":[{"@type":"SearchAction","target":{"@type":"EntryPoint","urlTemplate":"https:\/\/vosgesinfo.fr\/gerardmerinfo\/?s={search_term_string}"},"query-input":"required name=search_term_string"}],"inLanguage":"fr-FR"},{"@type":"Organization","@id":"https:\/\/vosgesinfo.fr\/gerardmerinfo\/#organization","name":"Gerardmer Info","url":"https:\/\/vosgesinfo.fr\/gerardmerinfo\/","logo":{"@type":"ImageObject","inLanguage":"fr-FR","@id":"https:\/\/vosgesinfo.fr\/gerardmerinfo\/#\/schema\/logo\/image\/","url":"https:\/\/vosgesinfo.fr\/app\/uploads\/sites\/6\/2023\/08\/favicon-gerardmerinfo.png","contentUrl":"https:\/\/vosgesinfo.fr\/app\/uploads\/sites\/6\/2023\/08\/favicon-gerardmerinfo.png","width":512,"height":512,"caption":"Gerardmer Info"},"image":{"@id":"https:\/\/vosgesinfo.fr\/gerardmerinfo\/#\/schema\/logo\/image\/"},"sameAs":["https:\/\/www.facebook.com\/profile.php?id=100049475262660","https:\/\/x.com\/VosgesInfo88","https:\/\/www.youtube.com\/@vosgesinfo"]},{"@type":"Person","@id":"https:\/\/vosgesinfo.fr\/gerardmerinfo\/#\/schema\/person\/bc5d02d71e6932e81b6dadb7386667b1","name":"qs_admin","image":{"@type":"ImageObject","inLanguage":"fr-FR","@id":"https:\/\/vosgesinfo.fr\/gerardmerinfo\/#\/schema\/person\/image\/","url":"https:\/\/secure.gravatar.com\/avatar\/94b18ee0ed79e4a42ea2f2931277b6841a8999fc6fde214600c78057cf1fe1de?s=96&d=mm&r=g","contentUrl":"https:\/\/secure.gravatar.com\/avatar\/94b18ee0ed79e4a42ea2f2931277b6841a8999fc6fde214600c78057cf1fe1de?s=96&d=mm&r=g","caption":"qs_admin"},"sameAs":["https:\/\/vosgesinfo.fr\/wp"],"url":"https:\/\/vosgesinfo.fr\/gerardmerinfo\/author\/qs_admin\/"}]}},"_links":{"self":[{"href":"https:\/\/vosgesinfo.fr\/gerardmerinfo\/wp-json\/wp\/v2\/posts\/11634","targetHints":{"allow":["GET"]}}],"collection":[{"href":"https:\/\/vosgesinfo.fr\/gerardmerinfo\/wp-json\/wp\/v2\/posts"}],"about":[{"href":"https:\/\/vosgesinfo.fr\/gerardmerinfo\/wp-json\/wp\/v2\/types\/post"}],"author":[{"embeddable":true,"href":"https:\/\/vosgesinfo.fr\/gerardmerinfo\/wp-json\/wp\/v2\/users\/1"}],"replies":[{"embeddable":true,"href":"https:\/\/vosgesinfo.fr\/gerardmerinfo\/wp-json\/wp\/v2\/comments?post=11634"}],"version-history":[{"count":0,"href":"https:\/\/vosgesinfo.fr\/gerardmerinfo\/wp-json\/wp\/v2\/posts\/11634\/revisions"}],"wp:attachment":[{"href":"https:\/\/vosgesinfo.fr\/gerardmerinfo\/wp-json\/wp\/v2\/media?parent=11634"}],"wp:term":[{"taxonomy":"category","embeddable":true,"href":"https:\/\/vosgesinfo.fr\/gerardmerinfo\/wp-json\/wp\/v2\/categories?post=11634"},{"taxonomy":"post_tag","embeddable":true,"href":"https:\/\/vosgesinfo.fr\/gerardmerinfo\/wp-json\/wp\/v2\/tags?post=11634"}],"curies":[{"name":"wp","href":"https:\/\/api.w.org\/{rel}","templated":true}]}}