{"id":11643,"date":"2014-07-15T17:35:39","date_gmt":"2014-07-15T15:35:39","guid":{"rendered":"https:\/\/vosgesinfo.fr\/gerardmerinfo\/2014\/07\/le-bbb-ou-boom-du-bio-a-bonnefontaine\/"},"modified":"2014-07-15T17:35:39","modified_gmt":"2014-07-15T15:35:39","slug":"le-bbb-ou-boom-du-bio-a-bonnefontaine","status":"publish","type":"post","link":"https:\/\/vosgesinfo.fr\/gerardmerinfo\/2014\/07\/le-bbb-ou-boom-du-bio-a-bonnefontaine\/","title":{"rendered":"Le BBB ou Boom du Bio \u00e0 Bonnefontaine&#8230;"},"content":{"rendered":"<div id=\"attachment_36040\" style=\"width: 310px\" class=\"wp-caption alignleft\"><a href=\"http:\/\/gerardmerinfo.fr\" rel=\"attachment wp-att-36040\"><img decoding=\"async\" aria-describedby=\"caption-attachment-36040\" class=\"size-medium wp-image-36040\" src=\"http:\/\/gerardmerinfo.fr\" alt=\"Avant de profiter de la journ\u00e9e, il faut inaugurer avec les personnalit\u00e9s invit\u00e9s\" width=\"300\" height=\"225\" \/><\/a><p id=\"caption-attachment-36040\" class=\"wp-caption-text\">Avant de profiter de la journ\u00e9e, il faut inaugurer avec les personnalit\u00e9s invit\u00e9s<\/p><\/div>\n<p>Il ne faut pas confondre le BBB ou boom du bio\u00a0 \u00e0 Bonnefontaine avec le boom des \u00ab\u00a0Boon\u00a0\u00bb sp\u00e9cialistes des produits bio install\u00e9s sur les hauteurs du Tholy. La passion a uni Christine et Eric Boon pour le meilleur de la vie et surtout du bio ou de la bio dans leur ferme. L&rsquo;endroit a \u00e9volu\u00e9 au fil du temps pour devenir une v\u00e9ritable exploitation agricole avec, \u00e0 l&rsquo;appui, une dizaine de vaches laiti\u00e8res de race vosgienne capables de fournir le lait ad\u00e9quate et adapt\u00e9 \u00e0 la fabrication d&rsquo;un fromage digne d&rsquo;un munster&#8230;Meuh ! Depuis 10 ans maintenant, en collaboration avec le GAP le Groupement des Agro-Biologiste,\u00a0 artisans et producteurs se r\u00e9unissent \u00e0 la Ferme de Bonnefontaine pour f\u00eater le 14 juillet d&rsquo;une autre mani\u00e8re en organisant un march\u00e9 de campagne extraordinaire. La\u00a0 diff\u00e9rence est visible \u00e0 l\u2019\u0153il nu, les tomates sentent la tomate, les patates ont une vraie t\u00eate de pomme de terre et le fromage inspire les papilles avant m\u00eame d&rsquo;\u00eatre mis en bouche. L&rsquo;objectif pour Christine et Eric Bonn, mais \u00e9galement de tous leurs amis, est d&rsquo;instaurer aupr\u00e8s du consommateurs une v\u00e9ritable prise de conscience en mati\u00e8re d&rsquo;alimentation et de production&#8230;Cherchez l&rsquo;erreur !<\/p>\n<div id=\"attachment_36041\" style=\"width: 310px\" class=\"wp-caption alignright\"><a href=\"http:\/\/gerardmerinfo.fr\" rel=\"attachment wp-att-36041\"><img decoding=\"async\" aria-describedby=\"caption-attachment-36041\" class=\"size-medium wp-image-36041\" src=\"http:\/\/gerardmerinfo.fr\" alt=\"Christine et Eric bonn...une fois !\" width=\"300\" height=\"225\" \/><\/a><p id=\"caption-attachment-36041\" class=\"wp-caption-text\">Christine et Eric Bonn&#8230;une fois !<\/p><\/div>\n<p>la soci\u00e9t\u00e9 a tellement chang\u00e9, les crises de foie et de foi ont modifi\u00e9 petit \u00e0 petit le comportement des acteurs de l&rsquo;agro-alimentaire et du consommateur pour aller progressivement vers un autre mode de vie. Il y a encore quelques ann\u00e9es, on regardait presque les produits bio de travers et les producteurs avec un \u0153il suspect&#8230;.comme si les soixante-huitards, enfin ceux que l&rsquo;on consid\u00e9rait comme tel,\u00a0 avaient le droit de fabriquer un fromage maison. Et bien oui, il ont le droit.\u00a0 Finies termin\u00e9es, toutes ces pens\u00e9es toxiques, le bio ou la bio est entr\u00e9e dans notre\u00a0 vie et devrait y rester pour longtemps. Car avoir l&rsquo;esprit bio ne se r\u00e9duit pas seulement \u00e0 une \u00ab\u00a0bobologie\u00a0\u00bb passag\u00e8re mais bien\u00a0 \u00e0 une mutation de la soci\u00e9t\u00e9. Alors !<\/p>\n<p>Bref, la journ\u00e9e s&rsquo;est d\u00e9roul\u00e9e dans un esprit sain, avec des produits sains, dans un corps sain. Tout le monde pouvait trouver son bonheur en papillonnant\u00a0 de stand en stand (une cinquantaine), participer \u00e0 une ballade \u00e0 dos d\u2019\u00e2ne et grignoter une sp\u00e9cialit\u00e9 maison au rythme des flonflons des musiciens de service&#8230;Flonflons, une expression tellement bio qu&rsquo;il faut la remettre au go\u00fbt du jour. Oui du go\u00fbt.<\/p>\n<div id=\"attachment_36042\" style=\"width: 310px\" class=\"wp-caption alignleft\"><a href=\"http:\/\/gerardmerinfo.fr\" rel=\"attachment wp-att-36042\"><img decoding=\"async\" aria-describedby=\"caption-attachment-36042\" class=\"size-medium wp-image-36042\" src=\"http:\/\/gerardmerinfo.fr\" alt=\"Elle sont pas belles mes tomates\" width=\"300\" height=\"225\" \/><\/a><p id=\"caption-attachment-36042\" class=\"wp-caption-text\">Elle sont pas belles mes tomates<\/p><\/div>\n<p>&nbsp;<\/p>\n<p>&nbsp;<\/p>\n<p>&nbsp;<\/p>\n<p>&nbsp;<\/p>\n<p>&nbsp;<\/p>\n<p>&nbsp;<\/p>\n<p>&nbsp;<\/p>\n<p>&nbsp;<\/p>\n<p>&nbsp;<\/p>\n<div id=\"attachment_36044\" style=\"width: 310px\" class=\"wp-caption alignleft\"><a href=\"http:\/\/gerardmerinfo.fr\" rel=\"attachment wp-att-36044\"><img decoding=\"async\" aria-describedby=\"caption-attachment-36044\" class=\"size-medium wp-image-36044\" src=\"http:\/\/gerardmerinfo.fr\" alt=\"Une petite promenade \u00e0 dos d'\u00e2ne !\" width=\"300\" height=\"225\" \/><\/a><p id=\"caption-attachment-36044\" class=\"wp-caption-text\">Une petite promenade \u00e0 dos d&rsquo;\u00e2ne !<\/p><\/div>\n","protected":false},"excerpt":{"rendered":"<p>Il ne faut pas confondre le BBB ou boom du bio\u00a0 \u00e0 Bonnefontaine avec le boom des \u00ab\u00a0Boon\u00a0\u00bb sp\u00e9cialistes des [&hellip;]<\/p>\n","protected":false},"author":1,"featured_media":0,"comment_status":"open","ping_status":"open","sticky":false,"template":"","format":"standard","meta":{"footnotes":""},"categories":[5,13],"tags":[],"class_list":["post-11643","post","type-post","status-publish","format-standard","hentry","category-economie","category-societe"],"acf":[],"yoast_head":"<!-- This site is optimized with the Yoast SEO plugin v22.5 - https:\/\/yoast.com\/wordpress\/plugins\/seo\/ -->\n<title>Le BBB ou Boom du Bio \u00e0 Bonnefontaine... - Gerardmer Info<\/title>\n<meta name=\"robots\" content=\"index, follow, max-snippet:-1, max-image-preview:large, max-video-preview:-1\" \/>\n<link rel=\"canonical\" href=\"https:\/\/vosgesinfo.fr\/gerardmerinfo\/2014\/07\/le-bbb-ou-boom-du-bio-a-bonnefontaine\/\" \/>\n<meta name=\"twitter:card\" content=\"summary_large_image\" \/>\n<meta name=\"twitter:title\" content=\"Le BBB ou Boom du Bio \u00e0 Bonnefontaine... - Gerardmer Info\" \/>\n<meta name=\"twitter:description\" content=\"Il ne faut pas confondre le BBB ou boom du bio\u00a0 \u00e0 Bonnefontaine avec le boom des \u00ab\u00a0Boon\u00a0\u00bb sp\u00e9cialistes des [&hellip;]\" \/>\n<meta name=\"twitter:image\" content=\"http:\/\/gerardmerinfo.fr\" \/>\n<meta name=\"twitter:creator\" content=\"@VosgesInfo88\" \/>\n<meta name=\"twitter:site\" content=\"@VosgesInfo88\" \/>\n<meta name=\"twitter:label1\" content=\"\u00c9crit par\" \/>\n\t<meta name=\"twitter:data1\" content=\"qs_admin\" \/>\n\t<meta name=\"twitter:label2\" content=\"Dur\u00e9e de lecture estim\u00e9e\" \/>\n\t<meta name=\"twitter:data2\" content=\"2 minutes\" \/>\n<script type=\"application\/ld+json\" class=\"yoast-schema-graph\">{\"@context\":\"https:\/\/schema.org\",\"@graph\":[{\"@type\":\"Article\",\"@id\":\"https:\/\/vosgesinfo.fr\/gerardmerinfo\/2014\/07\/le-bbb-ou-boom-du-bio-a-bonnefontaine\/#article\",\"isPartOf\":{\"@id\":\"https:\/\/vosgesinfo.fr\/gerardmerinfo\/2014\/07\/le-bbb-ou-boom-du-bio-a-bonnefontaine\/\"},\"author\":{\"name\":\"qs_admin\",\"@id\":\"https:\/\/vosgesinfo.fr\/gerardmerinfo\/#\/schema\/person\/bc5d02d71e6932e81b6dadb7386667b1\"},\"headline\":\"Le BBB ou Boom du Bio \u00e0 Bonnefontaine&#8230;\",\"datePublished\":\"2014-07-15T15:35:39+00:00\",\"dateModified\":\"2014-07-15T15:35:39+00:00\",\"mainEntityOfPage\":{\"@id\":\"https:\/\/vosgesinfo.fr\/gerardmerinfo\/2014\/07\/le-bbb-ou-boom-du-bio-a-bonnefontaine\/\"},\"wordCount\":502,\"commentCount\":0,\"publisher\":{\"@id\":\"https:\/\/vosgesinfo.fr\/gerardmerinfo\/#organization\"},\"image\":{\"@id\":\"https:\/\/vosgesinfo.fr\/gerardmerinfo\/2014\/07\/le-bbb-ou-boom-du-bio-a-bonnefontaine\/#primaryimage\"},\"thumbnailUrl\":\"http:\/\/gerardmerinfo.fr\",\"articleSection\":[\"\u00c9conomie\",\"Soci\u00e9t\u00e9\"],\"inLanguage\":\"fr-FR\",\"potentialAction\":[{\"@type\":\"CommentAction\",\"name\":\"Comment\",\"target\":[\"https:\/\/vosgesinfo.fr\/gerardmerinfo\/2014\/07\/le-bbb-ou-boom-du-bio-a-bonnefontaine\/#respond\"]}]},{\"@type\":\"WebPage\",\"@id\":\"https:\/\/vosgesinfo.fr\/gerardmerinfo\/2014\/07\/le-bbb-ou-boom-du-bio-a-bonnefontaine\/\",\"url\":\"https:\/\/vosgesinfo.fr\/gerardmerinfo\/2014\/07\/le-bbb-ou-boom-du-bio-a-bonnefontaine\/\",\"name\":\"Le BBB ou Boom du Bio \u00e0 Bonnefontaine... - Gerardmer Info\",\"isPartOf\":{\"@id\":\"https:\/\/vosgesinfo.fr\/gerardmerinfo\/#website\"},\"primaryImageOfPage\":{\"@id\":\"https:\/\/vosgesinfo.fr\/gerardmerinfo\/2014\/07\/le-bbb-ou-boom-du-bio-a-bonnefontaine\/#primaryimage\"},\"image\":{\"@id\":\"https:\/\/vosgesinfo.fr\/gerardmerinfo\/2014\/07\/le-bbb-ou-boom-du-bio-a-bonnefontaine\/#primaryimage\"},\"thumbnailUrl\":\"http:\/\/gerardmerinfo.fr\",\"datePublished\":\"2014-07-15T15:35:39+00:00\",\"dateModified\":\"2014-07-15T15:35:39+00:00\",\"breadcrumb\":{\"@id\":\"https:\/\/vosgesinfo.fr\/gerardmerinfo\/2014\/07\/le-bbb-ou-boom-du-bio-a-bonnefontaine\/#breadcrumb\"},\"inLanguage\":\"fr-FR\",\"potentialAction\":[{\"@type\":\"ReadAction\",\"target\":[\"https:\/\/vosgesinfo.fr\/gerardmerinfo\/2014\/07\/le-bbb-ou-boom-du-bio-a-bonnefontaine\/\"]}]},{\"@type\":\"ImageObject\",\"inLanguage\":\"fr-FR\",\"@id\":\"https:\/\/vosgesinfo.fr\/gerardmerinfo\/2014\/07\/le-bbb-ou-boom-du-bio-a-bonnefontaine\/#primaryimage\",\"url\":\"http:\/\/gerardmerinfo.fr\",\"contentUrl\":\"http:\/\/gerardmerinfo.fr\"},{\"@type\":\"BreadcrumbList\",\"@id\":\"https:\/\/vosgesinfo.fr\/gerardmerinfo\/2014\/07\/le-bbb-ou-boom-du-bio-a-bonnefontaine\/#breadcrumb\",\"itemListElement\":[{\"@type\":\"ListItem\",\"position\":1,\"name\":\"Home\",\"item\":\"https:\/\/vosgesinfo.fr\/gerardmerinfo\/\"},{\"@type\":\"ListItem\",\"position\":2,\"name\":\"Le BBB ou Boom du Bio \u00e0 Bonnefontaine&#8230;\"}]},{\"@type\":\"WebSite\",\"@id\":\"https:\/\/vosgesinfo.fr\/gerardmerinfo\/#website\",\"url\":\"https:\/\/vosgesinfo.fr\/gerardmerinfo\/\",\"name\":\"Gerardmer Info\",\"description\":\"Toute l&#039;actualit\u00e9 de G\u00e9rardmer\",\"publisher\":{\"@id\":\"https:\/\/vosgesinfo.fr\/gerardmerinfo\/#organization\"},\"alternateName\":\"Toute l'actualit\u00e9 de G\u00e9rardmer\",\"potentialAction\":[{\"@type\":\"SearchAction\",\"target\":{\"@type\":\"EntryPoint\",\"urlTemplate\":\"https:\/\/vosgesinfo.fr\/gerardmerinfo\/?s={search_term_string}\"},\"query-input\":\"required name=search_term_string\"}],\"inLanguage\":\"fr-FR\"},{\"@type\":\"Organization\",\"@id\":\"https:\/\/vosgesinfo.fr\/gerardmerinfo\/#organization\",\"name\":\"Gerardmer Info\",\"url\":\"https:\/\/vosgesinfo.fr\/gerardmerinfo\/\",\"logo\":{\"@type\":\"ImageObject\",\"inLanguage\":\"fr-FR\",\"@id\":\"https:\/\/vosgesinfo.fr\/gerardmerinfo\/#\/schema\/logo\/image\/\",\"url\":\"https:\/\/vosgesinfo.fr\/app\/uploads\/sites\/6\/2023\/08\/favicon-gerardmerinfo.png\",\"contentUrl\":\"https:\/\/vosgesinfo.fr\/app\/uploads\/sites\/6\/2023\/08\/favicon-gerardmerinfo.png\",\"width\":512,\"height\":512,\"caption\":\"Gerardmer Info\"},\"image\":{\"@id\":\"https:\/\/vosgesinfo.fr\/gerardmerinfo\/#\/schema\/logo\/image\/\"},\"sameAs\":[\"https:\/\/www.facebook.com\/profile.php?id=100049475262660\",\"https:\/\/x.com\/VosgesInfo88\",\"https:\/\/www.youtube.com\/@vosgesinfo\"]},{\"@type\":\"Person\",\"@id\":\"https:\/\/vosgesinfo.fr\/gerardmerinfo\/#\/schema\/person\/bc5d02d71e6932e81b6dadb7386667b1\",\"name\":\"qs_admin\",\"image\":{\"@type\":\"ImageObject\",\"inLanguage\":\"fr-FR\",\"@id\":\"https:\/\/vosgesinfo.fr\/gerardmerinfo\/#\/schema\/person\/image\/\",\"url\":\"https:\/\/secure.gravatar.com\/avatar\/94b18ee0ed79e4a42ea2f2931277b6841a8999fc6fde214600c78057cf1fe1de?s=96&d=mm&r=g\",\"contentUrl\":\"https:\/\/secure.gravatar.com\/avatar\/94b18ee0ed79e4a42ea2f2931277b6841a8999fc6fde214600c78057cf1fe1de?s=96&d=mm&r=g\",\"caption\":\"qs_admin\"},\"sameAs\":[\"https:\/\/vosgesinfo.fr\/wp\"],\"url\":\"https:\/\/vosgesinfo.fr\/gerardmerinfo\/author\/qs_admin\/\"}]}<\/script>\n<!-- \/ Yoast SEO plugin. -->","yoast_head_json":{"title":"Le BBB ou Boom du Bio \u00e0 Bonnefontaine... - Gerardmer Info","robots":{"index":"index","follow":"follow","max-snippet":"max-snippet:-1","max-image-preview":"max-image-preview:large","max-video-preview":"max-video-preview:-1"},"canonical":"https:\/\/vosgesinfo.fr\/gerardmerinfo\/2014\/07\/le-bbb-ou-boom-du-bio-a-bonnefontaine\/","twitter_card":"summary_large_image","twitter_title":"Le BBB ou Boom du Bio \u00e0 Bonnefontaine... - Gerardmer Info","twitter_description":"Il ne faut pas confondre le BBB ou boom du bio\u00a0 \u00e0 Bonnefontaine avec le boom des \u00ab\u00a0Boon\u00a0\u00bb sp\u00e9cialistes des [&hellip;]","twitter_image":"http:\/\/gerardmerinfo.fr","twitter_creator":"@VosgesInfo88","twitter_site":"@VosgesInfo88","twitter_misc":{"\u00c9crit par":"qs_admin","Dur\u00e9e de lecture estim\u00e9e":"2 minutes"},"schema":{"@context":"https:\/\/schema.org","@graph":[{"@type":"Article","@id":"https:\/\/vosgesinfo.fr\/gerardmerinfo\/2014\/07\/le-bbb-ou-boom-du-bio-a-bonnefontaine\/#article","isPartOf":{"@id":"https:\/\/vosgesinfo.fr\/gerardmerinfo\/2014\/07\/le-bbb-ou-boom-du-bio-a-bonnefontaine\/"},"author":{"name":"qs_admin","@id":"https:\/\/vosgesinfo.fr\/gerardmerinfo\/#\/schema\/person\/bc5d02d71e6932e81b6dadb7386667b1"},"headline":"Le BBB ou Boom du Bio \u00e0 Bonnefontaine&#8230;","datePublished":"2014-07-15T15:35:39+00:00","dateModified":"2014-07-15T15:35:39+00:00","mainEntityOfPage":{"@id":"https:\/\/vosgesinfo.fr\/gerardmerinfo\/2014\/07\/le-bbb-ou-boom-du-bio-a-bonnefontaine\/"},"wordCount":502,"commentCount":0,"publisher":{"@id":"https:\/\/vosgesinfo.fr\/gerardmerinfo\/#organization"},"image":{"@id":"https:\/\/vosgesinfo.fr\/gerardmerinfo\/2014\/07\/le-bbb-ou-boom-du-bio-a-bonnefontaine\/#primaryimage"},"thumbnailUrl":"http:\/\/gerardmerinfo.fr","articleSection":["\u00c9conomie","Soci\u00e9t\u00e9"],"inLanguage":"fr-FR","potentialAction":[{"@type":"CommentAction","name":"Comment","target":["https:\/\/vosgesinfo.fr\/gerardmerinfo\/2014\/07\/le-bbb-ou-boom-du-bio-a-bonnefontaine\/#respond"]}]},{"@type":"WebPage","@id":"https:\/\/vosgesinfo.fr\/gerardmerinfo\/2014\/07\/le-bbb-ou-boom-du-bio-a-bonnefontaine\/","url":"https:\/\/vosgesinfo.fr\/gerardmerinfo\/2014\/07\/le-bbb-ou-boom-du-bio-a-bonnefontaine\/","name":"Le BBB ou Boom du Bio \u00e0 Bonnefontaine... - Gerardmer Info","isPartOf":{"@id":"https:\/\/vosgesinfo.fr\/gerardmerinfo\/#website"},"primaryImageOfPage":{"@id":"https:\/\/vosgesinfo.fr\/gerardmerinfo\/2014\/07\/le-bbb-ou-boom-du-bio-a-bonnefontaine\/#primaryimage"},"image":{"@id":"https:\/\/vosgesinfo.fr\/gerardmerinfo\/2014\/07\/le-bbb-ou-boom-du-bio-a-bonnefontaine\/#primaryimage"},"thumbnailUrl":"http:\/\/gerardmerinfo.fr","datePublished":"2014-07-15T15:35:39+00:00","dateModified":"2014-07-15T15:35:39+00:00","breadcrumb":{"@id":"https:\/\/vosgesinfo.fr\/gerardmerinfo\/2014\/07\/le-bbb-ou-boom-du-bio-a-bonnefontaine\/#breadcrumb"},"inLanguage":"fr-FR","potentialAction":[{"@type":"ReadAction","target":["https:\/\/vosgesinfo.fr\/gerardmerinfo\/2014\/07\/le-bbb-ou-boom-du-bio-a-bonnefontaine\/"]}]},{"@type":"ImageObject","inLanguage":"fr-FR","@id":"https:\/\/vosgesinfo.fr\/gerardmerinfo\/2014\/07\/le-bbb-ou-boom-du-bio-a-bonnefontaine\/#primaryimage","url":"http:\/\/gerardmerinfo.fr","contentUrl":"http:\/\/gerardmerinfo.fr"},{"@type":"BreadcrumbList","@id":"https:\/\/vosgesinfo.fr\/gerardmerinfo\/2014\/07\/le-bbb-ou-boom-du-bio-a-bonnefontaine\/#breadcrumb","itemListElement":[{"@type":"ListItem","position":1,"name":"Home","item":"https:\/\/vosgesinfo.fr\/gerardmerinfo\/"},{"@type":"ListItem","position":2,"name":"Le BBB ou Boom du Bio \u00e0 Bonnefontaine&#8230;"}]},{"@type":"WebSite","@id":"https:\/\/vosgesinfo.fr\/gerardmerinfo\/#website","url":"https:\/\/vosgesinfo.fr\/gerardmerinfo\/","name":"Gerardmer Info","description":"Toute l&#039;actualit\u00e9 de G\u00e9rardmer","publisher":{"@id":"https:\/\/vosgesinfo.fr\/gerardmerinfo\/#organization"},"alternateName":"Toute l'actualit\u00e9 de G\u00e9rardmer","potentialAction":[{"@type":"SearchAction","target":{"@type":"EntryPoint","urlTemplate":"https:\/\/vosgesinfo.fr\/gerardmerinfo\/?s={search_term_string}"},"query-input":"required name=search_term_string"}],"inLanguage":"fr-FR"},{"@type":"Organization","@id":"https:\/\/vosgesinfo.fr\/gerardmerinfo\/#organization","name":"Gerardmer Info","url":"https:\/\/vosgesinfo.fr\/gerardmerinfo\/","logo":{"@type":"ImageObject","inLanguage":"fr-FR","@id":"https:\/\/vosgesinfo.fr\/gerardmerinfo\/#\/schema\/logo\/image\/","url":"https:\/\/vosgesinfo.fr\/app\/uploads\/sites\/6\/2023\/08\/favicon-gerardmerinfo.png","contentUrl":"https:\/\/vosgesinfo.fr\/app\/uploads\/sites\/6\/2023\/08\/favicon-gerardmerinfo.png","width":512,"height":512,"caption":"Gerardmer Info"},"image":{"@id":"https:\/\/vosgesinfo.fr\/gerardmerinfo\/#\/schema\/logo\/image\/"},"sameAs":["https:\/\/www.facebook.com\/profile.php?id=100049475262660","https:\/\/x.com\/VosgesInfo88","https:\/\/www.youtube.com\/@vosgesinfo"]},{"@type":"Person","@id":"https:\/\/vosgesinfo.fr\/gerardmerinfo\/#\/schema\/person\/bc5d02d71e6932e81b6dadb7386667b1","name":"qs_admin","image":{"@type":"ImageObject","inLanguage":"fr-FR","@id":"https:\/\/vosgesinfo.fr\/gerardmerinfo\/#\/schema\/person\/image\/","url":"https:\/\/secure.gravatar.com\/avatar\/94b18ee0ed79e4a42ea2f2931277b6841a8999fc6fde214600c78057cf1fe1de?s=96&d=mm&r=g","contentUrl":"https:\/\/secure.gravatar.com\/avatar\/94b18ee0ed79e4a42ea2f2931277b6841a8999fc6fde214600c78057cf1fe1de?s=96&d=mm&r=g","caption":"qs_admin"},"sameAs":["https:\/\/vosgesinfo.fr\/wp"],"url":"https:\/\/vosgesinfo.fr\/gerardmerinfo\/author\/qs_admin\/"}]}},"_links":{"self":[{"href":"https:\/\/vosgesinfo.fr\/gerardmerinfo\/wp-json\/wp\/v2\/posts\/11643","targetHints":{"allow":["GET"]}}],"collection":[{"href":"https:\/\/vosgesinfo.fr\/gerardmerinfo\/wp-json\/wp\/v2\/posts"}],"about":[{"href":"https:\/\/vosgesinfo.fr\/gerardmerinfo\/wp-json\/wp\/v2\/types\/post"}],"author":[{"embeddable":true,"href":"https:\/\/vosgesinfo.fr\/gerardmerinfo\/wp-json\/wp\/v2\/users\/1"}],"replies":[{"embeddable":true,"href":"https:\/\/vosgesinfo.fr\/gerardmerinfo\/wp-json\/wp\/v2\/comments?post=11643"}],"version-history":[{"count":0,"href":"https:\/\/vosgesinfo.fr\/gerardmerinfo\/wp-json\/wp\/v2\/posts\/11643\/revisions"}],"wp:attachment":[{"href":"https:\/\/vosgesinfo.fr\/gerardmerinfo\/wp-json\/wp\/v2\/media?parent=11643"}],"wp:term":[{"taxonomy":"category","embeddable":true,"href":"https:\/\/vosgesinfo.fr\/gerardmerinfo\/wp-json\/wp\/v2\/categories?post=11643"},{"taxonomy":"post_tag","embeddable":true,"href":"https:\/\/vosgesinfo.fr\/gerardmerinfo\/wp-json\/wp\/v2\/tags?post=11643"}],"curies":[{"name":"wp","href":"https:\/\/api.w.org\/{rel}","templated":true}]}}