{"id":11716,"date":"2014-08-18T17:50:08","date_gmt":"2014-08-18T15:50:08","guid":{"rendered":"https:\/\/vosgesinfo.fr\/gerardmerinfo\/2014\/08\/la-nature-en-images\/"},"modified":"2014-08-18T17:50:08","modified_gmt":"2014-08-18T15:50:08","slug":"la-nature-en-images","status":"publish","type":"post","link":"https:\/\/vosgesinfo.fr\/gerardmerinfo\/2014\/08\/la-nature-en-images\/","title":{"rendered":"La nature en images"},"content":{"rendered":"<p>&nbsp;<\/p>\n<p>[youtube]http:\/\/youtu.be\/enGgAT13834[\/youtube]<\/p>\n<div id=\"attachment_37752\" style=\"width: 310px\" class=\"wp-caption alignleft\"><a href=\"http:\/\/gerardmerinfo.fr\"><img decoding=\"async\" aria-describedby=\"caption-attachment-37752\" class=\"size-medium wp-image-37752\" src=\"http:\/\/gerardmerinfo.fr\" alt=\"Pas de doute possible pour le maire Stessy Speissmann et les \u00e9lus de la Perle des Vosges : les Rencontres progressent sans cesse et offre une vision de la nature sublim\u00e9e par l\u2019\u0153il aiguis\u00e9s de nombreux photographes et artistes \" width=\"300\" height=\"225\" \/><\/a><p id=\"caption-attachment-37752\" class=\"wp-caption-text\">Pas de doute possible pour le maire Stessy Speissmann et les \u00e9lus de la Perle des Vosges : les Rencontres progressent sans cesse et offre une vision de la nature sublim\u00e9e par l\u2019\u0153il aiguis\u00e9s de nombreux photographes et artistes<\/p><\/div>\n<p><strong>Pour cette 2\u00e9me \u00e9dition, les Rencontres de Nature en Images affichent clairement une mont\u00e9e en puissance avec un panel d&rsquo;artistes plus large et plus vari\u00e9 et une qualit\u00e9 ind\u00e9niable des clich\u00e9s et \u0153uvres expos\u00e9s. Bref, un \u00e9v\u00e9nement \u00e0 ne manquer sous aucun pr\u00e9texte \u00e0 l&rsquo;Espace Tilleul.<\/strong><\/p>\n<p>Une mont\u00e9e en puissance salu\u00e9e et \u00e9voqu\u00e9e par de nombreux visiteurs et invit\u00e9s lors de l&rsquo;habituel vernissage de cette 2\u00e9me \u00e9dition des Rencontres de \u00ab\u00a0Nature en Image\u00a0\u00bb, une association qui n&rsquo;en est pas \u00e0 son coup d&rsquo;essai et s&rsquo;est donn\u00e9e les moyens de r\u00e9ussir. Il s&rsquo;agit l\u00e0 de la 7\u00e9me exposition organis\u00e9e par le pr\u00e9sident de l&rsquo;association Jacques Martin et ses amis qui ont progressivement tiss\u00e9 leur toile dans le milieu des photographes et autres artistes amoureux de la nature.<\/p>\n<div id=\"attachment_37753\" style=\"width: 310px\" class=\"wp-caption alignleft\"><a href=\"http:\/\/gerardmerinfo.fr\"><img decoding=\"async\" aria-describedby=\"caption-attachment-37753\" class=\"size-medium wp-image-37753\" src=\"http:\/\/gerardmerinfo.fr\" alt=\"Jacques Martin et ses comp\u00e8res ont choisi avec attention les invit\u00e9s de cette \u00e9dition 2014\" width=\"300\" height=\"225\" \/><\/a><p id=\"caption-attachment-37753\" class=\"wp-caption-text\">Jacques Martin et ses comp\u00e8res ont choisi avec attention les invit\u00e9s de cette \u00e9dition 2014<\/p><\/div>\n<p><strong>Pourquoi des \u00ab\u00a0Rencontres ?<\/strong><\/p>\n<p>C&rsquo;est d&rsquo;ailleurs en partie pour cela que pour la 2\u00e9me ann\u00e9e cons\u00e9cutive, ce rendez-vous \u00e0 l&rsquo;Espace Tilleul est qualifi\u00e9e de \u00ab\u00a0Rencontres\u00a0\u00bb\u00a0: \u00ab\u00a0Nous pr\u00e9f\u00e9rons le terme de \u00a0\u00bbrencontres\u00a0\u00bb car cet \u00e9v\u00e9nement a \u00e9galement pour but de faire se rencontrer des photographes, des artistes et des passionn\u00e9s\u00a0\u00bb, pr\u00e9cise ainsi Jacques Martin. Le concept semble fonctionner si l&rsquo;on consid\u00e8re qu&rsquo;un public une fois de plus nombreux \u00e9taient pr\u00e9sent \u00e0 l&rsquo;Espace Tilleul samedi dernier et que les discussions allaient bon train.<\/p>\n<p><a href=\"http:\/\/gerardmerinfo.fr\"><img decoding=\"async\" class=\"alignright size-medium wp-image-37754\" src=\"http:\/\/gerardmerinfo.fr\" alt=\"IMG_7439-WEB\" width=\"300\" height=\"225\" \/><\/a>Jusqu&rsquo;au 31 ao\u00fbt, vous avez donc la possibilit\u00e9 d&rsquo;aller d\u00e9couvrir et appr\u00e9cier le travail d&rsquo;une dizaine de photographes Lorrains, Alsaciens et Francomtois, dont les clich\u00e9s des chevilles ouvri\u00e8res de Natures en Image Jacques Vincent, Bernard Herscher et Jacques Martin. \u00ab\u00a0Il y a bien s\u00fbr eu un parti pris de naturaliste dans le choix des invit\u00e9s dont on connaissait le travail\u00a0\u00bb, pr\u00e9cise ce dernier.<\/p>\n<p><strong>Photographes, sculpteur, dessinateur<\/strong><\/p>\n<p>Il est \u00e9galement utile d&rsquo;ajouter que les Rencontres se diversifient avec la pr\u00e9sence d&rsquo;un sculpteur en la personne de St\u00e9phane Aubry, d&rsquo;un dessinateur avec Olivier Claudon, et enfin avec des projections qui auront lieu r\u00e9guli\u00e8rement en fin de journ\u00e9e dans une des salles des Rencontres, au rez-de-chauss\u00e9e de l&rsquo;Espace Tilleul. Non, vraiment, les \u00e9lus pr\u00e9sents ne s&rsquo;y sont pas tromp\u00e9s dans leurs discours respectifs, cela fait plaisir \u00e0 voir, on en prend plein les mirettes.<\/p>\n<p>\u00ab\u00a0Il se passe toujours quelque chose \u00e0 G\u00e9rardmer. (\u2026) Les artistes ont plac\u00e9 la bar tr\u00e8s haut et dans un monde qui va de plus en plus vite, prendre le temps d&rsquo;observer la nature pour produire ces photos qui sont expos\u00e9es, faire preuve d&rsquo;autant de patience pour nous offrir le fruit de se travail, c&rsquo;est vraiment un beau cadeau que vous nous faites\u00a0\u00bb, seront les mots de l&rsquo;adjointe \u00e0 la culture Anne Schwaliszewski pour \u00e9voquer la richesse des \u0153uvres expos\u00e9es. Tout est dit, ne vous reste plus qu&rsquo;\u00e0 aller faire un petit tour du c\u00f4t\u00e9 de l&rsquo;Espace Tilleul&#8230; Attention, vous avez jusqu&rsquo;au dimanche 31 ao\u00fbt\u00a0!<\/p>\n\n\t\t<style type=\"text\/css\">\n\t\t\t#gallery-1 {\n\t\t\t\tmargin: auto;\n\t\t\t}\n\t\t\t#gallery-1 .gallery-item {\n\t\t\t\tfloat: left;\n\t\t\t\tmargin-top: 10px;\n\t\t\t\ttext-align: center;\n\t\t\t\twidth: 33%;\n\t\t\t}\n\t\t\t#gallery-1 img {\n\t\t\t\tborder: 2px solid #cfcfcf;\n\t\t\t}\n\t\t\t#gallery-1 .gallery-caption {\n\t\t\t\tmargin-left: 0;\n\t\t\t}\n\t\t\t\/* see gallery_shortcode() in wp-includes\/media.php *\/\n\t\t<\/style>\n\t\t<div id='gallery-1' class='gallery galleryid-11716 gallery-columns-3 gallery-size-thumbnail'><dl class='gallery-item'>\n\t\t\t<dt class='gallery-icon landscape'>\n\t\t\t\t<a href='https:\/\/vosgesinfo.fr\/gerardmerinfo\/2018\/11\/classe-58-se-reunit-a-loccasion-de-80eme-anniversaire\/2018-11-classe-58-80-ans\/'><img decoding=\"async\" width=\"150\" height=\"150\" src=\"https:\/\/vosgesinfo.fr\/app\/uploads\/sites\/6\/2024\/07\/201811classe-58-80-ans-150x150.jpg\" class=\"attachment-thumbnail size-thumbnail\" alt=\"\" \/><\/a>\n\t\t\t<\/dt><\/dl><dl class='gallery-item'>\n\t\t\t<dt class='gallery-icon landscape'>\n\t\t\t\t<a href='https:\/\/vosgesinfo.fr\/gerardmerinfo\/2018\/11\/rencarts-cine-consacre-portugal\/2016-09-mediatheque-11\/'><img decoding=\"async\" width=\"150\" height=\"150\" src=\"https:\/\/vosgesinfo.fr\/app\/uploads\/sites\/6\/2024\/07\/201609mediatheque-10-150x150.jpg\" class=\"attachment-thumbnail size-thumbnail\" alt=\"\" \/><\/a>\n\t\t\t<\/dt><\/dl><dl class='gallery-item'>\n\t\t\t<dt class='gallery-icon portrait'>\n\t\t\t\t<a href='https:\/\/vosgesinfo.fr\/gerardmerinfo\/2018\/11\/nouvelle-kiwanienne-club-gerardmer-perle-dhugo\/2018-11-intronisation-de-valerie\/'><img decoding=\"async\" width=\"150\" height=\"150\" src=\"https:\/\/vosgesinfo.fr\/app\/uploads\/sites\/6\/2024\/07\/201811intronisation-de-valerie-150x150.jpg\" class=\"attachment-thumbnail size-thumbnail\" alt=\"\" \/><\/a>\n\t\t\t<\/dt><\/dl><br style=\"clear: both\" \/>\n\t\t<\/div>\n\n<p>&nbsp;<\/p>\n","protected":false},"excerpt":{"rendered":"<p>&nbsp; [youtube]http:\/\/youtu.be\/enGgAT13834[\/youtube] Pour cette 2\u00e9me \u00e9dition, les Rencontres de Nature en Images affichent clairement une mont\u00e9e en puissance avec un [&hellip;]<\/p>\n","protected":false},"author":42,"featured_media":0,"comment_status":"open","ping_status":"open","sticky":false,"template":"","format":"standard","meta":{"footnotes":""},"categories":[4],"tags":[],"class_list":["post-11716","post","type-post","status-publish","format-standard","hentry","category-culture"],"acf":[],"yoast_head":"<!-- This site is optimized with the Yoast SEO plugin v22.5 - https:\/\/yoast.com\/wordpress\/plugins\/seo\/ -->\n<title>La nature en images - Gerardmer Info<\/title>\n<meta name=\"robots\" content=\"index, follow, max-snippet:-1, max-image-preview:large, max-video-preview:-1\" \/>\n<link rel=\"canonical\" href=\"https:\/\/vosgesinfo.fr\/gerardmerinfo\/2014\/08\/la-nature-en-images\/\" \/>\n<meta name=\"twitter:card\" content=\"summary_large_image\" \/>\n<meta name=\"twitter:title\" content=\"La nature en images - Gerardmer Info\" \/>\n<meta name=\"twitter:description\" content=\"&nbsp; [youtube]http:\/\/youtu.be\/enGgAT13834[\/youtube] Pour cette 2\u00e9me \u00e9dition, les Rencontres de Nature en Images affichent clairement une mont\u00e9e en puissance avec un [&hellip;]\" \/>\n<meta name=\"twitter:image\" content=\"http:\/\/gerardmerinfo.fr\" \/>\n<meta name=\"twitter:creator\" content=\"@VosgesInfo88\" \/>\n<meta name=\"twitter:site\" content=\"@VosgesInfo88\" \/>\n<meta name=\"twitter:label1\" content=\"\u00c9crit par\" \/>\n\t<meta name=\"twitter:data1\" content=\"QG\" \/>\n\t<meta name=\"twitter:label2\" content=\"Dur\u00e9e de lecture estim\u00e9e\" \/>\n\t<meta name=\"twitter:data2\" content=\"3 minutes\" \/>\n<script type=\"application\/ld+json\" class=\"yoast-schema-graph\">{\"@context\":\"https:\/\/schema.org\",\"@graph\":[{\"@type\":\"Article\",\"@id\":\"https:\/\/vosgesinfo.fr\/gerardmerinfo\/2014\/08\/la-nature-en-images\/#article\",\"isPartOf\":{\"@id\":\"https:\/\/vosgesinfo.fr\/gerardmerinfo\/2014\/08\/la-nature-en-images\/\"},\"author\":{\"name\":\"QG\",\"@id\":\"https:\/\/vosgesinfo.fr\/gerardmerinfo\/#\/schema\/person\/db5605779a843dad16b5368f3e7613a5\"},\"headline\":\"La nature en images\",\"datePublished\":\"2014-08-18T15:50:08+00:00\",\"dateModified\":\"2014-08-18T15:50:08+00:00\",\"mainEntityOfPage\":{\"@id\":\"https:\/\/vosgesinfo.fr\/gerardmerinfo\/2014\/08\/la-nature-en-images\/\"},\"wordCount\":600,\"commentCount\":0,\"publisher\":{\"@id\":\"https:\/\/vosgesinfo.fr\/gerardmerinfo\/#organization\"},\"image\":{\"@id\":\"https:\/\/vosgesinfo.fr\/gerardmerinfo\/2014\/08\/la-nature-en-images\/#primaryimage\"},\"thumbnailUrl\":\"http:\/\/gerardmerinfo.fr\",\"articleSection\":[\"Culture\"],\"inLanguage\":\"fr-FR\",\"potentialAction\":[{\"@type\":\"CommentAction\",\"name\":\"Comment\",\"target\":[\"https:\/\/vosgesinfo.fr\/gerardmerinfo\/2014\/08\/la-nature-en-images\/#respond\"]}]},{\"@type\":\"WebPage\",\"@id\":\"https:\/\/vosgesinfo.fr\/gerardmerinfo\/2014\/08\/la-nature-en-images\/\",\"url\":\"https:\/\/vosgesinfo.fr\/gerardmerinfo\/2014\/08\/la-nature-en-images\/\",\"name\":\"La nature en images - Gerardmer Info\",\"isPartOf\":{\"@id\":\"https:\/\/vosgesinfo.fr\/gerardmerinfo\/#website\"},\"primaryImageOfPage\":{\"@id\":\"https:\/\/vosgesinfo.fr\/gerardmerinfo\/2014\/08\/la-nature-en-images\/#primaryimage\"},\"image\":{\"@id\":\"https:\/\/vosgesinfo.fr\/gerardmerinfo\/2014\/08\/la-nature-en-images\/#primaryimage\"},\"thumbnailUrl\":\"http:\/\/gerardmerinfo.fr\",\"datePublished\":\"2014-08-18T15:50:08+00:00\",\"dateModified\":\"2014-08-18T15:50:08+00:00\",\"breadcrumb\":{\"@id\":\"https:\/\/vosgesinfo.fr\/gerardmerinfo\/2014\/08\/la-nature-en-images\/#breadcrumb\"},\"inLanguage\":\"fr-FR\",\"potentialAction\":[{\"@type\":\"ReadAction\",\"target\":[\"https:\/\/vosgesinfo.fr\/gerardmerinfo\/2014\/08\/la-nature-en-images\/\"]}]},{\"@type\":\"ImageObject\",\"inLanguage\":\"fr-FR\",\"@id\":\"https:\/\/vosgesinfo.fr\/gerardmerinfo\/2014\/08\/la-nature-en-images\/#primaryimage\",\"url\":\"http:\/\/gerardmerinfo.fr\",\"contentUrl\":\"http:\/\/gerardmerinfo.fr\"},{\"@type\":\"BreadcrumbList\",\"@id\":\"https:\/\/vosgesinfo.fr\/gerardmerinfo\/2014\/08\/la-nature-en-images\/#breadcrumb\",\"itemListElement\":[{\"@type\":\"ListItem\",\"position\":1,\"name\":\"Home\",\"item\":\"https:\/\/vosgesinfo.fr\/gerardmerinfo\/\"},{\"@type\":\"ListItem\",\"position\":2,\"name\":\"La nature en images\"}]},{\"@type\":\"WebSite\",\"@id\":\"https:\/\/vosgesinfo.fr\/gerardmerinfo\/#website\",\"url\":\"https:\/\/vosgesinfo.fr\/gerardmerinfo\/\",\"name\":\"Gerardmer Info\",\"description\":\"Toute l&#039;actualit\u00e9 de G\u00e9rardmer\",\"publisher\":{\"@id\":\"https:\/\/vosgesinfo.fr\/gerardmerinfo\/#organization\"},\"alternateName\":\"Toute l'actualit\u00e9 de G\u00e9rardmer\",\"potentialAction\":[{\"@type\":\"SearchAction\",\"target\":{\"@type\":\"EntryPoint\",\"urlTemplate\":\"https:\/\/vosgesinfo.fr\/gerardmerinfo\/?s={search_term_string}\"},\"query-input\":\"required name=search_term_string\"}],\"inLanguage\":\"fr-FR\"},{\"@type\":\"Organization\",\"@id\":\"https:\/\/vosgesinfo.fr\/gerardmerinfo\/#organization\",\"name\":\"Gerardmer Info\",\"url\":\"https:\/\/vosgesinfo.fr\/gerardmerinfo\/\",\"logo\":{\"@type\":\"ImageObject\",\"inLanguage\":\"fr-FR\",\"@id\":\"https:\/\/vosgesinfo.fr\/gerardmerinfo\/#\/schema\/logo\/image\/\",\"url\":\"https:\/\/vosgesinfo.fr\/app\/uploads\/sites\/6\/2023\/08\/favicon-gerardmerinfo.png\",\"contentUrl\":\"https:\/\/vosgesinfo.fr\/app\/uploads\/sites\/6\/2023\/08\/favicon-gerardmerinfo.png\",\"width\":512,\"height\":512,\"caption\":\"Gerardmer Info\"},\"image\":{\"@id\":\"https:\/\/vosgesinfo.fr\/gerardmerinfo\/#\/schema\/logo\/image\/\"},\"sameAs\":[\"https:\/\/www.facebook.com\/profile.php?id=100049475262660\",\"https:\/\/x.com\/VosgesInfo88\",\"https:\/\/www.youtube.com\/@vosgesinfo\"]},{\"@type\":\"Person\",\"@id\":\"https:\/\/vosgesinfo.fr\/gerardmerinfo\/#\/schema\/person\/db5605779a843dad16b5368f3e7613a5\",\"name\":\"QG\",\"image\":{\"@type\":\"ImageObject\",\"inLanguage\":\"fr-FR\",\"@id\":\"https:\/\/vosgesinfo.fr\/gerardmerinfo\/#\/schema\/person\/image\/\",\"url\":\"https:\/\/secure.gravatar.com\/avatar\/ea80c42c204b534408512832fde52504ecabb9706bcb6151cf6175e5b64e6793?s=96&d=mm&r=g\",\"contentUrl\":\"https:\/\/secure.gravatar.com\/avatar\/ea80c42c204b534408512832fde52504ecabb9706bcb6151cf6175e5b64e6793?s=96&d=mm&r=g\",\"caption\":\"QG\"},\"url\":\"https:\/\/vosgesinfo.fr\/gerardmerinfo\/author\/quentin88\/\"}]}<\/script>\n<!-- \/ Yoast SEO plugin. -->","yoast_head_json":{"title":"La nature en images - Gerardmer Info","robots":{"index":"index","follow":"follow","max-snippet":"max-snippet:-1","max-image-preview":"max-image-preview:large","max-video-preview":"max-video-preview:-1"},"canonical":"https:\/\/vosgesinfo.fr\/gerardmerinfo\/2014\/08\/la-nature-en-images\/","twitter_card":"summary_large_image","twitter_title":"La nature en images - Gerardmer Info","twitter_description":"&nbsp; [youtube]http:\/\/youtu.be\/enGgAT13834[\/youtube] Pour cette 2\u00e9me \u00e9dition, les Rencontres de Nature en Images affichent clairement une mont\u00e9e en puissance avec un [&hellip;]","twitter_image":"http:\/\/gerardmerinfo.fr","twitter_creator":"@VosgesInfo88","twitter_site":"@VosgesInfo88","twitter_misc":{"\u00c9crit par":"QG","Dur\u00e9e de lecture estim\u00e9e":"3 minutes"},"schema":{"@context":"https:\/\/schema.org","@graph":[{"@type":"Article","@id":"https:\/\/vosgesinfo.fr\/gerardmerinfo\/2014\/08\/la-nature-en-images\/#article","isPartOf":{"@id":"https:\/\/vosgesinfo.fr\/gerardmerinfo\/2014\/08\/la-nature-en-images\/"},"author":{"name":"QG","@id":"https:\/\/vosgesinfo.fr\/gerardmerinfo\/#\/schema\/person\/db5605779a843dad16b5368f3e7613a5"},"headline":"La nature en images","datePublished":"2014-08-18T15:50:08+00:00","dateModified":"2014-08-18T15:50:08+00:00","mainEntityOfPage":{"@id":"https:\/\/vosgesinfo.fr\/gerardmerinfo\/2014\/08\/la-nature-en-images\/"},"wordCount":600,"commentCount":0,"publisher":{"@id":"https:\/\/vosgesinfo.fr\/gerardmerinfo\/#organization"},"image":{"@id":"https:\/\/vosgesinfo.fr\/gerardmerinfo\/2014\/08\/la-nature-en-images\/#primaryimage"},"thumbnailUrl":"http:\/\/gerardmerinfo.fr","articleSection":["Culture"],"inLanguage":"fr-FR","potentialAction":[{"@type":"CommentAction","name":"Comment","target":["https:\/\/vosgesinfo.fr\/gerardmerinfo\/2014\/08\/la-nature-en-images\/#respond"]}]},{"@type":"WebPage","@id":"https:\/\/vosgesinfo.fr\/gerardmerinfo\/2014\/08\/la-nature-en-images\/","url":"https:\/\/vosgesinfo.fr\/gerardmerinfo\/2014\/08\/la-nature-en-images\/","name":"La nature en images - Gerardmer Info","isPartOf":{"@id":"https:\/\/vosgesinfo.fr\/gerardmerinfo\/#website"},"primaryImageOfPage":{"@id":"https:\/\/vosgesinfo.fr\/gerardmerinfo\/2014\/08\/la-nature-en-images\/#primaryimage"},"image":{"@id":"https:\/\/vosgesinfo.fr\/gerardmerinfo\/2014\/08\/la-nature-en-images\/#primaryimage"},"thumbnailUrl":"http:\/\/gerardmerinfo.fr","datePublished":"2014-08-18T15:50:08+00:00","dateModified":"2014-08-18T15:50:08+00:00","breadcrumb":{"@id":"https:\/\/vosgesinfo.fr\/gerardmerinfo\/2014\/08\/la-nature-en-images\/#breadcrumb"},"inLanguage":"fr-FR","potentialAction":[{"@type":"ReadAction","target":["https:\/\/vosgesinfo.fr\/gerardmerinfo\/2014\/08\/la-nature-en-images\/"]}]},{"@type":"ImageObject","inLanguage":"fr-FR","@id":"https:\/\/vosgesinfo.fr\/gerardmerinfo\/2014\/08\/la-nature-en-images\/#primaryimage","url":"http:\/\/gerardmerinfo.fr","contentUrl":"http:\/\/gerardmerinfo.fr"},{"@type":"BreadcrumbList","@id":"https:\/\/vosgesinfo.fr\/gerardmerinfo\/2014\/08\/la-nature-en-images\/#breadcrumb","itemListElement":[{"@type":"ListItem","position":1,"name":"Home","item":"https:\/\/vosgesinfo.fr\/gerardmerinfo\/"},{"@type":"ListItem","position":2,"name":"La nature en images"}]},{"@type":"WebSite","@id":"https:\/\/vosgesinfo.fr\/gerardmerinfo\/#website","url":"https:\/\/vosgesinfo.fr\/gerardmerinfo\/","name":"Gerardmer Info","description":"Toute l&#039;actualit\u00e9 de G\u00e9rardmer","publisher":{"@id":"https:\/\/vosgesinfo.fr\/gerardmerinfo\/#organization"},"alternateName":"Toute l'actualit\u00e9 de G\u00e9rardmer","potentialAction":[{"@type":"SearchAction","target":{"@type":"EntryPoint","urlTemplate":"https:\/\/vosgesinfo.fr\/gerardmerinfo\/?s={search_term_string}"},"query-input":"required name=search_term_string"}],"inLanguage":"fr-FR"},{"@type":"Organization","@id":"https:\/\/vosgesinfo.fr\/gerardmerinfo\/#organization","name":"Gerardmer Info","url":"https:\/\/vosgesinfo.fr\/gerardmerinfo\/","logo":{"@type":"ImageObject","inLanguage":"fr-FR","@id":"https:\/\/vosgesinfo.fr\/gerardmerinfo\/#\/schema\/logo\/image\/","url":"https:\/\/vosgesinfo.fr\/app\/uploads\/sites\/6\/2023\/08\/favicon-gerardmerinfo.png","contentUrl":"https:\/\/vosgesinfo.fr\/app\/uploads\/sites\/6\/2023\/08\/favicon-gerardmerinfo.png","width":512,"height":512,"caption":"Gerardmer Info"},"image":{"@id":"https:\/\/vosgesinfo.fr\/gerardmerinfo\/#\/schema\/logo\/image\/"},"sameAs":["https:\/\/www.facebook.com\/profile.php?id=100049475262660","https:\/\/x.com\/VosgesInfo88","https:\/\/www.youtube.com\/@vosgesinfo"]},{"@type":"Person","@id":"https:\/\/vosgesinfo.fr\/gerardmerinfo\/#\/schema\/person\/db5605779a843dad16b5368f3e7613a5","name":"QG","image":{"@type":"ImageObject","inLanguage":"fr-FR","@id":"https:\/\/vosgesinfo.fr\/gerardmerinfo\/#\/schema\/person\/image\/","url":"https:\/\/secure.gravatar.com\/avatar\/ea80c42c204b534408512832fde52504ecabb9706bcb6151cf6175e5b64e6793?s=96&d=mm&r=g","contentUrl":"https:\/\/secure.gravatar.com\/avatar\/ea80c42c204b534408512832fde52504ecabb9706bcb6151cf6175e5b64e6793?s=96&d=mm&r=g","caption":"QG"},"url":"https:\/\/vosgesinfo.fr\/gerardmerinfo\/author\/quentin88\/"}]}},"_links":{"self":[{"href":"https:\/\/vosgesinfo.fr\/gerardmerinfo\/wp-json\/wp\/v2\/posts\/11716","targetHints":{"allow":["GET"]}}],"collection":[{"href":"https:\/\/vosgesinfo.fr\/gerardmerinfo\/wp-json\/wp\/v2\/posts"}],"about":[{"href":"https:\/\/vosgesinfo.fr\/gerardmerinfo\/wp-json\/wp\/v2\/types\/post"}],"author":[{"embeddable":true,"href":"https:\/\/vosgesinfo.fr\/gerardmerinfo\/wp-json\/wp\/v2\/users\/42"}],"replies":[{"embeddable":true,"href":"https:\/\/vosgesinfo.fr\/gerardmerinfo\/wp-json\/wp\/v2\/comments?post=11716"}],"version-history":[{"count":0,"href":"https:\/\/vosgesinfo.fr\/gerardmerinfo\/wp-json\/wp\/v2\/posts\/11716\/revisions"}],"wp:attachment":[{"href":"https:\/\/vosgesinfo.fr\/gerardmerinfo\/wp-json\/wp\/v2\/media?parent=11716"}],"wp:term":[{"taxonomy":"category","embeddable":true,"href":"https:\/\/vosgesinfo.fr\/gerardmerinfo\/wp-json\/wp\/v2\/categories?post=11716"},{"taxonomy":"post_tag","embeddable":true,"href":"https:\/\/vosgesinfo.fr\/gerardmerinfo\/wp-json\/wp\/v2\/tags?post=11716"}],"curies":[{"name":"wp","href":"https:\/\/api.w.org\/{rel}","templated":true}]}}