{"id":11718,"date":"2014-08-20T17:36:19","date_gmt":"2014-08-20T15:36:19","guid":{"rendered":"https:\/\/vosgesinfo.fr\/gerardmerinfo\/2014\/08\/tout-savoir-sur-une-exploitation-familiale-des-hautes-vosges\/"},"modified":"2014-08-20T17:36:19","modified_gmt":"2014-08-20T15:36:19","slug":"tout-savoir-sur-une-exploitation-familiale-des-hautes-vosges","status":"publish","type":"post","link":"https:\/\/vosgesinfo.fr\/gerardmerinfo\/2014\/08\/tout-savoir-sur-une-exploitation-familiale-des-hautes-vosges\/","title":{"rendered":"Tout savoir sur une exploitation familiale des Hautes Vosges"},"content":{"rendered":"<div id=\"attachment_37832\" style=\"width: 310px\" class=\"wp-caption alignright\"><a href=\"http:\/\/gerardmerinfo.fr\"><img decoding=\"async\" aria-describedby=\"caption-attachment-37832\" class=\"size-medium wp-image-37832\" src=\"http:\/\/gerardmerinfo.fr\" alt=\"Une journ\u00e9e \u00e0 la ferme, forc\u00e9ment, cela d\u00e9bute par la traite, car sans lait, pas fromage !\" width=\"300\" height=\"225\" \/><\/a><p id=\"caption-attachment-37832\" class=\"wp-caption-text\">Une journ\u00e9e \u00e0 la ferme, forc\u00e9ment, cela d\u00e9bute par la traite, car sans lait, pas fromage !<\/p><\/div>\n<p><strong>Faire du bon fromage oui, mais en famille ! Et surtout pas n&rsquo;importe comment. Depuis plusieurs ann\u00e9es, Eric et Christine Boon organisent des visites de leur exploitation qui font notamment le bonheur des vacanciers.<\/strong><\/p>\n<p>Ces derniers d\u00e9couvrent une v\u00e9ritable exploitation familiale qui fonctionne selon les convictions et le caract\u00e8re de ses propri\u00e9taires qui portent un regard avis\u00e9 sur leur m\u00e9tier et ne transigent pas avec la qualit\u00e9 des produits qu&rsquo;ils proposent, les proc\u00e9d\u00e9s utilis\u00e9s, ou encore l&rsquo;am\u00e9nagement des lieux qu&rsquo;ils occupent avec leurs belles vosgiennes depuis 2002. Une visite \u00e0 la ferme Bio de Bonnefontaine, s&rsquo;est une incursion dans le monde paysan des Hautes Vosges et l&rsquo;univers d&rsquo;un couple \u00a0qui refusent la facilit\u00e9, les AOC \u00ab\u00a0stupides\u00a0\u00bb et ne laissent rien au hasard ou presque en faisant appelle \u00e0 des techniques d&rsquo;autrefois, et ce jusque dans la conception \u00a0de la nouvelle \u00e9table. Oui les amis, c&rsquo;est dans les vieilles marmites qu&rsquo;ont fait les meilleurs tambouilles !<\/p>\n<div id=\"attachment_37833\" style=\"width: 310px\" class=\"wp-caption alignleft\"><a href=\"http:\/\/gerardmerinfo.fr\"><img decoding=\"async\" aria-describedby=\"caption-attachment-37833\" class=\"size-medium wp-image-37833\" src=\"http:\/\/gerardmerinfo.fr\" alt=\"Diff\u00e9rents types de moules sont utilis\u00e9s pour la confection des munsters\" width=\"300\" height=\"225\" \/><\/a><p id=\"caption-attachment-37833\" class=\"wp-caption-text\">Diff\u00e9rents types de moules sont utilis\u00e9s pour la confection des munsters<\/p><\/div>\n<p>Ainsi, il n&rsquo;est pas \u00e9tonnant qu&rsquo;Eric Boon d\u00e9bute chaque visite par un petit coup de projecteur sur l&rsquo;agriculture familiale : \u00a0\u00ab\u00a0Ici, je m&rsquo;occupe plus des vaches et Christine des fromages. Autrefois, on trouvait dans chaque exploitation 3 g\u00e9n\u00e9rations, nous, nous ne sommes plus que deux. Nous faisons du chique, de la tomme et du munster qui n&rsquo;en a pas le nom. 2014 est l&rsquo;ann\u00e9e de l&rsquo;agriculture familiale au niveau mondial. On parle souvent de l&rsquo;artisanat, sachez que l&rsquo;agriculture familiale est la premi\u00e8re entreprise au monde, le premier employeur au niveau mondial et repr\u00e9sente \u00e0 ce titre pr\u00e8s de 40% des activit\u00e9s. Elle permet de nourrir 70% de la population mondiale. 95% des exploitations mondiales font moins de 5 hectares.\u00a0\u00bb, pr\u00e9cise-t-il.<\/p>\n<div id=\"attachment_37834\" style=\"width: 310px\" class=\"wp-caption alignright\"><a href=\"http:\/\/gerardmerinfo.fr\"><img decoding=\"async\" aria-describedby=\"caption-attachment-37834\" class=\"size-medium wp-image-37834\" src=\"http:\/\/gerardmerinfo.fr\" alt=\"La ferme q'Eric et Christine occupent depuis 2002 aurait vu le jour en 1622 ! \" width=\"300\" height=\"225\" \/><\/a><p id=\"caption-attachment-37834\" class=\"wp-caption-text\">La ferme q&rsquo;Eric et Christine occupent depuis 2002 aurait vu le jour en 1622 !<\/p><\/div>\n<p>Et d&rsquo;ajouter : \u00ab\u00a0Pourtant, on ne souhaite pas miser au niveau mondial sur l&rsquo;agriculture familiale, mais plus sur l&rsquo;exploitation destin\u00e9e \u00e0 l&rsquo;exportation \u00e0 travers de grands groupes. La politique agricole veut faire dispara\u00eetre l&rsquo;agriculture familiale\u00a0\u00bb. Voil\u00e0 le d\u00e9cors plant\u00e9 : on veut la peau de l&rsquo;agriculture familiale alors qu&rsquo;elle pourrait permettre au plus grand nombre de se nourrir correctement, et m\u00eame de se nourrir tout court dans certains pays qui connaissent la famine. Les agricultures du monde sont extr\u00eamement vari\u00e9es, il faut pouvoir les faire perdurer et fructifier au lieu de les globaliser.<\/p>\n<p>Mais \u00ab\u00a0recentrons le d\u00e9bat\u00a0\u00bb : \u00e0 Bonnefontaine, on fait du fromage et on le fait bien. Du \u00ab\u00a0chique\u00a0\u00bb dont c&rsquo;\u00e9tait d&rsquo;ailleurs la f\u00eate il y a peu, de la Tomme, fromage mi-cuit avec un peu moins de petit lait et plus chauff\u00e9 que le munster, et du munster justement, mais qui n&rsquo;en porte pas le nom : \u00ab\u00a0Pour ce fromage, on travaille sur deux traites, on casse le lait (s\u00e9paration du petit lait) et c&rsquo;est un fromage affin\u00e9. Nous utilisons diff\u00e9rents types de moules pour se faire. On ne demande pas l&rsquo;AOC pour ce fromage car l&rsquo;AOC Munster est sans doute la plus stupide : en gros, il suffit d&rsquo;\u00eatre dans un secteur g\u00e9ographique extr\u00eamement \u00e9tendu, d&rsquo;utiliser le lait de n&rsquo;importe quelle vache et le tour est jou\u00e9 !\u00a0\u00bb, explique Eric Boon<\/p>\n<div id=\"attachment_37835\" style=\"width: 310px\" class=\"wp-caption alignleft\"><a href=\"http:\/\/gerardmerinfo.fr\"><img decoding=\"async\" aria-describedby=\"caption-attachment-37835\" class=\"size-medium wp-image-37835\" src=\"http:\/\/gerardmerinfo.fr\" alt=\"Disposition de l'\u00e9table, du foin, de la cave \u00e0 fromage etc... Tout a \u00e9t\u00e9 soigneusement \u00e9tudi\u00e9 pour le plus efficace et pratique, mais aussi dans un souci d'\u00e9conomie d'\u00e9nergie\" width=\"300\" height=\"225\" \/><\/a><p id=\"caption-attachment-37835\" class=\"wp-caption-text\">Disposition de l&rsquo;\u00e9table, du foin, de la cave \u00e0 fromage etc&#8230; Tout a \u00e9t\u00e9 soigneusement \u00e9tudi\u00e9 pour le plus efficace et pratique, mais aussi dans un souci d&rsquo;\u00e9conomie d&rsquo;\u00e9nergie<\/p><\/div>\n<p>\u00ab\u00a0Nous autres, nous travaillons de mani\u00e8re bio, sur le territoire vosgien et avec des vaches vosgiennes \u00e0 cornes !\u00a0\u00bb Des vosgiennes qui ont leur sp\u00e9cificit\u00e9 et c&rsquo;est pour cela qu&rsquo;Eric Boon est actuellement sur un plan de relance de l&rsquo;esp\u00e8ce. On ne compte en effet que 10 000 b\u00eate dans le secteur dont 1 000 m\u00e8res suivies. Comment la reconna\u00eetre ? Elle a les extr\u00e9mit\u00e9s noires (museau, pattes\/sabots, pis etc&#8230;) et les lignes dorsales et ventrales blanches. \u00ab\u00a0C&rsquo;est une bonne vache, qui sait garder du lait pour elle au d\u00e9but et donc valoriser des foins de moins bonne qualit\u00e9 par exemple. De plus, elle n&rsquo;atteint son \u00e2ge adulte qu&rsquo;\u00e0 5 ans et a donc une meilleure long\u00e9vit\u00e9 de ce point de vue\u00a0\u00bb.<\/p>\n<p>Quant aux petits veaux, on pr\u00e9cisera \u00e9galement qu&rsquo;ils sont laiss\u00e9s aupr\u00e8s de leur m\u00e8re pendant une semaine ce qui permet \u00e0 Eric Boon d&rsquo;avoir 0% \u00a0de mortalit\u00e9. C&rsquo;est d&rsquo;ailleurs par un petit bonjour au dernier n\u00e9 que s&rsquo;est achev\u00e9e la visite de mardi dernier. Enfin pas tout \u00e0 fait : c&rsquo;est bien s\u00fbr par une petite d\u00e9gustation des produits de l&rsquo;exploitation que les visiteurs ont fini leur petit tour d&rsquo;horizon de l&rsquo;exploitation familiale de Christine et Eric. Id\u00e9al pour se mettre en app\u00e9tit avant le d\u00e9jeuner du midi !<\/p>\n\n\t\t<style type=\"text\/css\">\n\t\t\t#gallery-1 {\n\t\t\t\tmargin: auto;\n\t\t\t}\n\t\t\t#gallery-1 .gallery-item {\n\t\t\t\tfloat: left;\n\t\t\t\tmargin-top: 10px;\n\t\t\t\ttext-align: center;\n\t\t\t\twidth: 33%;\n\t\t\t}\n\t\t\t#gallery-1 img {\n\t\t\t\tborder: 2px solid #cfcfcf;\n\t\t\t}\n\t\t\t#gallery-1 .gallery-caption {\n\t\t\t\tmargin-left: 0;\n\t\t\t}\n\t\t\t\/* see gallery_shortcode() in wp-includes\/media.php *\/\n\t\t<\/style>\n\t\t<div id='gallery-1' class='gallery galleryid-11718 gallery-columns-3 gallery-size-thumbnail'><dl class='gallery-item'>\n\t\t\t<dt class='gallery-icon landscape'>\n\t\t\t\t<a href='https:\/\/vosgesinfo.fr\/gerardmerinfo\/2018\/11\/concert-sucre-on-cuisine-mouchenillaraigneefourmi\/2018-11-concert-sucre\/'><img decoding=\"async\" width=\"150\" height=\"150\" src=\"https:\/\/vosgesinfo.fr\/app\/uploads\/sites\/6\/2024\/07\/201811concert-sucre-150x150.jpg\" class=\"attachment-thumbnail size-thumbnail\" alt=\"\" \/><\/a>\n\t\t\t<\/dt><\/dl>\n\t\t\t<br style='clear: both' \/>\n\t\t<\/div>\n\n","protected":false},"excerpt":{"rendered":"<p>Faire du bon fromage oui, mais en famille ! Et surtout pas n&rsquo;importe comment. Depuis plusieurs ann\u00e9es, Eric et Christine [&hellip;]<\/p>\n","protected":false},"author":42,"featured_media":0,"comment_status":"open","ping_status":"open","sticky":false,"template":"","format":"standard","meta":{"footnotes":""},"categories":[4,5,18],"tags":[],"class_list":["post-11718","post","type-post","status-publish","format-standard","hentry","category-culture","category-economie","category-vosges"],"acf":[],"yoast_head":"<!-- This site is optimized with the Yoast SEO plugin v22.5 - https:\/\/yoast.com\/wordpress\/plugins\/seo\/ -->\n<title>Tout savoir sur une exploitation familiale des Hautes Vosges - Gerardmer Info<\/title>\n<meta name=\"robots\" content=\"index, follow, max-snippet:-1, max-image-preview:large, max-video-preview:-1\" \/>\n<link rel=\"canonical\" href=\"https:\/\/vosgesinfo.fr\/gerardmerinfo\/2014\/08\/tout-savoir-sur-une-exploitation-familiale-des-hautes-vosges\/\" \/>\n<meta name=\"twitter:card\" content=\"summary_large_image\" \/>\n<meta name=\"twitter:title\" content=\"Tout savoir sur une exploitation familiale des Hautes Vosges - Gerardmer Info\" \/>\n<meta name=\"twitter:description\" content=\"Faire du bon fromage oui, mais en famille ! Et surtout pas n&rsquo;importe comment. Depuis plusieurs ann\u00e9es, Eric et Christine [&hellip;]\" \/>\n<meta name=\"twitter:image\" content=\"http:\/\/gerardmerinfo.fr\" \/>\n<meta name=\"twitter:creator\" content=\"@VosgesInfo88\" \/>\n<meta name=\"twitter:site\" content=\"@VosgesInfo88\" \/>\n<meta name=\"twitter:label1\" content=\"\u00c9crit par\" \/>\n\t<meta name=\"twitter:data1\" content=\"QG\" \/>\n\t<meta name=\"twitter:label2\" content=\"Dur\u00e9e de lecture estim\u00e9e\" \/>\n\t<meta name=\"twitter:data2\" content=\"4 minutes\" \/>\n<script type=\"application\/ld+json\" class=\"yoast-schema-graph\">{\"@context\":\"https:\/\/schema.org\",\"@graph\":[{\"@type\":\"Article\",\"@id\":\"https:\/\/vosgesinfo.fr\/gerardmerinfo\/2014\/08\/tout-savoir-sur-une-exploitation-familiale-des-hautes-vosges\/#article\",\"isPartOf\":{\"@id\":\"https:\/\/vosgesinfo.fr\/gerardmerinfo\/2014\/08\/tout-savoir-sur-une-exploitation-familiale-des-hautes-vosges\/\"},\"author\":{\"name\":\"QG\",\"@id\":\"https:\/\/vosgesinfo.fr\/gerardmerinfo\/#\/schema\/person\/db5605779a843dad16b5368f3e7613a5\"},\"headline\":\"Tout savoir sur une exploitation familiale des Hautes Vosges\",\"datePublished\":\"2014-08-20T15:36:19+00:00\",\"dateModified\":\"2014-08-20T15:36:19+00:00\",\"mainEntityOfPage\":{\"@id\":\"https:\/\/vosgesinfo.fr\/gerardmerinfo\/2014\/08\/tout-savoir-sur-une-exploitation-familiale-des-hautes-vosges\/\"},\"wordCount\":891,\"commentCount\":0,\"publisher\":{\"@id\":\"https:\/\/vosgesinfo.fr\/gerardmerinfo\/#organization\"},\"image\":{\"@id\":\"https:\/\/vosgesinfo.fr\/gerardmerinfo\/2014\/08\/tout-savoir-sur-une-exploitation-familiale-des-hautes-vosges\/#primaryimage\"},\"thumbnailUrl\":\"http:\/\/gerardmerinfo.fr\",\"articleSection\":[\"Culture\",\"\u00c9conomie\",\"Vosges\"],\"inLanguage\":\"fr-FR\",\"potentialAction\":[{\"@type\":\"CommentAction\",\"name\":\"Comment\",\"target\":[\"https:\/\/vosgesinfo.fr\/gerardmerinfo\/2014\/08\/tout-savoir-sur-une-exploitation-familiale-des-hautes-vosges\/#respond\"]}]},{\"@type\":\"WebPage\",\"@id\":\"https:\/\/vosgesinfo.fr\/gerardmerinfo\/2014\/08\/tout-savoir-sur-une-exploitation-familiale-des-hautes-vosges\/\",\"url\":\"https:\/\/vosgesinfo.fr\/gerardmerinfo\/2014\/08\/tout-savoir-sur-une-exploitation-familiale-des-hautes-vosges\/\",\"name\":\"Tout savoir sur une exploitation familiale des Hautes Vosges - Gerardmer Info\",\"isPartOf\":{\"@id\":\"https:\/\/vosgesinfo.fr\/gerardmerinfo\/#website\"},\"primaryImageOfPage\":{\"@id\":\"https:\/\/vosgesinfo.fr\/gerardmerinfo\/2014\/08\/tout-savoir-sur-une-exploitation-familiale-des-hautes-vosges\/#primaryimage\"},\"image\":{\"@id\":\"https:\/\/vosgesinfo.fr\/gerardmerinfo\/2014\/08\/tout-savoir-sur-une-exploitation-familiale-des-hautes-vosges\/#primaryimage\"},\"thumbnailUrl\":\"http:\/\/gerardmerinfo.fr\",\"datePublished\":\"2014-08-20T15:36:19+00:00\",\"dateModified\":\"2014-08-20T15:36:19+00:00\",\"breadcrumb\":{\"@id\":\"https:\/\/vosgesinfo.fr\/gerardmerinfo\/2014\/08\/tout-savoir-sur-une-exploitation-familiale-des-hautes-vosges\/#breadcrumb\"},\"inLanguage\":\"fr-FR\",\"potentialAction\":[{\"@type\":\"ReadAction\",\"target\":[\"https:\/\/vosgesinfo.fr\/gerardmerinfo\/2014\/08\/tout-savoir-sur-une-exploitation-familiale-des-hautes-vosges\/\"]}]},{\"@type\":\"ImageObject\",\"inLanguage\":\"fr-FR\",\"@id\":\"https:\/\/vosgesinfo.fr\/gerardmerinfo\/2014\/08\/tout-savoir-sur-une-exploitation-familiale-des-hautes-vosges\/#primaryimage\",\"url\":\"http:\/\/gerardmerinfo.fr\",\"contentUrl\":\"http:\/\/gerardmerinfo.fr\"},{\"@type\":\"BreadcrumbList\",\"@id\":\"https:\/\/vosgesinfo.fr\/gerardmerinfo\/2014\/08\/tout-savoir-sur-une-exploitation-familiale-des-hautes-vosges\/#breadcrumb\",\"itemListElement\":[{\"@type\":\"ListItem\",\"position\":1,\"name\":\"Home\",\"item\":\"https:\/\/vosgesinfo.fr\/gerardmerinfo\/\"},{\"@type\":\"ListItem\",\"position\":2,\"name\":\"Tout savoir sur une exploitation familiale des Hautes Vosges\"}]},{\"@type\":\"WebSite\",\"@id\":\"https:\/\/vosgesinfo.fr\/gerardmerinfo\/#website\",\"url\":\"https:\/\/vosgesinfo.fr\/gerardmerinfo\/\",\"name\":\"Gerardmer Info\",\"description\":\"Toute l&#039;actualit\u00e9 de G\u00e9rardmer\",\"publisher\":{\"@id\":\"https:\/\/vosgesinfo.fr\/gerardmerinfo\/#organization\"},\"alternateName\":\"Toute l'actualit\u00e9 de G\u00e9rardmer\",\"potentialAction\":[{\"@type\":\"SearchAction\",\"target\":{\"@type\":\"EntryPoint\",\"urlTemplate\":\"https:\/\/vosgesinfo.fr\/gerardmerinfo\/?s={search_term_string}\"},\"query-input\":\"required name=search_term_string\"}],\"inLanguage\":\"fr-FR\"},{\"@type\":\"Organization\",\"@id\":\"https:\/\/vosgesinfo.fr\/gerardmerinfo\/#organization\",\"name\":\"Gerardmer Info\",\"url\":\"https:\/\/vosgesinfo.fr\/gerardmerinfo\/\",\"logo\":{\"@type\":\"ImageObject\",\"inLanguage\":\"fr-FR\",\"@id\":\"https:\/\/vosgesinfo.fr\/gerardmerinfo\/#\/schema\/logo\/image\/\",\"url\":\"https:\/\/vosgesinfo.fr\/app\/uploads\/sites\/6\/2023\/08\/favicon-gerardmerinfo.png\",\"contentUrl\":\"https:\/\/vosgesinfo.fr\/app\/uploads\/sites\/6\/2023\/08\/favicon-gerardmerinfo.png\",\"width\":512,\"height\":512,\"caption\":\"Gerardmer Info\"},\"image\":{\"@id\":\"https:\/\/vosgesinfo.fr\/gerardmerinfo\/#\/schema\/logo\/image\/\"},\"sameAs\":[\"https:\/\/www.facebook.com\/profile.php?id=100049475262660\",\"https:\/\/x.com\/VosgesInfo88\",\"https:\/\/www.youtube.com\/@vosgesinfo\"]},{\"@type\":\"Person\",\"@id\":\"https:\/\/vosgesinfo.fr\/gerardmerinfo\/#\/schema\/person\/db5605779a843dad16b5368f3e7613a5\",\"name\":\"QG\",\"image\":{\"@type\":\"ImageObject\",\"inLanguage\":\"fr-FR\",\"@id\":\"https:\/\/vosgesinfo.fr\/gerardmerinfo\/#\/schema\/person\/image\/\",\"url\":\"https:\/\/secure.gravatar.com\/avatar\/ea80c42c204b534408512832fde52504ecabb9706bcb6151cf6175e5b64e6793?s=96&d=mm&r=g\",\"contentUrl\":\"https:\/\/secure.gravatar.com\/avatar\/ea80c42c204b534408512832fde52504ecabb9706bcb6151cf6175e5b64e6793?s=96&d=mm&r=g\",\"caption\":\"QG\"},\"url\":\"https:\/\/vosgesinfo.fr\/gerardmerinfo\/author\/quentin88\/\"}]}<\/script>\n<!-- \/ Yoast SEO plugin. -->","yoast_head_json":{"title":"Tout savoir sur une exploitation familiale des Hautes Vosges - Gerardmer Info","robots":{"index":"index","follow":"follow","max-snippet":"max-snippet:-1","max-image-preview":"max-image-preview:large","max-video-preview":"max-video-preview:-1"},"canonical":"https:\/\/vosgesinfo.fr\/gerardmerinfo\/2014\/08\/tout-savoir-sur-une-exploitation-familiale-des-hautes-vosges\/","twitter_card":"summary_large_image","twitter_title":"Tout savoir sur une exploitation familiale des Hautes Vosges - Gerardmer Info","twitter_description":"Faire du bon fromage oui, mais en famille ! Et surtout pas n&rsquo;importe comment. Depuis plusieurs ann\u00e9es, Eric et Christine [&hellip;]","twitter_image":"http:\/\/gerardmerinfo.fr","twitter_creator":"@VosgesInfo88","twitter_site":"@VosgesInfo88","twitter_misc":{"\u00c9crit par":"QG","Dur\u00e9e de lecture estim\u00e9e":"4 minutes"},"schema":{"@context":"https:\/\/schema.org","@graph":[{"@type":"Article","@id":"https:\/\/vosgesinfo.fr\/gerardmerinfo\/2014\/08\/tout-savoir-sur-une-exploitation-familiale-des-hautes-vosges\/#article","isPartOf":{"@id":"https:\/\/vosgesinfo.fr\/gerardmerinfo\/2014\/08\/tout-savoir-sur-une-exploitation-familiale-des-hautes-vosges\/"},"author":{"name":"QG","@id":"https:\/\/vosgesinfo.fr\/gerardmerinfo\/#\/schema\/person\/db5605779a843dad16b5368f3e7613a5"},"headline":"Tout savoir sur une exploitation familiale des Hautes Vosges","datePublished":"2014-08-20T15:36:19+00:00","dateModified":"2014-08-20T15:36:19+00:00","mainEntityOfPage":{"@id":"https:\/\/vosgesinfo.fr\/gerardmerinfo\/2014\/08\/tout-savoir-sur-une-exploitation-familiale-des-hautes-vosges\/"},"wordCount":891,"commentCount":0,"publisher":{"@id":"https:\/\/vosgesinfo.fr\/gerardmerinfo\/#organization"},"image":{"@id":"https:\/\/vosgesinfo.fr\/gerardmerinfo\/2014\/08\/tout-savoir-sur-une-exploitation-familiale-des-hautes-vosges\/#primaryimage"},"thumbnailUrl":"http:\/\/gerardmerinfo.fr","articleSection":["Culture","\u00c9conomie","Vosges"],"inLanguage":"fr-FR","potentialAction":[{"@type":"CommentAction","name":"Comment","target":["https:\/\/vosgesinfo.fr\/gerardmerinfo\/2014\/08\/tout-savoir-sur-une-exploitation-familiale-des-hautes-vosges\/#respond"]}]},{"@type":"WebPage","@id":"https:\/\/vosgesinfo.fr\/gerardmerinfo\/2014\/08\/tout-savoir-sur-une-exploitation-familiale-des-hautes-vosges\/","url":"https:\/\/vosgesinfo.fr\/gerardmerinfo\/2014\/08\/tout-savoir-sur-une-exploitation-familiale-des-hautes-vosges\/","name":"Tout savoir sur une exploitation familiale des Hautes Vosges - Gerardmer Info","isPartOf":{"@id":"https:\/\/vosgesinfo.fr\/gerardmerinfo\/#website"},"primaryImageOfPage":{"@id":"https:\/\/vosgesinfo.fr\/gerardmerinfo\/2014\/08\/tout-savoir-sur-une-exploitation-familiale-des-hautes-vosges\/#primaryimage"},"image":{"@id":"https:\/\/vosgesinfo.fr\/gerardmerinfo\/2014\/08\/tout-savoir-sur-une-exploitation-familiale-des-hautes-vosges\/#primaryimage"},"thumbnailUrl":"http:\/\/gerardmerinfo.fr","datePublished":"2014-08-20T15:36:19+00:00","dateModified":"2014-08-20T15:36:19+00:00","breadcrumb":{"@id":"https:\/\/vosgesinfo.fr\/gerardmerinfo\/2014\/08\/tout-savoir-sur-une-exploitation-familiale-des-hautes-vosges\/#breadcrumb"},"inLanguage":"fr-FR","potentialAction":[{"@type":"ReadAction","target":["https:\/\/vosgesinfo.fr\/gerardmerinfo\/2014\/08\/tout-savoir-sur-une-exploitation-familiale-des-hautes-vosges\/"]}]},{"@type":"ImageObject","inLanguage":"fr-FR","@id":"https:\/\/vosgesinfo.fr\/gerardmerinfo\/2014\/08\/tout-savoir-sur-une-exploitation-familiale-des-hautes-vosges\/#primaryimage","url":"http:\/\/gerardmerinfo.fr","contentUrl":"http:\/\/gerardmerinfo.fr"},{"@type":"BreadcrumbList","@id":"https:\/\/vosgesinfo.fr\/gerardmerinfo\/2014\/08\/tout-savoir-sur-une-exploitation-familiale-des-hautes-vosges\/#breadcrumb","itemListElement":[{"@type":"ListItem","position":1,"name":"Home","item":"https:\/\/vosgesinfo.fr\/gerardmerinfo\/"},{"@type":"ListItem","position":2,"name":"Tout savoir sur une exploitation familiale des Hautes Vosges"}]},{"@type":"WebSite","@id":"https:\/\/vosgesinfo.fr\/gerardmerinfo\/#website","url":"https:\/\/vosgesinfo.fr\/gerardmerinfo\/","name":"Gerardmer Info","description":"Toute l&#039;actualit\u00e9 de G\u00e9rardmer","publisher":{"@id":"https:\/\/vosgesinfo.fr\/gerardmerinfo\/#organization"},"alternateName":"Toute l'actualit\u00e9 de G\u00e9rardmer","potentialAction":[{"@type":"SearchAction","target":{"@type":"EntryPoint","urlTemplate":"https:\/\/vosgesinfo.fr\/gerardmerinfo\/?s={search_term_string}"},"query-input":"required name=search_term_string"}],"inLanguage":"fr-FR"},{"@type":"Organization","@id":"https:\/\/vosgesinfo.fr\/gerardmerinfo\/#organization","name":"Gerardmer Info","url":"https:\/\/vosgesinfo.fr\/gerardmerinfo\/","logo":{"@type":"ImageObject","inLanguage":"fr-FR","@id":"https:\/\/vosgesinfo.fr\/gerardmerinfo\/#\/schema\/logo\/image\/","url":"https:\/\/vosgesinfo.fr\/app\/uploads\/sites\/6\/2023\/08\/favicon-gerardmerinfo.png","contentUrl":"https:\/\/vosgesinfo.fr\/app\/uploads\/sites\/6\/2023\/08\/favicon-gerardmerinfo.png","width":512,"height":512,"caption":"Gerardmer Info"},"image":{"@id":"https:\/\/vosgesinfo.fr\/gerardmerinfo\/#\/schema\/logo\/image\/"},"sameAs":["https:\/\/www.facebook.com\/profile.php?id=100049475262660","https:\/\/x.com\/VosgesInfo88","https:\/\/www.youtube.com\/@vosgesinfo"]},{"@type":"Person","@id":"https:\/\/vosgesinfo.fr\/gerardmerinfo\/#\/schema\/person\/db5605779a843dad16b5368f3e7613a5","name":"QG","image":{"@type":"ImageObject","inLanguage":"fr-FR","@id":"https:\/\/vosgesinfo.fr\/gerardmerinfo\/#\/schema\/person\/image\/","url":"https:\/\/secure.gravatar.com\/avatar\/ea80c42c204b534408512832fde52504ecabb9706bcb6151cf6175e5b64e6793?s=96&d=mm&r=g","contentUrl":"https:\/\/secure.gravatar.com\/avatar\/ea80c42c204b534408512832fde52504ecabb9706bcb6151cf6175e5b64e6793?s=96&d=mm&r=g","caption":"QG"},"url":"https:\/\/vosgesinfo.fr\/gerardmerinfo\/author\/quentin88\/"}]}},"_links":{"self":[{"href":"https:\/\/vosgesinfo.fr\/gerardmerinfo\/wp-json\/wp\/v2\/posts\/11718","targetHints":{"allow":["GET"]}}],"collection":[{"href":"https:\/\/vosgesinfo.fr\/gerardmerinfo\/wp-json\/wp\/v2\/posts"}],"about":[{"href":"https:\/\/vosgesinfo.fr\/gerardmerinfo\/wp-json\/wp\/v2\/types\/post"}],"author":[{"embeddable":true,"href":"https:\/\/vosgesinfo.fr\/gerardmerinfo\/wp-json\/wp\/v2\/users\/42"}],"replies":[{"embeddable":true,"href":"https:\/\/vosgesinfo.fr\/gerardmerinfo\/wp-json\/wp\/v2\/comments?post=11718"}],"version-history":[{"count":0,"href":"https:\/\/vosgesinfo.fr\/gerardmerinfo\/wp-json\/wp\/v2\/posts\/11718\/revisions"}],"wp:attachment":[{"href":"https:\/\/vosgesinfo.fr\/gerardmerinfo\/wp-json\/wp\/v2\/media?parent=11718"}],"wp:term":[{"taxonomy":"category","embeddable":true,"href":"https:\/\/vosgesinfo.fr\/gerardmerinfo\/wp-json\/wp\/v2\/categories?post=11718"},{"taxonomy":"post_tag","embeddable":true,"href":"https:\/\/vosgesinfo.fr\/gerardmerinfo\/wp-json\/wp\/v2\/tags?post=11718"}],"curies":[{"name":"wp","href":"https:\/\/api.w.org\/{rel}","templated":true}]}}