{"id":11719,"date":"2014-08-21T17:03:38","date_gmt":"2014-08-21T15:03:38","guid":{"rendered":"https:\/\/vosgesinfo.fr\/gerardmerinfo\/2014\/08\/grace-bedez-ambassadrice-de-la-perle-des-vosges\/"},"modified":"2014-08-21T17:03:38","modified_gmt":"2014-08-21T15:03:38","slug":"grace-bedez-ambassadrice-de-la-perle-des-vosges","status":"publish","type":"post","link":"https:\/\/vosgesinfo.fr\/gerardmerinfo\/2014\/08\/grace-bedez-ambassadrice-de-la-perle-des-vosges\/","title":{"rendered":"Gr\u00e2ce B\u00e9dez \u00ab\u00a0ambassadrice\u00a0\u00bb de la Perle des Vosges"},"content":{"rendered":"<p><strong><a href=\"http:\/\/gerardmerinfo.fr\"><img decoding=\"async\" class=\"alignleft size-medium wp-image-37858\" src=\"http:\/\/gerardmerinfo.fr\" alt=\"IMG_7511-WEB\" width=\"300\" height=\"225\" \/><\/a>Mercredi soir, la jeune G\u00e9r\u00f4moise Gr\u00e2ce B\u00e9dez \u00e9tait \u00e0 l&rsquo;honneur du c\u00f4t\u00e9 de l&rsquo;H\u00f4tel de Ville de G\u00e9rardmer, le maire Stessy Speissmann et la Municipalit\u00e9 ayant souhait\u00e9 \u00a0la r\u00e9compenser pour son magnifique parcours et son titre avec l&rsquo;\u00e9quipe de Lorraine des U15.<\/strong><\/p>\n<p>En effet, Gr\u00e2ce (voir notre pr\u00e9c\u00e9dent article :\u00a0http:\/\/gerardmerinfo.fr\/?p=29907 ) a encore frapp\u00e9 ! Apr\u00e8s des d\u00e9buts prometteur avec l&rsquo;\u00e9quipe de Lorraine en phases pr\u00e9liminaires, la licenci\u00e9e de l&rsquo;ASG a eu la chance de participer aux phases finales de la Coupe Nationale des Ligues avec cette m\u00eame s\u00e9lection. C&rsquo;est \u00e0 Canet en Roussillon que les petites lorraines sont all\u00e9es jusqu&rsquo;au bout en battant la s\u00e9lection du Centre en demi-finale le samedi 14 juin, puis en s&rsquo;imposant face au Languedoc-Roussillon le dimanche suivant sur le score de 4-3.<\/p>\n<p>C&rsquo;est la premi\u00e8re fois que l&rsquo;ASG voit une de ses joueuses acc\u00e9der \u00e0 un tel niveau et c&rsquo;est aussi la premi\u00e8re fois qu&rsquo;une \u00e9quipe Lorraine remporte le titre en U15 chez les filles. \u00ab\u00a0Si le football \u00a0a tendance \u00e0 \u00eatre souvent d\u00e9cri\u00e9, je tiens \u00e0 rappeler qu&rsquo;il repr\u00e9sente tout de m\u00eame un peu plus de 2 millions de joueurs en France, c&rsquo;est le sport N\u00b01 de ce point de vue. Il y a 700 clubs en Lorraine pour 80 000 licenci\u00e9s dont 3 500 filles. 10 000 dans les Vosges dont 400 filles. Des filles qui font de mieux en mieux, que l&rsquo;on voit partout : au football avec l&rsquo;\u00e9quipe nationale qui est en passe de se qualifier pour la Coupe du monde, mais aussi dans plein d&rsquo;autres sports comme le rugby o\u00f9 elles viennent de prendre la 3\u00e9me place. On ne peut que s&rsquo;en f\u00e9liciter\u00a0\u00bb, commentait ainsi le pr\u00e9sident de l&rsquo;ASG Football Fran\u00e7ois D\u00e9lon.<\/p>\n<p><a href=\"http:\/\/gerardmerinfo.fr\"><img decoding=\"async\" class=\"alignright size-medium wp-image-37859\" src=\"http:\/\/gerardmerinfo.fr\" alt=\"IMG_7503-WEB\" width=\"300\" height=\"225\" \/><\/a>Et d&rsquo;ajouter : \u00ab\u00a0Faire partie de l&rsquo;\u00e9quipe de Lorraine et remporter cette Coupe Nationale, c&rsquo;est une belle performance. Et je tiens \u00e0 dire qu&rsquo;avec les petits moyens que sont les n\u00f4tres au niveau de l&rsquo;ASG, il fallait bien quelqu&rsquo;un qui soit derri\u00e8re elle pour l&rsquo;amener aux stages, aux qualifications, aux s\u00e9lections et autres tests. c&rsquo;est pourquoi je tiens \u00e0 dire merci aux parents de Gr\u00e2ce. Merci aussi aux entra\u00eeneurs, \u00e0 commencer par Thierry Husson\u00a0\u00bb. Un Fran\u00e7ois D\u00e9lon venu avec sa hotte pleine de cadeaux pour la jeune championne. Un pr\u00e9sident ravi que l&rsquo;on mette \u00e0 l&rsquo;honneur une demoiselle et sa bande de potes \u00ab\u00a0qui font bien\u00a0\u00bb comme on dit ici.<\/p>\n<p>Le maire Stessy Speissmann \u00e0 quant \u00e0 lui souhait\u00e9 f\u00e9liciter le ,staff de l&rsquo;ASG Football et r\u00e9compenser Gr\u00e2ce pour son engagement. Engagement et abn\u00e9gation qui ont men\u00e9 \u00e0 la victoire finale apr\u00e8s un parcours tout au long duquel la G\u00e9r\u00f4moise aura \u00e9t\u00e9 une formidable ambassadrice de la Perle des Vosges. Alors m\u00eame si cette derni\u00e8re n&rsquo;a pas souhait\u00e9 quitter le cocon familiale pour la section sportive du lyc\u00e9e Delatour de Nancy apr\u00e8s avoir \u00e9t\u00e9 admise, cela m\u00e9ritait bien un sacr\u00e9 coup de chapeau conclu par l&rsquo;adjointe au sport Nadine Bassi\u00e8re : \u00ab\u00a0Une premi\u00e8re \u00e0 G\u00e9rardmer qui sera je l&rsquo;esp\u00e8re suivie par d&rsquo;autres victoires pour le sport f\u00e9minin. C&rsquo;est pour tes qualit\u00e9s , tes valeurs et ton parcours sportif que tu es parmi nous aujourd&rsquo;hui. merci \u00e0 toi, tes parents Gilles et Fernande, ton fr\u00e8re Julien, tes \u00e9ducateurs sportifs et les b\u00e9n\u00e9voles qui t&rsquo;ont accompagn\u00e9e jusqu&rsquo;\u00e0 pr\u00e9sent. je souhaite que tu puisses continuer \u00e0 t&rsquo;\u00e9panouir longtemps dans le sport\u00a0\u00bb.<\/p>\n","protected":false},"excerpt":{"rendered":"<p>Mercredi soir, la jeune G\u00e9r\u00f4moise Gr\u00e2ce B\u00e9dez \u00e9tait \u00e0 l&rsquo;honneur du c\u00f4t\u00e9 de l&rsquo;H\u00f4tel de Ville de G\u00e9rardmer, le maire [&hellip;]<\/p>\n","protected":false},"author":42,"featured_media":0,"comment_status":"open","ping_status":"open","sticky":false,"template":"","format":"standard","meta":{"footnotes":""},"categories":[14],"tags":[],"class_list":["post-11719","post","type-post","status-publish","format-standard","hentry","category-sport"],"acf":[],"yoast_head":"<!-- This site is optimized with the Yoast SEO plugin v22.5 - https:\/\/yoast.com\/wordpress\/plugins\/seo\/ -->\n<title>Gr\u00e2ce B\u00e9dez &quot;ambassadrice&quot; de la Perle des Vosges - Gerardmer Info<\/title>\n<meta name=\"robots\" content=\"index, follow, max-snippet:-1, max-image-preview:large, max-video-preview:-1\" \/>\n<link rel=\"canonical\" href=\"https:\/\/vosgesinfo.fr\/gerardmerinfo\/2014\/08\/grace-bedez-ambassadrice-de-la-perle-des-vosges\/\" \/>\n<meta name=\"twitter:card\" content=\"summary_large_image\" \/>\n<meta name=\"twitter:title\" content=\"Gr\u00e2ce B\u00e9dez &quot;ambassadrice&quot; de la Perle des Vosges - Gerardmer Info\" \/>\n<meta name=\"twitter:description\" content=\"Mercredi soir, la jeune G\u00e9r\u00f4moise Gr\u00e2ce B\u00e9dez \u00e9tait \u00e0 l&rsquo;honneur du c\u00f4t\u00e9 de l&rsquo;H\u00f4tel de Ville de G\u00e9rardmer, le maire [&hellip;]\" \/>\n<meta name=\"twitter:image\" content=\"http:\/\/gerardmerinfo.fr\" \/>\n<meta name=\"twitter:creator\" content=\"@VosgesInfo88\" \/>\n<meta name=\"twitter:site\" content=\"@VosgesInfo88\" \/>\n<meta name=\"twitter:label1\" content=\"\u00c9crit par\" \/>\n\t<meta name=\"twitter:data1\" content=\"QG\" \/>\n\t<meta name=\"twitter:label2\" content=\"Dur\u00e9e de lecture estim\u00e9e\" \/>\n\t<meta name=\"twitter:data2\" content=\"3 minutes\" \/>\n<script type=\"application\/ld+json\" class=\"yoast-schema-graph\">{\"@context\":\"https:\/\/schema.org\",\"@graph\":[{\"@type\":\"Article\",\"@id\":\"https:\/\/vosgesinfo.fr\/gerardmerinfo\/2014\/08\/grace-bedez-ambassadrice-de-la-perle-des-vosges\/#article\",\"isPartOf\":{\"@id\":\"https:\/\/vosgesinfo.fr\/gerardmerinfo\/2014\/08\/grace-bedez-ambassadrice-de-la-perle-des-vosges\/\"},\"author\":{\"name\":\"QG\",\"@id\":\"https:\/\/vosgesinfo.fr\/gerardmerinfo\/#\/schema\/person\/db5605779a843dad16b5368f3e7613a5\"},\"headline\":\"Gr\u00e2ce B\u00e9dez \u00ab\u00a0ambassadrice\u00a0\u00bb de la Perle des Vosges\",\"datePublished\":\"2014-08-21T15:03:38+00:00\",\"dateModified\":\"2014-08-21T15:03:38+00:00\",\"mainEntityOfPage\":{\"@id\":\"https:\/\/vosgesinfo.fr\/gerardmerinfo\/2014\/08\/grace-bedez-ambassadrice-de-la-perle-des-vosges\/\"},\"wordCount\":632,\"commentCount\":0,\"publisher\":{\"@id\":\"https:\/\/vosgesinfo.fr\/gerardmerinfo\/#organization\"},\"image\":{\"@id\":\"https:\/\/vosgesinfo.fr\/gerardmerinfo\/2014\/08\/grace-bedez-ambassadrice-de-la-perle-des-vosges\/#primaryimage\"},\"thumbnailUrl\":\"http:\/\/gerardmerinfo.fr\",\"articleSection\":[\"Sport\"],\"inLanguage\":\"fr-FR\",\"potentialAction\":[{\"@type\":\"CommentAction\",\"name\":\"Comment\",\"target\":[\"https:\/\/vosgesinfo.fr\/gerardmerinfo\/2014\/08\/grace-bedez-ambassadrice-de-la-perle-des-vosges\/#respond\"]}]},{\"@type\":\"WebPage\",\"@id\":\"https:\/\/vosgesinfo.fr\/gerardmerinfo\/2014\/08\/grace-bedez-ambassadrice-de-la-perle-des-vosges\/\",\"url\":\"https:\/\/vosgesinfo.fr\/gerardmerinfo\/2014\/08\/grace-bedez-ambassadrice-de-la-perle-des-vosges\/\",\"name\":\"Gr\u00e2ce B\u00e9dez \\\"ambassadrice\\\" de la Perle des Vosges - Gerardmer Info\",\"isPartOf\":{\"@id\":\"https:\/\/vosgesinfo.fr\/gerardmerinfo\/#website\"},\"primaryImageOfPage\":{\"@id\":\"https:\/\/vosgesinfo.fr\/gerardmerinfo\/2014\/08\/grace-bedez-ambassadrice-de-la-perle-des-vosges\/#primaryimage\"},\"image\":{\"@id\":\"https:\/\/vosgesinfo.fr\/gerardmerinfo\/2014\/08\/grace-bedez-ambassadrice-de-la-perle-des-vosges\/#primaryimage\"},\"thumbnailUrl\":\"http:\/\/gerardmerinfo.fr\",\"datePublished\":\"2014-08-21T15:03:38+00:00\",\"dateModified\":\"2014-08-21T15:03:38+00:00\",\"breadcrumb\":{\"@id\":\"https:\/\/vosgesinfo.fr\/gerardmerinfo\/2014\/08\/grace-bedez-ambassadrice-de-la-perle-des-vosges\/#breadcrumb\"},\"inLanguage\":\"fr-FR\",\"potentialAction\":[{\"@type\":\"ReadAction\",\"target\":[\"https:\/\/vosgesinfo.fr\/gerardmerinfo\/2014\/08\/grace-bedez-ambassadrice-de-la-perle-des-vosges\/\"]}]},{\"@type\":\"ImageObject\",\"inLanguage\":\"fr-FR\",\"@id\":\"https:\/\/vosgesinfo.fr\/gerardmerinfo\/2014\/08\/grace-bedez-ambassadrice-de-la-perle-des-vosges\/#primaryimage\",\"url\":\"http:\/\/gerardmerinfo.fr\",\"contentUrl\":\"http:\/\/gerardmerinfo.fr\"},{\"@type\":\"BreadcrumbList\",\"@id\":\"https:\/\/vosgesinfo.fr\/gerardmerinfo\/2014\/08\/grace-bedez-ambassadrice-de-la-perle-des-vosges\/#breadcrumb\",\"itemListElement\":[{\"@type\":\"ListItem\",\"position\":1,\"name\":\"Home\",\"item\":\"https:\/\/vosgesinfo.fr\/gerardmerinfo\/\"},{\"@type\":\"ListItem\",\"position\":2,\"name\":\"Gr\u00e2ce B\u00e9dez \u00ab\u00a0ambassadrice\u00a0\u00bb de la Perle des Vosges\"}]},{\"@type\":\"WebSite\",\"@id\":\"https:\/\/vosgesinfo.fr\/gerardmerinfo\/#website\",\"url\":\"https:\/\/vosgesinfo.fr\/gerardmerinfo\/\",\"name\":\"Gerardmer Info\",\"description\":\"Toute l&#039;actualit\u00e9 de G\u00e9rardmer\",\"publisher\":{\"@id\":\"https:\/\/vosgesinfo.fr\/gerardmerinfo\/#organization\"},\"alternateName\":\"Toute l'actualit\u00e9 de G\u00e9rardmer\",\"potentialAction\":[{\"@type\":\"SearchAction\",\"target\":{\"@type\":\"EntryPoint\",\"urlTemplate\":\"https:\/\/vosgesinfo.fr\/gerardmerinfo\/?s={search_term_string}\"},\"query-input\":\"required name=search_term_string\"}],\"inLanguage\":\"fr-FR\"},{\"@type\":\"Organization\",\"@id\":\"https:\/\/vosgesinfo.fr\/gerardmerinfo\/#organization\",\"name\":\"Gerardmer Info\",\"url\":\"https:\/\/vosgesinfo.fr\/gerardmerinfo\/\",\"logo\":{\"@type\":\"ImageObject\",\"inLanguage\":\"fr-FR\",\"@id\":\"https:\/\/vosgesinfo.fr\/gerardmerinfo\/#\/schema\/logo\/image\/\",\"url\":\"https:\/\/vosgesinfo.fr\/app\/uploads\/sites\/6\/2023\/08\/favicon-gerardmerinfo.png\",\"contentUrl\":\"https:\/\/vosgesinfo.fr\/app\/uploads\/sites\/6\/2023\/08\/favicon-gerardmerinfo.png\",\"width\":512,\"height\":512,\"caption\":\"Gerardmer Info\"},\"image\":{\"@id\":\"https:\/\/vosgesinfo.fr\/gerardmerinfo\/#\/schema\/logo\/image\/\"},\"sameAs\":[\"https:\/\/www.facebook.com\/profile.php?id=100049475262660\",\"https:\/\/x.com\/VosgesInfo88\",\"https:\/\/www.youtube.com\/@vosgesinfo\"]},{\"@type\":\"Person\",\"@id\":\"https:\/\/vosgesinfo.fr\/gerardmerinfo\/#\/schema\/person\/db5605779a843dad16b5368f3e7613a5\",\"name\":\"QG\",\"image\":{\"@type\":\"ImageObject\",\"inLanguage\":\"fr-FR\",\"@id\":\"https:\/\/vosgesinfo.fr\/gerardmerinfo\/#\/schema\/person\/image\/\",\"url\":\"https:\/\/secure.gravatar.com\/avatar\/ea80c42c204b534408512832fde52504ecabb9706bcb6151cf6175e5b64e6793?s=96&d=mm&r=g\",\"contentUrl\":\"https:\/\/secure.gravatar.com\/avatar\/ea80c42c204b534408512832fde52504ecabb9706bcb6151cf6175e5b64e6793?s=96&d=mm&r=g\",\"caption\":\"QG\"},\"url\":\"https:\/\/vosgesinfo.fr\/gerardmerinfo\/author\/quentin88\/\"}]}<\/script>\n<!-- \/ Yoast SEO plugin. -->","yoast_head_json":{"title":"Gr\u00e2ce B\u00e9dez \"ambassadrice\" de la Perle des Vosges - Gerardmer Info","robots":{"index":"index","follow":"follow","max-snippet":"max-snippet:-1","max-image-preview":"max-image-preview:large","max-video-preview":"max-video-preview:-1"},"canonical":"https:\/\/vosgesinfo.fr\/gerardmerinfo\/2014\/08\/grace-bedez-ambassadrice-de-la-perle-des-vosges\/","twitter_card":"summary_large_image","twitter_title":"Gr\u00e2ce B\u00e9dez \"ambassadrice\" de la Perle des Vosges - Gerardmer Info","twitter_description":"Mercredi soir, la jeune G\u00e9r\u00f4moise Gr\u00e2ce B\u00e9dez \u00e9tait \u00e0 l&rsquo;honneur du c\u00f4t\u00e9 de l&rsquo;H\u00f4tel de Ville de G\u00e9rardmer, le maire [&hellip;]","twitter_image":"http:\/\/gerardmerinfo.fr","twitter_creator":"@VosgesInfo88","twitter_site":"@VosgesInfo88","twitter_misc":{"\u00c9crit par":"QG","Dur\u00e9e de lecture estim\u00e9e":"3 minutes"},"schema":{"@context":"https:\/\/schema.org","@graph":[{"@type":"Article","@id":"https:\/\/vosgesinfo.fr\/gerardmerinfo\/2014\/08\/grace-bedez-ambassadrice-de-la-perle-des-vosges\/#article","isPartOf":{"@id":"https:\/\/vosgesinfo.fr\/gerardmerinfo\/2014\/08\/grace-bedez-ambassadrice-de-la-perle-des-vosges\/"},"author":{"name":"QG","@id":"https:\/\/vosgesinfo.fr\/gerardmerinfo\/#\/schema\/person\/db5605779a843dad16b5368f3e7613a5"},"headline":"Gr\u00e2ce B\u00e9dez \u00ab\u00a0ambassadrice\u00a0\u00bb de la Perle des Vosges","datePublished":"2014-08-21T15:03:38+00:00","dateModified":"2014-08-21T15:03:38+00:00","mainEntityOfPage":{"@id":"https:\/\/vosgesinfo.fr\/gerardmerinfo\/2014\/08\/grace-bedez-ambassadrice-de-la-perle-des-vosges\/"},"wordCount":632,"commentCount":0,"publisher":{"@id":"https:\/\/vosgesinfo.fr\/gerardmerinfo\/#organization"},"image":{"@id":"https:\/\/vosgesinfo.fr\/gerardmerinfo\/2014\/08\/grace-bedez-ambassadrice-de-la-perle-des-vosges\/#primaryimage"},"thumbnailUrl":"http:\/\/gerardmerinfo.fr","articleSection":["Sport"],"inLanguage":"fr-FR","potentialAction":[{"@type":"CommentAction","name":"Comment","target":["https:\/\/vosgesinfo.fr\/gerardmerinfo\/2014\/08\/grace-bedez-ambassadrice-de-la-perle-des-vosges\/#respond"]}]},{"@type":"WebPage","@id":"https:\/\/vosgesinfo.fr\/gerardmerinfo\/2014\/08\/grace-bedez-ambassadrice-de-la-perle-des-vosges\/","url":"https:\/\/vosgesinfo.fr\/gerardmerinfo\/2014\/08\/grace-bedez-ambassadrice-de-la-perle-des-vosges\/","name":"Gr\u00e2ce B\u00e9dez \"ambassadrice\" de la Perle des Vosges - Gerardmer Info","isPartOf":{"@id":"https:\/\/vosgesinfo.fr\/gerardmerinfo\/#website"},"primaryImageOfPage":{"@id":"https:\/\/vosgesinfo.fr\/gerardmerinfo\/2014\/08\/grace-bedez-ambassadrice-de-la-perle-des-vosges\/#primaryimage"},"image":{"@id":"https:\/\/vosgesinfo.fr\/gerardmerinfo\/2014\/08\/grace-bedez-ambassadrice-de-la-perle-des-vosges\/#primaryimage"},"thumbnailUrl":"http:\/\/gerardmerinfo.fr","datePublished":"2014-08-21T15:03:38+00:00","dateModified":"2014-08-21T15:03:38+00:00","breadcrumb":{"@id":"https:\/\/vosgesinfo.fr\/gerardmerinfo\/2014\/08\/grace-bedez-ambassadrice-de-la-perle-des-vosges\/#breadcrumb"},"inLanguage":"fr-FR","potentialAction":[{"@type":"ReadAction","target":["https:\/\/vosgesinfo.fr\/gerardmerinfo\/2014\/08\/grace-bedez-ambassadrice-de-la-perle-des-vosges\/"]}]},{"@type":"ImageObject","inLanguage":"fr-FR","@id":"https:\/\/vosgesinfo.fr\/gerardmerinfo\/2014\/08\/grace-bedez-ambassadrice-de-la-perle-des-vosges\/#primaryimage","url":"http:\/\/gerardmerinfo.fr","contentUrl":"http:\/\/gerardmerinfo.fr"},{"@type":"BreadcrumbList","@id":"https:\/\/vosgesinfo.fr\/gerardmerinfo\/2014\/08\/grace-bedez-ambassadrice-de-la-perle-des-vosges\/#breadcrumb","itemListElement":[{"@type":"ListItem","position":1,"name":"Home","item":"https:\/\/vosgesinfo.fr\/gerardmerinfo\/"},{"@type":"ListItem","position":2,"name":"Gr\u00e2ce B\u00e9dez \u00ab\u00a0ambassadrice\u00a0\u00bb de la Perle des Vosges"}]},{"@type":"WebSite","@id":"https:\/\/vosgesinfo.fr\/gerardmerinfo\/#website","url":"https:\/\/vosgesinfo.fr\/gerardmerinfo\/","name":"Gerardmer Info","description":"Toute l&#039;actualit\u00e9 de G\u00e9rardmer","publisher":{"@id":"https:\/\/vosgesinfo.fr\/gerardmerinfo\/#organization"},"alternateName":"Toute l'actualit\u00e9 de G\u00e9rardmer","potentialAction":[{"@type":"SearchAction","target":{"@type":"EntryPoint","urlTemplate":"https:\/\/vosgesinfo.fr\/gerardmerinfo\/?s={search_term_string}"},"query-input":"required name=search_term_string"}],"inLanguage":"fr-FR"},{"@type":"Organization","@id":"https:\/\/vosgesinfo.fr\/gerardmerinfo\/#organization","name":"Gerardmer Info","url":"https:\/\/vosgesinfo.fr\/gerardmerinfo\/","logo":{"@type":"ImageObject","inLanguage":"fr-FR","@id":"https:\/\/vosgesinfo.fr\/gerardmerinfo\/#\/schema\/logo\/image\/","url":"https:\/\/vosgesinfo.fr\/app\/uploads\/sites\/6\/2023\/08\/favicon-gerardmerinfo.png","contentUrl":"https:\/\/vosgesinfo.fr\/app\/uploads\/sites\/6\/2023\/08\/favicon-gerardmerinfo.png","width":512,"height":512,"caption":"Gerardmer Info"},"image":{"@id":"https:\/\/vosgesinfo.fr\/gerardmerinfo\/#\/schema\/logo\/image\/"},"sameAs":["https:\/\/www.facebook.com\/profile.php?id=100049475262660","https:\/\/x.com\/VosgesInfo88","https:\/\/www.youtube.com\/@vosgesinfo"]},{"@type":"Person","@id":"https:\/\/vosgesinfo.fr\/gerardmerinfo\/#\/schema\/person\/db5605779a843dad16b5368f3e7613a5","name":"QG","image":{"@type":"ImageObject","inLanguage":"fr-FR","@id":"https:\/\/vosgesinfo.fr\/gerardmerinfo\/#\/schema\/person\/image\/","url":"https:\/\/secure.gravatar.com\/avatar\/ea80c42c204b534408512832fde52504ecabb9706bcb6151cf6175e5b64e6793?s=96&d=mm&r=g","contentUrl":"https:\/\/secure.gravatar.com\/avatar\/ea80c42c204b534408512832fde52504ecabb9706bcb6151cf6175e5b64e6793?s=96&d=mm&r=g","caption":"QG"},"url":"https:\/\/vosgesinfo.fr\/gerardmerinfo\/author\/quentin88\/"}]}},"_links":{"self":[{"href":"https:\/\/vosgesinfo.fr\/gerardmerinfo\/wp-json\/wp\/v2\/posts\/11719","targetHints":{"allow":["GET"]}}],"collection":[{"href":"https:\/\/vosgesinfo.fr\/gerardmerinfo\/wp-json\/wp\/v2\/posts"}],"about":[{"href":"https:\/\/vosgesinfo.fr\/gerardmerinfo\/wp-json\/wp\/v2\/types\/post"}],"author":[{"embeddable":true,"href":"https:\/\/vosgesinfo.fr\/gerardmerinfo\/wp-json\/wp\/v2\/users\/42"}],"replies":[{"embeddable":true,"href":"https:\/\/vosgesinfo.fr\/gerardmerinfo\/wp-json\/wp\/v2\/comments?post=11719"}],"version-history":[{"count":0,"href":"https:\/\/vosgesinfo.fr\/gerardmerinfo\/wp-json\/wp\/v2\/posts\/11719\/revisions"}],"wp:attachment":[{"href":"https:\/\/vosgesinfo.fr\/gerardmerinfo\/wp-json\/wp\/v2\/media?parent=11719"}],"wp:term":[{"taxonomy":"category","embeddable":true,"href":"https:\/\/vosgesinfo.fr\/gerardmerinfo\/wp-json\/wp\/v2\/categories?post=11719"},{"taxonomy":"post_tag","embeddable":true,"href":"https:\/\/vosgesinfo.fr\/gerardmerinfo\/wp-json\/wp\/v2\/tags?post=11719"}],"curies":[{"name":"wp","href":"https:\/\/api.w.org\/{rel}","templated":true}]}}