{"id":11782,"date":"2014-09-19T07:16:44","date_gmt":"2014-09-19T05:16:44","guid":{"rendered":"https:\/\/vosgesinfo.fr\/gerardmerinfo\/2014\/09\/vosges-manoeuvres-militaires-en-vue-dune-mission-en-centrafrique\/"},"modified":"2014-09-19T07:16:44","modified_gmt":"2014-09-19T05:16:44","slug":"vosges-manoeuvres-militaires-en-vue-dune-mission-en-centrafrique","status":"publish","type":"post","link":"https:\/\/vosgesinfo.fr\/gerardmerinfo\/2014\/09\/vosges-manoeuvres-militaires-en-vue-dune-mission-en-centrafrique\/","title":{"rendered":"Vosges \u2013 Manoeuvres militaires en vue d\u2019une mission en Centrafrique"},"content":{"rendered":"<h2 class=\"western\" align=\"CENTER\"><strong><span style=\"color: #000000;\"><span style=\"font-family: Arial, sans-serif;\"><span style=\"font-size: small;\"><span style=\"font-weight: normal;\"><strong>Cr\u00e9dit photographique<\/strong> :<\/span><\/span><\/span><\/span><\/strong><strong><span style=\"color: #280099;\"><span style=\"font-family: Arial, sans-serif;\"><span style=\"font-size: small;\"><span style=\"font-weight: normal;\">\u00a0<\/span><\/span><\/span><\/span><\/strong><a href=\"https:\/\/www.facebook.com\/ri1er\" target=\"_blank\" rel=\"noopener\"><strong><span style=\"color: #280099;\"><span style=\"text-decoration: none;\"><span style=\"font-family: Arial, sans-serif;\"><span style=\"font-size: small;\"><span style=\"text-decoration: underline;\"><span style=\"font-weight: normal;\">1er r\u00e9giment d&rsquo;infanterie Sarrebourg\u00a0\u2013 FB <\/span><\/span><\/span><\/span><\/span><\/span><\/strong><\/a><\/h2>\n<p style=\"margin-bottom: 0cm;\" align=\"CENTER\"><span style=\"font-family: Arial, sans-serif;\"><span style=\"font-size: small;\">Cliquer sur les photos pour agrandir<\/span><\/span><\/p>\n<p style=\"margin-bottom: 0cm; text-align: left;\" align=\"CENTER\">\n<div id=\"fbPhotoSnowliftAuthorName\" class=\"fbPhotoContributorName\" style=\"line-height: 18px; padding-top: 1px; padding-bottom: 3px; display: inline; -ms-word-wrap: break-word;\" align=\"center\"><strong><span style=\"color: #333333; font-family: Arial; font-size: medium;\">Cette semaine, le 1er r\u00e9giment d&rsquo;infanterie de Sarrebourg et le 1 er r\u00e9giment d&rsquo;h\u00e9licopt\u00e8res de combat de Phalsbourg \u00e9taient en man\u0153uvres dans les Vosges du cot\u00e9 de Saint-Di\u00e9.<\/span><\/strong><\/div>\n<p style=\"margin-bottom: 0.21cm;\"><span style=\"font-family: Arial, sans-serif;\">200 militaires \u00e9taient en exercice afin de pr\u00e9parer une prochaine mission de 4 mois en Centrafrique o\u00f9 ils rejoindront les effectifs, de l\u2019ordre de 2\u00a0000 soldats,.de la force <\/span><em><span style=\"font-family: Arial, sans-serif;\">Sangaris.<\/span><\/em><\/p>\n<p style=\"margin-bottom: 0.21cm;\"><span style=\"font-family: Arial, sans-serif;\">Pour rappel, l\u2019op\u00e9ration <em>Sangaris<\/em>, lanc\u00e9e en d\u00e9cembre 2013, consiste en un renforcement\u00a0du dispositif militaire fran\u00e7ais en Centrafrique afin d\u2019\u00e9viter une catastrophe humanitaire dans le pays<\/span><span style=\"font-family: Arial, sans-serif;\">.<\/span><\/p>\n<p><span style=\"font-family: Arial, sans-serif;\">Le\u00a0\u00ab 1<sup><span style=\"font-size: small;\">er<\/span><\/sup>\u00a0d&rsquo;infanterie \u00bb est le plus vieux r\u00e9giment d&rsquo;Europe,\u00a0 riche de 5 si\u00e8cles et demi d&rsquo;Histoire.\u00a0\u00a0Plus proche de nous, il s\u2019est illustr\u00e9 au golfe arabo-persique,Cambodge, Ruanda, Tchad, Bosnie, C\u00f4t\u00e9 d&rsquo;Ivoire, Kosovo, Afghanistan\u00a0&#8230;. mais aussi dans les DOM-TOM et en m\u00e9tropole avec des missions VIGIPIRATE, des secours aux populations lors des temp\u00eates, inondations ou encore\u00a0mar\u00e9es noires.<\/span><\/p>\n<p><span style=\"font-family: Arial, sans-serif;\">Le 1<sup><span style=\"font-size: small;\">er<\/span><\/sup>\u00a0r\u00e9giment d&rsquo;h\u00e9licopt\u00e8res de combat\u00a0a quant \u00e0 lui \u00e9t\u00e9\u00a0cr\u00e9\u00e9 le 1<sup><span style=\"font-size: small;\">er<\/span><\/sup>\u00a0ao\u00fbt 1977.\u00a0En d\u00e9cembre 1990,\u00a0il a\u00a0pris part \u00e0 l&rsquo;op\u00e9ration Daguet en Irak. Il est intervenu\u00a0au Kowe\u00eft et\u00a0a \u00e9t\u00e9 \u00e9galement engag\u00e9 au Tchad, \u00e0 Djibouti, en Somalie, en ex-Yougoslavie, au Kosovo\u00a0et\u00a0au Timor&#8230;<\/span><\/p>\n<p>&nbsp;<\/p>\n<p><span style=\"font-family: Arial, sans-serif;\">Toutes ces contr\u00e9es, comme la Centrafrique,\u00a0sont bien loin de la n\u00f4tre tant\u00a0g\u00e9ographiquement que culturellement. Pourtant,\u00a0c&rsquo;est sur les terres et dans les airs vosgiens qu&rsquo;ont choisi, <span style=\"font-family: Arial;\">lors de cette semaine de man\u0153uvres<\/span>,\u00a0 de se pr\u00e9parer les deux r\u00e9giments\u00a0militairement mais aussi psychologiquement aux \u00e9preuves qui les attendent.<\/span><\/p>\n<p><span style=\"font-family: Arial, sans-serif;\"> En effet, il s\u2019agit de r\u00e9p\u00e9ter inlassablement certains exercices afin de cr\u00e9er des automatismes leur permettant d\u2019intervenir en toute circonstance et dans toute situation\u00a0sans subir la tension pouvant naitre devant certaines sc\u00e8nes d\u2019horreur\u00a0notamment et ce\u00a0dans un milieu hostile et des conditions climatiques parfois difficiles.<\/span><\/p>\n<p><span style=\"font-family: Arial, sans-serif;\">Les deux r\u00e9giments doivent \u00eatre parfaitement coordonn\u00e9s et ne laisser aucune place \u00e0 l\u2019improvisation, ce que permettent d\u2019acqu\u00e9rir ces man\u0153uvres sur le terrain au travers d\u2019exercices qui devront \u00eatre parfaitement maitris\u00e9s.<\/span><\/p>\n<p>&nbsp;<\/p>\n<p><strong><span style=\"font-family: Arial, sans-serif;\">Autre date, autre lieu, mais toujours dans les Vosges<\/span><\/strong><\/p>\n<p><span style=\"font-family: Arial, sans-serif;\">Tout d\u00e9but septembre, c\u2019est la 1re compagnie de combat du 1er r\u00e9giment d\u2019infanterie qui \u00e9tait en exercice dans l\u2019Est de\u00a0notre d\u00e9partement,\u00a0cette fois\u00a0pour un raid de 48h. <\/span><\/p>\n<p><span style=\"font-family: Arial, sans-serif;\">Ce raid est racont\u00e9 par la 1re compagnie elle-m\u00eame \u00e0 retrouver <a href=\"https:\/\/www.facebook.com\/ri1er\/timeline\" target=\"_blank\" rel=\"noopener\">sur le facebook du 1er RI de Sarrebourg<\/a><\/span><\/p>\n<p><a href=\"https:\/\/www.facebook.com\/ri1er\/timeline\" target=\"_blank\" rel=\"noopener\"><span style=\"font-family: Arial, sans-serif;\"><br \/>\n<\/span><\/a><em><span style=\"font-family: Arial, sans-serif;\">\u201dLa journ\u00e9e du mardi voit la compagnie progresser sur une dizaine de kilom\u00e8tres avant d\u2019arriver devant l\u2019\u00e9tang de Longemer-Xonrupt. 5 zodiacs de 6 hommes sont alors d\u00e9ploy\u00e9s afin de faire franchir les hommes en armes et le mat\u00e9riel, sur environ 1,5km. A l\u2019arriv\u00e9e, les zodiacs sont alors re-d\u00e9mont\u00e9s sur la berge et la compagnie peut reprendre sa progression pour 10 km de marche avant le bivouac de nuit.<\/span><\/em><\/p>\n<p><em><span style=\"font-family: Arial, sans-serif;\"><br \/>\nLe mercredi, la compagnie reprend sa marche en direction du Honeck. Le trajet comporte une quinzaine de kilom\u00e8tres sur des pistes escarp\u00e9es, avant d\u2019arriver face au Honeck o\u00f9 un atelier de franchissement vertical en rappel est mis en place. Ce dernier impressionne m\u00eame les plus anciens : ce n\u2019est pas tous les jours que la compagnie a l\u2019occasion de descendre 80m de paroi avec son \u00e9quipement complet.<\/span><\/em><\/p>\n<p><em><span style=\"font-family: Arial, sans-serif;\"><br \/>\nDerni\u00e8re nuit dans les bois pour la compagnie qui attaque jeudi matin l\u2019ascension du Honeck. Une fois arriv\u00e9s, une c\u00e9r\u00e9monie attend les Picards de la 1\u00e8re compagnie sur ce sommet charg\u00e9 d\u2019histoire. Plusieurs soldats se verront ainsi remettre un insigne de \u00ab tireur missile \u00bb ou de r\u00e9ussite \u00e0 un stage d\u2019aguerrissement commando. Ces 48h de raid se concluent enfin par un copieux petit d\u00e9jeuner afin de recharger les batteries !\u201d<\/span><\/em><\/p>\n<p><strong>Toute l&rsquo;actualit\u00e9 et de nombreuses autres photos sont \u00e0 retrouver sur le <a href=\"https:\/\/www.facebook.com\/ri1er\/timeline\" target=\"_blank\" rel=\"noopener\">FB du 1er RI de Sarrebourg<\/a> ou sur <a href=\"http:\/\/www.defense.gouv.fr\/actualites\" target=\"_blank\" rel=\"noopener\">le site du minist\u00e8re de la D\u00e9fense<\/a><\/strong><\/p>\n<p style=\"text-align: center;\"><strong><a href=\"http:\/\/epinalinfos.fr\" target=\"_blank\" rel=\"noopener\">\u00c9pinal Infos<\/a><\/strong><\/p>\n<hr \/>\n<p style=\"text-align: center;\"><a href=\"http:\/\/epinalinfos.fr\" target=\"_blank\" rel=\"noopener\">Acc\u00e9der \u00e0 l&rsquo;\u00e9dition compl\u00e8te d&rsquo;\u00c9pinal Infos<\/a><\/p>\n","protected":false},"excerpt":{"rendered":"<p>Cr\u00e9dit photographique :\u00a01er r\u00e9giment d&rsquo;infanterie Sarrebourg\u00a0\u2013 FB Cliquer sur les photos pour agrandir Cette semaine, le 1er r\u00e9giment d&rsquo;infanterie de [&hellip;]<\/p>\n","protected":false},"author":45,"featured_media":0,"comment_status":"open","ping_status":"open","sticky":false,"template":"","format":"standard","meta":{"footnotes":""},"categories":[13,18],"tags":[],"class_list":["post-11782","post","type-post","status-publish","format-standard","hentry","category-societe","category-vosges"],"acf":[],"yoast_head":"<!-- This site is optimized with the Yoast SEO plugin v22.5 - https:\/\/yoast.com\/wordpress\/plugins\/seo\/ -->\n<title>Vosges \u2013 Manoeuvres militaires en vue d\u2019une mission en Centrafrique - Gerardmer Info<\/title>\n<meta name=\"robots\" content=\"index, follow, max-snippet:-1, max-image-preview:large, max-video-preview:-1\" \/>\n<link rel=\"canonical\" href=\"https:\/\/vosgesinfo.fr\/gerardmerinfo\/2014\/09\/vosges-manoeuvres-militaires-en-vue-dune-mission-en-centrafrique\/\" \/>\n<meta name=\"twitter:card\" content=\"summary_large_image\" \/>\n<meta name=\"twitter:title\" content=\"Vosges \u2013 Manoeuvres militaires en vue d\u2019une mission en Centrafrique - Gerardmer Info\" \/>\n<meta name=\"twitter:description\" content=\"Cr\u00e9dit photographique :\u00a01er r\u00e9giment d&rsquo;infanterie Sarrebourg\u00a0\u2013 FB Cliquer sur les photos pour agrandir Cette semaine, le 1er r\u00e9giment d&rsquo;infanterie de [&hellip;]\" \/>\n<meta name=\"twitter:creator\" content=\"@VosgesInfo88\" \/>\n<meta name=\"twitter:site\" content=\"@VosgesInfo88\" \/>\n<meta name=\"twitter:label1\" content=\"\u00c9crit par\" \/>\n\t<meta name=\"twitter:data1\" content=\"Vla\" \/>\n\t<meta name=\"twitter:label2\" content=\"Dur\u00e9e de lecture estim\u00e9e\" \/>\n\t<meta name=\"twitter:data2\" content=\"3 minutes\" \/>\n<script type=\"application\/ld+json\" class=\"yoast-schema-graph\">{\"@context\":\"https:\/\/schema.org\",\"@graph\":[{\"@type\":\"Article\",\"@id\":\"https:\/\/vosgesinfo.fr\/gerardmerinfo\/2014\/09\/vosges-manoeuvres-militaires-en-vue-dune-mission-en-centrafrique\/#article\",\"isPartOf\":{\"@id\":\"https:\/\/vosgesinfo.fr\/gerardmerinfo\/2014\/09\/vosges-manoeuvres-militaires-en-vue-dune-mission-en-centrafrique\/\"},\"author\":{\"name\":\"Vla\",\"@id\":\"https:\/\/vosgesinfo.fr\/gerardmerinfo\/#\/schema\/person\/e71c96759c2eeb9f2fd119fb453a7b89\"},\"headline\":\"Vosges \u2013 Manoeuvres militaires en vue d\u2019une mission en Centrafrique\",\"datePublished\":\"2014-09-19T05:16:44+00:00\",\"dateModified\":\"2014-09-19T05:16:44+00:00\",\"mainEntityOfPage\":{\"@id\":\"https:\/\/vosgesinfo.fr\/gerardmerinfo\/2014\/09\/vosges-manoeuvres-militaires-en-vue-dune-mission-en-centrafrique\/\"},\"wordCount\":721,\"commentCount\":0,\"publisher\":{\"@id\":\"https:\/\/vosgesinfo.fr\/gerardmerinfo\/#organization\"},\"articleSection\":[\"Soci\u00e9t\u00e9\",\"Vosges\"],\"inLanguage\":\"fr-FR\",\"potentialAction\":[{\"@type\":\"CommentAction\",\"name\":\"Comment\",\"target\":[\"https:\/\/vosgesinfo.fr\/gerardmerinfo\/2014\/09\/vosges-manoeuvres-militaires-en-vue-dune-mission-en-centrafrique\/#respond\"]}]},{\"@type\":\"WebPage\",\"@id\":\"https:\/\/vosgesinfo.fr\/gerardmerinfo\/2014\/09\/vosges-manoeuvres-militaires-en-vue-dune-mission-en-centrafrique\/\",\"url\":\"https:\/\/vosgesinfo.fr\/gerardmerinfo\/2014\/09\/vosges-manoeuvres-militaires-en-vue-dune-mission-en-centrafrique\/\",\"name\":\"Vosges \u2013 Manoeuvres militaires en vue d\u2019une mission en Centrafrique - Gerardmer Info\",\"isPartOf\":{\"@id\":\"https:\/\/vosgesinfo.fr\/gerardmerinfo\/#website\"},\"datePublished\":\"2014-09-19T05:16:44+00:00\",\"dateModified\":\"2014-09-19T05:16:44+00:00\",\"breadcrumb\":{\"@id\":\"https:\/\/vosgesinfo.fr\/gerardmerinfo\/2014\/09\/vosges-manoeuvres-militaires-en-vue-dune-mission-en-centrafrique\/#breadcrumb\"},\"inLanguage\":\"fr-FR\",\"potentialAction\":[{\"@type\":\"ReadAction\",\"target\":[\"https:\/\/vosgesinfo.fr\/gerardmerinfo\/2014\/09\/vosges-manoeuvres-militaires-en-vue-dune-mission-en-centrafrique\/\"]}]},{\"@type\":\"BreadcrumbList\",\"@id\":\"https:\/\/vosgesinfo.fr\/gerardmerinfo\/2014\/09\/vosges-manoeuvres-militaires-en-vue-dune-mission-en-centrafrique\/#breadcrumb\",\"itemListElement\":[{\"@type\":\"ListItem\",\"position\":1,\"name\":\"Home\",\"item\":\"https:\/\/vosgesinfo.fr\/gerardmerinfo\/\"},{\"@type\":\"ListItem\",\"position\":2,\"name\":\"Vosges \u2013 Manoeuvres militaires en vue d\u2019une mission en Centrafrique\"}]},{\"@type\":\"WebSite\",\"@id\":\"https:\/\/vosgesinfo.fr\/gerardmerinfo\/#website\",\"url\":\"https:\/\/vosgesinfo.fr\/gerardmerinfo\/\",\"name\":\"Gerardmer Info\",\"description\":\"Toute l&#039;actualit\u00e9 de G\u00e9rardmer\",\"publisher\":{\"@id\":\"https:\/\/vosgesinfo.fr\/gerardmerinfo\/#organization\"},\"alternateName\":\"Toute l'actualit\u00e9 de G\u00e9rardmer\",\"potentialAction\":[{\"@type\":\"SearchAction\",\"target\":{\"@type\":\"EntryPoint\",\"urlTemplate\":\"https:\/\/vosgesinfo.fr\/gerardmerinfo\/?s={search_term_string}\"},\"query-input\":\"required name=search_term_string\"}],\"inLanguage\":\"fr-FR\"},{\"@type\":\"Organization\",\"@id\":\"https:\/\/vosgesinfo.fr\/gerardmerinfo\/#organization\",\"name\":\"Gerardmer Info\",\"url\":\"https:\/\/vosgesinfo.fr\/gerardmerinfo\/\",\"logo\":{\"@type\":\"ImageObject\",\"inLanguage\":\"fr-FR\",\"@id\":\"https:\/\/vosgesinfo.fr\/gerardmerinfo\/#\/schema\/logo\/image\/\",\"url\":\"https:\/\/vosgesinfo.fr\/app\/uploads\/sites\/6\/2023\/08\/favicon-gerardmerinfo.png\",\"contentUrl\":\"https:\/\/vosgesinfo.fr\/app\/uploads\/sites\/6\/2023\/08\/favicon-gerardmerinfo.png\",\"width\":512,\"height\":512,\"caption\":\"Gerardmer Info\"},\"image\":{\"@id\":\"https:\/\/vosgesinfo.fr\/gerardmerinfo\/#\/schema\/logo\/image\/\"},\"sameAs\":[\"https:\/\/www.facebook.com\/profile.php?id=100049475262660\",\"https:\/\/x.com\/VosgesInfo88\",\"https:\/\/www.youtube.com\/@vosgesinfo\"]},{\"@type\":\"Person\",\"@id\":\"https:\/\/vosgesinfo.fr\/gerardmerinfo\/#\/schema\/person\/e71c96759c2eeb9f2fd119fb453a7b89\",\"name\":\"Vla\",\"image\":{\"@type\":\"ImageObject\",\"inLanguage\":\"fr-FR\",\"@id\":\"https:\/\/vosgesinfo.fr\/gerardmerinfo\/#\/schema\/person\/image\/\",\"url\":\"https:\/\/secure.gravatar.com\/avatar\/8d28ea69dae175a3960f717bf51069569f1832070fcf5515ce4eab05d86b72a0?s=96&d=mm&r=g\",\"contentUrl\":\"https:\/\/secure.gravatar.com\/avatar\/8d28ea69dae175a3960f717bf51069569f1832070fcf5515ce4eab05d86b72a0?s=96&d=mm&r=g\",\"caption\":\"Vla\"},\"url\":\"https:\/\/vosgesinfo.fr\/gerardmerinfo\/author\/vla\/\"}]}<\/script>\n<!-- \/ Yoast SEO plugin. -->","yoast_head_json":{"title":"Vosges \u2013 Manoeuvres militaires en vue d\u2019une mission en Centrafrique - Gerardmer Info","robots":{"index":"index","follow":"follow","max-snippet":"max-snippet:-1","max-image-preview":"max-image-preview:large","max-video-preview":"max-video-preview:-1"},"canonical":"https:\/\/vosgesinfo.fr\/gerardmerinfo\/2014\/09\/vosges-manoeuvres-militaires-en-vue-dune-mission-en-centrafrique\/","twitter_card":"summary_large_image","twitter_title":"Vosges \u2013 Manoeuvres militaires en vue d\u2019une mission en Centrafrique - Gerardmer Info","twitter_description":"Cr\u00e9dit photographique :\u00a01er r\u00e9giment d&rsquo;infanterie Sarrebourg\u00a0\u2013 FB Cliquer sur les photos pour agrandir Cette semaine, le 1er r\u00e9giment d&rsquo;infanterie de [&hellip;]","twitter_creator":"@VosgesInfo88","twitter_site":"@VosgesInfo88","twitter_misc":{"\u00c9crit par":"Vla","Dur\u00e9e de lecture estim\u00e9e":"3 minutes"},"schema":{"@context":"https:\/\/schema.org","@graph":[{"@type":"Article","@id":"https:\/\/vosgesinfo.fr\/gerardmerinfo\/2014\/09\/vosges-manoeuvres-militaires-en-vue-dune-mission-en-centrafrique\/#article","isPartOf":{"@id":"https:\/\/vosgesinfo.fr\/gerardmerinfo\/2014\/09\/vosges-manoeuvres-militaires-en-vue-dune-mission-en-centrafrique\/"},"author":{"name":"Vla","@id":"https:\/\/vosgesinfo.fr\/gerardmerinfo\/#\/schema\/person\/e71c96759c2eeb9f2fd119fb453a7b89"},"headline":"Vosges \u2013 Manoeuvres militaires en vue d\u2019une mission en Centrafrique","datePublished":"2014-09-19T05:16:44+00:00","dateModified":"2014-09-19T05:16:44+00:00","mainEntityOfPage":{"@id":"https:\/\/vosgesinfo.fr\/gerardmerinfo\/2014\/09\/vosges-manoeuvres-militaires-en-vue-dune-mission-en-centrafrique\/"},"wordCount":721,"commentCount":0,"publisher":{"@id":"https:\/\/vosgesinfo.fr\/gerardmerinfo\/#organization"},"articleSection":["Soci\u00e9t\u00e9","Vosges"],"inLanguage":"fr-FR","potentialAction":[{"@type":"CommentAction","name":"Comment","target":["https:\/\/vosgesinfo.fr\/gerardmerinfo\/2014\/09\/vosges-manoeuvres-militaires-en-vue-dune-mission-en-centrafrique\/#respond"]}]},{"@type":"WebPage","@id":"https:\/\/vosgesinfo.fr\/gerardmerinfo\/2014\/09\/vosges-manoeuvres-militaires-en-vue-dune-mission-en-centrafrique\/","url":"https:\/\/vosgesinfo.fr\/gerardmerinfo\/2014\/09\/vosges-manoeuvres-militaires-en-vue-dune-mission-en-centrafrique\/","name":"Vosges \u2013 Manoeuvres militaires en vue d\u2019une mission en Centrafrique - Gerardmer Info","isPartOf":{"@id":"https:\/\/vosgesinfo.fr\/gerardmerinfo\/#website"},"datePublished":"2014-09-19T05:16:44+00:00","dateModified":"2014-09-19T05:16:44+00:00","breadcrumb":{"@id":"https:\/\/vosgesinfo.fr\/gerardmerinfo\/2014\/09\/vosges-manoeuvres-militaires-en-vue-dune-mission-en-centrafrique\/#breadcrumb"},"inLanguage":"fr-FR","potentialAction":[{"@type":"ReadAction","target":["https:\/\/vosgesinfo.fr\/gerardmerinfo\/2014\/09\/vosges-manoeuvres-militaires-en-vue-dune-mission-en-centrafrique\/"]}]},{"@type":"BreadcrumbList","@id":"https:\/\/vosgesinfo.fr\/gerardmerinfo\/2014\/09\/vosges-manoeuvres-militaires-en-vue-dune-mission-en-centrafrique\/#breadcrumb","itemListElement":[{"@type":"ListItem","position":1,"name":"Home","item":"https:\/\/vosgesinfo.fr\/gerardmerinfo\/"},{"@type":"ListItem","position":2,"name":"Vosges \u2013 Manoeuvres militaires en vue d\u2019une mission en Centrafrique"}]},{"@type":"WebSite","@id":"https:\/\/vosgesinfo.fr\/gerardmerinfo\/#website","url":"https:\/\/vosgesinfo.fr\/gerardmerinfo\/","name":"Gerardmer Info","description":"Toute l&#039;actualit\u00e9 de G\u00e9rardmer","publisher":{"@id":"https:\/\/vosgesinfo.fr\/gerardmerinfo\/#organization"},"alternateName":"Toute l'actualit\u00e9 de G\u00e9rardmer","potentialAction":[{"@type":"SearchAction","target":{"@type":"EntryPoint","urlTemplate":"https:\/\/vosgesinfo.fr\/gerardmerinfo\/?s={search_term_string}"},"query-input":"required name=search_term_string"}],"inLanguage":"fr-FR"},{"@type":"Organization","@id":"https:\/\/vosgesinfo.fr\/gerardmerinfo\/#organization","name":"Gerardmer Info","url":"https:\/\/vosgesinfo.fr\/gerardmerinfo\/","logo":{"@type":"ImageObject","inLanguage":"fr-FR","@id":"https:\/\/vosgesinfo.fr\/gerardmerinfo\/#\/schema\/logo\/image\/","url":"https:\/\/vosgesinfo.fr\/app\/uploads\/sites\/6\/2023\/08\/favicon-gerardmerinfo.png","contentUrl":"https:\/\/vosgesinfo.fr\/app\/uploads\/sites\/6\/2023\/08\/favicon-gerardmerinfo.png","width":512,"height":512,"caption":"Gerardmer Info"},"image":{"@id":"https:\/\/vosgesinfo.fr\/gerardmerinfo\/#\/schema\/logo\/image\/"},"sameAs":["https:\/\/www.facebook.com\/profile.php?id=100049475262660","https:\/\/x.com\/VosgesInfo88","https:\/\/www.youtube.com\/@vosgesinfo"]},{"@type":"Person","@id":"https:\/\/vosgesinfo.fr\/gerardmerinfo\/#\/schema\/person\/e71c96759c2eeb9f2fd119fb453a7b89","name":"Vla","image":{"@type":"ImageObject","inLanguage":"fr-FR","@id":"https:\/\/vosgesinfo.fr\/gerardmerinfo\/#\/schema\/person\/image\/","url":"https:\/\/secure.gravatar.com\/avatar\/8d28ea69dae175a3960f717bf51069569f1832070fcf5515ce4eab05d86b72a0?s=96&d=mm&r=g","contentUrl":"https:\/\/secure.gravatar.com\/avatar\/8d28ea69dae175a3960f717bf51069569f1832070fcf5515ce4eab05d86b72a0?s=96&d=mm&r=g","caption":"Vla"},"url":"https:\/\/vosgesinfo.fr\/gerardmerinfo\/author\/vla\/"}]}},"_links":{"self":[{"href":"https:\/\/vosgesinfo.fr\/gerardmerinfo\/wp-json\/wp\/v2\/posts\/11782","targetHints":{"allow":["GET"]}}],"collection":[{"href":"https:\/\/vosgesinfo.fr\/gerardmerinfo\/wp-json\/wp\/v2\/posts"}],"about":[{"href":"https:\/\/vosgesinfo.fr\/gerardmerinfo\/wp-json\/wp\/v2\/types\/post"}],"author":[{"embeddable":true,"href":"https:\/\/vosgesinfo.fr\/gerardmerinfo\/wp-json\/wp\/v2\/users\/45"}],"replies":[{"embeddable":true,"href":"https:\/\/vosgesinfo.fr\/gerardmerinfo\/wp-json\/wp\/v2\/comments?post=11782"}],"version-history":[{"count":0,"href":"https:\/\/vosgesinfo.fr\/gerardmerinfo\/wp-json\/wp\/v2\/posts\/11782\/revisions"}],"wp:attachment":[{"href":"https:\/\/vosgesinfo.fr\/gerardmerinfo\/wp-json\/wp\/v2\/media?parent=11782"}],"wp:term":[{"taxonomy":"category","embeddable":true,"href":"https:\/\/vosgesinfo.fr\/gerardmerinfo\/wp-json\/wp\/v2\/categories?post=11782"},{"taxonomy":"post_tag","embeddable":true,"href":"https:\/\/vosgesinfo.fr\/gerardmerinfo\/wp-json\/wp\/v2\/tags?post=11782"}],"curies":[{"name":"wp","href":"https:\/\/api.w.org\/{rel}","templated":true}]}}