{"id":11784,"date":"2014-09-19T18:20:09","date_gmt":"2014-09-19T16:20:09","guid":{"rendered":"https:\/\/vosgesinfo.fr\/gerardmerinfo\/2014\/09\/le-tour-un-vrai-travail-dequipe\/"},"modified":"2014-09-19T18:20:09","modified_gmt":"2014-09-19T16:20:09","slug":"le-tour-un-vrai-travail-dequipe","status":"publish","type":"post","link":"https:\/\/vosgesinfo.fr\/gerardmerinfo\/2014\/09\/le-tour-un-vrai-travail-dequipe\/","title":{"rendered":"Le Tour : un vrai travail d&rsquo;\u00e9quipe"},"content":{"rendered":"<p>&nbsp;<\/p>\n<p>[youtube]http:\/\/youtu.be\/T24mOtX_tfY[\/youtube]<\/p>\n<p><b>Jeudi soir, la Municipalit\u00e9 de G\u00e9rardmer avaient tenu \u00e0 organiser un petit pot destin\u00e9 \u00e0 remercier les b\u00e9n\u00e9voles du Tour du France.<\/b><\/p>\n<p>&nbsp;<\/p>\n Le maire Stessy Speissmann a chaleureusement remerci\u00e9 les b\u00e9n\u00e9voles du tour en leur rappelant de bien se reposer avant le retour de cet \u00e9v\u00e9nement sportif majeur \u00e0 G\u00e9rardmer\n<p>Enfin, petit, ce n&rsquo;est pas tout \u00e0 fait le mot. La Ville avait bien fait les choses et le buffet \u00e9tait all\u00e9chant. Mais avant de se r\u00e9galer, l&rsquo;occasion \u00e9tait trop belle de revenir sur ce bel \u00e9v\u00e9nement sportif accueilli en juillet dernier en perle des Vosges. Et une fois n&rsquo;est pas coutume, le maire Stessy Speissmann a tenu \u00e0 remercier l&rsquo;ensemble des partenaires de l&rsquo;\u00e9v\u00e9nement, les associations locales, le personnel communal, les \u00e9lus du nouveau et de l&rsquo;ancien Conseil Municipal \u00e0 commencer par Jean-Paul Lambert son pr\u00e9d\u00e9cesseur, bref, tous ceux qui ont contribu\u00e9 \u00e0 la r\u00e9ussite de cette \u00e9tape g\u00e9r\u00f4moise (voir vid\u00e9o), \u00e0 commencer par les nombreux b\u00e9n\u00e9voles engag\u00e9s dans l&rsquo;aventure.<\/p>\n<p>Pourquoi citer tout le monde\u00a0? Car ce fut un v\u00e9ritable travail d&rsquo;\u00e9quipe, une m\u00e9canique qui n&rsquo;a pas rouill\u00e9e malgr\u00e9 la pluie. Une m\u00e9t\u00e9o qui n&rsquo;a d&rsquo;ailleurs entam\u00e9 le moral de personne, qu&rsquo;il s&rsquo;agisse des nombreux spectateurs du Tour qui s&rsquo;\u00e9taient d\u00e9plac\u00e9s, ou encore des b\u00e9n\u00e9voles, encore eux\u00a0! \u00ab\u00a0Ils se sont investis pour l&rsquo;\u00e9conomie de G\u00e9rardmer, son attractivit\u00e9 et celles de ses alentours. Il ont port\u00e9 la joie et le bonheur malgr\u00e9 le temps et ils ont montr\u00e9 qu&rsquo;\u00e0 G\u00e9rardmer, \u00e0 l&rsquo;heure o\u00f9 l&rsquo;individualisme semble prendre le pas sur les initiatives collectives, nous savons nous r\u00e9unir, nous rassembler\u00a0\u00bb, a soulign\u00e9 le premier magistrat de la Perle.<\/p>\n<p>Et de conclure\u00a0: \u00ab\u00a0Reposez-vous bien, car le directeur du Tour de France nous a assur\u00e9s que le Tour reviendrait bient\u00f4t \u00e0 G\u00e9rardmer\u00a0\u00bb. Bient\u00f4t, comprenez sans doute avant la fin du mandat de Stessy Speissmann&#8230; Affaire \u00e0 suivre de pr\u00e8s !!<\/p>\n Quelques 150 personnes \u00e9taient attendues \u00e0 l&rsquo;Espace LAC\n<p>&nbsp;<\/p>\n","protected":false},"excerpt":{"rendered":"<p>&nbsp; [youtube]http:\/\/youtu.be\/T24mOtX_tfY[\/youtube] Jeudi soir, la Municipalit\u00e9 de G\u00e9rardmer avaient tenu \u00e0 organiser un petit pot destin\u00e9 \u00e0 remercier les b\u00e9n\u00e9voles [&hellip;]<\/p>\n","protected":false},"author":42,"featured_media":0,"comment_status":"open","ping_status":"open","sticky":false,"template":"","format":"standard","meta":{"footnotes":""},"categories":[24,25,14],"tags":[],"class_list":["post-11784","post","type-post","status-publish","format-standard","hentry","category-evenements","category-gerardmer","category-sport"],"acf":[],"yoast_head":"<!-- This site is optimized with the Yoast SEO plugin v22.5 - https:\/\/yoast.com\/wordpress\/plugins\/seo\/ -->\n<title>Le Tour : un vrai travail d&#039;\u00e9quipe - Gerardmer Info<\/title>\n<meta name=\"robots\" content=\"index, follow, max-snippet:-1, max-image-preview:large, max-video-preview:-1\" \/>\n<link rel=\"canonical\" href=\"https:\/\/vosgesinfo.fr\/gerardmerinfo\/2014\/09\/le-tour-un-vrai-travail-dequipe\/\" \/>\n<meta name=\"twitter:card\" content=\"summary_large_image\" \/>\n<meta name=\"twitter:title\" content=\"Le Tour : un vrai travail d&#039;\u00e9quipe - Gerardmer Info\" \/>\n<meta name=\"twitter:description\" content=\"&nbsp; [youtube]http:\/\/youtu.be\/T24mOtX_tfY[\/youtube] Jeudi soir, la Municipalit\u00e9 de G\u00e9rardmer avaient tenu \u00e0 organiser un petit pot destin\u00e9 \u00e0 remercier les b\u00e9n\u00e9voles [&hellip;]\" \/>\n<meta name=\"twitter:creator\" content=\"@VosgesInfo88\" \/>\n<meta name=\"twitter:site\" content=\"@VosgesInfo88\" \/>\n<meta name=\"twitter:label1\" content=\"\u00c9crit par\" \/>\n\t<meta name=\"twitter:data1\" content=\"QG\" \/>\n\t<meta name=\"twitter:label2\" content=\"Dur\u00e9e de lecture estim\u00e9e\" \/>\n\t<meta name=\"twitter:data2\" content=\"2 minutes\" \/>\n<script type=\"application\/ld+json\" class=\"yoast-schema-graph\">{\"@context\":\"https:\/\/schema.org\",\"@graph\":[{\"@type\":\"Article\",\"@id\":\"https:\/\/vosgesinfo.fr\/gerardmerinfo\/2014\/09\/le-tour-un-vrai-travail-dequipe\/#article\",\"isPartOf\":{\"@id\":\"https:\/\/vosgesinfo.fr\/gerardmerinfo\/2014\/09\/le-tour-un-vrai-travail-dequipe\/\"},\"author\":{\"name\":\"QG\",\"@id\":\"https:\/\/vosgesinfo.fr\/gerardmerinfo\/#\/schema\/person\/db5605779a843dad16b5368f3e7613a5\"},\"headline\":\"Le Tour : un vrai travail d&rsquo;\u00e9quipe\",\"datePublished\":\"2014-09-19T16:20:09+00:00\",\"dateModified\":\"2014-09-19T16:20:09+00:00\",\"mainEntityOfPage\":{\"@id\":\"https:\/\/vosgesinfo.fr\/gerardmerinfo\/2014\/09\/le-tour-un-vrai-travail-dequipe\/\"},\"wordCount\":387,\"commentCount\":0,\"publisher\":{\"@id\":\"https:\/\/vosgesinfo.fr\/gerardmerinfo\/#organization\"},\"articleSection\":[\"Ev\u00e8nements\",\"G\u00e9rardmer\",\"Sport\"],\"inLanguage\":\"fr-FR\",\"potentialAction\":[{\"@type\":\"CommentAction\",\"name\":\"Comment\",\"target\":[\"https:\/\/vosgesinfo.fr\/gerardmerinfo\/2014\/09\/le-tour-un-vrai-travail-dequipe\/#respond\"]}]},{\"@type\":\"WebPage\",\"@id\":\"https:\/\/vosgesinfo.fr\/gerardmerinfo\/2014\/09\/le-tour-un-vrai-travail-dequipe\/\",\"url\":\"https:\/\/vosgesinfo.fr\/gerardmerinfo\/2014\/09\/le-tour-un-vrai-travail-dequipe\/\",\"name\":\"Le Tour : un vrai travail d'\u00e9quipe - Gerardmer Info\",\"isPartOf\":{\"@id\":\"https:\/\/vosgesinfo.fr\/gerardmerinfo\/#website\"},\"datePublished\":\"2014-09-19T16:20:09+00:00\",\"dateModified\":\"2014-09-19T16:20:09+00:00\",\"breadcrumb\":{\"@id\":\"https:\/\/vosgesinfo.fr\/gerardmerinfo\/2014\/09\/le-tour-un-vrai-travail-dequipe\/#breadcrumb\"},\"inLanguage\":\"fr-FR\",\"potentialAction\":[{\"@type\":\"ReadAction\",\"target\":[\"https:\/\/vosgesinfo.fr\/gerardmerinfo\/2014\/09\/le-tour-un-vrai-travail-dequipe\/\"]}]},{\"@type\":\"BreadcrumbList\",\"@id\":\"https:\/\/vosgesinfo.fr\/gerardmerinfo\/2014\/09\/le-tour-un-vrai-travail-dequipe\/#breadcrumb\",\"itemListElement\":[{\"@type\":\"ListItem\",\"position\":1,\"name\":\"Home\",\"item\":\"https:\/\/vosgesinfo.fr\/gerardmerinfo\/\"},{\"@type\":\"ListItem\",\"position\":2,\"name\":\"Le Tour : un vrai travail d&rsquo;\u00e9quipe\"}]},{\"@type\":\"WebSite\",\"@id\":\"https:\/\/vosgesinfo.fr\/gerardmerinfo\/#website\",\"url\":\"https:\/\/vosgesinfo.fr\/gerardmerinfo\/\",\"name\":\"Gerardmer Info\",\"description\":\"Toute l&#039;actualit\u00e9 de G\u00e9rardmer\",\"publisher\":{\"@id\":\"https:\/\/vosgesinfo.fr\/gerardmerinfo\/#organization\"},\"alternateName\":\"Toute l'actualit\u00e9 de G\u00e9rardmer\",\"potentialAction\":[{\"@type\":\"SearchAction\",\"target\":{\"@type\":\"EntryPoint\",\"urlTemplate\":\"https:\/\/vosgesinfo.fr\/gerardmerinfo\/?s={search_term_string}\"},\"query-input\":\"required name=search_term_string\"}],\"inLanguage\":\"fr-FR\"},{\"@type\":\"Organization\",\"@id\":\"https:\/\/vosgesinfo.fr\/gerardmerinfo\/#organization\",\"name\":\"Gerardmer Info\",\"url\":\"https:\/\/vosgesinfo.fr\/gerardmerinfo\/\",\"logo\":{\"@type\":\"ImageObject\",\"inLanguage\":\"fr-FR\",\"@id\":\"https:\/\/vosgesinfo.fr\/gerardmerinfo\/#\/schema\/logo\/image\/\",\"url\":\"https:\/\/vosgesinfo.fr\/app\/uploads\/sites\/6\/2023\/08\/favicon-gerardmerinfo.png\",\"contentUrl\":\"https:\/\/vosgesinfo.fr\/app\/uploads\/sites\/6\/2023\/08\/favicon-gerardmerinfo.png\",\"width\":512,\"height\":512,\"caption\":\"Gerardmer Info\"},\"image\":{\"@id\":\"https:\/\/vosgesinfo.fr\/gerardmerinfo\/#\/schema\/logo\/image\/\"},\"sameAs\":[\"https:\/\/www.facebook.com\/profile.php?id=100049475262660\",\"https:\/\/x.com\/VosgesInfo88\",\"https:\/\/www.youtube.com\/@vosgesinfo\"]},{\"@type\":\"Person\",\"@id\":\"https:\/\/vosgesinfo.fr\/gerardmerinfo\/#\/schema\/person\/db5605779a843dad16b5368f3e7613a5\",\"name\":\"QG\",\"image\":{\"@type\":\"ImageObject\",\"inLanguage\":\"fr-FR\",\"@id\":\"https:\/\/vosgesinfo.fr\/gerardmerinfo\/#\/schema\/person\/image\/\",\"url\":\"https:\/\/secure.gravatar.com\/avatar\/ea80c42c204b534408512832fde52504ecabb9706bcb6151cf6175e5b64e6793?s=96&d=mm&r=g\",\"contentUrl\":\"https:\/\/secure.gravatar.com\/avatar\/ea80c42c204b534408512832fde52504ecabb9706bcb6151cf6175e5b64e6793?s=96&d=mm&r=g\",\"caption\":\"QG\"},\"url\":\"https:\/\/vosgesinfo.fr\/gerardmerinfo\/author\/quentin88\/\"}]}<\/script>\n<!-- \/ Yoast SEO plugin. -->","yoast_head_json":{"title":"Le Tour : un vrai travail d'\u00e9quipe - Gerardmer Info","robots":{"index":"index","follow":"follow","max-snippet":"max-snippet:-1","max-image-preview":"max-image-preview:large","max-video-preview":"max-video-preview:-1"},"canonical":"https:\/\/vosgesinfo.fr\/gerardmerinfo\/2014\/09\/le-tour-un-vrai-travail-dequipe\/","twitter_card":"summary_large_image","twitter_title":"Le Tour : un vrai travail d'\u00e9quipe - Gerardmer Info","twitter_description":"&nbsp; [youtube]http:\/\/youtu.be\/T24mOtX_tfY[\/youtube] Jeudi soir, la Municipalit\u00e9 de G\u00e9rardmer avaient tenu \u00e0 organiser un petit pot destin\u00e9 \u00e0 remercier les b\u00e9n\u00e9voles [&hellip;]","twitter_creator":"@VosgesInfo88","twitter_site":"@VosgesInfo88","twitter_misc":{"\u00c9crit par":"QG","Dur\u00e9e de lecture estim\u00e9e":"2 minutes"},"schema":{"@context":"https:\/\/schema.org","@graph":[{"@type":"Article","@id":"https:\/\/vosgesinfo.fr\/gerardmerinfo\/2014\/09\/le-tour-un-vrai-travail-dequipe\/#article","isPartOf":{"@id":"https:\/\/vosgesinfo.fr\/gerardmerinfo\/2014\/09\/le-tour-un-vrai-travail-dequipe\/"},"author":{"name":"QG","@id":"https:\/\/vosgesinfo.fr\/gerardmerinfo\/#\/schema\/person\/db5605779a843dad16b5368f3e7613a5"},"headline":"Le Tour : un vrai travail d&rsquo;\u00e9quipe","datePublished":"2014-09-19T16:20:09+00:00","dateModified":"2014-09-19T16:20:09+00:00","mainEntityOfPage":{"@id":"https:\/\/vosgesinfo.fr\/gerardmerinfo\/2014\/09\/le-tour-un-vrai-travail-dequipe\/"},"wordCount":387,"commentCount":0,"publisher":{"@id":"https:\/\/vosgesinfo.fr\/gerardmerinfo\/#organization"},"articleSection":["Ev\u00e8nements","G\u00e9rardmer","Sport"],"inLanguage":"fr-FR","potentialAction":[{"@type":"CommentAction","name":"Comment","target":["https:\/\/vosgesinfo.fr\/gerardmerinfo\/2014\/09\/le-tour-un-vrai-travail-dequipe\/#respond"]}]},{"@type":"WebPage","@id":"https:\/\/vosgesinfo.fr\/gerardmerinfo\/2014\/09\/le-tour-un-vrai-travail-dequipe\/","url":"https:\/\/vosgesinfo.fr\/gerardmerinfo\/2014\/09\/le-tour-un-vrai-travail-dequipe\/","name":"Le Tour : un vrai travail d'\u00e9quipe - Gerardmer Info","isPartOf":{"@id":"https:\/\/vosgesinfo.fr\/gerardmerinfo\/#website"},"datePublished":"2014-09-19T16:20:09+00:00","dateModified":"2014-09-19T16:20:09+00:00","breadcrumb":{"@id":"https:\/\/vosgesinfo.fr\/gerardmerinfo\/2014\/09\/le-tour-un-vrai-travail-dequipe\/#breadcrumb"},"inLanguage":"fr-FR","potentialAction":[{"@type":"ReadAction","target":["https:\/\/vosgesinfo.fr\/gerardmerinfo\/2014\/09\/le-tour-un-vrai-travail-dequipe\/"]}]},{"@type":"BreadcrumbList","@id":"https:\/\/vosgesinfo.fr\/gerardmerinfo\/2014\/09\/le-tour-un-vrai-travail-dequipe\/#breadcrumb","itemListElement":[{"@type":"ListItem","position":1,"name":"Home","item":"https:\/\/vosgesinfo.fr\/gerardmerinfo\/"},{"@type":"ListItem","position":2,"name":"Le Tour : un vrai travail d&rsquo;\u00e9quipe"}]},{"@type":"WebSite","@id":"https:\/\/vosgesinfo.fr\/gerardmerinfo\/#website","url":"https:\/\/vosgesinfo.fr\/gerardmerinfo\/","name":"Gerardmer Info","description":"Toute l&#039;actualit\u00e9 de G\u00e9rardmer","publisher":{"@id":"https:\/\/vosgesinfo.fr\/gerardmerinfo\/#organization"},"alternateName":"Toute l'actualit\u00e9 de G\u00e9rardmer","potentialAction":[{"@type":"SearchAction","target":{"@type":"EntryPoint","urlTemplate":"https:\/\/vosgesinfo.fr\/gerardmerinfo\/?s={search_term_string}"},"query-input":"required name=search_term_string"}],"inLanguage":"fr-FR"},{"@type":"Organization","@id":"https:\/\/vosgesinfo.fr\/gerardmerinfo\/#organization","name":"Gerardmer Info","url":"https:\/\/vosgesinfo.fr\/gerardmerinfo\/","logo":{"@type":"ImageObject","inLanguage":"fr-FR","@id":"https:\/\/vosgesinfo.fr\/gerardmerinfo\/#\/schema\/logo\/image\/","url":"https:\/\/vosgesinfo.fr\/app\/uploads\/sites\/6\/2023\/08\/favicon-gerardmerinfo.png","contentUrl":"https:\/\/vosgesinfo.fr\/app\/uploads\/sites\/6\/2023\/08\/favicon-gerardmerinfo.png","width":512,"height":512,"caption":"Gerardmer Info"},"image":{"@id":"https:\/\/vosgesinfo.fr\/gerardmerinfo\/#\/schema\/logo\/image\/"},"sameAs":["https:\/\/www.facebook.com\/profile.php?id=100049475262660","https:\/\/x.com\/VosgesInfo88","https:\/\/www.youtube.com\/@vosgesinfo"]},{"@type":"Person","@id":"https:\/\/vosgesinfo.fr\/gerardmerinfo\/#\/schema\/person\/db5605779a843dad16b5368f3e7613a5","name":"QG","image":{"@type":"ImageObject","inLanguage":"fr-FR","@id":"https:\/\/vosgesinfo.fr\/gerardmerinfo\/#\/schema\/person\/image\/","url":"https:\/\/secure.gravatar.com\/avatar\/ea80c42c204b534408512832fde52504ecabb9706bcb6151cf6175e5b64e6793?s=96&d=mm&r=g","contentUrl":"https:\/\/secure.gravatar.com\/avatar\/ea80c42c204b534408512832fde52504ecabb9706bcb6151cf6175e5b64e6793?s=96&d=mm&r=g","caption":"QG"},"url":"https:\/\/vosgesinfo.fr\/gerardmerinfo\/author\/quentin88\/"}]}},"_links":{"self":[{"href":"https:\/\/vosgesinfo.fr\/gerardmerinfo\/wp-json\/wp\/v2\/posts\/11784","targetHints":{"allow":["GET"]}}],"collection":[{"href":"https:\/\/vosgesinfo.fr\/gerardmerinfo\/wp-json\/wp\/v2\/posts"}],"about":[{"href":"https:\/\/vosgesinfo.fr\/gerardmerinfo\/wp-json\/wp\/v2\/types\/post"}],"author":[{"embeddable":true,"href":"https:\/\/vosgesinfo.fr\/gerardmerinfo\/wp-json\/wp\/v2\/users\/42"}],"replies":[{"embeddable":true,"href":"https:\/\/vosgesinfo.fr\/gerardmerinfo\/wp-json\/wp\/v2\/comments?post=11784"}],"version-history":[{"count":0,"href":"https:\/\/vosgesinfo.fr\/gerardmerinfo\/wp-json\/wp\/v2\/posts\/11784\/revisions"}],"wp:attachment":[{"href":"https:\/\/vosgesinfo.fr\/gerardmerinfo\/wp-json\/wp\/v2\/media?parent=11784"}],"wp:term":[{"taxonomy":"category","embeddable":true,"href":"https:\/\/vosgesinfo.fr\/gerardmerinfo\/wp-json\/wp\/v2\/categories?post=11784"},{"taxonomy":"post_tag","embeddable":true,"href":"https:\/\/vosgesinfo.fr\/gerardmerinfo\/wp-json\/wp\/v2\/tags?post=11784"}],"curies":[{"name":"wp","href":"https:\/\/api.w.org\/{rel}","templated":true}]}}