{"id":11786,"date":"2014-09-20T15:51:52","date_gmt":"2014-09-20T13:51:52","guid":{"rendered":"https:\/\/vosgesinfo.fr\/gerardmerinfo\/2014\/09\/les-constructeurs-lancent-la-fete-des-jonquilles\/"},"modified":"2014-09-20T15:51:52","modified_gmt":"2014-09-20T13:51:52","slug":"les-constructeurs-lancent-la-fete-des-jonquilles","status":"publish","type":"post","link":"https:\/\/vosgesinfo.fr\/gerardmerinfo\/2014\/09\/les-constructeurs-lancent-la-fete-des-jonquilles\/","title":{"rendered":"Les constructeurs lancent la F\u00eate des Jonquilles"},"content":{"rendered":"<p>&nbsp;<\/p>\n la pr\u00e9sidente de la SDF Nicole Curtit aupr\u00e8s des \u00e9lues\n<p>La 47\u00e8me \u00e9dition de la F\u00eate des Jonquilles est sur les rails\u00a0 avec la premi\u00e8re r\u00e9union des constructeurs de chars qui s&rsquo;est d\u00e9roul\u00e9e vendredi soir en mairie. La manifestation est une v\u00e9ritable institution dans le paysage culturel local pour preuve la belle assistance pr\u00e9sente\u00a0 afin de participer au d\u00e9bat men\u00e9\u00a0 par Nicole Curtit pr\u00e9sidente de la soci\u00e9t\u00e9 des f\u00eates.<\/p>\n<p>Au menu de la soir\u00e9e, responsables de l\u2019\u00e9v\u00e9nement et constructeurs\u00a0 sont revenus sur l&rsquo;aspect r\u00e9glementaire et pratique de la mise en sc\u00e8ne du\u00a0 corso fleuri qui aura lieu le 12 avril 2015 avec pourtant, avant de rentrer dans le d\u00e9tail, un l\u00e9ger d\u00e9saccord en ce qui concerne une association sur le montant des prix distribu\u00e9s\u00a0 l&rsquo;an dernier. Nicole Curtit s&rsquo;est d\u2019ailleurs \u00e9tonn\u00e9e d&rsquo;un tel diff\u00e9rentiel d&rsquo;une ann\u00e9e sur l&rsquo;autre !<\/p>\n<p>Bref, au del\u00e0\u00a0 de cet aspect \u00ab\u00a0cuisine interne\u00a0\u00bb, la pr\u00e9sidente a pass\u00e9 la parole \u00e0 Fernand Grandemange, grand logisticien de la SDF. Ce dernier a pr\u00e9cis\u00e9 que 24 constructeurs, \u00e0 titre individuel ou associatif sont d\u00e9j\u00e0 d\u00e9clar\u00e9s\u00a0 officiellement. Pas mal pour une manifestation que certains voudraient vieillissante et obsol\u00e8te dans notre soci\u00e9t\u00e9 num\u00e9rique. Et bien non, la d\u00e9merde, la bricole de g\u00e9nie a toujours et aura toujours sa place dans\u00a0 votre environnement direct&#8230;C&rsquo;est toute la beaut\u00e9 de la F\u00eate et\u00a0 tout son int\u00e9r\u00eat \u00e0 l&rsquo;image de ce que peuvent produire aujourd&rsquo;hui les artisans et les PME dans l\u2019hexagone : on ne le dira jamais assez.<\/p>\n<p>De l&rsquo;implication, toujours de l&rsquo;implication \u00e0 l&rsquo;image d&rsquo;un nouveau venu dans le giron des constructeurs avec\u00a0 l\u2019association m\u00e9dico-social du Beillard ou CHRS\u00a0 qui cherche un tuteur, un soudeur afin de mener \u00e0 bien la construction d&rsquo;une structure fixe ou mobile avec ses r\u00e9sidents. L&rsquo;appel est lanc\u00e9 ( prendre contact avec la SDF).<\/p>\n Les constructeurs de chars sont d\u00e9j\u00e0 mobilis\u00e9s\n<p>Sinon, avant m\u00eame d&rsquo;investir les locaux de l&rsquo;ancienne abattoir\u00a0 par les Mac Givers g\u00e9r\u00f4mois,\u00a0 Fernand Grandemande a \u00e9voqu\u00e9 l\u2019achat et le stockage des mat\u00e9riaux.\u00a0\u00bb N<em>ous avons r\u00e9cup\u00e9r\u00e9\u00a0 des barres de fer \u00e0 b\u00e9ton lisse c\u00e9d\u00e9e \u00e0 bon prix<\/em> \u00a0\u00bb conc\u00e8de le b\u00e9n\u00e9vole\u00a0\u00bb l<em>e stock de grillage est reconstitu\u00e9,\u00a0 par contre en ce qui concerne les agrafes, il faudra faire\u00a0 avec ce que nous avons. Celles ci sont aujourd&rsquo;hui fabriqu\u00e9es en chine et nous ne pouvons pas avoir de prix dans la mesure o\u00f9\u00a0 nous ne sommes pas dans la chaine des revendeurs. Donc je vous demande de m\u00e9nager la camelote au risque de revenir \u00e0 des gestes ancestraux avec pince et fil de fer\u00a0\u00bb.<\/em><\/p>\n<p>La pr\u00e9sidente Nicole Curtit a pour sa part \u00e9voqu\u00e9 avec les \u00e9lus Nadine Bassi\u00e8re et Anne Chwaliszweski le stockage des jonquilles : une partie des locaux de la SDF, rue de Lorraine\u00a0 \u00e9tant partiellement occup\u00e9e par les services municipaux. Le probl\u00e8me est r\u00e9el seulement 3 jours\u00a0 et devrait \u00eatre r\u00e9solu bien avant les beaux jours prochains et la cueillette. \u00a0\u00bb A<em>vec l&rsquo;espoir de ne pas devoir acheter des fleurs en Hollande comme l&rsquo;an denier &lsquo;<\/em> commente Nicole Curtit qui attend \u00e9galement l&rsquo;aval de l&rsquo;Office\u00a0 National des For\u00eats dans le cadre du glanage des v\u00e9g\u00e9taux en sous- bois. Eh oui, organiser une F\u00eate des Jonquilles n&rsquo;est pas aussi simple qu&rsquo;il n&rsquo;y parait. Une foultitude de d\u00e9tails doit \u00eatre prise en compte et r\u00e9solue presque au quotidien par l\u2019ar\u00e9opage de b\u00e9n\u00e9voles impliqu\u00e9s qu&rsquo;il soient cot\u00e9 sc\u00e8ne ou coulisse.<\/p>\n<p>Une chose est s\u00fbre, l&rsquo;\u00e9dition 2015 est belle et bien lanc\u00e9e et pour tous ceux qui ont l&rsquo;ambition de rejoindre le groupe de travail,\u00a0 il est toujours possible de contacter la SDF.<\/p>\n","protected":false},"excerpt":{"rendered":"<p>&nbsp; La 47\u00e8me \u00e9dition de la F\u00eate des Jonquilles est sur les rails\u00a0 avec la premi\u00e8re r\u00e9union des constructeurs de [&hellip;]<\/p>\n","protected":false},"author":1,"featured_media":0,"comment_status":"open","ping_status":"open","sticky":false,"template":"","format":"standard","meta":{"footnotes":""},"categories":[17],"tags":[],"class_list":["post-11786","post","type-post","status-publish","format-standard","hentry","category-vie-associative"],"acf":[],"yoast_head":"<!-- This site is optimized with the Yoast SEO plugin v22.5 - https:\/\/yoast.com\/wordpress\/plugins\/seo\/ -->\n<title>Les constructeurs lancent la F\u00eate des Jonquilles - Gerardmer Info<\/title>\n<meta name=\"robots\" content=\"index, follow, max-snippet:-1, max-image-preview:large, max-video-preview:-1\" \/>\n<link rel=\"canonical\" href=\"https:\/\/vosgesinfo.fr\/gerardmerinfo\/2014\/09\/les-constructeurs-lancent-la-fete-des-jonquilles\/\" \/>\n<meta name=\"twitter:card\" content=\"summary_large_image\" \/>\n<meta name=\"twitter:title\" content=\"Les constructeurs lancent la F\u00eate des Jonquilles - Gerardmer Info\" \/>\n<meta name=\"twitter:description\" content=\"&nbsp; La 47\u00e8me \u00e9dition de la F\u00eate des Jonquilles est sur les rails\u00a0 avec la premi\u00e8re r\u00e9union des constructeurs de [&hellip;]\" \/>\n<meta name=\"twitter:creator\" content=\"@VosgesInfo88\" \/>\n<meta name=\"twitter:site\" content=\"@VosgesInfo88\" \/>\n<meta name=\"twitter:label1\" content=\"\u00c9crit par\" \/>\n\t<meta name=\"twitter:data1\" content=\"qs_admin\" \/>\n\t<meta name=\"twitter:label2\" content=\"Dur\u00e9e de lecture estim\u00e9e\" \/>\n\t<meta name=\"twitter:data2\" content=\"3 minutes\" \/>\n<script type=\"application\/ld+json\" class=\"yoast-schema-graph\">{\"@context\":\"https:\/\/schema.org\",\"@graph\":[{\"@type\":\"Article\",\"@id\":\"https:\/\/vosgesinfo.fr\/gerardmerinfo\/2014\/09\/les-constructeurs-lancent-la-fete-des-jonquilles\/#article\",\"isPartOf\":{\"@id\":\"https:\/\/vosgesinfo.fr\/gerardmerinfo\/2014\/09\/les-constructeurs-lancent-la-fete-des-jonquilles\/\"},\"author\":{\"name\":\"qs_admin\",\"@id\":\"https:\/\/vosgesinfo.fr\/gerardmerinfo\/#\/schema\/person\/bc5d02d71e6932e81b6dadb7386667b1\"},\"headline\":\"Les constructeurs lancent la F\u00eate des Jonquilles\",\"datePublished\":\"2014-09-20T13:51:52+00:00\",\"dateModified\":\"2014-09-20T13:51:52+00:00\",\"mainEntityOfPage\":{\"@id\":\"https:\/\/vosgesinfo.fr\/gerardmerinfo\/2014\/09\/les-constructeurs-lancent-la-fete-des-jonquilles\/\"},\"wordCount\":698,\"commentCount\":0,\"publisher\":{\"@id\":\"https:\/\/vosgesinfo.fr\/gerardmerinfo\/#organization\"},\"articleSection\":[\"Vie Associative\"],\"inLanguage\":\"fr-FR\",\"potentialAction\":[{\"@type\":\"CommentAction\",\"name\":\"Comment\",\"target\":[\"https:\/\/vosgesinfo.fr\/gerardmerinfo\/2014\/09\/les-constructeurs-lancent-la-fete-des-jonquilles\/#respond\"]}]},{\"@type\":\"WebPage\",\"@id\":\"https:\/\/vosgesinfo.fr\/gerardmerinfo\/2014\/09\/les-constructeurs-lancent-la-fete-des-jonquilles\/\",\"url\":\"https:\/\/vosgesinfo.fr\/gerardmerinfo\/2014\/09\/les-constructeurs-lancent-la-fete-des-jonquilles\/\",\"name\":\"Les constructeurs lancent la F\u00eate des Jonquilles - Gerardmer Info\",\"isPartOf\":{\"@id\":\"https:\/\/vosgesinfo.fr\/gerardmerinfo\/#website\"},\"datePublished\":\"2014-09-20T13:51:52+00:00\",\"dateModified\":\"2014-09-20T13:51:52+00:00\",\"breadcrumb\":{\"@id\":\"https:\/\/vosgesinfo.fr\/gerardmerinfo\/2014\/09\/les-constructeurs-lancent-la-fete-des-jonquilles\/#breadcrumb\"},\"inLanguage\":\"fr-FR\",\"potentialAction\":[{\"@type\":\"ReadAction\",\"target\":[\"https:\/\/vosgesinfo.fr\/gerardmerinfo\/2014\/09\/les-constructeurs-lancent-la-fete-des-jonquilles\/\"]}]},{\"@type\":\"BreadcrumbList\",\"@id\":\"https:\/\/vosgesinfo.fr\/gerardmerinfo\/2014\/09\/les-constructeurs-lancent-la-fete-des-jonquilles\/#breadcrumb\",\"itemListElement\":[{\"@type\":\"ListItem\",\"position\":1,\"name\":\"Home\",\"item\":\"https:\/\/vosgesinfo.fr\/gerardmerinfo\/\"},{\"@type\":\"ListItem\",\"position\":2,\"name\":\"Les constructeurs lancent la F\u00eate des Jonquilles\"}]},{\"@type\":\"WebSite\",\"@id\":\"https:\/\/vosgesinfo.fr\/gerardmerinfo\/#website\",\"url\":\"https:\/\/vosgesinfo.fr\/gerardmerinfo\/\",\"name\":\"Gerardmer Info\",\"description\":\"Toute l&#039;actualit\u00e9 de G\u00e9rardmer\",\"publisher\":{\"@id\":\"https:\/\/vosgesinfo.fr\/gerardmerinfo\/#organization\"},\"alternateName\":\"Toute l'actualit\u00e9 de G\u00e9rardmer\",\"potentialAction\":[{\"@type\":\"SearchAction\",\"target\":{\"@type\":\"EntryPoint\",\"urlTemplate\":\"https:\/\/vosgesinfo.fr\/gerardmerinfo\/?s={search_term_string}\"},\"query-input\":\"required name=search_term_string\"}],\"inLanguage\":\"fr-FR\"},{\"@type\":\"Organization\",\"@id\":\"https:\/\/vosgesinfo.fr\/gerardmerinfo\/#organization\",\"name\":\"Gerardmer Info\",\"url\":\"https:\/\/vosgesinfo.fr\/gerardmerinfo\/\",\"logo\":{\"@type\":\"ImageObject\",\"inLanguage\":\"fr-FR\",\"@id\":\"https:\/\/vosgesinfo.fr\/gerardmerinfo\/#\/schema\/logo\/image\/\",\"url\":\"https:\/\/vosgesinfo.fr\/app\/uploads\/sites\/6\/2023\/08\/favicon-gerardmerinfo.png\",\"contentUrl\":\"https:\/\/vosgesinfo.fr\/app\/uploads\/sites\/6\/2023\/08\/favicon-gerardmerinfo.png\",\"width\":512,\"height\":512,\"caption\":\"Gerardmer Info\"},\"image\":{\"@id\":\"https:\/\/vosgesinfo.fr\/gerardmerinfo\/#\/schema\/logo\/image\/\"},\"sameAs\":[\"https:\/\/www.facebook.com\/profile.php?id=100049475262660\",\"https:\/\/x.com\/VosgesInfo88\",\"https:\/\/www.youtube.com\/@vosgesinfo\"]},{\"@type\":\"Person\",\"@id\":\"https:\/\/vosgesinfo.fr\/gerardmerinfo\/#\/schema\/person\/bc5d02d71e6932e81b6dadb7386667b1\",\"name\":\"qs_admin\",\"image\":{\"@type\":\"ImageObject\",\"inLanguage\":\"fr-FR\",\"@id\":\"https:\/\/vosgesinfo.fr\/gerardmerinfo\/#\/schema\/person\/image\/\",\"url\":\"https:\/\/secure.gravatar.com\/avatar\/94b18ee0ed79e4a42ea2f2931277b6841a8999fc6fde214600c78057cf1fe1de?s=96&d=mm&r=g\",\"contentUrl\":\"https:\/\/secure.gravatar.com\/avatar\/94b18ee0ed79e4a42ea2f2931277b6841a8999fc6fde214600c78057cf1fe1de?s=96&d=mm&r=g\",\"caption\":\"qs_admin\"},\"sameAs\":[\"https:\/\/vosgesinfo.fr\/wp\"],\"url\":\"https:\/\/vosgesinfo.fr\/gerardmerinfo\/author\/qs_admin\/\"}]}<\/script>\n<!-- \/ Yoast SEO plugin. -->","yoast_head_json":{"title":"Les constructeurs lancent la F\u00eate des Jonquilles - Gerardmer Info","robots":{"index":"index","follow":"follow","max-snippet":"max-snippet:-1","max-image-preview":"max-image-preview:large","max-video-preview":"max-video-preview:-1"},"canonical":"https:\/\/vosgesinfo.fr\/gerardmerinfo\/2014\/09\/les-constructeurs-lancent-la-fete-des-jonquilles\/","twitter_card":"summary_large_image","twitter_title":"Les constructeurs lancent la F\u00eate des Jonquilles - Gerardmer Info","twitter_description":"&nbsp; La 47\u00e8me \u00e9dition de la F\u00eate des Jonquilles est sur les rails\u00a0 avec la premi\u00e8re r\u00e9union des constructeurs de [&hellip;]","twitter_creator":"@VosgesInfo88","twitter_site":"@VosgesInfo88","twitter_misc":{"\u00c9crit par":"qs_admin","Dur\u00e9e de lecture estim\u00e9e":"3 minutes"},"schema":{"@context":"https:\/\/schema.org","@graph":[{"@type":"Article","@id":"https:\/\/vosgesinfo.fr\/gerardmerinfo\/2014\/09\/les-constructeurs-lancent-la-fete-des-jonquilles\/#article","isPartOf":{"@id":"https:\/\/vosgesinfo.fr\/gerardmerinfo\/2014\/09\/les-constructeurs-lancent-la-fete-des-jonquilles\/"},"author":{"name":"qs_admin","@id":"https:\/\/vosgesinfo.fr\/gerardmerinfo\/#\/schema\/person\/bc5d02d71e6932e81b6dadb7386667b1"},"headline":"Les constructeurs lancent la F\u00eate des Jonquilles","datePublished":"2014-09-20T13:51:52+00:00","dateModified":"2014-09-20T13:51:52+00:00","mainEntityOfPage":{"@id":"https:\/\/vosgesinfo.fr\/gerardmerinfo\/2014\/09\/les-constructeurs-lancent-la-fete-des-jonquilles\/"},"wordCount":698,"commentCount":0,"publisher":{"@id":"https:\/\/vosgesinfo.fr\/gerardmerinfo\/#organization"},"articleSection":["Vie Associative"],"inLanguage":"fr-FR","potentialAction":[{"@type":"CommentAction","name":"Comment","target":["https:\/\/vosgesinfo.fr\/gerardmerinfo\/2014\/09\/les-constructeurs-lancent-la-fete-des-jonquilles\/#respond"]}]},{"@type":"WebPage","@id":"https:\/\/vosgesinfo.fr\/gerardmerinfo\/2014\/09\/les-constructeurs-lancent-la-fete-des-jonquilles\/","url":"https:\/\/vosgesinfo.fr\/gerardmerinfo\/2014\/09\/les-constructeurs-lancent-la-fete-des-jonquilles\/","name":"Les constructeurs lancent la F\u00eate des Jonquilles - Gerardmer Info","isPartOf":{"@id":"https:\/\/vosgesinfo.fr\/gerardmerinfo\/#website"},"datePublished":"2014-09-20T13:51:52+00:00","dateModified":"2014-09-20T13:51:52+00:00","breadcrumb":{"@id":"https:\/\/vosgesinfo.fr\/gerardmerinfo\/2014\/09\/les-constructeurs-lancent-la-fete-des-jonquilles\/#breadcrumb"},"inLanguage":"fr-FR","potentialAction":[{"@type":"ReadAction","target":["https:\/\/vosgesinfo.fr\/gerardmerinfo\/2014\/09\/les-constructeurs-lancent-la-fete-des-jonquilles\/"]}]},{"@type":"BreadcrumbList","@id":"https:\/\/vosgesinfo.fr\/gerardmerinfo\/2014\/09\/les-constructeurs-lancent-la-fete-des-jonquilles\/#breadcrumb","itemListElement":[{"@type":"ListItem","position":1,"name":"Home","item":"https:\/\/vosgesinfo.fr\/gerardmerinfo\/"},{"@type":"ListItem","position":2,"name":"Les constructeurs lancent la F\u00eate des Jonquilles"}]},{"@type":"WebSite","@id":"https:\/\/vosgesinfo.fr\/gerardmerinfo\/#website","url":"https:\/\/vosgesinfo.fr\/gerardmerinfo\/","name":"Gerardmer Info","description":"Toute l&#039;actualit\u00e9 de G\u00e9rardmer","publisher":{"@id":"https:\/\/vosgesinfo.fr\/gerardmerinfo\/#organization"},"alternateName":"Toute l'actualit\u00e9 de G\u00e9rardmer","potentialAction":[{"@type":"SearchAction","target":{"@type":"EntryPoint","urlTemplate":"https:\/\/vosgesinfo.fr\/gerardmerinfo\/?s={search_term_string}"},"query-input":"required name=search_term_string"}],"inLanguage":"fr-FR"},{"@type":"Organization","@id":"https:\/\/vosgesinfo.fr\/gerardmerinfo\/#organization","name":"Gerardmer Info","url":"https:\/\/vosgesinfo.fr\/gerardmerinfo\/","logo":{"@type":"ImageObject","inLanguage":"fr-FR","@id":"https:\/\/vosgesinfo.fr\/gerardmerinfo\/#\/schema\/logo\/image\/","url":"https:\/\/vosgesinfo.fr\/app\/uploads\/sites\/6\/2023\/08\/favicon-gerardmerinfo.png","contentUrl":"https:\/\/vosgesinfo.fr\/app\/uploads\/sites\/6\/2023\/08\/favicon-gerardmerinfo.png","width":512,"height":512,"caption":"Gerardmer Info"},"image":{"@id":"https:\/\/vosgesinfo.fr\/gerardmerinfo\/#\/schema\/logo\/image\/"},"sameAs":["https:\/\/www.facebook.com\/profile.php?id=100049475262660","https:\/\/x.com\/VosgesInfo88","https:\/\/www.youtube.com\/@vosgesinfo"]},{"@type":"Person","@id":"https:\/\/vosgesinfo.fr\/gerardmerinfo\/#\/schema\/person\/bc5d02d71e6932e81b6dadb7386667b1","name":"qs_admin","image":{"@type":"ImageObject","inLanguage":"fr-FR","@id":"https:\/\/vosgesinfo.fr\/gerardmerinfo\/#\/schema\/person\/image\/","url":"https:\/\/secure.gravatar.com\/avatar\/94b18ee0ed79e4a42ea2f2931277b6841a8999fc6fde214600c78057cf1fe1de?s=96&d=mm&r=g","contentUrl":"https:\/\/secure.gravatar.com\/avatar\/94b18ee0ed79e4a42ea2f2931277b6841a8999fc6fde214600c78057cf1fe1de?s=96&d=mm&r=g","caption":"qs_admin"},"sameAs":["https:\/\/vosgesinfo.fr\/wp"],"url":"https:\/\/vosgesinfo.fr\/gerardmerinfo\/author\/qs_admin\/"}]}},"_links":{"self":[{"href":"https:\/\/vosgesinfo.fr\/gerardmerinfo\/wp-json\/wp\/v2\/posts\/11786","targetHints":{"allow":["GET"]}}],"collection":[{"href":"https:\/\/vosgesinfo.fr\/gerardmerinfo\/wp-json\/wp\/v2\/posts"}],"about":[{"href":"https:\/\/vosgesinfo.fr\/gerardmerinfo\/wp-json\/wp\/v2\/types\/post"}],"author":[{"embeddable":true,"href":"https:\/\/vosgesinfo.fr\/gerardmerinfo\/wp-json\/wp\/v2\/users\/1"}],"replies":[{"embeddable":true,"href":"https:\/\/vosgesinfo.fr\/gerardmerinfo\/wp-json\/wp\/v2\/comments?post=11786"}],"version-history":[{"count":0,"href":"https:\/\/vosgesinfo.fr\/gerardmerinfo\/wp-json\/wp\/v2\/posts\/11786\/revisions"}],"wp:attachment":[{"href":"https:\/\/vosgesinfo.fr\/gerardmerinfo\/wp-json\/wp\/v2\/media?parent=11786"}],"wp:term":[{"taxonomy":"category","embeddable":true,"href":"https:\/\/vosgesinfo.fr\/gerardmerinfo\/wp-json\/wp\/v2\/categories?post=11786"},{"taxonomy":"post_tag","embeddable":true,"href":"https:\/\/vosgesinfo.fr\/gerardmerinfo\/wp-json\/wp\/v2\/tags?post=11786"}],"curies":[{"name":"wp","href":"https:\/\/api.w.org\/{rel}","templated":true}]}}