{"id":11788,"date":"2014-09-21T16:58:08","date_gmt":"2014-09-21T14:58:08","guid":{"rendered":"https:\/\/vosgesinfo.fr\/gerardmerinfo\/2014\/09\/captain-guilhem-remet-les-voiles\/"},"modified":"2014-09-21T16:58:08","modified_gmt":"2014-09-21T14:58:08","slug":"captain-guilhem-remet-les-voiles","status":"publish","type":"post","link":"https:\/\/vosgesinfo.fr\/gerardmerinfo\/2014\/09\/captain-guilhem-remet-les-voiles\/","title":{"rendered":"Cap&rsquo;tain Guilhem remet les voiles"},"content":{"rendered":" Embarquement pour Guilhem&#8230;Papa Lulu n&rsquo;est pas loin pour la man\u0153uvre laiss\u00e9e aux moniteurs de la Base Nautique\n<p>Qui ne connait pas Cap&rsquo;tain Guilhem \u00e0 G\u00e9rardmer&#8230;. Guilhem Voirin.\u00a0 Un voileux, un vrai,\u00a0 accompli tels les plus grands r\u00e9gatiers fran\u00e7ais et locaux puisque depuis des ann\u00e9es le jeune g\u00e9r\u00f4mois handicap\u00e9 \u00e9volue sur le lac avec son papa Lulu mais \u00e9galement seul\u00a0 depuis que le club a fait l&rsquo;acquisition depuis 4 ans d&rsquo;un superbe petit quillard, plus exactement un MiniJi comme les grands.. ..Exactement pareil, le m\u00eame \u00e0 ceci pr\u00e8s que Guilhem peut le\u00a0 man\u0153uvrer avec des \u00e9coutes \u00e0 porter de mains et avec une barre \u00e0 la forme de volant de formule 1. Ainsi depuis quelques semaines, Guilhem, le roi du lac, remet les voiles\u00a0 le plus souvent possible gr\u00e2ce \u00e0 un l\u00e8ve personne qui a \u00e9t\u00e9 financ\u00e9 en collaboration avec plusieurs partenaires institutionnels\u00a0 dans lesquels on retrouve la commune pour\u00a0 1 432 \u20ac, le Conseil g\u00e9n\u00e9ral pour 1 500 \u20ac, La F\u00e9d\u00e9ration Fran\u00e7aise de Cano\u00e9 Kayak via EDF pour 2 000 \u20ac ,\u00a0 le Centre de D\u00e9veloppement du Sport pour 2000 \u20ac et enfin le club de voile pour 2 000 \u20ac.<\/p>\n Guilhem entour\u00e9 par les \u00e9lus et responsables de club\n<p>Un \u00e9lan de solidarit\u00e9\u00a0 qui fait le bonheur de Guilhem mais \u00e9galement de tout\u00a0 l&rsquo;environnement de la Base Nautique notamment des moniteurs du club qui ont en charge du fonctionnement du l\u00e8ve personne et des man\u0153uvres. Samedi matin dans la continuit\u00e9 du forum des associations, les \u00e9lus, les responsables de club, les proches de Cap&rsquo;tain Guilhem\u00a0 ont assist\u00e9 \u00e0 une d\u00e9monstration d&#8217;embarquement avant que le jeune homme mette d\u00e9finitivement les voiles dans\u00a0 la pl\u00e9nitude d&rsquo;un homme libre&#8230;l&rsquo;\u00e9vasion au propre comme au figur\u00e9 n&rsquo;a pas de prix. Le sourire de Guilhem en dit long ! Le\u00a0 Cap&rsquo;tain\u00a0 est\u00a0 sur le pont, bien cal\u00e9 dans son bateau et dans le sillage de Bernard Moitessier. Hisse et haut !<\/p>\n Bon vent \u00e0 Guilhem dans le sillage de Bernard Moitessier\n<p>&nbsp;<\/p>\n","protected":false},"excerpt":{"rendered":"<p>Qui ne connait pas Cap&rsquo;tain Guilhem \u00e0 G\u00e9rardmer&#8230;. Guilhem Voirin.\u00a0 Un voileux, un vrai,\u00a0 accompli tels les plus grands r\u00e9gatiers [&hellip;]<\/p>\n","protected":false},"author":1,"featured_media":0,"comment_status":"open","ping_status":"open","sticky":false,"template":"","format":"standard","meta":{"footnotes":""},"categories":[13,17],"tags":[],"class_list":["post-11788","post","type-post","status-publish","format-standard","hentry","category-societe","category-vie-associative"],"acf":[],"yoast_head":"<!-- This site is optimized with the Yoast SEO plugin v22.5 - https:\/\/yoast.com\/wordpress\/plugins\/seo\/ -->\n<title>Cap&#039;tain Guilhem remet les voiles - Gerardmer Info<\/title>\n<meta name=\"robots\" content=\"index, follow, max-snippet:-1, max-image-preview:large, max-video-preview:-1\" \/>\n<link rel=\"canonical\" href=\"https:\/\/vosgesinfo.fr\/gerardmerinfo\/2014\/09\/captain-guilhem-remet-les-voiles\/\" \/>\n<meta name=\"twitter:card\" content=\"summary_large_image\" \/>\n<meta name=\"twitter:title\" content=\"Cap&#039;tain Guilhem remet les voiles - Gerardmer Info\" \/>\n<meta name=\"twitter:description\" content=\"Qui ne connait pas Cap&rsquo;tain Guilhem \u00e0 G\u00e9rardmer&#8230;. Guilhem Voirin.\u00a0 Un voileux, un vrai,\u00a0 accompli tels les plus grands r\u00e9gatiers [&hellip;]\" \/>\n<meta name=\"twitter:creator\" content=\"@VosgesInfo88\" \/>\n<meta name=\"twitter:site\" content=\"@VosgesInfo88\" \/>\n<meta name=\"twitter:label1\" content=\"\u00c9crit par\" \/>\n\t<meta name=\"twitter:data1\" content=\"qs_admin\" \/>\n\t<meta name=\"twitter:label2\" content=\"Dur\u00e9e de lecture estim\u00e9e\" \/>\n\t<meta name=\"twitter:data2\" content=\"2 minutes\" \/>\n<script type=\"application\/ld+json\" class=\"yoast-schema-graph\">{\"@context\":\"https:\/\/schema.org\",\"@graph\":[{\"@type\":\"Article\",\"@id\":\"https:\/\/vosgesinfo.fr\/gerardmerinfo\/2014\/09\/captain-guilhem-remet-les-voiles\/#article\",\"isPartOf\":{\"@id\":\"https:\/\/vosgesinfo.fr\/gerardmerinfo\/2014\/09\/captain-guilhem-remet-les-voiles\/\"},\"author\":{\"name\":\"qs_admin\",\"@id\":\"https:\/\/vosgesinfo.fr\/gerardmerinfo\/#\/schema\/person\/bc5d02d71e6932e81b6dadb7386667b1\"},\"headline\":\"Cap&rsquo;tain Guilhem remet les voiles\",\"datePublished\":\"2014-09-21T14:58:08+00:00\",\"dateModified\":\"2014-09-21T14:58:08+00:00\",\"mainEntityOfPage\":{\"@id\":\"https:\/\/vosgesinfo.fr\/gerardmerinfo\/2014\/09\/captain-guilhem-remet-les-voiles\/\"},\"wordCount\":365,\"commentCount\":0,\"publisher\":{\"@id\":\"https:\/\/vosgesinfo.fr\/gerardmerinfo\/#organization\"},\"articleSection\":[\"Soci\u00e9t\u00e9\",\"Vie Associative\"],\"inLanguage\":\"fr-FR\",\"potentialAction\":[{\"@type\":\"CommentAction\",\"name\":\"Comment\",\"target\":[\"https:\/\/vosgesinfo.fr\/gerardmerinfo\/2014\/09\/captain-guilhem-remet-les-voiles\/#respond\"]}]},{\"@type\":\"WebPage\",\"@id\":\"https:\/\/vosgesinfo.fr\/gerardmerinfo\/2014\/09\/captain-guilhem-remet-les-voiles\/\",\"url\":\"https:\/\/vosgesinfo.fr\/gerardmerinfo\/2014\/09\/captain-guilhem-remet-les-voiles\/\",\"name\":\"Cap'tain Guilhem remet les voiles - Gerardmer Info\",\"isPartOf\":{\"@id\":\"https:\/\/vosgesinfo.fr\/gerardmerinfo\/#website\"},\"datePublished\":\"2014-09-21T14:58:08+00:00\",\"dateModified\":\"2014-09-21T14:58:08+00:00\",\"breadcrumb\":{\"@id\":\"https:\/\/vosgesinfo.fr\/gerardmerinfo\/2014\/09\/captain-guilhem-remet-les-voiles\/#breadcrumb\"},\"inLanguage\":\"fr-FR\",\"potentialAction\":[{\"@type\":\"ReadAction\",\"target\":[\"https:\/\/vosgesinfo.fr\/gerardmerinfo\/2014\/09\/captain-guilhem-remet-les-voiles\/\"]}]},{\"@type\":\"BreadcrumbList\",\"@id\":\"https:\/\/vosgesinfo.fr\/gerardmerinfo\/2014\/09\/captain-guilhem-remet-les-voiles\/#breadcrumb\",\"itemListElement\":[{\"@type\":\"ListItem\",\"position\":1,\"name\":\"Home\",\"item\":\"https:\/\/vosgesinfo.fr\/gerardmerinfo\/\"},{\"@type\":\"ListItem\",\"position\":2,\"name\":\"Cap&rsquo;tain Guilhem remet les voiles\"}]},{\"@type\":\"WebSite\",\"@id\":\"https:\/\/vosgesinfo.fr\/gerardmerinfo\/#website\",\"url\":\"https:\/\/vosgesinfo.fr\/gerardmerinfo\/\",\"name\":\"Gerardmer Info\",\"description\":\"Toute l&#039;actualit\u00e9 de G\u00e9rardmer\",\"publisher\":{\"@id\":\"https:\/\/vosgesinfo.fr\/gerardmerinfo\/#organization\"},\"alternateName\":\"Toute l'actualit\u00e9 de G\u00e9rardmer\",\"potentialAction\":[{\"@type\":\"SearchAction\",\"target\":{\"@type\":\"EntryPoint\",\"urlTemplate\":\"https:\/\/vosgesinfo.fr\/gerardmerinfo\/?s={search_term_string}\"},\"query-input\":\"required name=search_term_string\"}],\"inLanguage\":\"fr-FR\"},{\"@type\":\"Organization\",\"@id\":\"https:\/\/vosgesinfo.fr\/gerardmerinfo\/#organization\",\"name\":\"Gerardmer Info\",\"url\":\"https:\/\/vosgesinfo.fr\/gerardmerinfo\/\",\"logo\":{\"@type\":\"ImageObject\",\"inLanguage\":\"fr-FR\",\"@id\":\"https:\/\/vosgesinfo.fr\/gerardmerinfo\/#\/schema\/logo\/image\/\",\"url\":\"https:\/\/vosgesinfo.fr\/app\/uploads\/sites\/6\/2023\/08\/favicon-gerardmerinfo.png\",\"contentUrl\":\"https:\/\/vosgesinfo.fr\/app\/uploads\/sites\/6\/2023\/08\/favicon-gerardmerinfo.png\",\"width\":512,\"height\":512,\"caption\":\"Gerardmer Info\"},\"image\":{\"@id\":\"https:\/\/vosgesinfo.fr\/gerardmerinfo\/#\/schema\/logo\/image\/\"},\"sameAs\":[\"https:\/\/www.facebook.com\/profile.php?id=100049475262660\",\"https:\/\/x.com\/VosgesInfo88\",\"https:\/\/www.youtube.com\/@vosgesinfo\"]},{\"@type\":\"Person\",\"@id\":\"https:\/\/vosgesinfo.fr\/gerardmerinfo\/#\/schema\/person\/bc5d02d71e6932e81b6dadb7386667b1\",\"name\":\"qs_admin\",\"image\":{\"@type\":\"ImageObject\",\"inLanguage\":\"fr-FR\",\"@id\":\"https:\/\/vosgesinfo.fr\/gerardmerinfo\/#\/schema\/person\/image\/\",\"url\":\"https:\/\/secure.gravatar.com\/avatar\/94b18ee0ed79e4a42ea2f2931277b6841a8999fc6fde214600c78057cf1fe1de?s=96&d=mm&r=g\",\"contentUrl\":\"https:\/\/secure.gravatar.com\/avatar\/94b18ee0ed79e4a42ea2f2931277b6841a8999fc6fde214600c78057cf1fe1de?s=96&d=mm&r=g\",\"caption\":\"qs_admin\"},\"sameAs\":[\"https:\/\/vosgesinfo.fr\/wp\"],\"url\":\"https:\/\/vosgesinfo.fr\/gerardmerinfo\/author\/qs_admin\/\"}]}<\/script>\n<!-- \/ Yoast SEO plugin. -->","yoast_head_json":{"title":"Cap'tain Guilhem remet les voiles - Gerardmer Info","robots":{"index":"index","follow":"follow","max-snippet":"max-snippet:-1","max-image-preview":"max-image-preview:large","max-video-preview":"max-video-preview:-1"},"canonical":"https:\/\/vosgesinfo.fr\/gerardmerinfo\/2014\/09\/captain-guilhem-remet-les-voiles\/","twitter_card":"summary_large_image","twitter_title":"Cap'tain Guilhem remet les voiles - Gerardmer Info","twitter_description":"Qui ne connait pas Cap&rsquo;tain Guilhem \u00e0 G\u00e9rardmer&#8230;. Guilhem Voirin.\u00a0 Un voileux, un vrai,\u00a0 accompli tels les plus grands r\u00e9gatiers [&hellip;]","twitter_creator":"@VosgesInfo88","twitter_site":"@VosgesInfo88","twitter_misc":{"\u00c9crit par":"qs_admin","Dur\u00e9e de lecture estim\u00e9e":"2 minutes"},"schema":{"@context":"https:\/\/schema.org","@graph":[{"@type":"Article","@id":"https:\/\/vosgesinfo.fr\/gerardmerinfo\/2014\/09\/captain-guilhem-remet-les-voiles\/#article","isPartOf":{"@id":"https:\/\/vosgesinfo.fr\/gerardmerinfo\/2014\/09\/captain-guilhem-remet-les-voiles\/"},"author":{"name":"qs_admin","@id":"https:\/\/vosgesinfo.fr\/gerardmerinfo\/#\/schema\/person\/bc5d02d71e6932e81b6dadb7386667b1"},"headline":"Cap&rsquo;tain Guilhem remet les voiles","datePublished":"2014-09-21T14:58:08+00:00","dateModified":"2014-09-21T14:58:08+00:00","mainEntityOfPage":{"@id":"https:\/\/vosgesinfo.fr\/gerardmerinfo\/2014\/09\/captain-guilhem-remet-les-voiles\/"},"wordCount":365,"commentCount":0,"publisher":{"@id":"https:\/\/vosgesinfo.fr\/gerardmerinfo\/#organization"},"articleSection":["Soci\u00e9t\u00e9","Vie Associative"],"inLanguage":"fr-FR","potentialAction":[{"@type":"CommentAction","name":"Comment","target":["https:\/\/vosgesinfo.fr\/gerardmerinfo\/2014\/09\/captain-guilhem-remet-les-voiles\/#respond"]}]},{"@type":"WebPage","@id":"https:\/\/vosgesinfo.fr\/gerardmerinfo\/2014\/09\/captain-guilhem-remet-les-voiles\/","url":"https:\/\/vosgesinfo.fr\/gerardmerinfo\/2014\/09\/captain-guilhem-remet-les-voiles\/","name":"Cap'tain Guilhem remet les voiles - Gerardmer Info","isPartOf":{"@id":"https:\/\/vosgesinfo.fr\/gerardmerinfo\/#website"},"datePublished":"2014-09-21T14:58:08+00:00","dateModified":"2014-09-21T14:58:08+00:00","breadcrumb":{"@id":"https:\/\/vosgesinfo.fr\/gerardmerinfo\/2014\/09\/captain-guilhem-remet-les-voiles\/#breadcrumb"},"inLanguage":"fr-FR","potentialAction":[{"@type":"ReadAction","target":["https:\/\/vosgesinfo.fr\/gerardmerinfo\/2014\/09\/captain-guilhem-remet-les-voiles\/"]}]},{"@type":"BreadcrumbList","@id":"https:\/\/vosgesinfo.fr\/gerardmerinfo\/2014\/09\/captain-guilhem-remet-les-voiles\/#breadcrumb","itemListElement":[{"@type":"ListItem","position":1,"name":"Home","item":"https:\/\/vosgesinfo.fr\/gerardmerinfo\/"},{"@type":"ListItem","position":2,"name":"Cap&rsquo;tain Guilhem remet les voiles"}]},{"@type":"WebSite","@id":"https:\/\/vosgesinfo.fr\/gerardmerinfo\/#website","url":"https:\/\/vosgesinfo.fr\/gerardmerinfo\/","name":"Gerardmer Info","description":"Toute l&#039;actualit\u00e9 de G\u00e9rardmer","publisher":{"@id":"https:\/\/vosgesinfo.fr\/gerardmerinfo\/#organization"},"alternateName":"Toute l'actualit\u00e9 de G\u00e9rardmer","potentialAction":[{"@type":"SearchAction","target":{"@type":"EntryPoint","urlTemplate":"https:\/\/vosgesinfo.fr\/gerardmerinfo\/?s={search_term_string}"},"query-input":"required name=search_term_string"}],"inLanguage":"fr-FR"},{"@type":"Organization","@id":"https:\/\/vosgesinfo.fr\/gerardmerinfo\/#organization","name":"Gerardmer Info","url":"https:\/\/vosgesinfo.fr\/gerardmerinfo\/","logo":{"@type":"ImageObject","inLanguage":"fr-FR","@id":"https:\/\/vosgesinfo.fr\/gerardmerinfo\/#\/schema\/logo\/image\/","url":"https:\/\/vosgesinfo.fr\/app\/uploads\/sites\/6\/2023\/08\/favicon-gerardmerinfo.png","contentUrl":"https:\/\/vosgesinfo.fr\/app\/uploads\/sites\/6\/2023\/08\/favicon-gerardmerinfo.png","width":512,"height":512,"caption":"Gerardmer Info"},"image":{"@id":"https:\/\/vosgesinfo.fr\/gerardmerinfo\/#\/schema\/logo\/image\/"},"sameAs":["https:\/\/www.facebook.com\/profile.php?id=100049475262660","https:\/\/x.com\/VosgesInfo88","https:\/\/www.youtube.com\/@vosgesinfo"]},{"@type":"Person","@id":"https:\/\/vosgesinfo.fr\/gerardmerinfo\/#\/schema\/person\/bc5d02d71e6932e81b6dadb7386667b1","name":"qs_admin","image":{"@type":"ImageObject","inLanguage":"fr-FR","@id":"https:\/\/vosgesinfo.fr\/gerardmerinfo\/#\/schema\/person\/image\/","url":"https:\/\/secure.gravatar.com\/avatar\/94b18ee0ed79e4a42ea2f2931277b6841a8999fc6fde214600c78057cf1fe1de?s=96&d=mm&r=g","contentUrl":"https:\/\/secure.gravatar.com\/avatar\/94b18ee0ed79e4a42ea2f2931277b6841a8999fc6fde214600c78057cf1fe1de?s=96&d=mm&r=g","caption":"qs_admin"},"sameAs":["https:\/\/vosgesinfo.fr\/wp"],"url":"https:\/\/vosgesinfo.fr\/gerardmerinfo\/author\/qs_admin\/"}]}},"_links":{"self":[{"href":"https:\/\/vosgesinfo.fr\/gerardmerinfo\/wp-json\/wp\/v2\/posts\/11788","targetHints":{"allow":["GET"]}}],"collection":[{"href":"https:\/\/vosgesinfo.fr\/gerardmerinfo\/wp-json\/wp\/v2\/posts"}],"about":[{"href":"https:\/\/vosgesinfo.fr\/gerardmerinfo\/wp-json\/wp\/v2\/types\/post"}],"author":[{"embeddable":true,"href":"https:\/\/vosgesinfo.fr\/gerardmerinfo\/wp-json\/wp\/v2\/users\/1"}],"replies":[{"embeddable":true,"href":"https:\/\/vosgesinfo.fr\/gerardmerinfo\/wp-json\/wp\/v2\/comments?post=11788"}],"version-history":[{"count":0,"href":"https:\/\/vosgesinfo.fr\/gerardmerinfo\/wp-json\/wp\/v2\/posts\/11788\/revisions"}],"wp:attachment":[{"href":"https:\/\/vosgesinfo.fr\/gerardmerinfo\/wp-json\/wp\/v2\/media?parent=11788"}],"wp:term":[{"taxonomy":"category","embeddable":true,"href":"https:\/\/vosgesinfo.fr\/gerardmerinfo\/wp-json\/wp\/v2\/categories?post=11788"},{"taxonomy":"post_tag","embeddable":true,"href":"https:\/\/vosgesinfo.fr\/gerardmerinfo\/wp-json\/wp\/v2\/tags?post=11788"}],"curies":[{"name":"wp","href":"https:\/\/api.w.org\/{rel}","templated":true}]}}