{"id":11790,"date":"2014-09-20T15:51:21","date_gmt":"2014-09-20T13:51:21","guid":{"rendered":"https:\/\/vosgesinfo.fr\/gerardmerinfo\/2014\/09\/si-la-reconstruction-metait-conte\/"},"modified":"2014-09-20T15:51:21","modified_gmt":"2014-09-20T13:51:21","slug":"si-la-reconstruction-metait-conte","status":"publish","type":"post","link":"https:\/\/vosgesinfo.fr\/gerardmerinfo\/2014\/09\/si-la-reconstruction-metait-conte\/","title":{"rendered":"Si la reconstruction m&rsquo;\u00e9tait cont\u00e9e"},"content":{"rendered":" Premier rendez vous au pied du Tilleul de la place du m\u00eame nom&#8230;tout un symbole\n<p>Le Grand Sacha Guitry s&rsquo;\u00e9tait attaqu\u00e9 au ch\u00e2teau de Versailles au travers de quelques \u00e9pisodes et portraits des personnalit\u00e9s qui y ont v\u00e9cu. Si Versailles m&rsquo;\u00e9tait cont\u00e9 fut donc en son temps un film \u00e0 succ\u00e8s et on sait pourquoi ! Dans le cadre des journ\u00e9es du patrimoine, c&rsquo;est\u00a0 Vanessa Varvenne assist\u00e9e de Aur\u00e9lie Toussaint qui s&rsquo;est coll\u00e9 \u00e0 la version reconstruction de \u00ab\u00a0<em>Si G\u00e9rardmer\u00a0 m&rsquo;\u00e9tait cont\u00e9e<\/em>\u00ab\u00a0. Rien \u00e0 voir h\u00e9las avec \u00a0 la vie des g\u00e9r\u00f4mois de cette m\u00eame \u00e9poque, en tout cas des secrets d\u2019alc\u00f4ve : encore h\u00e9las.\u00a0 Et si les arcanes de l&rsquo;histoire\u00a0 d&rsquo;amour de l&rsquo;histoire\u00a0 de G\u00e9rardmer \u00e0 la fa\u00e7on d&rsquo;Andr\u00e9 Breton prenait du corps lors de la prochaine \u00e9dition des journ\u00e9es de ce m\u00eame patrimoine.<\/p>\n<p>C&rsquo;est donc\u00a0 une visite guid\u00e9e initi\u00e9e\u00a0 par Pierrot Imbert, adjoint charg\u00e9 de l&rsquo;urbanisme, qui \u00e9tait propos\u00e9e \u00e0 une quarantaine de personnes dans le cadre de l&rsquo;\u00e9laboration de l&rsquo;Aire de Mise en Valeur de l&rsquo;Architecture et du Patrimoine (AVAP) en collaboration avec le Parc des ballons qui avait d\u00e9l\u00e9gu\u00e9 sur place 3 de ses repr\u00e9sentantes. Car l&rsquo;enjeu\u00a0 des visites et de la r\u00e9flexion men\u00e9e autour de la reconstruction, mais aussi de l&rsquo;\u00e9volution architecturale de la ville, rentre dans le cadre de la transformation de la fameuse\u00a0 ZPPAUP , ou Zone de Protection du Patrimoine Architectural Urbain et Paysager &#8230;ouf. Tout \u00e7a pour \u00e7a diront certains !<\/p>\n Vanessa Varvenne, guide d&rsquo;un jour\n<p>Et pour ceux qui ne connaissent pas bien les dessous de l&rsquo;histoire locale, un tour du propri\u00e9taire s&rsquo;imposait. Si La Perle des Vosges n&rsquo;a\u00a0 subit que peu de changement lors du conflit de 14-18, ce ne fut pas le cas en 1944 lors du d\u00e9part des Allemands qui ont d\u00e9truit la ville \u00e0 85%,\u00a0 incendi\u00e9 quartier par quartier\u00a0 jusqu&rsquo;\u00e0 faire sauter les demeures en\u00a0 granit qui pouvaient r\u00e9sister aux flammes. Alors la reconstruction est pass\u00e9e par l\u00e0&#8230; Avec ses architectes de l&rsquo;\u00e9poque Gutton, assist\u00e9 de Trottin et Ivanoff. Des noms familiers pour les anciens\u00a0 g\u00e9r\u00f4mois qui ont rebatti la ville \u00e0 coup de subventions donn\u00e9es\u00a0 aux sinistr\u00e9s par le biais\u00a0 du fameux MRU ou Minist\u00e8re de la Recontruction et de l&rsquo;Urbanisme.\u00a0 Trois lettres qui ont\u00a0 laiss\u00e9 un go\u00fbt amer dans la gorge de certains\u00a0 ou alors gonfl\u00e9 terriblement les comptes en banque d&rsquo;autres sur un tas de cailloux&#8230;. Mais de cela nous ne parlerons pas,\u00a0 surtout des passations de march\u00e9s apr\u00e8s les appels d\u2019offre et les cr\u00e9dits affect\u00e9s aux r\u00e9parations d\u2019urgence, ainsi que l&rsquo;\u00e9tablissement de cit\u00e9s provisoires, de baraquements pour loger les populations ! Donc, les conf\u00e9renci\u00e8res\u00a0 d&rsquo;un jour ont d\u00e9cortiqu\u00e9 les fa\u00e7ades, les moulures en b\u00e9ton, les volets en ferraille ou en bois, la forme de certains immeubles, des fen\u00eatres jusque dans les ann\u00e9es 60.\u00a0 Finalement, le constat s&rsquo;impose de lui-m\u00eame par un\u00a0 manque d\u2019harmonie et une\u00a0 disparit\u00e9\u00a0 \u00e9vidente\u00a0 entre le bon vouloir d&rsquo;un architecte des b\u00e2timents de France ou celui qui lui a succ\u00e9d\u00e9 : mais surtout des architectes locaux et des maires qui se sont succ\u00e9d\u00e9s une quinzaine d&rsquo;ann\u00e9e apr\u00e8s la guerre.\u00a0 Bref, que penser de la ville d&rsquo;aujourd&rsquo;hui vu dans le prisme d\u00e9formant de\u00a0 son urbanisme ? Heureusement G\u00e9rardmer est install\u00e9 au c\u0153ur d&rsquo;un \u00e9crin exceptionnel&#8230;toute sa richesse avec ses habitants.<\/p>\n Les \u00e9lus ont \u00e9galement suivi la visite historique sur la reconstruction de la ville\n<p>La visite guid\u00e9e a forc\u00e9ment du bon et peut ouvrir des portes sur l&rsquo;avenir en s&rsquo;appuyant sur le\u00a0 pass\u00e9. C&rsquo;est dans l&rsquo;histoire que l&rsquo;on construit le futur. En effet, encore en collaboration avec Le Parc des Ballons, deux ethnologues seront pr\u00e9sents en mairie pendant une semaine\u00a0 \u00e0 compter du 20 octobre prochain. L&rsquo;objectif est d&rsquo;enregistrer toutes les r\u00e9flexions et propositions des g\u00e9r\u00f4mois touch\u00e9s de pr\u00e8s ou de loin par l\u2019\u00e9volution de leur ville. Certes, on ne refera pas l&rsquo;histoire architecturale de la commune, mais c&rsquo;est peut-\u00eatre enfin le d\u00e9but d&rsquo;une nouvelle \u00e8re tellement attendue par les habitants. Les d\u00e9sid\u00e9ratas des g\u00e9r\u00f4mois devraient \u00eatre l\u00e9gion.<\/p>\n","protected":false},"excerpt":{"rendered":"<p>Le Grand Sacha Guitry s&rsquo;\u00e9tait attaqu\u00e9 au ch\u00e2teau de Versailles au travers de quelques \u00e9pisodes et portraits des personnalit\u00e9s qui [&hellip;]<\/p>\n","protected":false},"author":1,"featured_media":0,"comment_status":"open","ping_status":"open","sticky":false,"template":"","format":"standard","meta":{"footnotes":""},"categories":[4],"tags":[],"class_list":["post-11790","post","type-post","status-publish","format-standard","hentry","category-culture"],"acf":[],"yoast_head":"<!-- This site is optimized with the Yoast SEO plugin v22.5 - https:\/\/yoast.com\/wordpress\/plugins\/seo\/ -->\n<title>Si la reconstruction m&#039;\u00e9tait cont\u00e9e - Gerardmer Info<\/title>\n<meta name=\"robots\" content=\"index, follow, max-snippet:-1, max-image-preview:large, max-video-preview:-1\" \/>\n<link rel=\"canonical\" href=\"https:\/\/vosgesinfo.fr\/gerardmerinfo\/2014\/09\/si-la-reconstruction-metait-conte\/\" \/>\n<meta name=\"twitter:card\" content=\"summary_large_image\" \/>\n<meta name=\"twitter:title\" content=\"Si la reconstruction m&#039;\u00e9tait cont\u00e9e - Gerardmer Info\" \/>\n<meta name=\"twitter:description\" content=\"Le Grand Sacha Guitry s&rsquo;\u00e9tait attaqu\u00e9 au ch\u00e2teau de Versailles au travers de quelques \u00e9pisodes et portraits des personnalit\u00e9s qui [&hellip;]\" \/>\n<meta name=\"twitter:creator\" content=\"@VosgesInfo88\" \/>\n<meta name=\"twitter:site\" content=\"@VosgesInfo88\" \/>\n<meta name=\"twitter:label1\" content=\"\u00c9crit par\" \/>\n\t<meta name=\"twitter:data1\" content=\"qs_admin\" \/>\n\t<meta name=\"twitter:label2\" content=\"Dur\u00e9e de lecture estim\u00e9e\" \/>\n\t<meta name=\"twitter:data2\" content=\"4 minutes\" \/>\n<script type=\"application\/ld+json\" class=\"yoast-schema-graph\">{\"@context\":\"https:\/\/schema.org\",\"@graph\":[{\"@type\":\"Article\",\"@id\":\"https:\/\/vosgesinfo.fr\/gerardmerinfo\/2014\/09\/si-la-reconstruction-metait-conte\/#article\",\"isPartOf\":{\"@id\":\"https:\/\/vosgesinfo.fr\/gerardmerinfo\/2014\/09\/si-la-reconstruction-metait-conte\/\"},\"author\":{\"name\":\"qs_admin\",\"@id\":\"https:\/\/vosgesinfo.fr\/gerardmerinfo\/#\/schema\/person\/bc5d02d71e6932e81b6dadb7386667b1\"},\"headline\":\"Si la reconstruction m&rsquo;\u00e9tait cont\u00e9e\",\"datePublished\":\"2014-09-20T13:51:21+00:00\",\"dateModified\":\"2014-09-20T13:51:21+00:00\",\"mainEntityOfPage\":{\"@id\":\"https:\/\/vosgesinfo.fr\/gerardmerinfo\/2014\/09\/si-la-reconstruction-metait-conte\/\"},\"wordCount\":790,\"commentCount\":0,\"publisher\":{\"@id\":\"https:\/\/vosgesinfo.fr\/gerardmerinfo\/#organization\"},\"articleSection\":[\"Culture\"],\"inLanguage\":\"fr-FR\",\"potentialAction\":[{\"@type\":\"CommentAction\",\"name\":\"Comment\",\"target\":[\"https:\/\/vosgesinfo.fr\/gerardmerinfo\/2014\/09\/si-la-reconstruction-metait-conte\/#respond\"]}]},{\"@type\":\"WebPage\",\"@id\":\"https:\/\/vosgesinfo.fr\/gerardmerinfo\/2014\/09\/si-la-reconstruction-metait-conte\/\",\"url\":\"https:\/\/vosgesinfo.fr\/gerardmerinfo\/2014\/09\/si-la-reconstruction-metait-conte\/\",\"name\":\"Si la reconstruction m'\u00e9tait cont\u00e9e - Gerardmer Info\",\"isPartOf\":{\"@id\":\"https:\/\/vosgesinfo.fr\/gerardmerinfo\/#website\"},\"datePublished\":\"2014-09-20T13:51:21+00:00\",\"dateModified\":\"2014-09-20T13:51:21+00:00\",\"breadcrumb\":{\"@id\":\"https:\/\/vosgesinfo.fr\/gerardmerinfo\/2014\/09\/si-la-reconstruction-metait-conte\/#breadcrumb\"},\"inLanguage\":\"fr-FR\",\"potentialAction\":[{\"@type\":\"ReadAction\",\"target\":[\"https:\/\/vosgesinfo.fr\/gerardmerinfo\/2014\/09\/si-la-reconstruction-metait-conte\/\"]}]},{\"@type\":\"BreadcrumbList\",\"@id\":\"https:\/\/vosgesinfo.fr\/gerardmerinfo\/2014\/09\/si-la-reconstruction-metait-conte\/#breadcrumb\",\"itemListElement\":[{\"@type\":\"ListItem\",\"position\":1,\"name\":\"Home\",\"item\":\"https:\/\/vosgesinfo.fr\/gerardmerinfo\/\"},{\"@type\":\"ListItem\",\"position\":2,\"name\":\"Si la reconstruction m&rsquo;\u00e9tait cont\u00e9e\"}]},{\"@type\":\"WebSite\",\"@id\":\"https:\/\/vosgesinfo.fr\/gerardmerinfo\/#website\",\"url\":\"https:\/\/vosgesinfo.fr\/gerardmerinfo\/\",\"name\":\"Gerardmer Info\",\"description\":\"Toute l&#039;actualit\u00e9 de G\u00e9rardmer\",\"publisher\":{\"@id\":\"https:\/\/vosgesinfo.fr\/gerardmerinfo\/#organization\"},\"alternateName\":\"Toute l'actualit\u00e9 de G\u00e9rardmer\",\"potentialAction\":[{\"@type\":\"SearchAction\",\"target\":{\"@type\":\"EntryPoint\",\"urlTemplate\":\"https:\/\/vosgesinfo.fr\/gerardmerinfo\/?s={search_term_string}\"},\"query-input\":\"required name=search_term_string\"}],\"inLanguage\":\"fr-FR\"},{\"@type\":\"Organization\",\"@id\":\"https:\/\/vosgesinfo.fr\/gerardmerinfo\/#organization\",\"name\":\"Gerardmer Info\",\"url\":\"https:\/\/vosgesinfo.fr\/gerardmerinfo\/\",\"logo\":{\"@type\":\"ImageObject\",\"inLanguage\":\"fr-FR\",\"@id\":\"https:\/\/vosgesinfo.fr\/gerardmerinfo\/#\/schema\/logo\/image\/\",\"url\":\"https:\/\/vosgesinfo.fr\/app\/uploads\/sites\/6\/2023\/08\/favicon-gerardmerinfo.png\",\"contentUrl\":\"https:\/\/vosgesinfo.fr\/app\/uploads\/sites\/6\/2023\/08\/favicon-gerardmerinfo.png\",\"width\":512,\"height\":512,\"caption\":\"Gerardmer Info\"},\"image\":{\"@id\":\"https:\/\/vosgesinfo.fr\/gerardmerinfo\/#\/schema\/logo\/image\/\"},\"sameAs\":[\"https:\/\/www.facebook.com\/profile.php?id=100049475262660\",\"https:\/\/x.com\/VosgesInfo88\",\"https:\/\/www.youtube.com\/@vosgesinfo\"]},{\"@type\":\"Person\",\"@id\":\"https:\/\/vosgesinfo.fr\/gerardmerinfo\/#\/schema\/person\/bc5d02d71e6932e81b6dadb7386667b1\",\"name\":\"qs_admin\",\"image\":{\"@type\":\"ImageObject\",\"inLanguage\":\"fr-FR\",\"@id\":\"https:\/\/vosgesinfo.fr\/gerardmerinfo\/#\/schema\/person\/image\/\",\"url\":\"https:\/\/secure.gravatar.com\/avatar\/94b18ee0ed79e4a42ea2f2931277b6841a8999fc6fde214600c78057cf1fe1de?s=96&d=mm&r=g\",\"contentUrl\":\"https:\/\/secure.gravatar.com\/avatar\/94b18ee0ed79e4a42ea2f2931277b6841a8999fc6fde214600c78057cf1fe1de?s=96&d=mm&r=g\",\"caption\":\"qs_admin\"},\"sameAs\":[\"https:\/\/vosgesinfo.fr\/wp\"],\"url\":\"https:\/\/vosgesinfo.fr\/gerardmerinfo\/author\/qs_admin\/\"}]}<\/script>\n<!-- \/ Yoast SEO plugin. -->","yoast_head_json":{"title":"Si la reconstruction m'\u00e9tait cont\u00e9e - Gerardmer Info","robots":{"index":"index","follow":"follow","max-snippet":"max-snippet:-1","max-image-preview":"max-image-preview:large","max-video-preview":"max-video-preview:-1"},"canonical":"https:\/\/vosgesinfo.fr\/gerardmerinfo\/2014\/09\/si-la-reconstruction-metait-conte\/","twitter_card":"summary_large_image","twitter_title":"Si la reconstruction m'\u00e9tait cont\u00e9e - Gerardmer Info","twitter_description":"Le Grand Sacha Guitry s&rsquo;\u00e9tait attaqu\u00e9 au ch\u00e2teau de Versailles au travers de quelques \u00e9pisodes et portraits des personnalit\u00e9s qui [&hellip;]","twitter_creator":"@VosgesInfo88","twitter_site":"@VosgesInfo88","twitter_misc":{"\u00c9crit par":"qs_admin","Dur\u00e9e de lecture estim\u00e9e":"4 minutes"},"schema":{"@context":"https:\/\/schema.org","@graph":[{"@type":"Article","@id":"https:\/\/vosgesinfo.fr\/gerardmerinfo\/2014\/09\/si-la-reconstruction-metait-conte\/#article","isPartOf":{"@id":"https:\/\/vosgesinfo.fr\/gerardmerinfo\/2014\/09\/si-la-reconstruction-metait-conte\/"},"author":{"name":"qs_admin","@id":"https:\/\/vosgesinfo.fr\/gerardmerinfo\/#\/schema\/person\/bc5d02d71e6932e81b6dadb7386667b1"},"headline":"Si la reconstruction m&rsquo;\u00e9tait cont\u00e9e","datePublished":"2014-09-20T13:51:21+00:00","dateModified":"2014-09-20T13:51:21+00:00","mainEntityOfPage":{"@id":"https:\/\/vosgesinfo.fr\/gerardmerinfo\/2014\/09\/si-la-reconstruction-metait-conte\/"},"wordCount":790,"commentCount":0,"publisher":{"@id":"https:\/\/vosgesinfo.fr\/gerardmerinfo\/#organization"},"articleSection":["Culture"],"inLanguage":"fr-FR","potentialAction":[{"@type":"CommentAction","name":"Comment","target":["https:\/\/vosgesinfo.fr\/gerardmerinfo\/2014\/09\/si-la-reconstruction-metait-conte\/#respond"]}]},{"@type":"WebPage","@id":"https:\/\/vosgesinfo.fr\/gerardmerinfo\/2014\/09\/si-la-reconstruction-metait-conte\/","url":"https:\/\/vosgesinfo.fr\/gerardmerinfo\/2014\/09\/si-la-reconstruction-metait-conte\/","name":"Si la reconstruction m'\u00e9tait cont\u00e9e - Gerardmer Info","isPartOf":{"@id":"https:\/\/vosgesinfo.fr\/gerardmerinfo\/#website"},"datePublished":"2014-09-20T13:51:21+00:00","dateModified":"2014-09-20T13:51:21+00:00","breadcrumb":{"@id":"https:\/\/vosgesinfo.fr\/gerardmerinfo\/2014\/09\/si-la-reconstruction-metait-conte\/#breadcrumb"},"inLanguage":"fr-FR","potentialAction":[{"@type":"ReadAction","target":["https:\/\/vosgesinfo.fr\/gerardmerinfo\/2014\/09\/si-la-reconstruction-metait-conte\/"]}]},{"@type":"BreadcrumbList","@id":"https:\/\/vosgesinfo.fr\/gerardmerinfo\/2014\/09\/si-la-reconstruction-metait-conte\/#breadcrumb","itemListElement":[{"@type":"ListItem","position":1,"name":"Home","item":"https:\/\/vosgesinfo.fr\/gerardmerinfo\/"},{"@type":"ListItem","position":2,"name":"Si la reconstruction m&rsquo;\u00e9tait cont\u00e9e"}]},{"@type":"WebSite","@id":"https:\/\/vosgesinfo.fr\/gerardmerinfo\/#website","url":"https:\/\/vosgesinfo.fr\/gerardmerinfo\/","name":"Gerardmer Info","description":"Toute l&#039;actualit\u00e9 de G\u00e9rardmer","publisher":{"@id":"https:\/\/vosgesinfo.fr\/gerardmerinfo\/#organization"},"alternateName":"Toute l'actualit\u00e9 de G\u00e9rardmer","potentialAction":[{"@type":"SearchAction","target":{"@type":"EntryPoint","urlTemplate":"https:\/\/vosgesinfo.fr\/gerardmerinfo\/?s={search_term_string}"},"query-input":"required name=search_term_string"}],"inLanguage":"fr-FR"},{"@type":"Organization","@id":"https:\/\/vosgesinfo.fr\/gerardmerinfo\/#organization","name":"Gerardmer Info","url":"https:\/\/vosgesinfo.fr\/gerardmerinfo\/","logo":{"@type":"ImageObject","inLanguage":"fr-FR","@id":"https:\/\/vosgesinfo.fr\/gerardmerinfo\/#\/schema\/logo\/image\/","url":"https:\/\/vosgesinfo.fr\/app\/uploads\/sites\/6\/2023\/08\/favicon-gerardmerinfo.png","contentUrl":"https:\/\/vosgesinfo.fr\/app\/uploads\/sites\/6\/2023\/08\/favicon-gerardmerinfo.png","width":512,"height":512,"caption":"Gerardmer Info"},"image":{"@id":"https:\/\/vosgesinfo.fr\/gerardmerinfo\/#\/schema\/logo\/image\/"},"sameAs":["https:\/\/www.facebook.com\/profile.php?id=100049475262660","https:\/\/x.com\/VosgesInfo88","https:\/\/www.youtube.com\/@vosgesinfo"]},{"@type":"Person","@id":"https:\/\/vosgesinfo.fr\/gerardmerinfo\/#\/schema\/person\/bc5d02d71e6932e81b6dadb7386667b1","name":"qs_admin","image":{"@type":"ImageObject","inLanguage":"fr-FR","@id":"https:\/\/vosgesinfo.fr\/gerardmerinfo\/#\/schema\/person\/image\/","url":"https:\/\/secure.gravatar.com\/avatar\/94b18ee0ed79e4a42ea2f2931277b6841a8999fc6fde214600c78057cf1fe1de?s=96&d=mm&r=g","contentUrl":"https:\/\/secure.gravatar.com\/avatar\/94b18ee0ed79e4a42ea2f2931277b6841a8999fc6fde214600c78057cf1fe1de?s=96&d=mm&r=g","caption":"qs_admin"},"sameAs":["https:\/\/vosgesinfo.fr\/wp"],"url":"https:\/\/vosgesinfo.fr\/gerardmerinfo\/author\/qs_admin\/"}]}},"_links":{"self":[{"href":"https:\/\/vosgesinfo.fr\/gerardmerinfo\/wp-json\/wp\/v2\/posts\/11790","targetHints":{"allow":["GET"]}}],"collection":[{"href":"https:\/\/vosgesinfo.fr\/gerardmerinfo\/wp-json\/wp\/v2\/posts"}],"about":[{"href":"https:\/\/vosgesinfo.fr\/gerardmerinfo\/wp-json\/wp\/v2\/types\/post"}],"author":[{"embeddable":true,"href":"https:\/\/vosgesinfo.fr\/gerardmerinfo\/wp-json\/wp\/v2\/users\/1"}],"replies":[{"embeddable":true,"href":"https:\/\/vosgesinfo.fr\/gerardmerinfo\/wp-json\/wp\/v2\/comments?post=11790"}],"version-history":[{"count":0,"href":"https:\/\/vosgesinfo.fr\/gerardmerinfo\/wp-json\/wp\/v2\/posts\/11790\/revisions"}],"wp:attachment":[{"href":"https:\/\/vosgesinfo.fr\/gerardmerinfo\/wp-json\/wp\/v2\/media?parent=11790"}],"wp:term":[{"taxonomy":"category","embeddable":true,"href":"https:\/\/vosgesinfo.fr\/gerardmerinfo\/wp-json\/wp\/v2\/categories?post=11790"},{"taxonomy":"post_tag","embeddable":true,"href":"https:\/\/vosgesinfo.fr\/gerardmerinfo\/wp-json\/wp\/v2\/tags?post=11790"}],"curies":[{"name":"wp","href":"https:\/\/api.w.org\/{rel}","templated":true}]}}