{"id":11791,"date":"2014-09-22T17:41:17","date_gmt":"2014-09-22T15:41:17","guid":{"rendered":"https:\/\/vosgesinfo.fr\/gerardmerinfo\/2014\/09\/une-saison-au-fil-des-expositions-video\/"},"modified":"2014-09-22T17:41:17","modified_gmt":"2014-09-22T15:41:17","slug":"une-saison-au-fil-des-expositions-video","status":"publish","type":"post","link":"https:\/\/vosgesinfo.fr\/gerardmerinfo\/2014\/09\/une-saison-au-fil-des-expositions-video\/","title":{"rendered":"Une saison au fil des expositions (vid\u00e9o)"},"content":{"rendered":"<p>[youtube]http:\/\/youtu.be\/eH6LDPf_spI[\/youtube]<\/p>\n<p><strong>Stephen Charissou a eu le privil\u00e8ge de lancer la saison 2014-2015 des expositions de la galerie de la MCL de G\u00e9rardmer.<\/strong><\/p>\n<p>&nbsp;<\/p>\n De gauche \u00e0 droite : Stephen Charissou, le conseiller g\u00e9n\u00e9ral Gilbert Poirot, St\u00e9phane Lepoil et Delphine Aubry\n<p>Et comme l&rsquo;a fait remarquer \u00e0 juste titre le directeur St\u00e9phane Lepoil, il s&rsquo;agissait d&rsquo;un \u00e9v\u00e9nement marquant dans la vie de la Maison de la Culture et des Loisirs puisque, pour la premi\u00e8re fois, l&rsquo;\u00e9tablissement propose une saison pleine en mati\u00e8re d&rsquo;exposition. Fort logiquement et pour marquer le coup, un petit livret d\u00e9taillant les dates des expositions et les artistes qui investiront les murs de la galerie a \u00e9t\u00e9 \u00e9dit\u00e9. Il est bien s\u00fbr disponible un peu partout \u00e0 G\u00e9rardmer, \u00e0 commencer par la MCL\u00a0!<\/p>\n Daffo&rsquo;s &amp; The Gang\n<p>\u00ab\u00a0Je tiens \u00e0 remercier Delphine Aubry pour l&rsquo;ensemble du travail qu&rsquo;elle a effectu\u00e9 sur ce projet de saison compl\u00e8te qui a \u00e9t\u00e9 mise sur pieds\u00a0\u00bb, pr\u00e9cisait ainsi St\u00e9phane Lepoil. Ce dernier a \u00e9galement pr\u00e9sent\u00e9 le groupe qui assurait l&rsquo;animation musicale du vernissage. Il est compos\u00e9 de jeunes g\u00e9r\u00f4mois qui r\u00e9pondent pour l&rsquo;heure au nom de \u00ab\u00a0Daffo&rsquo;s &amp; The Gang\u00a0\u00bb et qui fr\u00e9quentent r\u00e9guli\u00e8rement la salle de r\u00e9p\u00e9tition g\u00e9r\u00e9e par la MCL et mise \u00e0 disposition au sein de la maison de la musique.<\/p>\n<p>L&rsquo;occasion de rappeler que la MCL poursuit sa mission d&rsquo;\u00e9ducation populaire \u00e0 travers le soutien aux jeunes musiciens du secteur par exemple, ou encore en offrant la possibilit\u00e9 \u00e0 des passionn\u00e9s d&rsquo;exposer leur petite production. C&rsquo;est actuellement le cas avec Stephen Charissou, membre de l&rsquo;atelier photos et administrateur de la maison pour qui c&rsquo;\u00e9tait une grande premi\u00e8re. Le jeune homme n&rsquo;imaginait pas n\u00e9cessairement exposer ses clich\u00e9s issus de ses nombreux voyages. Mais pouss\u00e9 par l&rsquo;enthousiasme de son \u00e9pouse qui l&rsquo;a \u00e9galement aid\u00e9 \u00e0 effectuer les petits retouches n\u00e9cessaires \u00e0 certaines photographies, il s&rsquo;est lanc\u00e9 dans le grand bain.<\/p>\n Premi\u00e8re expo en solo pour Stephen\n<p>Jusqu&rsquo;au 30 septembre, vous retrouverez donc des portraits, des paysages, de nombreuses interactions entre l&rsquo;homme et la nature, l&rsquo;homme et l&rsquo;animal, l&rsquo;homme et la ville etc&#8230; Vous voyagerez de l&rsquo;Inde \u00e0 la Bolivie en passant par l&rsquo;Argentine, la Bolivie ou encore la Nouvelle Z\u00e9lande, le tout en noir et blanc ou en couleur et toujours en argentique&#8230; Alors n&rsquo;h\u00e9sitez pas une seconde, c&rsquo;est un sympathique voyage qui vous attend \u00e0 la MCL actuellement, un r\u00e9gal pour les yeux et m\u00eame parfois pour l&rsquo;esprit.<\/p>\n<p>&nbsp;<\/p>\n\n\t\t<style type=\"text\/css\">\n\t\t\t#gallery-1 {\n\t\t\t\tmargin: auto;\n\t\t\t}\n\t\t\t#gallery-1 .gallery-item {\n\t\t\t\tfloat: left;\n\t\t\t\tmargin-top: 10px;\n\t\t\t\ttext-align: center;\n\t\t\t\twidth: 50%;\n\t\t\t}\n\t\t\t#gallery-1 img {\n\t\t\t\tborder: 2px solid #cfcfcf;\n\t\t\t}\n\t\t\t#gallery-1 .gallery-caption {\n\t\t\t\tmargin-left: 0;\n\t\t\t}\n\t\t\t\/* see gallery_shortcode() in wp-includes\/media.php *\/\n\t\t<\/style>\n\t\t<div id='gallery-1' class='gallery galleryid-11791 gallery-columns-2 gallery-size-thumbnail'><dl class='gallery-item'>\n\t\t\t<dt class='gallery-icon landscape'>\n\t\t\t\t<a href='https:\/\/vosgesinfo.fr\/gerardmerinfo\/2019\/01\/250-gilets-jaunes-rues-de-gerardmer\/2019-01-p1120592\/'><img decoding=\"async\" width=\"150\" height=\"150\" src=\"https:\/\/vosgesinfo.fr\/app\/uploads\/sites\/6\/2024\/07\/201901p1120592-150x150.jpg\" class=\"attachment-thumbnail size-thumbnail\" alt=\"\" \/><\/a>\n\t\t\t<\/dt><\/dl><dl class='gallery-item'>\n\t\t\t<dt class='gallery-icon landscape'>\n\t\t\t\t<a href='https:\/\/vosgesinfo.fr\/gerardmerinfo\/2019\/01\/250-gilets-jaunes-rues-de-gerardmer\/2019-01-p1120596\/'><img decoding=\"async\" width=\"150\" height=\"150\" src=\"https:\/\/vosgesinfo.fr\/app\/uploads\/sites\/6\/2024\/07\/201901p1120596-150x150.jpg\" class=\"attachment-thumbnail size-thumbnail\" alt=\"\" \/><\/a>\n\t\t\t<\/dt><\/dl><br style=\"clear: both\" \/>\n\t\t<\/div>\n\n","protected":false},"excerpt":{"rendered":"<p>[youtube]http:\/\/youtu.be\/eH6LDPf_spI[\/youtube] Stephen Charissou a eu le privil\u00e8ge de lancer la saison 2014-2015 des expositions de la galerie de la MCL [&hellip;]<\/p>\n","protected":false},"author":42,"featured_media":0,"comment_status":"open","ping_status":"open","sticky":false,"template":"","format":"standard","meta":{"footnotes":""},"categories":[4],"tags":[],"class_list":["post-11791","post","type-post","status-publish","format-standard","hentry","category-culture"],"acf":[],"yoast_head":"<!-- This site is optimized with the Yoast SEO plugin v22.5 - https:\/\/yoast.com\/wordpress\/plugins\/seo\/ -->\n<title>Une saison au fil des expositions (vid\u00e9o) - Gerardmer Info<\/title>\n<meta name=\"robots\" content=\"index, follow, max-snippet:-1, max-image-preview:large, max-video-preview:-1\" \/>\n<link rel=\"canonical\" href=\"https:\/\/vosgesinfo.fr\/gerardmerinfo\/2014\/09\/une-saison-au-fil-des-expositions-video\/\" \/>\n<meta name=\"twitter:card\" content=\"summary_large_image\" \/>\n<meta name=\"twitter:title\" content=\"Une saison au fil des expositions (vid\u00e9o) - Gerardmer Info\" \/>\n<meta name=\"twitter:description\" content=\"[youtube]http:\/\/youtu.be\/eH6LDPf_spI[\/youtube] Stephen Charissou a eu le privil\u00e8ge de lancer la saison 2014-2015 des expositions de la galerie de la MCL [&hellip;]\" \/>\n<meta name=\"twitter:creator\" content=\"@VosgesInfo88\" \/>\n<meta name=\"twitter:site\" content=\"@VosgesInfo88\" \/>\n<meta name=\"twitter:label1\" content=\"\u00c9crit par\" \/>\n\t<meta name=\"twitter:data1\" content=\"QG\" \/>\n\t<meta name=\"twitter:label2\" content=\"Dur\u00e9e de lecture estim\u00e9e\" \/>\n\t<meta name=\"twitter:data2\" content=\"2 minutes\" \/>\n<script type=\"application\/ld+json\" class=\"yoast-schema-graph\">{\"@context\":\"https:\/\/schema.org\",\"@graph\":[{\"@type\":\"Article\",\"@id\":\"https:\/\/vosgesinfo.fr\/gerardmerinfo\/2014\/09\/une-saison-au-fil-des-expositions-video\/#article\",\"isPartOf\":{\"@id\":\"https:\/\/vosgesinfo.fr\/gerardmerinfo\/2014\/09\/une-saison-au-fil-des-expositions-video\/\"},\"author\":{\"name\":\"QG\",\"@id\":\"https:\/\/vosgesinfo.fr\/gerardmerinfo\/#\/schema\/person\/db5605779a843dad16b5368f3e7613a5\"},\"headline\":\"Une saison au fil des expositions (vid\u00e9o)\",\"datePublished\":\"2014-09-22T15:41:17+00:00\",\"dateModified\":\"2014-09-22T15:41:17+00:00\",\"mainEntityOfPage\":{\"@id\":\"https:\/\/vosgesinfo.fr\/gerardmerinfo\/2014\/09\/une-saison-au-fil-des-expositions-video\/\"},\"wordCount\":492,\"commentCount\":0,\"publisher\":{\"@id\":\"https:\/\/vosgesinfo.fr\/gerardmerinfo\/#organization\"},\"articleSection\":[\"Culture\"],\"inLanguage\":\"fr-FR\",\"potentialAction\":[{\"@type\":\"CommentAction\",\"name\":\"Comment\",\"target\":[\"https:\/\/vosgesinfo.fr\/gerardmerinfo\/2014\/09\/une-saison-au-fil-des-expositions-video\/#respond\"]}]},{\"@type\":\"WebPage\",\"@id\":\"https:\/\/vosgesinfo.fr\/gerardmerinfo\/2014\/09\/une-saison-au-fil-des-expositions-video\/\",\"url\":\"https:\/\/vosgesinfo.fr\/gerardmerinfo\/2014\/09\/une-saison-au-fil-des-expositions-video\/\",\"name\":\"Une saison au fil des expositions (vid\u00e9o) - Gerardmer Info\",\"isPartOf\":{\"@id\":\"https:\/\/vosgesinfo.fr\/gerardmerinfo\/#website\"},\"datePublished\":\"2014-09-22T15:41:17+00:00\",\"dateModified\":\"2014-09-22T15:41:17+00:00\",\"breadcrumb\":{\"@id\":\"https:\/\/vosgesinfo.fr\/gerardmerinfo\/2014\/09\/une-saison-au-fil-des-expositions-video\/#breadcrumb\"},\"inLanguage\":\"fr-FR\",\"potentialAction\":[{\"@type\":\"ReadAction\",\"target\":[\"https:\/\/vosgesinfo.fr\/gerardmerinfo\/2014\/09\/une-saison-au-fil-des-expositions-video\/\"]}]},{\"@type\":\"BreadcrumbList\",\"@id\":\"https:\/\/vosgesinfo.fr\/gerardmerinfo\/2014\/09\/une-saison-au-fil-des-expositions-video\/#breadcrumb\",\"itemListElement\":[{\"@type\":\"ListItem\",\"position\":1,\"name\":\"Home\",\"item\":\"https:\/\/vosgesinfo.fr\/gerardmerinfo\/\"},{\"@type\":\"ListItem\",\"position\":2,\"name\":\"Une saison au fil des expositions (vid\u00e9o)\"}]},{\"@type\":\"WebSite\",\"@id\":\"https:\/\/vosgesinfo.fr\/gerardmerinfo\/#website\",\"url\":\"https:\/\/vosgesinfo.fr\/gerardmerinfo\/\",\"name\":\"Gerardmer Info\",\"description\":\"Toute l&#039;actualit\u00e9 de G\u00e9rardmer\",\"publisher\":{\"@id\":\"https:\/\/vosgesinfo.fr\/gerardmerinfo\/#organization\"},\"alternateName\":\"Toute l'actualit\u00e9 de G\u00e9rardmer\",\"potentialAction\":[{\"@type\":\"SearchAction\",\"target\":{\"@type\":\"EntryPoint\",\"urlTemplate\":\"https:\/\/vosgesinfo.fr\/gerardmerinfo\/?s={search_term_string}\"},\"query-input\":\"required name=search_term_string\"}],\"inLanguage\":\"fr-FR\"},{\"@type\":\"Organization\",\"@id\":\"https:\/\/vosgesinfo.fr\/gerardmerinfo\/#organization\",\"name\":\"Gerardmer Info\",\"url\":\"https:\/\/vosgesinfo.fr\/gerardmerinfo\/\",\"logo\":{\"@type\":\"ImageObject\",\"inLanguage\":\"fr-FR\",\"@id\":\"https:\/\/vosgesinfo.fr\/gerardmerinfo\/#\/schema\/logo\/image\/\",\"url\":\"https:\/\/vosgesinfo.fr\/app\/uploads\/sites\/6\/2023\/08\/favicon-gerardmerinfo.png\",\"contentUrl\":\"https:\/\/vosgesinfo.fr\/app\/uploads\/sites\/6\/2023\/08\/favicon-gerardmerinfo.png\",\"width\":512,\"height\":512,\"caption\":\"Gerardmer Info\"},\"image\":{\"@id\":\"https:\/\/vosgesinfo.fr\/gerardmerinfo\/#\/schema\/logo\/image\/\"},\"sameAs\":[\"https:\/\/www.facebook.com\/profile.php?id=100049475262660\",\"https:\/\/x.com\/VosgesInfo88\",\"https:\/\/www.youtube.com\/@vosgesinfo\"]},{\"@type\":\"Person\",\"@id\":\"https:\/\/vosgesinfo.fr\/gerardmerinfo\/#\/schema\/person\/db5605779a843dad16b5368f3e7613a5\",\"name\":\"QG\",\"image\":{\"@type\":\"ImageObject\",\"inLanguage\":\"fr-FR\",\"@id\":\"https:\/\/vosgesinfo.fr\/gerardmerinfo\/#\/schema\/person\/image\/\",\"url\":\"https:\/\/secure.gravatar.com\/avatar\/ea80c42c204b534408512832fde52504ecabb9706bcb6151cf6175e5b64e6793?s=96&d=mm&r=g\",\"contentUrl\":\"https:\/\/secure.gravatar.com\/avatar\/ea80c42c204b534408512832fde52504ecabb9706bcb6151cf6175e5b64e6793?s=96&d=mm&r=g\",\"caption\":\"QG\"},\"url\":\"https:\/\/vosgesinfo.fr\/gerardmerinfo\/author\/quentin88\/\"}]}<\/script>\n<!-- \/ Yoast SEO plugin. -->","yoast_head_json":{"title":"Une saison au fil des expositions (vid\u00e9o) - Gerardmer Info","robots":{"index":"index","follow":"follow","max-snippet":"max-snippet:-1","max-image-preview":"max-image-preview:large","max-video-preview":"max-video-preview:-1"},"canonical":"https:\/\/vosgesinfo.fr\/gerardmerinfo\/2014\/09\/une-saison-au-fil-des-expositions-video\/","twitter_card":"summary_large_image","twitter_title":"Une saison au fil des expositions (vid\u00e9o) - Gerardmer Info","twitter_description":"[youtube]http:\/\/youtu.be\/eH6LDPf_spI[\/youtube] Stephen Charissou a eu le privil\u00e8ge de lancer la saison 2014-2015 des expositions de la galerie de la MCL [&hellip;]","twitter_creator":"@VosgesInfo88","twitter_site":"@VosgesInfo88","twitter_misc":{"\u00c9crit par":"QG","Dur\u00e9e de lecture estim\u00e9e":"2 minutes"},"schema":{"@context":"https:\/\/schema.org","@graph":[{"@type":"Article","@id":"https:\/\/vosgesinfo.fr\/gerardmerinfo\/2014\/09\/une-saison-au-fil-des-expositions-video\/#article","isPartOf":{"@id":"https:\/\/vosgesinfo.fr\/gerardmerinfo\/2014\/09\/une-saison-au-fil-des-expositions-video\/"},"author":{"name":"QG","@id":"https:\/\/vosgesinfo.fr\/gerardmerinfo\/#\/schema\/person\/db5605779a843dad16b5368f3e7613a5"},"headline":"Une saison au fil des expositions (vid\u00e9o)","datePublished":"2014-09-22T15:41:17+00:00","dateModified":"2014-09-22T15:41:17+00:00","mainEntityOfPage":{"@id":"https:\/\/vosgesinfo.fr\/gerardmerinfo\/2014\/09\/une-saison-au-fil-des-expositions-video\/"},"wordCount":492,"commentCount":0,"publisher":{"@id":"https:\/\/vosgesinfo.fr\/gerardmerinfo\/#organization"},"articleSection":["Culture"],"inLanguage":"fr-FR","potentialAction":[{"@type":"CommentAction","name":"Comment","target":["https:\/\/vosgesinfo.fr\/gerardmerinfo\/2014\/09\/une-saison-au-fil-des-expositions-video\/#respond"]}]},{"@type":"WebPage","@id":"https:\/\/vosgesinfo.fr\/gerardmerinfo\/2014\/09\/une-saison-au-fil-des-expositions-video\/","url":"https:\/\/vosgesinfo.fr\/gerardmerinfo\/2014\/09\/une-saison-au-fil-des-expositions-video\/","name":"Une saison au fil des expositions (vid\u00e9o) - Gerardmer Info","isPartOf":{"@id":"https:\/\/vosgesinfo.fr\/gerardmerinfo\/#website"},"datePublished":"2014-09-22T15:41:17+00:00","dateModified":"2014-09-22T15:41:17+00:00","breadcrumb":{"@id":"https:\/\/vosgesinfo.fr\/gerardmerinfo\/2014\/09\/une-saison-au-fil-des-expositions-video\/#breadcrumb"},"inLanguage":"fr-FR","potentialAction":[{"@type":"ReadAction","target":["https:\/\/vosgesinfo.fr\/gerardmerinfo\/2014\/09\/une-saison-au-fil-des-expositions-video\/"]}]},{"@type":"BreadcrumbList","@id":"https:\/\/vosgesinfo.fr\/gerardmerinfo\/2014\/09\/une-saison-au-fil-des-expositions-video\/#breadcrumb","itemListElement":[{"@type":"ListItem","position":1,"name":"Home","item":"https:\/\/vosgesinfo.fr\/gerardmerinfo\/"},{"@type":"ListItem","position":2,"name":"Une saison au fil des expositions (vid\u00e9o)"}]},{"@type":"WebSite","@id":"https:\/\/vosgesinfo.fr\/gerardmerinfo\/#website","url":"https:\/\/vosgesinfo.fr\/gerardmerinfo\/","name":"Gerardmer Info","description":"Toute l&#039;actualit\u00e9 de G\u00e9rardmer","publisher":{"@id":"https:\/\/vosgesinfo.fr\/gerardmerinfo\/#organization"},"alternateName":"Toute l'actualit\u00e9 de G\u00e9rardmer","potentialAction":[{"@type":"SearchAction","target":{"@type":"EntryPoint","urlTemplate":"https:\/\/vosgesinfo.fr\/gerardmerinfo\/?s={search_term_string}"},"query-input":"required name=search_term_string"}],"inLanguage":"fr-FR"},{"@type":"Organization","@id":"https:\/\/vosgesinfo.fr\/gerardmerinfo\/#organization","name":"Gerardmer Info","url":"https:\/\/vosgesinfo.fr\/gerardmerinfo\/","logo":{"@type":"ImageObject","inLanguage":"fr-FR","@id":"https:\/\/vosgesinfo.fr\/gerardmerinfo\/#\/schema\/logo\/image\/","url":"https:\/\/vosgesinfo.fr\/app\/uploads\/sites\/6\/2023\/08\/favicon-gerardmerinfo.png","contentUrl":"https:\/\/vosgesinfo.fr\/app\/uploads\/sites\/6\/2023\/08\/favicon-gerardmerinfo.png","width":512,"height":512,"caption":"Gerardmer Info"},"image":{"@id":"https:\/\/vosgesinfo.fr\/gerardmerinfo\/#\/schema\/logo\/image\/"},"sameAs":["https:\/\/www.facebook.com\/profile.php?id=100049475262660","https:\/\/x.com\/VosgesInfo88","https:\/\/www.youtube.com\/@vosgesinfo"]},{"@type":"Person","@id":"https:\/\/vosgesinfo.fr\/gerardmerinfo\/#\/schema\/person\/db5605779a843dad16b5368f3e7613a5","name":"QG","image":{"@type":"ImageObject","inLanguage":"fr-FR","@id":"https:\/\/vosgesinfo.fr\/gerardmerinfo\/#\/schema\/person\/image\/","url":"https:\/\/secure.gravatar.com\/avatar\/ea80c42c204b534408512832fde52504ecabb9706bcb6151cf6175e5b64e6793?s=96&d=mm&r=g","contentUrl":"https:\/\/secure.gravatar.com\/avatar\/ea80c42c204b534408512832fde52504ecabb9706bcb6151cf6175e5b64e6793?s=96&d=mm&r=g","caption":"QG"},"url":"https:\/\/vosgesinfo.fr\/gerardmerinfo\/author\/quentin88\/"}]}},"_links":{"self":[{"href":"https:\/\/vosgesinfo.fr\/gerardmerinfo\/wp-json\/wp\/v2\/posts\/11791","targetHints":{"allow":["GET"]}}],"collection":[{"href":"https:\/\/vosgesinfo.fr\/gerardmerinfo\/wp-json\/wp\/v2\/posts"}],"about":[{"href":"https:\/\/vosgesinfo.fr\/gerardmerinfo\/wp-json\/wp\/v2\/types\/post"}],"author":[{"embeddable":true,"href":"https:\/\/vosgesinfo.fr\/gerardmerinfo\/wp-json\/wp\/v2\/users\/42"}],"replies":[{"embeddable":true,"href":"https:\/\/vosgesinfo.fr\/gerardmerinfo\/wp-json\/wp\/v2\/comments?post=11791"}],"version-history":[{"count":0,"href":"https:\/\/vosgesinfo.fr\/gerardmerinfo\/wp-json\/wp\/v2\/posts\/11791\/revisions"}],"wp:attachment":[{"href":"https:\/\/vosgesinfo.fr\/gerardmerinfo\/wp-json\/wp\/v2\/media?parent=11791"}],"wp:term":[{"taxonomy":"category","embeddable":true,"href":"https:\/\/vosgesinfo.fr\/gerardmerinfo\/wp-json\/wp\/v2\/categories?post=11791"},{"taxonomy":"post_tag","embeddable":true,"href":"https:\/\/vosgesinfo.fr\/gerardmerinfo\/wp-json\/wp\/v2\/tags?post=11791"}],"curies":[{"name":"wp","href":"https:\/\/api.w.org\/{rel}","templated":true}]}}