{"id":11792,"date":"2014-09-21T16:58:01","date_gmt":"2014-09-21T14:58:01","guid":{"rendered":"https:\/\/vosgesinfo.fr\/gerardmerinfo\/2014\/09\/saut-nicolas-didier-simpose-lors-de-la-2eme-etape-de-coup-des-vosges\/"},"modified":"2014-09-21T16:58:01","modified_gmt":"2014-09-21T14:58:01","slug":"saut-nicolas-didier-simpose-lors-de-la-2eme-etape-de-coup-des-vosges","status":"publish","type":"post","link":"https:\/\/vosgesinfo.fr\/gerardmerinfo\/2014\/09\/saut-nicolas-didier-simpose-lors-de-la-2eme-etape-de-coup-des-vosges\/","title":{"rendered":"Saut : Nicolas Didier s&rsquo;impose lors de la 2\u00e8me \u00e9tape de Coupe des Vosges"},"content":{"rendered":"<p>&nbsp;<\/p>\n Un magnifique podium\n<p>Pour\u00a0 la deuxi\u00e8me \u00e9tape de ce circuit de comp\u00e9tition estivale, la Coupe des Vosges\u00a0 a eu lieu en nocturne samedi en fin d&rsquo;apr\u00e8s-midi sur le tremplin HS 72 m\u00e8tres des Bas-Rupts \u00e0 G\u00e9rardmer.<br \/>\nUne comp\u00e9tition plut\u00f4t dense pour le niveau r\u00e9gional avec pr\u00e8s de 30 concurrents et suivie par une centaine de spectateurs qui ont\u00a0 profit\u00e9 de la douceur de la soir\u00e9e et surtout du spectacle propos\u00e9 par les hommes volants<br \/>\nChez les jeunes, dans les cat\u00e9gories benjamins et minimes le podium fut acquis \u00e0 Naokin Jacquel (G\u00e9rardmer), Tanguy Laheurte (G\u00e9rardmer) et Antonin Vaxelaire (Xonrupt) tous les 3 membres de la section sportive du Lyc\u00e9e de la Haie Griselle. A noter \u00e9galement la pr\u00e9sence de deux alsaciens lors de l&rsquo;\u00e9preuve\u00a0 jeunes qui marque le retour du saut \u00e0 ski chez les espoirs de l&rsquo;autre c\u00f4t\u00e9 du massif, notamment gr\u00e2ce \u00e0 l&rsquo;investissement au club de Kruth : c&rsquo;est une tr\u00e8s bonne nouvelle pour la discipline.<\/p>\n Le grand vainqueur de la soir\u00e9e Nicolas Didier\n<p>En cadet, junior, s\u00e9nior,\u00a0 la victoire revient \u00e0\u00a0 Nicolas Didier (Xonrupt), membre des \u00e9quipes de France junior de combin\u00e9 nordique au p\u00f4le France de Pr\u00e9manon dans le Jura. Il a devanc\u00e9 le xonrup\u00e9en Lilian Vaxelaire (1er cadet). Ensuite la lutte f\u00fbt \u00e2pre pour la troisi\u00e8me place sur le podium et c&rsquo;est finalement David Viry de Xonrupt (1er s\u00e9nior) qui dame le pion pour quelques dixi\u00e8mes de points \u00e0 Matthias Caudy (Xonrupt) et Yann Laheurte (G\u00e9rardmer)<\/p>\n<p>En ce qui concerne La tourn\u00e9e des 5 Tremplins se jouait la\u00a0 troisi\u00e8me \u00e9tape de cette d\u00e9sormais incontournable comp\u00e9tition\u00a0 organis\u00e9e par l&rsquo;association \u00ab\u00a0<em>t&rsquo;as eu\u00e9 tes skis<\/em>\u00a0\u00bb qui regroupe les \u00ab\u00a0anciens\u00a0\u00bb sauteurs du massif.<br \/>\nDix concurrents ont donc sillonn\u00e9 les Vosges toute la journ\u00e9e et r\u00e9alis\u00e9 une comp\u00e9tition sur chacun des tremplins des Hautes Vosges. La journ\u00e9e commen\u00e7ait d\u00e8s 8h \u00e0 Bussang pour un saut d&rsquo;essai et deux sauts de comp\u00e9tition.\u00a0 M\u00eame programme \u00e0 suivre \u00e0 Ventron, La Bresse et enfin G\u00e9rardmer\u00a0 en nocturne en parall\u00e8le de la Coupe des Vosges.<br \/>\nAu final, bien que le r\u00e9sultat reste moins important que l&rsquo;ambiance de la journ\u00e9e et le plaisir de se retrouver sur les tremplins, c&rsquo;est David Viry, le jeune retrait\u00e9 des \u00e9quipes de France de saut sp\u00e9cial qui remporte cette tourn\u00e9e devant Jean Louis Arnould et Thierry Bastien.<\/p>\n<p><strong>Les r\u00e9sultats :<\/strong><\/p>\n<p>r\u00e9sult benjamin minime<\/p>\n<p>r\u00e9sult cadets \u00e0 seniors<\/p>\n<p>vieux sauteurs<\/p>\n","protected":false},"excerpt":{"rendered":"<p>&nbsp; Pour\u00a0 la deuxi\u00e8me \u00e9tape de ce circuit de comp\u00e9tition estivale, la Coupe des Vosges\u00a0 a eu lieu en nocturne [&hellip;]<\/p>\n","protected":false},"author":1,"featured_media":0,"comment_status":"open","ping_status":"open","sticky":false,"template":"","format":"standard","meta":{"footnotes":""},"categories":[14],"tags":[],"class_list":["post-11792","post","type-post","status-publish","format-standard","hentry","category-sport"],"acf":[],"yoast_head":"<!-- This site is optimized with the Yoast SEO plugin v22.5 - https:\/\/yoast.com\/wordpress\/plugins\/seo\/ -->\n<title>Saut : Nicolas Didier s&#039;impose lors de la 2\u00e8me \u00e9tape de Coupe des Vosges - Gerardmer Info<\/title>\n<meta name=\"robots\" content=\"index, follow, max-snippet:-1, max-image-preview:large, max-video-preview:-1\" \/>\n<link rel=\"canonical\" href=\"https:\/\/vosgesinfo.fr\/gerardmerinfo\/2014\/09\/saut-nicolas-didier-simpose-lors-de-la-2eme-etape-de-coup-des-vosges\/\" \/>\n<meta name=\"twitter:card\" content=\"summary_large_image\" \/>\n<meta name=\"twitter:title\" content=\"Saut : Nicolas Didier s&#039;impose lors de la 2\u00e8me \u00e9tape de Coupe des Vosges - Gerardmer Info\" \/>\n<meta name=\"twitter:description\" content=\"&nbsp; Pour\u00a0 la deuxi\u00e8me \u00e9tape de ce circuit de comp\u00e9tition estivale, la Coupe des Vosges\u00a0 a eu lieu en nocturne [&hellip;]\" \/>\n<meta name=\"twitter:creator\" content=\"@VosgesInfo88\" \/>\n<meta name=\"twitter:site\" content=\"@VosgesInfo88\" \/>\n<meta name=\"twitter:label1\" content=\"\u00c9crit par\" \/>\n\t<meta name=\"twitter:data1\" content=\"qs_admin\" \/>\n\t<meta name=\"twitter:label2\" content=\"Dur\u00e9e de lecture estim\u00e9e\" \/>\n\t<meta name=\"twitter:data2\" content=\"2 minutes\" \/>\n<script type=\"application\/ld+json\" class=\"yoast-schema-graph\">{\"@context\":\"https:\/\/schema.org\",\"@graph\":[{\"@type\":\"Article\",\"@id\":\"https:\/\/vosgesinfo.fr\/gerardmerinfo\/2014\/09\/saut-nicolas-didier-simpose-lors-de-la-2eme-etape-de-coup-des-vosges\/#article\",\"isPartOf\":{\"@id\":\"https:\/\/vosgesinfo.fr\/gerardmerinfo\/2014\/09\/saut-nicolas-didier-simpose-lors-de-la-2eme-etape-de-coup-des-vosges\/\"},\"author\":{\"name\":\"qs_admin\",\"@id\":\"https:\/\/vosgesinfo.fr\/gerardmerinfo\/#\/schema\/person\/bc5d02d71e6932e81b6dadb7386667b1\"},\"headline\":\"Saut : Nicolas Didier s&rsquo;impose lors de la 2\u00e8me \u00e9tape de Coupe des Vosges\",\"datePublished\":\"2014-09-21T14:58:01+00:00\",\"dateModified\":\"2014-09-21T14:58:01+00:00\",\"mainEntityOfPage\":{\"@id\":\"https:\/\/vosgesinfo.fr\/gerardmerinfo\/2014\/09\/saut-nicolas-didier-simpose-lors-de-la-2eme-etape-de-coup-des-vosges\/\"},\"wordCount\":463,\"commentCount\":0,\"publisher\":{\"@id\":\"https:\/\/vosgesinfo.fr\/gerardmerinfo\/#organization\"},\"articleSection\":[\"Sport\"],\"inLanguage\":\"fr-FR\",\"potentialAction\":[{\"@type\":\"CommentAction\",\"name\":\"Comment\",\"target\":[\"https:\/\/vosgesinfo.fr\/gerardmerinfo\/2014\/09\/saut-nicolas-didier-simpose-lors-de-la-2eme-etape-de-coup-des-vosges\/#respond\"]}]},{\"@type\":\"WebPage\",\"@id\":\"https:\/\/vosgesinfo.fr\/gerardmerinfo\/2014\/09\/saut-nicolas-didier-simpose-lors-de-la-2eme-etape-de-coup-des-vosges\/\",\"url\":\"https:\/\/vosgesinfo.fr\/gerardmerinfo\/2014\/09\/saut-nicolas-didier-simpose-lors-de-la-2eme-etape-de-coup-des-vosges\/\",\"name\":\"Saut : Nicolas Didier s'impose lors de la 2\u00e8me \u00e9tape de Coupe des Vosges - Gerardmer Info\",\"isPartOf\":{\"@id\":\"https:\/\/vosgesinfo.fr\/gerardmerinfo\/#website\"},\"datePublished\":\"2014-09-21T14:58:01+00:00\",\"dateModified\":\"2014-09-21T14:58:01+00:00\",\"breadcrumb\":{\"@id\":\"https:\/\/vosgesinfo.fr\/gerardmerinfo\/2014\/09\/saut-nicolas-didier-simpose-lors-de-la-2eme-etape-de-coup-des-vosges\/#breadcrumb\"},\"inLanguage\":\"fr-FR\",\"potentialAction\":[{\"@type\":\"ReadAction\",\"target\":[\"https:\/\/vosgesinfo.fr\/gerardmerinfo\/2014\/09\/saut-nicolas-didier-simpose-lors-de-la-2eme-etape-de-coup-des-vosges\/\"]}]},{\"@type\":\"BreadcrumbList\",\"@id\":\"https:\/\/vosgesinfo.fr\/gerardmerinfo\/2014\/09\/saut-nicolas-didier-simpose-lors-de-la-2eme-etape-de-coup-des-vosges\/#breadcrumb\",\"itemListElement\":[{\"@type\":\"ListItem\",\"position\":1,\"name\":\"Home\",\"item\":\"https:\/\/vosgesinfo.fr\/gerardmerinfo\/\"},{\"@type\":\"ListItem\",\"position\":2,\"name\":\"Saut : Nicolas Didier s&rsquo;impose lors de la 2\u00e8me \u00e9tape de Coupe des Vosges\"}]},{\"@type\":\"WebSite\",\"@id\":\"https:\/\/vosgesinfo.fr\/gerardmerinfo\/#website\",\"url\":\"https:\/\/vosgesinfo.fr\/gerardmerinfo\/\",\"name\":\"Gerardmer Info\",\"description\":\"Toute l&#039;actualit\u00e9 de G\u00e9rardmer\",\"publisher\":{\"@id\":\"https:\/\/vosgesinfo.fr\/gerardmerinfo\/#organization\"},\"alternateName\":\"Toute l'actualit\u00e9 de G\u00e9rardmer\",\"potentialAction\":[{\"@type\":\"SearchAction\",\"target\":{\"@type\":\"EntryPoint\",\"urlTemplate\":\"https:\/\/vosgesinfo.fr\/gerardmerinfo\/?s={search_term_string}\"},\"query-input\":\"required name=search_term_string\"}],\"inLanguage\":\"fr-FR\"},{\"@type\":\"Organization\",\"@id\":\"https:\/\/vosgesinfo.fr\/gerardmerinfo\/#organization\",\"name\":\"Gerardmer Info\",\"url\":\"https:\/\/vosgesinfo.fr\/gerardmerinfo\/\",\"logo\":{\"@type\":\"ImageObject\",\"inLanguage\":\"fr-FR\",\"@id\":\"https:\/\/vosgesinfo.fr\/gerardmerinfo\/#\/schema\/logo\/image\/\",\"url\":\"https:\/\/vosgesinfo.fr\/app\/uploads\/sites\/6\/2023\/08\/favicon-gerardmerinfo.png\",\"contentUrl\":\"https:\/\/vosgesinfo.fr\/app\/uploads\/sites\/6\/2023\/08\/favicon-gerardmerinfo.png\",\"width\":512,\"height\":512,\"caption\":\"Gerardmer Info\"},\"image\":{\"@id\":\"https:\/\/vosgesinfo.fr\/gerardmerinfo\/#\/schema\/logo\/image\/\"},\"sameAs\":[\"https:\/\/www.facebook.com\/profile.php?id=100049475262660\",\"https:\/\/x.com\/VosgesInfo88\",\"https:\/\/www.youtube.com\/@vosgesinfo\"]},{\"@type\":\"Person\",\"@id\":\"https:\/\/vosgesinfo.fr\/gerardmerinfo\/#\/schema\/person\/bc5d02d71e6932e81b6dadb7386667b1\",\"name\":\"qs_admin\",\"image\":{\"@type\":\"ImageObject\",\"inLanguage\":\"fr-FR\",\"@id\":\"https:\/\/vosgesinfo.fr\/gerardmerinfo\/#\/schema\/person\/image\/\",\"url\":\"https:\/\/secure.gravatar.com\/avatar\/94b18ee0ed79e4a42ea2f2931277b6841a8999fc6fde214600c78057cf1fe1de?s=96&d=mm&r=g\",\"contentUrl\":\"https:\/\/secure.gravatar.com\/avatar\/94b18ee0ed79e4a42ea2f2931277b6841a8999fc6fde214600c78057cf1fe1de?s=96&d=mm&r=g\",\"caption\":\"qs_admin\"},\"sameAs\":[\"https:\/\/vosgesinfo.fr\/wp\"],\"url\":\"https:\/\/vosgesinfo.fr\/gerardmerinfo\/author\/qs_admin\/\"}]}<\/script>\n<!-- \/ Yoast SEO plugin. -->","yoast_head_json":{"title":"Saut : Nicolas Didier s'impose lors de la 2\u00e8me \u00e9tape de Coupe des Vosges - Gerardmer Info","robots":{"index":"index","follow":"follow","max-snippet":"max-snippet:-1","max-image-preview":"max-image-preview:large","max-video-preview":"max-video-preview:-1"},"canonical":"https:\/\/vosgesinfo.fr\/gerardmerinfo\/2014\/09\/saut-nicolas-didier-simpose-lors-de-la-2eme-etape-de-coup-des-vosges\/","twitter_card":"summary_large_image","twitter_title":"Saut : Nicolas Didier s'impose lors de la 2\u00e8me \u00e9tape de Coupe des Vosges - Gerardmer Info","twitter_description":"&nbsp; Pour\u00a0 la deuxi\u00e8me \u00e9tape de ce circuit de comp\u00e9tition estivale, la Coupe des Vosges\u00a0 a eu lieu en nocturne [&hellip;]","twitter_creator":"@VosgesInfo88","twitter_site":"@VosgesInfo88","twitter_misc":{"\u00c9crit par":"qs_admin","Dur\u00e9e de lecture estim\u00e9e":"2 minutes"},"schema":{"@context":"https:\/\/schema.org","@graph":[{"@type":"Article","@id":"https:\/\/vosgesinfo.fr\/gerardmerinfo\/2014\/09\/saut-nicolas-didier-simpose-lors-de-la-2eme-etape-de-coup-des-vosges\/#article","isPartOf":{"@id":"https:\/\/vosgesinfo.fr\/gerardmerinfo\/2014\/09\/saut-nicolas-didier-simpose-lors-de-la-2eme-etape-de-coup-des-vosges\/"},"author":{"name":"qs_admin","@id":"https:\/\/vosgesinfo.fr\/gerardmerinfo\/#\/schema\/person\/bc5d02d71e6932e81b6dadb7386667b1"},"headline":"Saut : Nicolas Didier s&rsquo;impose lors de la 2\u00e8me \u00e9tape de Coupe des Vosges","datePublished":"2014-09-21T14:58:01+00:00","dateModified":"2014-09-21T14:58:01+00:00","mainEntityOfPage":{"@id":"https:\/\/vosgesinfo.fr\/gerardmerinfo\/2014\/09\/saut-nicolas-didier-simpose-lors-de-la-2eme-etape-de-coup-des-vosges\/"},"wordCount":463,"commentCount":0,"publisher":{"@id":"https:\/\/vosgesinfo.fr\/gerardmerinfo\/#organization"},"articleSection":["Sport"],"inLanguage":"fr-FR","potentialAction":[{"@type":"CommentAction","name":"Comment","target":["https:\/\/vosgesinfo.fr\/gerardmerinfo\/2014\/09\/saut-nicolas-didier-simpose-lors-de-la-2eme-etape-de-coup-des-vosges\/#respond"]}]},{"@type":"WebPage","@id":"https:\/\/vosgesinfo.fr\/gerardmerinfo\/2014\/09\/saut-nicolas-didier-simpose-lors-de-la-2eme-etape-de-coup-des-vosges\/","url":"https:\/\/vosgesinfo.fr\/gerardmerinfo\/2014\/09\/saut-nicolas-didier-simpose-lors-de-la-2eme-etape-de-coup-des-vosges\/","name":"Saut : Nicolas Didier s'impose lors de la 2\u00e8me \u00e9tape de Coupe des Vosges - Gerardmer Info","isPartOf":{"@id":"https:\/\/vosgesinfo.fr\/gerardmerinfo\/#website"},"datePublished":"2014-09-21T14:58:01+00:00","dateModified":"2014-09-21T14:58:01+00:00","breadcrumb":{"@id":"https:\/\/vosgesinfo.fr\/gerardmerinfo\/2014\/09\/saut-nicolas-didier-simpose-lors-de-la-2eme-etape-de-coup-des-vosges\/#breadcrumb"},"inLanguage":"fr-FR","potentialAction":[{"@type":"ReadAction","target":["https:\/\/vosgesinfo.fr\/gerardmerinfo\/2014\/09\/saut-nicolas-didier-simpose-lors-de-la-2eme-etape-de-coup-des-vosges\/"]}]},{"@type":"BreadcrumbList","@id":"https:\/\/vosgesinfo.fr\/gerardmerinfo\/2014\/09\/saut-nicolas-didier-simpose-lors-de-la-2eme-etape-de-coup-des-vosges\/#breadcrumb","itemListElement":[{"@type":"ListItem","position":1,"name":"Home","item":"https:\/\/vosgesinfo.fr\/gerardmerinfo\/"},{"@type":"ListItem","position":2,"name":"Saut : Nicolas Didier s&rsquo;impose lors de la 2\u00e8me \u00e9tape de Coupe des Vosges"}]},{"@type":"WebSite","@id":"https:\/\/vosgesinfo.fr\/gerardmerinfo\/#website","url":"https:\/\/vosgesinfo.fr\/gerardmerinfo\/","name":"Gerardmer Info","description":"Toute l&#039;actualit\u00e9 de G\u00e9rardmer","publisher":{"@id":"https:\/\/vosgesinfo.fr\/gerardmerinfo\/#organization"},"alternateName":"Toute l'actualit\u00e9 de G\u00e9rardmer","potentialAction":[{"@type":"SearchAction","target":{"@type":"EntryPoint","urlTemplate":"https:\/\/vosgesinfo.fr\/gerardmerinfo\/?s={search_term_string}"},"query-input":"required name=search_term_string"}],"inLanguage":"fr-FR"},{"@type":"Organization","@id":"https:\/\/vosgesinfo.fr\/gerardmerinfo\/#organization","name":"Gerardmer Info","url":"https:\/\/vosgesinfo.fr\/gerardmerinfo\/","logo":{"@type":"ImageObject","inLanguage":"fr-FR","@id":"https:\/\/vosgesinfo.fr\/gerardmerinfo\/#\/schema\/logo\/image\/","url":"https:\/\/vosgesinfo.fr\/app\/uploads\/sites\/6\/2023\/08\/favicon-gerardmerinfo.png","contentUrl":"https:\/\/vosgesinfo.fr\/app\/uploads\/sites\/6\/2023\/08\/favicon-gerardmerinfo.png","width":512,"height":512,"caption":"Gerardmer Info"},"image":{"@id":"https:\/\/vosgesinfo.fr\/gerardmerinfo\/#\/schema\/logo\/image\/"},"sameAs":["https:\/\/www.facebook.com\/profile.php?id=100049475262660","https:\/\/x.com\/VosgesInfo88","https:\/\/www.youtube.com\/@vosgesinfo"]},{"@type":"Person","@id":"https:\/\/vosgesinfo.fr\/gerardmerinfo\/#\/schema\/person\/bc5d02d71e6932e81b6dadb7386667b1","name":"qs_admin","image":{"@type":"ImageObject","inLanguage":"fr-FR","@id":"https:\/\/vosgesinfo.fr\/gerardmerinfo\/#\/schema\/person\/image\/","url":"https:\/\/secure.gravatar.com\/avatar\/94b18ee0ed79e4a42ea2f2931277b6841a8999fc6fde214600c78057cf1fe1de?s=96&d=mm&r=g","contentUrl":"https:\/\/secure.gravatar.com\/avatar\/94b18ee0ed79e4a42ea2f2931277b6841a8999fc6fde214600c78057cf1fe1de?s=96&d=mm&r=g","caption":"qs_admin"},"sameAs":["https:\/\/vosgesinfo.fr\/wp"],"url":"https:\/\/vosgesinfo.fr\/gerardmerinfo\/author\/qs_admin\/"}]}},"_links":{"self":[{"href":"https:\/\/vosgesinfo.fr\/gerardmerinfo\/wp-json\/wp\/v2\/posts\/11792","targetHints":{"allow":["GET"]}}],"collection":[{"href":"https:\/\/vosgesinfo.fr\/gerardmerinfo\/wp-json\/wp\/v2\/posts"}],"about":[{"href":"https:\/\/vosgesinfo.fr\/gerardmerinfo\/wp-json\/wp\/v2\/types\/post"}],"author":[{"embeddable":true,"href":"https:\/\/vosgesinfo.fr\/gerardmerinfo\/wp-json\/wp\/v2\/users\/1"}],"replies":[{"embeddable":true,"href":"https:\/\/vosgesinfo.fr\/gerardmerinfo\/wp-json\/wp\/v2\/comments?post=11792"}],"version-history":[{"count":0,"href":"https:\/\/vosgesinfo.fr\/gerardmerinfo\/wp-json\/wp\/v2\/posts\/11792\/revisions"}],"wp:attachment":[{"href":"https:\/\/vosgesinfo.fr\/gerardmerinfo\/wp-json\/wp\/v2\/media?parent=11792"}],"wp:term":[{"taxonomy":"category","embeddable":true,"href":"https:\/\/vosgesinfo.fr\/gerardmerinfo\/wp-json\/wp\/v2\/categories?post=11792"},{"taxonomy":"post_tag","embeddable":true,"href":"https:\/\/vosgesinfo.fr\/gerardmerinfo\/wp-json\/wp\/v2\/tags?post=11792"}],"curies":[{"name":"wp","href":"https:\/\/api.w.org\/{rel}","templated":true}]}}