{"id":11793,"date":"2014-09-22T05:41:13","date_gmt":"2014-09-22T03:41:13","guid":{"rendered":"https:\/\/vosgesinfo.fr\/gerardmerinfo\/2014\/09\/le-29eme-rallye-national-vosgien-en-images\/"},"modified":"2014-09-22T05:41:13","modified_gmt":"2014-09-22T03:41:13","slug":"le-29eme-rallye-national-vosgien-en-images","status":"publish","type":"post","link":"https:\/\/vosgesinfo.fr\/gerardmerinfo\/2014\/09\/le-29eme-rallye-national-vosgien-en-images\/","title":{"rendered":"Le 29\u00e8me Rallye National Vosgien en images"},"content":{"rendered":"<p><span style=\"font-family: Calibri; font-size: medium;\"><span style=\"color: #000000;\"><strong>Grand favori au d\u00e9part, Dominique Rebout s\u2019est adjug\u00e9 le 29\u00e8me Rallye National Vosgien, samedi soir \u00e0 Saint-Nabord, au volant de sa Peugeot 207 S2000. Il s\u2019impose devant deux DS3 R3, celle de Quentin Giordano \u00e0 33\u2019\u20199 et celle de Yohan Rossel \u00e0 51\u2019\u20194.<\/strong><\/span><\/span><\/p>\n<p><strong>R\u00e9sum\u00e9 de la course en images. D\u00e9couverte !<\/strong><\/p>\n<p>[youtube]http:\/\/www.youtube.com\/watch?v=tYChtWkTdv4[\/youtube]<\/p>\n<p><span style=\"color: #000000;\"><a href=\"http:\/\/remiremontinfo.fr\/\"><img decoding=\"async\" class=\"alignleft size-medium wp-image-61980\" src=\"http:\/\/remiremontinfo.fr\/\" alt=\"1924358_10203908156757869_8067363158769456704_n\" width=\"300\" height=\"200\" \/><\/a> <a href=\"http:\/\/remiremontinfo.fr\/\"><img decoding=\"async\" class=\"alignleft size-medium wp-image-62045\" src=\"http:\/\/remiremontinfo.fr\/\" alt=\"10397145_10203908398443911_5142981965505618151_o\" width=\"300\" height=\"199\" \/><\/a> <a href=\"http:\/\/remiremontinfo.fr\/\"><img decoding=\"async\" class=\"alignleft size-medium wp-image-62044\" src=\"http:\/\/remiremontinfo.fr\/\" alt=\"10547270_10203908262080502_2747976521481827274_o\" width=\"300\" height=\"199\" \/><\/a> <a href=\"http:\/\/remiremontinfo.fr\/\"><img decoding=\"async\" class=\"alignleft size-medium wp-image-62035\" src=\"http:\/\/remiremontinfo.fr\/\" alt=\"10710838_10203908191798745_76422357830186198_n\" width=\"300\" height=\"200\" \/><\/a> <a href=\"http:\/\/remiremontinfo.fr\/\"><img decoding=\"async\" class=\"alignleft size-medium wp-image-62034\" src=\"http:\/\/remiremontinfo.fr\/\" alt=\"10703685_10203908164878072_3673609906123768395_n\" width=\"300\" height=\"200\" \/><\/a> <a href=\"http:\/\/remiremontinfo.fr\/\"><img decoding=\"async\" class=\"alignleft size-medium wp-image-62033\" src=\"http:\/\/remiremontinfo.fr\/\" alt=\"10702057_10203908150717718_6474664728626351541_n\" width=\"300\" height=\"200\" \/><\/a> <a href=\"http:\/\/remiremontinfo.fr\/\"><img decoding=\"async\" class=\"alignleft size-medium wp-image-62032\" src=\"http:\/\/remiremontinfo.fr\/\" alt=\"10698553_10203908189718693_5712940845607042749_n\" width=\"300\" height=\"200\" \/><\/a> <a href=\"http:\/\/remiremontinfo.fr\/\"><img decoding=\"async\" class=\"alignleft size-medium wp-image-62031\" src=\"http:\/\/remiremontinfo.fr\/\" alt=\"10696420_10203908167118128_4763969057725561213_n\" width=\"300\" height=\"200\" \/><\/a> <a href=\"http:\/\/remiremontinfo.fr\/\"><img decoding=\"async\" class=\"alignleft size-medium wp-image-62030\" src=\"http:\/\/remiremontinfo.fr\/\" alt=\"10689878_10203908164478062_9108729834514406991_n\" width=\"300\" height=\"200\" \/><\/a> <a href=\"http:\/\/remiremontinfo.fr\/\"><img decoding=\"async\" class=\"alignleft size-medium wp-image-62029\" src=\"http:\/\/remiremontinfo.fr\/\" alt=\"10689581_10203908180158454_6208702506025574661_n\" width=\"300\" height=\"200\" \/><\/a> <a href=\"http:\/\/remiremontinfo.fr\/\"><img decoding=\"async\" class=\"alignleft size-medium wp-image-62028\" src=\"http:\/\/remiremontinfo.fr\/\" alt=\"10689581_10203908148837671_7214744547453228911_n\" width=\"300\" height=\"200\" \/><\/a> <a href=\"http:\/\/remiremontinfo.fr\/\"><img decoding=\"async\" class=\"alignleft size-medium wp-image-62027\" src=\"http:\/\/remiremontinfo.fr\/\" alt=\"10676112_10203908180918473_2330515417918750445_n\" width=\"300\" height=\"200\" \/><\/a> <a href=\"http:\/\/remiremontinfo.fr\/\"><img decoding=\"async\" class=\"alignleft size-medium wp-image-62026\" src=\"http:\/\/remiremontinfo.fr\/\" alt=\"10672337_10203908146197605_8735718206518725032_n\" width=\"300\" height=\"200\" \/><\/a> <a href=\"http:\/\/remiremontinfo.fr\/\"><img decoding=\"async\" class=\"alignleft size-medium wp-image-62025\" src=\"http:\/\/remiremontinfo.fr\/\" alt=\"10671260_10203908147997650_9124531251197618023_n\" width=\"300\" height=\"200\" \/><\/a> <a href=\"http:\/\/remiremontinfo.fr\/\"><img decoding=\"async\" class=\"alignleft size-medium wp-image-62024\" src=\"http:\/\/remiremontinfo.fr\/\" alt=\"10671255_10203908145877597_6287119212854048324_n\" width=\"300\" height=\"200\" \/><\/a> <a href=\"http:\/\/remiremontinfo.fr\/\"><img decoding=\"async\" class=\"alignleft size-medium wp-image-62023\" src=\"http:\/\/remiremontinfo.fr\/\" alt=\"10671238_10203908149237681_3525527894753988816_n\" width=\"300\" height=\"200\" \/><\/a> <a href=\"http:\/\/remiremontinfo.fr\/\"><img decoding=\"async\" class=\"alignleft size-medium wp-image-62022\" src=\"http:\/\/remiremontinfo.fr\/\" alt=\"10670038_10203908187958649_7715391874622691500_n\" width=\"300\" height=\"200\" \/><\/a> <a href=\"http:\/\/remiremontinfo.fr\/\"><img decoding=\"async\" class=\"alignleft size-medium wp-image-62021\" src=\"http:\/\/remiremontinfo.fr\/\" alt=\"10670011_10203908171198230_4925357204253740848_n\" width=\"300\" height=\"200\" \/><\/a> <a href=\"http:\/\/remiremontinfo.fr\/\"><img decoding=\"async\" class=\"alignleft size-medium wp-image-62020\" src=\"http:\/\/remiremontinfo.fr\/\" alt=\"10660360_10203908151277732_5480737974384692671_n\" width=\"300\" height=\"200\" \/><\/a> <a href=\"http:\/\/remiremontinfo.fr\/\"><img decoding=\"async\" class=\"alignleft size-medium wp-image-62019\" src=\"http:\/\/remiremontinfo.fr\/\" alt=\"\" \/><\/a><\/span><\/p>\n<div align=\"right\"><\/div>\n<div align=\"right\"><\/div>\n<div align=\"right\"><\/div>\n<p>&nbsp;<\/p>\n","protected":false},"excerpt":{"rendered":"<p>Grand favori au d\u00e9part, Dominique Rebout s\u2019est adjug\u00e9 le 29\u00e8me Rallye National Vosgien, samedi soir \u00e0 Saint-Nabord, au volant de [&hellip;]<\/p>\n","protected":false},"author":1,"featured_media":0,"comment_status":"open","ping_status":"open","sticky":false,"template":"","format":"standard","meta":{"footnotes":""},"categories":[14,18],"tags":[],"class_list":["post-11793","post","type-post","status-publish","format-standard","hentry","category-sport","category-vosges"],"acf":[],"yoast_head":"<!-- This site is optimized with the Yoast SEO plugin v22.5 - https:\/\/yoast.com\/wordpress\/plugins\/seo\/ -->\n<title>Le 29\u00e8me Rallye National Vosgien en images - Gerardmer Info<\/title>\n<meta name=\"robots\" content=\"index, follow, max-snippet:-1, max-image-preview:large, max-video-preview:-1\" \/>\n<link rel=\"canonical\" href=\"https:\/\/vosgesinfo.fr\/gerardmerinfo\/2014\/09\/le-29eme-rallye-national-vosgien-en-images\/\" \/>\n<meta name=\"twitter:card\" content=\"summary_large_image\" \/>\n<meta name=\"twitter:title\" content=\"Le 29\u00e8me Rallye National Vosgien en images - Gerardmer Info\" \/>\n<meta name=\"twitter:description\" content=\"Grand favori au d\u00e9part, Dominique Rebout s\u2019est adjug\u00e9 le 29\u00e8me Rallye National Vosgien, samedi soir \u00e0 Saint-Nabord, au volant de [&hellip;]\" \/>\n<meta name=\"twitter:image\" content=\"http:\/\/remiremontinfo.fr\/\" \/>\n<meta name=\"twitter:creator\" content=\"@VosgesInfo88\" \/>\n<meta name=\"twitter:site\" content=\"@VosgesInfo88\" \/>\n<meta name=\"twitter:label1\" content=\"\u00c9crit par\" \/>\n\t<meta name=\"twitter:data1\" content=\"qs_admin\" \/>\n<script type=\"application\/ld+json\" class=\"yoast-schema-graph\">{\"@context\":\"https:\/\/schema.org\",\"@graph\":[{\"@type\":\"Article\",\"@id\":\"https:\/\/vosgesinfo.fr\/gerardmerinfo\/2014\/09\/le-29eme-rallye-national-vosgien-en-images\/#article\",\"isPartOf\":{\"@id\":\"https:\/\/vosgesinfo.fr\/gerardmerinfo\/2014\/09\/le-29eme-rallye-national-vosgien-en-images\/\"},\"author\":{\"name\":\"qs_admin\",\"@id\":\"https:\/\/vosgesinfo.fr\/gerardmerinfo\/#\/schema\/person\/bc5d02d71e6932e81b6dadb7386667b1\"},\"headline\":\"Le 29\u00e8me Rallye National Vosgien en images\",\"datePublished\":\"2014-09-22T03:41:13+00:00\",\"dateModified\":\"2014-09-22T03:41:13+00:00\",\"mainEntityOfPage\":{\"@id\":\"https:\/\/vosgesinfo.fr\/gerardmerinfo\/2014\/09\/le-29eme-rallye-national-vosgien-en-images\/\"},\"wordCount\":66,\"commentCount\":0,\"publisher\":{\"@id\":\"https:\/\/vosgesinfo.fr\/gerardmerinfo\/#organization\"},\"image\":{\"@id\":\"https:\/\/vosgesinfo.fr\/gerardmerinfo\/2014\/09\/le-29eme-rallye-national-vosgien-en-images\/#primaryimage\"},\"thumbnailUrl\":\"http:\/\/remiremontinfo.fr\/\",\"articleSection\":[\"Sport\",\"Vosges\"],\"inLanguage\":\"fr-FR\",\"potentialAction\":[{\"@type\":\"CommentAction\",\"name\":\"Comment\",\"target\":[\"https:\/\/vosgesinfo.fr\/gerardmerinfo\/2014\/09\/le-29eme-rallye-national-vosgien-en-images\/#respond\"]}]},{\"@type\":\"WebPage\",\"@id\":\"https:\/\/vosgesinfo.fr\/gerardmerinfo\/2014\/09\/le-29eme-rallye-national-vosgien-en-images\/\",\"url\":\"https:\/\/vosgesinfo.fr\/gerardmerinfo\/2014\/09\/le-29eme-rallye-national-vosgien-en-images\/\",\"name\":\"Le 29\u00e8me Rallye National Vosgien en images - Gerardmer Info\",\"isPartOf\":{\"@id\":\"https:\/\/vosgesinfo.fr\/gerardmerinfo\/#website\"},\"primaryImageOfPage\":{\"@id\":\"https:\/\/vosgesinfo.fr\/gerardmerinfo\/2014\/09\/le-29eme-rallye-national-vosgien-en-images\/#primaryimage\"},\"image\":{\"@id\":\"https:\/\/vosgesinfo.fr\/gerardmerinfo\/2014\/09\/le-29eme-rallye-national-vosgien-en-images\/#primaryimage\"},\"thumbnailUrl\":\"http:\/\/remiremontinfo.fr\/\",\"datePublished\":\"2014-09-22T03:41:13+00:00\",\"dateModified\":\"2014-09-22T03:41:13+00:00\",\"breadcrumb\":{\"@id\":\"https:\/\/vosgesinfo.fr\/gerardmerinfo\/2014\/09\/le-29eme-rallye-national-vosgien-en-images\/#breadcrumb\"},\"inLanguage\":\"fr-FR\",\"potentialAction\":[{\"@type\":\"ReadAction\",\"target\":[\"https:\/\/vosgesinfo.fr\/gerardmerinfo\/2014\/09\/le-29eme-rallye-national-vosgien-en-images\/\"]}]},{\"@type\":\"ImageObject\",\"inLanguage\":\"fr-FR\",\"@id\":\"https:\/\/vosgesinfo.fr\/gerardmerinfo\/2014\/09\/le-29eme-rallye-national-vosgien-en-images\/#primaryimage\",\"url\":\"http:\/\/remiremontinfo.fr\/\",\"contentUrl\":\"http:\/\/remiremontinfo.fr\/\"},{\"@type\":\"BreadcrumbList\",\"@id\":\"https:\/\/vosgesinfo.fr\/gerardmerinfo\/2014\/09\/le-29eme-rallye-national-vosgien-en-images\/#breadcrumb\",\"itemListElement\":[{\"@type\":\"ListItem\",\"position\":1,\"name\":\"Home\",\"item\":\"https:\/\/vosgesinfo.fr\/gerardmerinfo\/\"},{\"@type\":\"ListItem\",\"position\":2,\"name\":\"Le 29\u00e8me Rallye National Vosgien en images\"}]},{\"@type\":\"WebSite\",\"@id\":\"https:\/\/vosgesinfo.fr\/gerardmerinfo\/#website\",\"url\":\"https:\/\/vosgesinfo.fr\/gerardmerinfo\/\",\"name\":\"Gerardmer Info\",\"description\":\"Toute l&#039;actualit\u00e9 de G\u00e9rardmer\",\"publisher\":{\"@id\":\"https:\/\/vosgesinfo.fr\/gerardmerinfo\/#organization\"},\"alternateName\":\"Toute l'actualit\u00e9 de G\u00e9rardmer\",\"potentialAction\":[{\"@type\":\"SearchAction\",\"target\":{\"@type\":\"EntryPoint\",\"urlTemplate\":\"https:\/\/vosgesinfo.fr\/gerardmerinfo\/?s={search_term_string}\"},\"query-input\":\"required name=search_term_string\"}],\"inLanguage\":\"fr-FR\"},{\"@type\":\"Organization\",\"@id\":\"https:\/\/vosgesinfo.fr\/gerardmerinfo\/#organization\",\"name\":\"Gerardmer Info\",\"url\":\"https:\/\/vosgesinfo.fr\/gerardmerinfo\/\",\"logo\":{\"@type\":\"ImageObject\",\"inLanguage\":\"fr-FR\",\"@id\":\"https:\/\/vosgesinfo.fr\/gerardmerinfo\/#\/schema\/logo\/image\/\",\"url\":\"https:\/\/vosgesinfo.fr\/app\/uploads\/sites\/6\/2023\/08\/favicon-gerardmerinfo.png\",\"contentUrl\":\"https:\/\/vosgesinfo.fr\/app\/uploads\/sites\/6\/2023\/08\/favicon-gerardmerinfo.png\",\"width\":512,\"height\":512,\"caption\":\"Gerardmer Info\"},\"image\":{\"@id\":\"https:\/\/vosgesinfo.fr\/gerardmerinfo\/#\/schema\/logo\/image\/\"},\"sameAs\":[\"https:\/\/www.facebook.com\/profile.php?id=100049475262660\",\"https:\/\/x.com\/VosgesInfo88\",\"https:\/\/www.youtube.com\/@vosgesinfo\"]},{\"@type\":\"Person\",\"@id\":\"https:\/\/vosgesinfo.fr\/gerardmerinfo\/#\/schema\/person\/bc5d02d71e6932e81b6dadb7386667b1\",\"name\":\"qs_admin\",\"image\":{\"@type\":\"ImageObject\",\"inLanguage\":\"fr-FR\",\"@id\":\"https:\/\/vosgesinfo.fr\/gerardmerinfo\/#\/schema\/person\/image\/\",\"url\":\"https:\/\/secure.gravatar.com\/avatar\/94b18ee0ed79e4a42ea2f2931277b6841a8999fc6fde214600c78057cf1fe1de?s=96&d=mm&r=g\",\"contentUrl\":\"https:\/\/secure.gravatar.com\/avatar\/94b18ee0ed79e4a42ea2f2931277b6841a8999fc6fde214600c78057cf1fe1de?s=96&d=mm&r=g\",\"caption\":\"qs_admin\"},\"sameAs\":[\"https:\/\/vosgesinfo.fr\/wp\"],\"url\":\"https:\/\/vosgesinfo.fr\/gerardmerinfo\/author\/qs_admin\/\"}]}<\/script>\n<!-- \/ Yoast SEO plugin. -->","yoast_head_json":{"title":"Le 29\u00e8me Rallye National Vosgien en images - Gerardmer Info","robots":{"index":"index","follow":"follow","max-snippet":"max-snippet:-1","max-image-preview":"max-image-preview:large","max-video-preview":"max-video-preview:-1"},"canonical":"https:\/\/vosgesinfo.fr\/gerardmerinfo\/2014\/09\/le-29eme-rallye-national-vosgien-en-images\/","twitter_card":"summary_large_image","twitter_title":"Le 29\u00e8me Rallye National Vosgien en images - Gerardmer Info","twitter_description":"Grand favori au d\u00e9part, Dominique Rebout s\u2019est adjug\u00e9 le 29\u00e8me Rallye National Vosgien, samedi soir \u00e0 Saint-Nabord, au volant de [&hellip;]","twitter_image":"http:\/\/remiremontinfo.fr\/","twitter_creator":"@VosgesInfo88","twitter_site":"@VosgesInfo88","twitter_misc":{"\u00c9crit par":"qs_admin"},"schema":{"@context":"https:\/\/schema.org","@graph":[{"@type":"Article","@id":"https:\/\/vosgesinfo.fr\/gerardmerinfo\/2014\/09\/le-29eme-rallye-national-vosgien-en-images\/#article","isPartOf":{"@id":"https:\/\/vosgesinfo.fr\/gerardmerinfo\/2014\/09\/le-29eme-rallye-national-vosgien-en-images\/"},"author":{"name":"qs_admin","@id":"https:\/\/vosgesinfo.fr\/gerardmerinfo\/#\/schema\/person\/bc5d02d71e6932e81b6dadb7386667b1"},"headline":"Le 29\u00e8me Rallye National Vosgien en images","datePublished":"2014-09-22T03:41:13+00:00","dateModified":"2014-09-22T03:41:13+00:00","mainEntityOfPage":{"@id":"https:\/\/vosgesinfo.fr\/gerardmerinfo\/2014\/09\/le-29eme-rallye-national-vosgien-en-images\/"},"wordCount":66,"commentCount":0,"publisher":{"@id":"https:\/\/vosgesinfo.fr\/gerardmerinfo\/#organization"},"image":{"@id":"https:\/\/vosgesinfo.fr\/gerardmerinfo\/2014\/09\/le-29eme-rallye-national-vosgien-en-images\/#primaryimage"},"thumbnailUrl":"http:\/\/remiremontinfo.fr\/","articleSection":["Sport","Vosges"],"inLanguage":"fr-FR","potentialAction":[{"@type":"CommentAction","name":"Comment","target":["https:\/\/vosgesinfo.fr\/gerardmerinfo\/2014\/09\/le-29eme-rallye-national-vosgien-en-images\/#respond"]}]},{"@type":"WebPage","@id":"https:\/\/vosgesinfo.fr\/gerardmerinfo\/2014\/09\/le-29eme-rallye-national-vosgien-en-images\/","url":"https:\/\/vosgesinfo.fr\/gerardmerinfo\/2014\/09\/le-29eme-rallye-national-vosgien-en-images\/","name":"Le 29\u00e8me Rallye National Vosgien en images - Gerardmer Info","isPartOf":{"@id":"https:\/\/vosgesinfo.fr\/gerardmerinfo\/#website"},"primaryImageOfPage":{"@id":"https:\/\/vosgesinfo.fr\/gerardmerinfo\/2014\/09\/le-29eme-rallye-national-vosgien-en-images\/#primaryimage"},"image":{"@id":"https:\/\/vosgesinfo.fr\/gerardmerinfo\/2014\/09\/le-29eme-rallye-national-vosgien-en-images\/#primaryimage"},"thumbnailUrl":"http:\/\/remiremontinfo.fr\/","datePublished":"2014-09-22T03:41:13+00:00","dateModified":"2014-09-22T03:41:13+00:00","breadcrumb":{"@id":"https:\/\/vosgesinfo.fr\/gerardmerinfo\/2014\/09\/le-29eme-rallye-national-vosgien-en-images\/#breadcrumb"},"inLanguage":"fr-FR","potentialAction":[{"@type":"ReadAction","target":["https:\/\/vosgesinfo.fr\/gerardmerinfo\/2014\/09\/le-29eme-rallye-national-vosgien-en-images\/"]}]},{"@type":"ImageObject","inLanguage":"fr-FR","@id":"https:\/\/vosgesinfo.fr\/gerardmerinfo\/2014\/09\/le-29eme-rallye-national-vosgien-en-images\/#primaryimage","url":"http:\/\/remiremontinfo.fr\/","contentUrl":"http:\/\/remiremontinfo.fr\/"},{"@type":"BreadcrumbList","@id":"https:\/\/vosgesinfo.fr\/gerardmerinfo\/2014\/09\/le-29eme-rallye-national-vosgien-en-images\/#breadcrumb","itemListElement":[{"@type":"ListItem","position":1,"name":"Home","item":"https:\/\/vosgesinfo.fr\/gerardmerinfo\/"},{"@type":"ListItem","position":2,"name":"Le 29\u00e8me Rallye National Vosgien en images"}]},{"@type":"WebSite","@id":"https:\/\/vosgesinfo.fr\/gerardmerinfo\/#website","url":"https:\/\/vosgesinfo.fr\/gerardmerinfo\/","name":"Gerardmer Info","description":"Toute l&#039;actualit\u00e9 de G\u00e9rardmer","publisher":{"@id":"https:\/\/vosgesinfo.fr\/gerardmerinfo\/#organization"},"alternateName":"Toute l'actualit\u00e9 de G\u00e9rardmer","potentialAction":[{"@type":"SearchAction","target":{"@type":"EntryPoint","urlTemplate":"https:\/\/vosgesinfo.fr\/gerardmerinfo\/?s={search_term_string}"},"query-input":"required name=search_term_string"}],"inLanguage":"fr-FR"},{"@type":"Organization","@id":"https:\/\/vosgesinfo.fr\/gerardmerinfo\/#organization","name":"Gerardmer Info","url":"https:\/\/vosgesinfo.fr\/gerardmerinfo\/","logo":{"@type":"ImageObject","inLanguage":"fr-FR","@id":"https:\/\/vosgesinfo.fr\/gerardmerinfo\/#\/schema\/logo\/image\/","url":"https:\/\/vosgesinfo.fr\/app\/uploads\/sites\/6\/2023\/08\/favicon-gerardmerinfo.png","contentUrl":"https:\/\/vosgesinfo.fr\/app\/uploads\/sites\/6\/2023\/08\/favicon-gerardmerinfo.png","width":512,"height":512,"caption":"Gerardmer Info"},"image":{"@id":"https:\/\/vosgesinfo.fr\/gerardmerinfo\/#\/schema\/logo\/image\/"},"sameAs":["https:\/\/www.facebook.com\/profile.php?id=100049475262660","https:\/\/x.com\/VosgesInfo88","https:\/\/www.youtube.com\/@vosgesinfo"]},{"@type":"Person","@id":"https:\/\/vosgesinfo.fr\/gerardmerinfo\/#\/schema\/person\/bc5d02d71e6932e81b6dadb7386667b1","name":"qs_admin","image":{"@type":"ImageObject","inLanguage":"fr-FR","@id":"https:\/\/vosgesinfo.fr\/gerardmerinfo\/#\/schema\/person\/image\/","url":"https:\/\/secure.gravatar.com\/avatar\/94b18ee0ed79e4a42ea2f2931277b6841a8999fc6fde214600c78057cf1fe1de?s=96&d=mm&r=g","contentUrl":"https:\/\/secure.gravatar.com\/avatar\/94b18ee0ed79e4a42ea2f2931277b6841a8999fc6fde214600c78057cf1fe1de?s=96&d=mm&r=g","caption":"qs_admin"},"sameAs":["https:\/\/vosgesinfo.fr\/wp"],"url":"https:\/\/vosgesinfo.fr\/gerardmerinfo\/author\/qs_admin\/"}]}},"_links":{"self":[{"href":"https:\/\/vosgesinfo.fr\/gerardmerinfo\/wp-json\/wp\/v2\/posts\/11793","targetHints":{"allow":["GET"]}}],"collection":[{"href":"https:\/\/vosgesinfo.fr\/gerardmerinfo\/wp-json\/wp\/v2\/posts"}],"about":[{"href":"https:\/\/vosgesinfo.fr\/gerardmerinfo\/wp-json\/wp\/v2\/types\/post"}],"author":[{"embeddable":true,"href":"https:\/\/vosgesinfo.fr\/gerardmerinfo\/wp-json\/wp\/v2\/users\/1"}],"replies":[{"embeddable":true,"href":"https:\/\/vosgesinfo.fr\/gerardmerinfo\/wp-json\/wp\/v2\/comments?post=11793"}],"version-history":[{"count":0,"href":"https:\/\/vosgesinfo.fr\/gerardmerinfo\/wp-json\/wp\/v2\/posts\/11793\/revisions"}],"wp:attachment":[{"href":"https:\/\/vosgesinfo.fr\/gerardmerinfo\/wp-json\/wp\/v2\/media?parent=11793"}],"wp:term":[{"taxonomy":"category","embeddable":true,"href":"https:\/\/vosgesinfo.fr\/gerardmerinfo\/wp-json\/wp\/v2\/categories?post=11793"},{"taxonomy":"post_tag","embeddable":true,"href":"https:\/\/vosgesinfo.fr\/gerardmerinfo\/wp-json\/wp\/v2\/tags?post=11793"}],"curies":[{"name":"wp","href":"https:\/\/api.w.org\/{rel}","templated":true}]}}