{"id":11795,"date":"2014-09-23T16:32:28","date_gmt":"2014-09-23T14:32:28","guid":{"rendered":"https:\/\/vosgesinfo.fr\/gerardmerinfo\/2014\/09\/faire-du-velo-avec-julien-absalon-cest-possible\/"},"modified":"2014-09-23T16:32:28","modified_gmt":"2014-09-23T14:32:28","slug":"faire-du-velo-avec-julien-absalon-cest-possible","status":"publish","type":"post","link":"https:\/\/vosgesinfo.fr\/gerardmerinfo\/2014\/09\/faire-du-velo-avec-julien-absalon-cest-possible\/","title":{"rendered":"Faire du v\u00e9lo avec Julien Absalon ? C\u2019est possible!"},"content":{"rendered":"<div id=\"attachment_39490\" style=\"width: 310px\" class=\"wp-caption alignleft\"><a href=\"http:\/\/gerardmerinfo.fr\" rel=\"attachment wp-att-39490\"><img decoding=\"async\" aria-describedby=\"caption-attachment-39490\" class=\"size-full wp-image-39490\" src=\"http:\/\/gerardmerinfo.fr\" alt=\"A l\u2019attaque\" width=\"300\" height=\"171\" \/><\/a><p id=\"caption-attachment-39490\" class=\"wp-caption-text\">A l\u2019attaque<\/p><\/div>\n<p><strong>Avoir Julien Absalon dans sa roue\u00a0?<\/strong><\/p>\n<p>Si cela s\u2019apparente \u00e0 un cauchemar pour ses adversaires, avoir notre Julien Vosgien dans sa roue, deviendra certainement un plaisir pour petits, moyens ou grands qui se rendront le 25 octobre, commune de Harol.<\/p>\n<p>Notre star internationale y effectuera en effet, au garage Barbier, une incursion propre \u00e0 confirmer une popularit\u00e9 qui ne se d\u00e9ment pas.<\/p>\n<p>Car Julien a su rester simple (il pourrait se vanter d\u2019un palmar\u00e8s immense mais non\u00a0il l\u2019a et n\u2019a pas besoin d\u2019en rajouter!!!). Le soci\u00e9taire de l\u2019U.C Remiremont est brut de pommes et c\u2019est comme cela qu\u2019on l\u2019aime!<\/p>\n<p>De 11 heures \u00e0 17 heures (dur\u00e9e estim\u00e9e\u2026) le champion se livrera \u00e0 des s\u00e9ances de photos, de d\u00e9dicaces et enfourchera la bicyclette sur un parcours s\u00e9curis\u00e9 pour les jeunes et les moins jeunes.<\/p>\n<p>Alors c\u2019est gratos, prenez vos v\u00e9los et zou\u00a0!!!<\/p>\n<p>Une restauration est pr\u00e9vue sur place.<\/p>\n<p>Juste dans la pr\u00e9cipitation, n\u2019oubliez-pas vos v\u00e9los donc, l\u2019appareil photo, la belle-m\u00e8re, les enfants et la grand-m\u00e8re (tout est\u00a0 facultatif)\u00a0.<\/p>\n<p>Contact pour plus d\u2019infos\u00a0: Franck Souvay 03 29 66 83 60<\/p>\n<p>&nbsp;<\/p>\n","protected":false},"excerpt":{"rendered":"<p>Avoir Julien Absalon dans sa roue\u00a0? Si cela s\u2019apparente \u00e0 un cauchemar pour ses adversaires, avoir notre Julien Vosgien dans [&hellip;]<\/p>\n","protected":false},"author":142,"featured_media":0,"comment_status":"open","ping_status":"open","sticky":false,"template":"","format":"standard","meta":{"footnotes":""},"categories":[14,18],"tags":[],"class_list":["post-11795","post","type-post","status-publish","format-standard","hentry","category-sport","category-vosges"],"acf":[],"yoast_head":"<!-- This site is optimized with the Yoast SEO plugin v22.5 - https:\/\/yoast.com\/wordpress\/plugins\/seo\/ -->\n<title>Faire du v\u00e9lo avec Julien Absalon ? C\u2019est possible! - Gerardmer Info<\/title>\n<meta name=\"robots\" content=\"index, follow, max-snippet:-1, max-image-preview:large, max-video-preview:-1\" \/>\n<link rel=\"canonical\" href=\"https:\/\/vosgesinfo.fr\/gerardmerinfo\/2014\/09\/faire-du-velo-avec-julien-absalon-cest-possible\/\" \/>\n<meta name=\"twitter:card\" content=\"summary_large_image\" \/>\n<meta name=\"twitter:title\" content=\"Faire du v\u00e9lo avec Julien Absalon ? C\u2019est possible! - Gerardmer Info\" \/>\n<meta name=\"twitter:description\" content=\"Avoir Julien Absalon dans sa roue\u00a0? Si cela s\u2019apparente \u00e0 un cauchemar pour ses adversaires, avoir notre Julien Vosgien dans [&hellip;]\" \/>\n<meta name=\"twitter:image\" content=\"http:\/\/gerardmerinfo.fr\" \/>\n<meta name=\"twitter:creator\" content=\"@VosgesInfo88\" \/>\n<meta name=\"twitter:site\" content=\"@VosgesInfo88\" \/>\n<meta name=\"twitter:label1\" content=\"\u00c9crit par\" \/>\n\t<meta name=\"twitter:data1\" content=\"ER\" \/>\n\t<meta name=\"twitter:label2\" content=\"Dur\u00e9e de lecture estim\u00e9e\" \/>\n\t<meta name=\"twitter:data2\" content=\"1 minute\" \/>\n<script type=\"application\/ld+json\" class=\"yoast-schema-graph\">{\"@context\":\"https:\/\/schema.org\",\"@graph\":[{\"@type\":\"Article\",\"@id\":\"https:\/\/vosgesinfo.fr\/gerardmerinfo\/2014\/09\/faire-du-velo-avec-julien-absalon-cest-possible\/#article\",\"isPartOf\":{\"@id\":\"https:\/\/vosgesinfo.fr\/gerardmerinfo\/2014\/09\/faire-du-velo-avec-julien-absalon-cest-possible\/\"},\"author\":{\"name\":\"ER\",\"@id\":\"https:\/\/vosgesinfo.fr\/gerardmerinfo\/#\/schema\/person\/fde1ec7f5ff931cb197c3a5e5b243873\"},\"headline\":\"Faire du v\u00e9lo avec Julien Absalon ? C\u2019est possible!\",\"datePublished\":\"2014-09-23T14:32:28+00:00\",\"dateModified\":\"2014-09-23T14:32:28+00:00\",\"mainEntityOfPage\":{\"@id\":\"https:\/\/vosgesinfo.fr\/gerardmerinfo\/2014\/09\/faire-du-velo-avec-julien-absalon-cest-possible\/\"},\"wordCount\":216,\"commentCount\":0,\"publisher\":{\"@id\":\"https:\/\/vosgesinfo.fr\/gerardmerinfo\/#organization\"},\"image\":{\"@id\":\"https:\/\/vosgesinfo.fr\/gerardmerinfo\/2014\/09\/faire-du-velo-avec-julien-absalon-cest-possible\/#primaryimage\"},\"thumbnailUrl\":\"http:\/\/gerardmerinfo.fr\",\"articleSection\":[\"Sport\",\"Vosges\"],\"inLanguage\":\"fr-FR\",\"potentialAction\":[{\"@type\":\"CommentAction\",\"name\":\"Comment\",\"target\":[\"https:\/\/vosgesinfo.fr\/gerardmerinfo\/2014\/09\/faire-du-velo-avec-julien-absalon-cest-possible\/#respond\"]}]},{\"@type\":\"WebPage\",\"@id\":\"https:\/\/vosgesinfo.fr\/gerardmerinfo\/2014\/09\/faire-du-velo-avec-julien-absalon-cest-possible\/\",\"url\":\"https:\/\/vosgesinfo.fr\/gerardmerinfo\/2014\/09\/faire-du-velo-avec-julien-absalon-cest-possible\/\",\"name\":\"Faire du v\u00e9lo avec Julien Absalon ? C\u2019est possible! - Gerardmer Info\",\"isPartOf\":{\"@id\":\"https:\/\/vosgesinfo.fr\/gerardmerinfo\/#website\"},\"primaryImageOfPage\":{\"@id\":\"https:\/\/vosgesinfo.fr\/gerardmerinfo\/2014\/09\/faire-du-velo-avec-julien-absalon-cest-possible\/#primaryimage\"},\"image\":{\"@id\":\"https:\/\/vosgesinfo.fr\/gerardmerinfo\/2014\/09\/faire-du-velo-avec-julien-absalon-cest-possible\/#primaryimage\"},\"thumbnailUrl\":\"http:\/\/gerardmerinfo.fr\",\"datePublished\":\"2014-09-23T14:32:28+00:00\",\"dateModified\":\"2014-09-23T14:32:28+00:00\",\"breadcrumb\":{\"@id\":\"https:\/\/vosgesinfo.fr\/gerardmerinfo\/2014\/09\/faire-du-velo-avec-julien-absalon-cest-possible\/#breadcrumb\"},\"inLanguage\":\"fr-FR\",\"potentialAction\":[{\"@type\":\"ReadAction\",\"target\":[\"https:\/\/vosgesinfo.fr\/gerardmerinfo\/2014\/09\/faire-du-velo-avec-julien-absalon-cest-possible\/\"]}]},{\"@type\":\"ImageObject\",\"inLanguage\":\"fr-FR\",\"@id\":\"https:\/\/vosgesinfo.fr\/gerardmerinfo\/2014\/09\/faire-du-velo-avec-julien-absalon-cest-possible\/#primaryimage\",\"url\":\"http:\/\/gerardmerinfo.fr\",\"contentUrl\":\"http:\/\/gerardmerinfo.fr\"},{\"@type\":\"BreadcrumbList\",\"@id\":\"https:\/\/vosgesinfo.fr\/gerardmerinfo\/2014\/09\/faire-du-velo-avec-julien-absalon-cest-possible\/#breadcrumb\",\"itemListElement\":[{\"@type\":\"ListItem\",\"position\":1,\"name\":\"Home\",\"item\":\"https:\/\/vosgesinfo.fr\/gerardmerinfo\/\"},{\"@type\":\"ListItem\",\"position\":2,\"name\":\"Faire du v\u00e9lo avec Julien Absalon ? C\u2019est possible!\"}]},{\"@type\":\"WebSite\",\"@id\":\"https:\/\/vosgesinfo.fr\/gerardmerinfo\/#website\",\"url\":\"https:\/\/vosgesinfo.fr\/gerardmerinfo\/\",\"name\":\"Gerardmer Info\",\"description\":\"Toute l&#039;actualit\u00e9 de G\u00e9rardmer\",\"publisher\":{\"@id\":\"https:\/\/vosgesinfo.fr\/gerardmerinfo\/#organization\"},\"alternateName\":\"Toute l'actualit\u00e9 de G\u00e9rardmer\",\"potentialAction\":[{\"@type\":\"SearchAction\",\"target\":{\"@type\":\"EntryPoint\",\"urlTemplate\":\"https:\/\/vosgesinfo.fr\/gerardmerinfo\/?s={search_term_string}\"},\"query-input\":\"required name=search_term_string\"}],\"inLanguage\":\"fr-FR\"},{\"@type\":\"Organization\",\"@id\":\"https:\/\/vosgesinfo.fr\/gerardmerinfo\/#organization\",\"name\":\"Gerardmer Info\",\"url\":\"https:\/\/vosgesinfo.fr\/gerardmerinfo\/\",\"logo\":{\"@type\":\"ImageObject\",\"inLanguage\":\"fr-FR\",\"@id\":\"https:\/\/vosgesinfo.fr\/gerardmerinfo\/#\/schema\/logo\/image\/\",\"url\":\"https:\/\/vosgesinfo.fr\/app\/uploads\/sites\/6\/2023\/08\/favicon-gerardmerinfo.png\",\"contentUrl\":\"https:\/\/vosgesinfo.fr\/app\/uploads\/sites\/6\/2023\/08\/favicon-gerardmerinfo.png\",\"width\":512,\"height\":512,\"caption\":\"Gerardmer Info\"},\"image\":{\"@id\":\"https:\/\/vosgesinfo.fr\/gerardmerinfo\/#\/schema\/logo\/image\/\"},\"sameAs\":[\"https:\/\/www.facebook.com\/profile.php?id=100049475262660\",\"https:\/\/x.com\/VosgesInfo88\",\"https:\/\/www.youtube.com\/@vosgesinfo\"]},{\"@type\":\"Person\",\"@id\":\"https:\/\/vosgesinfo.fr\/gerardmerinfo\/#\/schema\/person\/fde1ec7f5ff931cb197c3a5e5b243873\",\"name\":\"ER\",\"image\":{\"@type\":\"ImageObject\",\"inLanguage\":\"fr-FR\",\"@id\":\"https:\/\/vosgesinfo.fr\/gerardmerinfo\/#\/schema\/person\/image\/\",\"url\":\"https:\/\/secure.gravatar.com\/avatar\/8af1bfab4ee2a09c162fcb5b99b97405502398bcd28265413332ef4266d815cc?s=96&d=mm&r=g\",\"contentUrl\":\"https:\/\/secure.gravatar.com\/avatar\/8af1bfab4ee2a09c162fcb5b99b97405502398bcd28265413332ef4266d815cc?s=96&d=mm&r=g\",\"caption\":\"ER\"},\"url\":\"https:\/\/vosgesinfo.fr\/gerardmerinfo\/author\/er\/\"}]}<\/script>\n<!-- \/ Yoast SEO plugin. -->","yoast_head_json":{"title":"Faire du v\u00e9lo avec Julien Absalon ? C\u2019est possible! - Gerardmer Info","robots":{"index":"index","follow":"follow","max-snippet":"max-snippet:-1","max-image-preview":"max-image-preview:large","max-video-preview":"max-video-preview:-1"},"canonical":"https:\/\/vosgesinfo.fr\/gerardmerinfo\/2014\/09\/faire-du-velo-avec-julien-absalon-cest-possible\/","twitter_card":"summary_large_image","twitter_title":"Faire du v\u00e9lo avec Julien Absalon ? C\u2019est possible! - Gerardmer Info","twitter_description":"Avoir Julien Absalon dans sa roue\u00a0? Si cela s\u2019apparente \u00e0 un cauchemar pour ses adversaires, avoir notre Julien Vosgien dans [&hellip;]","twitter_image":"http:\/\/gerardmerinfo.fr","twitter_creator":"@VosgesInfo88","twitter_site":"@VosgesInfo88","twitter_misc":{"\u00c9crit par":"ER","Dur\u00e9e de lecture estim\u00e9e":"1 minute"},"schema":{"@context":"https:\/\/schema.org","@graph":[{"@type":"Article","@id":"https:\/\/vosgesinfo.fr\/gerardmerinfo\/2014\/09\/faire-du-velo-avec-julien-absalon-cest-possible\/#article","isPartOf":{"@id":"https:\/\/vosgesinfo.fr\/gerardmerinfo\/2014\/09\/faire-du-velo-avec-julien-absalon-cest-possible\/"},"author":{"name":"ER","@id":"https:\/\/vosgesinfo.fr\/gerardmerinfo\/#\/schema\/person\/fde1ec7f5ff931cb197c3a5e5b243873"},"headline":"Faire du v\u00e9lo avec Julien Absalon ? C\u2019est possible!","datePublished":"2014-09-23T14:32:28+00:00","dateModified":"2014-09-23T14:32:28+00:00","mainEntityOfPage":{"@id":"https:\/\/vosgesinfo.fr\/gerardmerinfo\/2014\/09\/faire-du-velo-avec-julien-absalon-cest-possible\/"},"wordCount":216,"commentCount":0,"publisher":{"@id":"https:\/\/vosgesinfo.fr\/gerardmerinfo\/#organization"},"image":{"@id":"https:\/\/vosgesinfo.fr\/gerardmerinfo\/2014\/09\/faire-du-velo-avec-julien-absalon-cest-possible\/#primaryimage"},"thumbnailUrl":"http:\/\/gerardmerinfo.fr","articleSection":["Sport","Vosges"],"inLanguage":"fr-FR","potentialAction":[{"@type":"CommentAction","name":"Comment","target":["https:\/\/vosgesinfo.fr\/gerardmerinfo\/2014\/09\/faire-du-velo-avec-julien-absalon-cest-possible\/#respond"]}]},{"@type":"WebPage","@id":"https:\/\/vosgesinfo.fr\/gerardmerinfo\/2014\/09\/faire-du-velo-avec-julien-absalon-cest-possible\/","url":"https:\/\/vosgesinfo.fr\/gerardmerinfo\/2014\/09\/faire-du-velo-avec-julien-absalon-cest-possible\/","name":"Faire du v\u00e9lo avec Julien Absalon ? C\u2019est possible! - Gerardmer Info","isPartOf":{"@id":"https:\/\/vosgesinfo.fr\/gerardmerinfo\/#website"},"primaryImageOfPage":{"@id":"https:\/\/vosgesinfo.fr\/gerardmerinfo\/2014\/09\/faire-du-velo-avec-julien-absalon-cest-possible\/#primaryimage"},"image":{"@id":"https:\/\/vosgesinfo.fr\/gerardmerinfo\/2014\/09\/faire-du-velo-avec-julien-absalon-cest-possible\/#primaryimage"},"thumbnailUrl":"http:\/\/gerardmerinfo.fr","datePublished":"2014-09-23T14:32:28+00:00","dateModified":"2014-09-23T14:32:28+00:00","breadcrumb":{"@id":"https:\/\/vosgesinfo.fr\/gerardmerinfo\/2014\/09\/faire-du-velo-avec-julien-absalon-cest-possible\/#breadcrumb"},"inLanguage":"fr-FR","potentialAction":[{"@type":"ReadAction","target":["https:\/\/vosgesinfo.fr\/gerardmerinfo\/2014\/09\/faire-du-velo-avec-julien-absalon-cest-possible\/"]}]},{"@type":"ImageObject","inLanguage":"fr-FR","@id":"https:\/\/vosgesinfo.fr\/gerardmerinfo\/2014\/09\/faire-du-velo-avec-julien-absalon-cest-possible\/#primaryimage","url":"http:\/\/gerardmerinfo.fr","contentUrl":"http:\/\/gerardmerinfo.fr"},{"@type":"BreadcrumbList","@id":"https:\/\/vosgesinfo.fr\/gerardmerinfo\/2014\/09\/faire-du-velo-avec-julien-absalon-cest-possible\/#breadcrumb","itemListElement":[{"@type":"ListItem","position":1,"name":"Home","item":"https:\/\/vosgesinfo.fr\/gerardmerinfo\/"},{"@type":"ListItem","position":2,"name":"Faire du v\u00e9lo avec Julien Absalon ? C\u2019est possible!"}]},{"@type":"WebSite","@id":"https:\/\/vosgesinfo.fr\/gerardmerinfo\/#website","url":"https:\/\/vosgesinfo.fr\/gerardmerinfo\/","name":"Gerardmer Info","description":"Toute l&#039;actualit\u00e9 de G\u00e9rardmer","publisher":{"@id":"https:\/\/vosgesinfo.fr\/gerardmerinfo\/#organization"},"alternateName":"Toute l'actualit\u00e9 de G\u00e9rardmer","potentialAction":[{"@type":"SearchAction","target":{"@type":"EntryPoint","urlTemplate":"https:\/\/vosgesinfo.fr\/gerardmerinfo\/?s={search_term_string}"},"query-input":"required name=search_term_string"}],"inLanguage":"fr-FR"},{"@type":"Organization","@id":"https:\/\/vosgesinfo.fr\/gerardmerinfo\/#organization","name":"Gerardmer Info","url":"https:\/\/vosgesinfo.fr\/gerardmerinfo\/","logo":{"@type":"ImageObject","inLanguage":"fr-FR","@id":"https:\/\/vosgesinfo.fr\/gerardmerinfo\/#\/schema\/logo\/image\/","url":"https:\/\/vosgesinfo.fr\/app\/uploads\/sites\/6\/2023\/08\/favicon-gerardmerinfo.png","contentUrl":"https:\/\/vosgesinfo.fr\/app\/uploads\/sites\/6\/2023\/08\/favicon-gerardmerinfo.png","width":512,"height":512,"caption":"Gerardmer Info"},"image":{"@id":"https:\/\/vosgesinfo.fr\/gerardmerinfo\/#\/schema\/logo\/image\/"},"sameAs":["https:\/\/www.facebook.com\/profile.php?id=100049475262660","https:\/\/x.com\/VosgesInfo88","https:\/\/www.youtube.com\/@vosgesinfo"]},{"@type":"Person","@id":"https:\/\/vosgesinfo.fr\/gerardmerinfo\/#\/schema\/person\/fde1ec7f5ff931cb197c3a5e5b243873","name":"ER","image":{"@type":"ImageObject","inLanguage":"fr-FR","@id":"https:\/\/vosgesinfo.fr\/gerardmerinfo\/#\/schema\/person\/image\/","url":"https:\/\/secure.gravatar.com\/avatar\/8af1bfab4ee2a09c162fcb5b99b97405502398bcd28265413332ef4266d815cc?s=96&d=mm&r=g","contentUrl":"https:\/\/secure.gravatar.com\/avatar\/8af1bfab4ee2a09c162fcb5b99b97405502398bcd28265413332ef4266d815cc?s=96&d=mm&r=g","caption":"ER"},"url":"https:\/\/vosgesinfo.fr\/gerardmerinfo\/author\/er\/"}]}},"_links":{"self":[{"href":"https:\/\/vosgesinfo.fr\/gerardmerinfo\/wp-json\/wp\/v2\/posts\/11795","targetHints":{"allow":["GET"]}}],"collection":[{"href":"https:\/\/vosgesinfo.fr\/gerardmerinfo\/wp-json\/wp\/v2\/posts"}],"about":[{"href":"https:\/\/vosgesinfo.fr\/gerardmerinfo\/wp-json\/wp\/v2\/types\/post"}],"author":[{"embeddable":true,"href":"https:\/\/vosgesinfo.fr\/gerardmerinfo\/wp-json\/wp\/v2\/users\/142"}],"replies":[{"embeddable":true,"href":"https:\/\/vosgesinfo.fr\/gerardmerinfo\/wp-json\/wp\/v2\/comments?post=11795"}],"version-history":[{"count":0,"href":"https:\/\/vosgesinfo.fr\/gerardmerinfo\/wp-json\/wp\/v2\/posts\/11795\/revisions"}],"wp:attachment":[{"href":"https:\/\/vosgesinfo.fr\/gerardmerinfo\/wp-json\/wp\/v2\/media?parent=11795"}],"wp:term":[{"taxonomy":"category","embeddable":true,"href":"https:\/\/vosgesinfo.fr\/gerardmerinfo\/wp-json\/wp\/v2\/categories?post=11795"},{"taxonomy":"post_tag","embeddable":true,"href":"https:\/\/vosgesinfo.fr\/gerardmerinfo\/wp-json\/wp\/v2\/tags?post=11795"}],"curies":[{"name":"wp","href":"https:\/\/api.w.org\/{rel}","templated":true}]}}