{"id":11797,"date":"2014-09-28T17:07:12","date_gmt":"2014-09-28T15:07:12","guid":{"rendered":"https:\/\/vosgesinfo.fr\/gerardmerinfo\/2014\/09\/la-grande-devalorisation\/"},"modified":"2014-09-28T17:07:12","modified_gmt":"2014-09-28T15:07:12","slug":"la-grande-devalorisation","status":"publish","type":"post","link":"https:\/\/vosgesinfo.fr\/gerardmerinfo\/2014\/09\/la-grande-devalorisation\/","title":{"rendered":"La Grande D\u00e9valorisation"},"content":{"rendered":"<p><a href=\"http:\/\/gerardmerinfo.fr\" rel=\"attachment wp-att-39526\"><img decoding=\"async\" class=\"alignleft size-medium wp-image-39526\" src=\"http:\/\/gerardmerinfo.fr\" alt=\"devalorisation-700x587\" width=\"300\" height=\"132\" \/><\/a><strong>(Texte Monsieur +)<\/strong><\/p>\n<p>Prendre publiquement la plume, n\u2019est pas un exercice facile, mais je me lance pour une premi\u00e8re ici m\u00eame. Je suis un lecteur r\u00e9current de G\u00e9rardmerinfo et des autres sites du groupe.<\/p>\n<p>Je suis\u00a0 Monsieur +, le moustachu de chez Balshen qui rajoutait des ingr\u00e9dients pour am\u00e9liorer les recettes originales de la marque de biscuits. Mais \u00e7a c&rsquo;\u00e9tait avant ! Aujourd\u2019hui je suis en retraite, alors je pense, je m\u00e9dite, je lis, je relis et je m\u2019\u00e9tonne ! Depuis des semaines, des mois des ann\u00e9es que ces sites existent je suis en proie \u00e0 une r\u00e9flexion permanente sur la critique syst\u00e9matique qui est faite de notre soci\u00e9t\u00e9 et de G\u00e9rardmer en particulier. Un syndrome typiquement fran\u00e7ais ? Sans doute mais \u00e9galement tr\u00e8s latin \u00e0 l\u2019inverse des soci\u00e9t\u00e9s anglo-saxonne et am\u00e9ricaine qui ne sont pas pour autant des mod\u00e8les de d\u00e9mocratie populaire. On dit que notre \u00e9conomie va mal, mais comment pourrait-elle aller mieux avec autant de n\u00e9gativit\u00e9 dans les propos tenus ici par certaines personnes tellement significatif d\u2019un \u00e9tat d\u2019esprit g\u00e9n\u00e9ral. Tout est critique permanente. Tout est minimis\u00e9, galvaud\u00e9, jalous\u00e9, politis\u00e9, d\u00e9truit. On ne reconnait pas l\u2019esprit d&rsquo;entreprise,\u00a0 la cr\u00e9ativit\u00e9, la volont\u00e9 d\u2019avancer, de se projeter dans le futur. Ce journal est un v\u00e9ritable service public gratuit qui permet de s&rsquo;exprimer, d&rsquo;\u00e9changer : c&rsquo;est de la merde. Mon voisin a achet\u00e9 une nouvelle voiture :\u00a0 c\u2019est un sale con, pourvu qu&rsquo;il la plante dans un arbre! Le maire a d\u00e9cid\u00e9 de mettre en place telle action : il est incomp\u00e9tent ! La maison machin est repeinte en bleu,\u00a0 il fallait la mettre du jaune. L\u2019entreprise untel a investi tant de millions d\u2019euros : c\u2019est au d\u00e9triment des salari\u00e9s. L\u2019association bidule a organis\u00e9 telle manifestation : c\u2019est nul, surtout avec son pr\u00e9sident comme dirigeant. Sans oublier tout ce qui touche de pr\u00e8s ou de loin \u00e0 G\u00e9rardmer et ses habitants. C\u2019est moche, c\u2019est cher, c\u2019est ceci, c\u2019est cela, c&rsquo;est mieux ailleurs, les autochtones ne sont pas sympas, les \u00e9quipements pitoyables \u00e9galement.<\/p>\n<p>Mais comment peut-on vivre sur les bords du lac ? Mais quelle est cette ville aussi horrible\u00a0 o\u00f9 ses habitants ont un comportement douteux ! Courage, fuyons le plus loin possible ! Incroyable mais vrai ! Relisez-vous, amateurs de commentaires en tout genre !<br \/>\nQuelle auto destruction, quelle volont\u00e9 de se flageller en permanence. Nous ne sommes plus dans la critique positive mais bien dans un suicide annonc\u00e9 et permanent. Il faut imp\u00e9rativement inverser la tendance qui voudrait que l\u2019on se dirige vers une implosion g\u00e9n\u00e9ralis\u00e9e de nos bases.<br \/>\nBien s\u00fbr, nous nous devons d\u2019\u00eatre les garde-fous d\u2019une soci\u00e9t\u00e9 dirig\u00e9e par une classe politique d\u00e9faillante. Bien s\u00fbr les abus sont l\u00e9gions g\u00e9n\u00e9ralement situ\u00e9s au c\u0153ur du syst\u00e8me financier o\u00f9 les avantages sont multiples et trop nombreux. Bien s\u00fbr certains dirigeants d\u2019entreprises oublient certaines r\u00e8gles fondamentales de gestion. Bien s\u00fbr les droits des hommes et des femmes sont bafou\u00e9s tous les jours aux quatre coins de la plan\u00e8te. Bien s\u00fbr et bien s\u00fbr encore ! Nous devons rester vigilant mais pas au point de nous\u00a0 faire du mal en permanence !<br \/>\nAvons-nous le droit, je dis bien le droit de d\u00e9truire syst\u00e9matiquement tout ce qui est r\u00e9alis\u00e9 sous couvert d\u2019une autre id\u00e9e politique ou entrepreneuriale : ou par simple jalousie comme c\u2019est souvent le cas, avec les commentaires habituels que tout le monde connait. Ne devons-nous pas syst\u00e9matiquement nous ranger derni\u00e8re une ambition, une action, une id\u00e9e m\u00eame si celle-ci se solde ult\u00e9rieurement par un \u00e9chec plut\u00f4t que de la tuer dans l\u2019\u0153uf. C\u2019est cela le probl\u00e8me de la critique syst\u00e9matique et destructrice. En d\u2019autres termes c\u2019est pr\u00e9f\u00e9rer l\u2019\u00e9chec \u00e0 la r\u00e9ussite.<br \/>\nArr\u00eatons de noircir le tableau, de cracher syst\u00e9matiquement sur tout ce qui est entrepris et ce qui existe, de d\u00e9nigrer ce qui pourrait nous permettre d\u2019avancer tant d\u2019un point de vue \u00e9conomique, social, culturel et surtout humain. Beaucoup trop de personnes ont visiblement oubli\u00e9 ce que signifie le genre humain !<br \/>\n<strong>Monsieur +<\/strong><\/p>\n","protected":false},"excerpt":{"rendered":"<p>(Texte Monsieur +) Prendre publiquement la plume, n\u2019est pas un exercice facile, mais je me lance pour une premi\u00e8re ici [&hellip;]<\/p>\n","protected":false},"author":1,"featured_media":0,"comment_status":"open","ping_status":"open","sticky":false,"template":"","format":"standard","meta":{"footnotes":""},"categories":[13],"tags":[],"class_list":["post-11797","post","type-post","status-publish","format-standard","hentry","category-societe"],"acf":[],"yoast_head":"<!-- This site is optimized with the Yoast SEO plugin v22.5 - https:\/\/yoast.com\/wordpress\/plugins\/seo\/ -->\n<title>La Grande D\u00e9valorisation - Gerardmer Info<\/title>\n<meta name=\"robots\" content=\"index, follow, max-snippet:-1, max-image-preview:large, max-video-preview:-1\" \/>\n<link rel=\"canonical\" href=\"https:\/\/vosgesinfo.fr\/gerardmerinfo\/2014\/09\/la-grande-devalorisation\/\" \/>\n<meta name=\"twitter:card\" content=\"summary_large_image\" \/>\n<meta name=\"twitter:title\" content=\"La Grande D\u00e9valorisation - Gerardmer Info\" \/>\n<meta name=\"twitter:description\" content=\"(Texte Monsieur +) Prendre publiquement la plume, n\u2019est pas un exercice facile, mais je me lance pour une premi\u00e8re ici [&hellip;]\" \/>\n<meta name=\"twitter:image\" content=\"http:\/\/gerardmerinfo.fr\" \/>\n<meta name=\"twitter:creator\" content=\"@VosgesInfo88\" \/>\n<meta name=\"twitter:site\" content=\"@VosgesInfo88\" \/>\n<meta name=\"twitter:label1\" content=\"\u00c9crit par\" \/>\n\t<meta name=\"twitter:data1\" content=\"qs_admin\" \/>\n\t<meta name=\"twitter:label2\" content=\"Dur\u00e9e de lecture estim\u00e9e\" \/>\n\t<meta name=\"twitter:data2\" content=\"4 minutes\" \/>\n<script type=\"application\/ld+json\" class=\"yoast-schema-graph\">{\"@context\":\"https:\/\/schema.org\",\"@graph\":[{\"@type\":\"Article\",\"@id\":\"https:\/\/vosgesinfo.fr\/gerardmerinfo\/2014\/09\/la-grande-devalorisation\/#article\",\"isPartOf\":{\"@id\":\"https:\/\/vosgesinfo.fr\/gerardmerinfo\/2014\/09\/la-grande-devalorisation\/\"},\"author\":{\"name\":\"qs_admin\",\"@id\":\"https:\/\/vosgesinfo.fr\/gerardmerinfo\/#\/schema\/person\/bc5d02d71e6932e81b6dadb7386667b1\"},\"headline\":\"La Grande D\u00e9valorisation\",\"datePublished\":\"2014-09-28T15:07:12+00:00\",\"dateModified\":\"2014-09-28T15:07:12+00:00\",\"mainEntityOfPage\":{\"@id\":\"https:\/\/vosgesinfo.fr\/gerardmerinfo\/2014\/09\/la-grande-devalorisation\/\"},\"wordCount\":745,\"commentCount\":0,\"publisher\":{\"@id\":\"https:\/\/vosgesinfo.fr\/gerardmerinfo\/#organization\"},\"image\":{\"@id\":\"https:\/\/vosgesinfo.fr\/gerardmerinfo\/2014\/09\/la-grande-devalorisation\/#primaryimage\"},\"thumbnailUrl\":\"http:\/\/gerardmerinfo.fr\",\"articleSection\":[\"Soci\u00e9t\u00e9\"],\"inLanguage\":\"fr-FR\",\"potentialAction\":[{\"@type\":\"CommentAction\",\"name\":\"Comment\",\"target\":[\"https:\/\/vosgesinfo.fr\/gerardmerinfo\/2014\/09\/la-grande-devalorisation\/#respond\"]}]},{\"@type\":\"WebPage\",\"@id\":\"https:\/\/vosgesinfo.fr\/gerardmerinfo\/2014\/09\/la-grande-devalorisation\/\",\"url\":\"https:\/\/vosgesinfo.fr\/gerardmerinfo\/2014\/09\/la-grande-devalorisation\/\",\"name\":\"La Grande D\u00e9valorisation - Gerardmer Info\",\"isPartOf\":{\"@id\":\"https:\/\/vosgesinfo.fr\/gerardmerinfo\/#website\"},\"primaryImageOfPage\":{\"@id\":\"https:\/\/vosgesinfo.fr\/gerardmerinfo\/2014\/09\/la-grande-devalorisation\/#primaryimage\"},\"image\":{\"@id\":\"https:\/\/vosgesinfo.fr\/gerardmerinfo\/2014\/09\/la-grande-devalorisation\/#primaryimage\"},\"thumbnailUrl\":\"http:\/\/gerardmerinfo.fr\",\"datePublished\":\"2014-09-28T15:07:12+00:00\",\"dateModified\":\"2014-09-28T15:07:12+00:00\",\"breadcrumb\":{\"@id\":\"https:\/\/vosgesinfo.fr\/gerardmerinfo\/2014\/09\/la-grande-devalorisation\/#breadcrumb\"},\"inLanguage\":\"fr-FR\",\"potentialAction\":[{\"@type\":\"ReadAction\",\"target\":[\"https:\/\/vosgesinfo.fr\/gerardmerinfo\/2014\/09\/la-grande-devalorisation\/\"]}]},{\"@type\":\"ImageObject\",\"inLanguage\":\"fr-FR\",\"@id\":\"https:\/\/vosgesinfo.fr\/gerardmerinfo\/2014\/09\/la-grande-devalorisation\/#primaryimage\",\"url\":\"http:\/\/gerardmerinfo.fr\",\"contentUrl\":\"http:\/\/gerardmerinfo.fr\"},{\"@type\":\"BreadcrumbList\",\"@id\":\"https:\/\/vosgesinfo.fr\/gerardmerinfo\/2014\/09\/la-grande-devalorisation\/#breadcrumb\",\"itemListElement\":[{\"@type\":\"ListItem\",\"position\":1,\"name\":\"Home\",\"item\":\"https:\/\/vosgesinfo.fr\/gerardmerinfo\/\"},{\"@type\":\"ListItem\",\"position\":2,\"name\":\"La Grande D\u00e9valorisation\"}]},{\"@type\":\"WebSite\",\"@id\":\"https:\/\/vosgesinfo.fr\/gerardmerinfo\/#website\",\"url\":\"https:\/\/vosgesinfo.fr\/gerardmerinfo\/\",\"name\":\"Gerardmer Info\",\"description\":\"Toute l&#039;actualit\u00e9 de G\u00e9rardmer\",\"publisher\":{\"@id\":\"https:\/\/vosgesinfo.fr\/gerardmerinfo\/#organization\"},\"alternateName\":\"Toute l'actualit\u00e9 de G\u00e9rardmer\",\"potentialAction\":[{\"@type\":\"SearchAction\",\"target\":{\"@type\":\"EntryPoint\",\"urlTemplate\":\"https:\/\/vosgesinfo.fr\/gerardmerinfo\/?s={search_term_string}\"},\"query-input\":\"required name=search_term_string\"}],\"inLanguage\":\"fr-FR\"},{\"@type\":\"Organization\",\"@id\":\"https:\/\/vosgesinfo.fr\/gerardmerinfo\/#organization\",\"name\":\"Gerardmer Info\",\"url\":\"https:\/\/vosgesinfo.fr\/gerardmerinfo\/\",\"logo\":{\"@type\":\"ImageObject\",\"inLanguage\":\"fr-FR\",\"@id\":\"https:\/\/vosgesinfo.fr\/gerardmerinfo\/#\/schema\/logo\/image\/\",\"url\":\"https:\/\/vosgesinfo.fr\/app\/uploads\/sites\/6\/2023\/08\/favicon-gerardmerinfo.png\",\"contentUrl\":\"https:\/\/vosgesinfo.fr\/app\/uploads\/sites\/6\/2023\/08\/favicon-gerardmerinfo.png\",\"width\":512,\"height\":512,\"caption\":\"Gerardmer Info\"},\"image\":{\"@id\":\"https:\/\/vosgesinfo.fr\/gerardmerinfo\/#\/schema\/logo\/image\/\"},\"sameAs\":[\"https:\/\/www.facebook.com\/profile.php?id=100049475262660\",\"https:\/\/x.com\/VosgesInfo88\",\"https:\/\/www.youtube.com\/@vosgesinfo\"]},{\"@type\":\"Person\",\"@id\":\"https:\/\/vosgesinfo.fr\/gerardmerinfo\/#\/schema\/person\/bc5d02d71e6932e81b6dadb7386667b1\",\"name\":\"qs_admin\",\"image\":{\"@type\":\"ImageObject\",\"inLanguage\":\"fr-FR\",\"@id\":\"https:\/\/vosgesinfo.fr\/gerardmerinfo\/#\/schema\/person\/image\/\",\"url\":\"https:\/\/secure.gravatar.com\/avatar\/94b18ee0ed79e4a42ea2f2931277b6841a8999fc6fde214600c78057cf1fe1de?s=96&d=mm&r=g\",\"contentUrl\":\"https:\/\/secure.gravatar.com\/avatar\/94b18ee0ed79e4a42ea2f2931277b6841a8999fc6fde214600c78057cf1fe1de?s=96&d=mm&r=g\",\"caption\":\"qs_admin\"},\"sameAs\":[\"https:\/\/vosgesinfo.fr\/wp\"],\"url\":\"https:\/\/vosgesinfo.fr\/gerardmerinfo\/author\/qs_admin\/\"}]}<\/script>\n<!-- \/ Yoast SEO plugin. -->","yoast_head_json":{"title":"La Grande D\u00e9valorisation - Gerardmer Info","robots":{"index":"index","follow":"follow","max-snippet":"max-snippet:-1","max-image-preview":"max-image-preview:large","max-video-preview":"max-video-preview:-1"},"canonical":"https:\/\/vosgesinfo.fr\/gerardmerinfo\/2014\/09\/la-grande-devalorisation\/","twitter_card":"summary_large_image","twitter_title":"La Grande D\u00e9valorisation - Gerardmer Info","twitter_description":"(Texte Monsieur +) Prendre publiquement la plume, n\u2019est pas un exercice facile, mais je me lance pour une premi\u00e8re ici [&hellip;]","twitter_image":"http:\/\/gerardmerinfo.fr","twitter_creator":"@VosgesInfo88","twitter_site":"@VosgesInfo88","twitter_misc":{"\u00c9crit par":"qs_admin","Dur\u00e9e de lecture estim\u00e9e":"4 minutes"},"schema":{"@context":"https:\/\/schema.org","@graph":[{"@type":"Article","@id":"https:\/\/vosgesinfo.fr\/gerardmerinfo\/2014\/09\/la-grande-devalorisation\/#article","isPartOf":{"@id":"https:\/\/vosgesinfo.fr\/gerardmerinfo\/2014\/09\/la-grande-devalorisation\/"},"author":{"name":"qs_admin","@id":"https:\/\/vosgesinfo.fr\/gerardmerinfo\/#\/schema\/person\/bc5d02d71e6932e81b6dadb7386667b1"},"headline":"La Grande D\u00e9valorisation","datePublished":"2014-09-28T15:07:12+00:00","dateModified":"2014-09-28T15:07:12+00:00","mainEntityOfPage":{"@id":"https:\/\/vosgesinfo.fr\/gerardmerinfo\/2014\/09\/la-grande-devalorisation\/"},"wordCount":745,"commentCount":0,"publisher":{"@id":"https:\/\/vosgesinfo.fr\/gerardmerinfo\/#organization"},"image":{"@id":"https:\/\/vosgesinfo.fr\/gerardmerinfo\/2014\/09\/la-grande-devalorisation\/#primaryimage"},"thumbnailUrl":"http:\/\/gerardmerinfo.fr","articleSection":["Soci\u00e9t\u00e9"],"inLanguage":"fr-FR","potentialAction":[{"@type":"CommentAction","name":"Comment","target":["https:\/\/vosgesinfo.fr\/gerardmerinfo\/2014\/09\/la-grande-devalorisation\/#respond"]}]},{"@type":"WebPage","@id":"https:\/\/vosgesinfo.fr\/gerardmerinfo\/2014\/09\/la-grande-devalorisation\/","url":"https:\/\/vosgesinfo.fr\/gerardmerinfo\/2014\/09\/la-grande-devalorisation\/","name":"La Grande D\u00e9valorisation - Gerardmer Info","isPartOf":{"@id":"https:\/\/vosgesinfo.fr\/gerardmerinfo\/#website"},"primaryImageOfPage":{"@id":"https:\/\/vosgesinfo.fr\/gerardmerinfo\/2014\/09\/la-grande-devalorisation\/#primaryimage"},"image":{"@id":"https:\/\/vosgesinfo.fr\/gerardmerinfo\/2014\/09\/la-grande-devalorisation\/#primaryimage"},"thumbnailUrl":"http:\/\/gerardmerinfo.fr","datePublished":"2014-09-28T15:07:12+00:00","dateModified":"2014-09-28T15:07:12+00:00","breadcrumb":{"@id":"https:\/\/vosgesinfo.fr\/gerardmerinfo\/2014\/09\/la-grande-devalorisation\/#breadcrumb"},"inLanguage":"fr-FR","potentialAction":[{"@type":"ReadAction","target":["https:\/\/vosgesinfo.fr\/gerardmerinfo\/2014\/09\/la-grande-devalorisation\/"]}]},{"@type":"ImageObject","inLanguage":"fr-FR","@id":"https:\/\/vosgesinfo.fr\/gerardmerinfo\/2014\/09\/la-grande-devalorisation\/#primaryimage","url":"http:\/\/gerardmerinfo.fr","contentUrl":"http:\/\/gerardmerinfo.fr"},{"@type":"BreadcrumbList","@id":"https:\/\/vosgesinfo.fr\/gerardmerinfo\/2014\/09\/la-grande-devalorisation\/#breadcrumb","itemListElement":[{"@type":"ListItem","position":1,"name":"Home","item":"https:\/\/vosgesinfo.fr\/gerardmerinfo\/"},{"@type":"ListItem","position":2,"name":"La Grande D\u00e9valorisation"}]},{"@type":"WebSite","@id":"https:\/\/vosgesinfo.fr\/gerardmerinfo\/#website","url":"https:\/\/vosgesinfo.fr\/gerardmerinfo\/","name":"Gerardmer Info","description":"Toute l&#039;actualit\u00e9 de G\u00e9rardmer","publisher":{"@id":"https:\/\/vosgesinfo.fr\/gerardmerinfo\/#organization"},"alternateName":"Toute l'actualit\u00e9 de G\u00e9rardmer","potentialAction":[{"@type":"SearchAction","target":{"@type":"EntryPoint","urlTemplate":"https:\/\/vosgesinfo.fr\/gerardmerinfo\/?s={search_term_string}"},"query-input":"required name=search_term_string"}],"inLanguage":"fr-FR"},{"@type":"Organization","@id":"https:\/\/vosgesinfo.fr\/gerardmerinfo\/#organization","name":"Gerardmer Info","url":"https:\/\/vosgesinfo.fr\/gerardmerinfo\/","logo":{"@type":"ImageObject","inLanguage":"fr-FR","@id":"https:\/\/vosgesinfo.fr\/gerardmerinfo\/#\/schema\/logo\/image\/","url":"https:\/\/vosgesinfo.fr\/app\/uploads\/sites\/6\/2023\/08\/favicon-gerardmerinfo.png","contentUrl":"https:\/\/vosgesinfo.fr\/app\/uploads\/sites\/6\/2023\/08\/favicon-gerardmerinfo.png","width":512,"height":512,"caption":"Gerardmer Info"},"image":{"@id":"https:\/\/vosgesinfo.fr\/gerardmerinfo\/#\/schema\/logo\/image\/"},"sameAs":["https:\/\/www.facebook.com\/profile.php?id=100049475262660","https:\/\/x.com\/VosgesInfo88","https:\/\/www.youtube.com\/@vosgesinfo"]},{"@type":"Person","@id":"https:\/\/vosgesinfo.fr\/gerardmerinfo\/#\/schema\/person\/bc5d02d71e6932e81b6dadb7386667b1","name":"qs_admin","image":{"@type":"ImageObject","inLanguage":"fr-FR","@id":"https:\/\/vosgesinfo.fr\/gerardmerinfo\/#\/schema\/person\/image\/","url":"https:\/\/secure.gravatar.com\/avatar\/94b18ee0ed79e4a42ea2f2931277b6841a8999fc6fde214600c78057cf1fe1de?s=96&d=mm&r=g","contentUrl":"https:\/\/secure.gravatar.com\/avatar\/94b18ee0ed79e4a42ea2f2931277b6841a8999fc6fde214600c78057cf1fe1de?s=96&d=mm&r=g","caption":"qs_admin"},"sameAs":["https:\/\/vosgesinfo.fr\/wp"],"url":"https:\/\/vosgesinfo.fr\/gerardmerinfo\/author\/qs_admin\/"}]}},"_links":{"self":[{"href":"https:\/\/vosgesinfo.fr\/gerardmerinfo\/wp-json\/wp\/v2\/posts\/11797","targetHints":{"allow":["GET"]}}],"collection":[{"href":"https:\/\/vosgesinfo.fr\/gerardmerinfo\/wp-json\/wp\/v2\/posts"}],"about":[{"href":"https:\/\/vosgesinfo.fr\/gerardmerinfo\/wp-json\/wp\/v2\/types\/post"}],"author":[{"embeddable":true,"href":"https:\/\/vosgesinfo.fr\/gerardmerinfo\/wp-json\/wp\/v2\/users\/1"}],"replies":[{"embeddable":true,"href":"https:\/\/vosgesinfo.fr\/gerardmerinfo\/wp-json\/wp\/v2\/comments?post=11797"}],"version-history":[{"count":0,"href":"https:\/\/vosgesinfo.fr\/gerardmerinfo\/wp-json\/wp\/v2\/posts\/11797\/revisions"}],"wp:attachment":[{"href":"https:\/\/vosgesinfo.fr\/gerardmerinfo\/wp-json\/wp\/v2\/media?parent=11797"}],"wp:term":[{"taxonomy":"category","embeddable":true,"href":"https:\/\/vosgesinfo.fr\/gerardmerinfo\/wp-json\/wp\/v2\/categories?post=11797"},{"taxonomy":"post_tag","embeddable":true,"href":"https:\/\/vosgesinfo.fr\/gerardmerinfo\/wp-json\/wp\/v2\/tags?post=11797"}],"curies":[{"name":"wp","href":"https:\/\/api.w.org\/{rel}","templated":true}]}}