{"id":11798,"date":"2014-09-25T05:08:43","date_gmt":"2014-09-25T03:08:43","guid":{"rendered":"https:\/\/vosgesinfo.fr\/gerardmerinfo\/2014\/09\/gerardmer-perd-linstitut-de-promotion-de-la-montagne\/"},"modified":"2014-09-25T05:08:43","modified_gmt":"2014-09-25T03:08:43","slug":"gerardmer-perd-linstitut-de-promotion-de-la-montagne","status":"publish","type":"post","link":"https:\/\/vosgesinfo.fr\/gerardmerinfo\/2014\/09\/gerardmer-perd-linstitut-de-promotion-de-la-montagne\/","title":{"rendered":"G\u00e9rardmer perd l&rsquo;Institut de Promotion de la Montagne"},"content":{"rendered":"<div id=\"attachment_39554\" style=\"width: 245px\" class=\"wp-caption alignleft\"><a href=\"http:\/\/gerardmerinfo.fr\" rel=\"attachment wp-att-39554\"><img decoding=\"async\" aria-describedby=\"caption-attachment-39554\" class=\"size-full wp-image-39554\" src=\"http:\/\/gerardmerinfo.fr\" alt=\"Le CFA de SQTe-Marguerite accueil d\u00e9sormais l'Institut de Promotion de la Montagne\" width=\"235\" height=\"235\" \/><\/a><p id=\"caption-attachment-39554\" class=\"wp-caption-text\">Le CFA de Ste-Marguerite accueille d\u00e9sormais l&rsquo;Institut de Promotion de la Montagne<\/p><\/div>\n<p>L&rsquo;institut de Promotion de la Montagne, IPM est install\u00e9 dans l&rsquo;immeuble de la m\u00e9diath\u00e8que depuis 1987\u00a0 ou plut\u00f4t \u00e9tait install\u00e9 dans les anciens locaux de l&rsquo;entreprise Linvosges. Car, depuis le 1er septembre dernier, les responsables de la Chambre de Commerce\u00a0 des Vosges ont d\u00e9cid\u00e9 de quitter les lieux pour prendre possession du CFA de Saint-Marguerite, propri\u00e9t\u00e9 de la m\u00eame CCI \u00e0 la grande stup\u00e9faction du maire Stessy Speissmann\u00a0 qui assure avoir \u00e9t\u00e9 inform\u00e9 mi-juillet\u00a0 \u00a0\u00bb <em>par un bruit de couloir<\/em> \u00a0\u00bb pr\u00e9cise le premier magistrat de la commune.\u00a0\u00bb<em> Jai aussit\u00f4t interrog\u00e9 G\u00e9rard Claudel, pr\u00e9sident de la CCI\u00a0 sur le sujet. Celui ci m&rsquo;a assur\u00e9 que c&rsquo;\u00e9tait une option envisag\u00e9e mais que rien n&rsquo;\u00e9tait ent\u00e9rin\u00e9. Pour nous, il \u00e9tait hors de question de voir partir les formations propos\u00e9es par l&rsquo;IPM malgr\u00e9 les r\u00e9ductions budg\u00e9taires initi\u00e9es par l\u2019Etat dont doit faire face la CCI. Je sp\u00e9cifie alors \u00e0 G\u00e9rard Claudel\u00a0 que la commune pouvait faire des efforts sur le loyer, qu&rsquo;il \u00e9tait possible de trouver des solutions plus adapt\u00e9es aux circonstances.\u00a0 Le 27 ao\u00fbt dernier, j\u2019assiste au Conseil d\u2019Administration\u00a0 du Massif des Vosges et j&rsquo;apprends que la CCI a demand\u00e9 \u00e0 ce m\u00eame\u00a0 organisme de plier bagages alors qu&rsquo;il sous-loue un bureau dans les locaux de l&rsquo;IPM. Au del\u00e0 du fait de perdre des formations concernant 380 personnes, je d\u00e9nonce la m\u00e9thode d\u2019autant qu&rsquo;on ne nous a pas d\u00e9montr\u00e9\u00a0 la coh\u00e9rence du projet.<br \/>\n<\/em><\/p>\n<p>Des regrets partag\u00e9s par\u00a0 Fran\u00e7is Claude, Directeur de l&rsquo;IPM nouvelle version \u00ab\u00a0<em> Je fais du p\u00e9dagogique et beaucoup moins de\u00a0 logistique. Nous sommes beaucoup moins\u00a0 sur le terrain. Nous avons pris sur la qualit\u00e9 et sur l&rsquo;image li\u00e9e \u00e0 la station de G\u00e9rardmer.\u00a0 On nous invoque des probl\u00e8mes budg\u00e9taires afin de r\u00e9aliser des \u00e9conomies. Certes,\u00a0 mais sur 30 000 \u20ac annonc\u00e9s ce sont vraiment des \u00e9conomies de bout de chandelle d&rsquo;autant que les frais de d\u00e9placement seront plus importants. Et puis en discutant avec le commissariat au massif on aurait pu avoir des subventions \u00a0 et ren\u00e9gocier le loyer avec la commune de G\u00e9rardmer\u00a0\u00bb.<\/em><\/p>\n<p>De son cot\u00e9, G\u00e9rard Claudel est formel, la CCI a le couteau sous la gorge et devra rendre \u00e0 l&rsquo;Etat 6 millions d\u2019euros en cette p\u00e9riode de r\u00e9cession\u00a0\u00bb <em>j&rsquo;assume totalement cet nouvel \u00e9tat de fait, je g\u00e8re la CCI comme mon entreprise<\/em>. <em>Je comprends le maire\u00a0 mais la chambre consulaire r\u00e9pond au suivi d&rsquo;une gouvernance, d&rsquo;un bureau. Nous avons des r\u00e9ductions de budget importantes \u00e0 int\u00e9grer\u00a0 et nous devrons oublier un grand nombre de projets dans les mois et ann\u00e9es \u00e0 venir. Ce n&rsquo;est pas fini ! Le d\u00e9m\u00e9nagement de l&rsquo;IMP\u00a0 est une \u00e9tape. D&rsquo;autre projets que nous avons sous le coude ou structures seront amen\u00e9s \u00e0 disparaitre \u00e9galement.\u00a0 L&rsquo;IPM est aujourd&rsquo;hui d\u00e9ficitaire\u00a0 et nous devions mutualiser les services sur Sainte-Marguerite\u00a0 en int\u00e9grant la structure au CFA, au risque de voir la formation disparaitre.\u00a0 Je rassure tout le monde, il n&rsquo;y a rien de politique dans\u00a0 ce d\u00e9m\u00e9nagement. Nous tentons de r\u00e9soudre une probl\u00e9matique budg\u00e9taire\u00a0\u00bb.<\/em><\/p>\n<p>En attendant G\u00e9rardmer perd une vitrine alors que l&rsquo;IPM perd \u00e9galement la cr\u00e9dibilit\u00e9 de l&rsquo;endroit. Celle d&rsquo;une image li\u00e9e \u00e0 la montagne et ses infrastructures.<\/p>\n<p>&nbsp;<\/p>\n","protected":false},"excerpt":{"rendered":"<p>L&rsquo;institut de Promotion de la Montagne, IPM est install\u00e9 dans l&rsquo;immeuble de la m\u00e9diath\u00e8que depuis 1987\u00a0 ou plut\u00f4t \u00e9tait install\u00e9 [&hellip;]<\/p>\n","protected":false},"author":1,"featured_media":0,"comment_status":"open","ping_status":"open","sticky":false,"template":"","format":"standard","meta":{"footnotes":""},"categories":[13,18],"tags":[],"class_list":["post-11798","post","type-post","status-publish","format-standard","hentry","category-societe","category-vosges"],"acf":[],"yoast_head":"<!-- This site is optimized with the Yoast SEO plugin v22.5 - https:\/\/yoast.com\/wordpress\/plugins\/seo\/ -->\n<title>G\u00e9rardmer perd l&#039;Institut de Promotion de la Montagne - Gerardmer Info<\/title>\n<meta name=\"robots\" content=\"index, follow, max-snippet:-1, max-image-preview:large, max-video-preview:-1\" \/>\n<link rel=\"canonical\" href=\"https:\/\/vosgesinfo.fr\/gerardmerinfo\/2014\/09\/gerardmer-perd-linstitut-de-promotion-de-la-montagne\/\" \/>\n<meta name=\"twitter:card\" content=\"summary_large_image\" \/>\n<meta name=\"twitter:title\" content=\"G\u00e9rardmer perd l&#039;Institut de Promotion de la Montagne - Gerardmer Info\" \/>\n<meta name=\"twitter:description\" content=\"L&rsquo;institut de Promotion de la Montagne, IPM est install\u00e9 dans l&rsquo;immeuble de la m\u00e9diath\u00e8que depuis 1987\u00a0 ou plut\u00f4t \u00e9tait install\u00e9 [&hellip;]\" \/>\n<meta name=\"twitter:image\" content=\"http:\/\/gerardmerinfo.fr\" \/>\n<meta name=\"twitter:creator\" content=\"@VosgesInfo88\" \/>\n<meta name=\"twitter:site\" content=\"@VosgesInfo88\" \/>\n<meta name=\"twitter:label1\" content=\"\u00c9crit par\" \/>\n\t<meta name=\"twitter:data1\" content=\"qs_admin\" \/>\n\t<meta name=\"twitter:label2\" content=\"Dur\u00e9e de lecture estim\u00e9e\" \/>\n\t<meta name=\"twitter:data2\" content=\"3 minutes\" \/>\n<script type=\"application\/ld+json\" class=\"yoast-schema-graph\">{\"@context\":\"https:\/\/schema.org\",\"@graph\":[{\"@type\":\"Article\",\"@id\":\"https:\/\/vosgesinfo.fr\/gerardmerinfo\/2014\/09\/gerardmer-perd-linstitut-de-promotion-de-la-montagne\/#article\",\"isPartOf\":{\"@id\":\"https:\/\/vosgesinfo.fr\/gerardmerinfo\/2014\/09\/gerardmer-perd-linstitut-de-promotion-de-la-montagne\/\"},\"author\":{\"name\":\"qs_admin\",\"@id\":\"https:\/\/vosgesinfo.fr\/gerardmerinfo\/#\/schema\/person\/bc5d02d71e6932e81b6dadb7386667b1\"},\"headline\":\"G\u00e9rardmer perd l&rsquo;Institut de Promotion de la Montagne\",\"datePublished\":\"2014-09-25T03:08:43+00:00\",\"dateModified\":\"2014-09-25T03:08:43+00:00\",\"mainEntityOfPage\":{\"@id\":\"https:\/\/vosgesinfo.fr\/gerardmerinfo\/2014\/09\/gerardmer-perd-linstitut-de-promotion-de-la-montagne\/\"},\"wordCount\":618,\"commentCount\":0,\"publisher\":{\"@id\":\"https:\/\/vosgesinfo.fr\/gerardmerinfo\/#organization\"},\"image\":{\"@id\":\"https:\/\/vosgesinfo.fr\/gerardmerinfo\/2014\/09\/gerardmer-perd-linstitut-de-promotion-de-la-montagne\/#primaryimage\"},\"thumbnailUrl\":\"http:\/\/gerardmerinfo.fr\",\"articleSection\":[\"Soci\u00e9t\u00e9\",\"Vosges\"],\"inLanguage\":\"fr-FR\",\"potentialAction\":[{\"@type\":\"CommentAction\",\"name\":\"Comment\",\"target\":[\"https:\/\/vosgesinfo.fr\/gerardmerinfo\/2014\/09\/gerardmer-perd-linstitut-de-promotion-de-la-montagne\/#respond\"]}]},{\"@type\":\"WebPage\",\"@id\":\"https:\/\/vosgesinfo.fr\/gerardmerinfo\/2014\/09\/gerardmer-perd-linstitut-de-promotion-de-la-montagne\/\",\"url\":\"https:\/\/vosgesinfo.fr\/gerardmerinfo\/2014\/09\/gerardmer-perd-linstitut-de-promotion-de-la-montagne\/\",\"name\":\"G\u00e9rardmer perd l'Institut de Promotion de la Montagne - Gerardmer Info\",\"isPartOf\":{\"@id\":\"https:\/\/vosgesinfo.fr\/gerardmerinfo\/#website\"},\"primaryImageOfPage\":{\"@id\":\"https:\/\/vosgesinfo.fr\/gerardmerinfo\/2014\/09\/gerardmer-perd-linstitut-de-promotion-de-la-montagne\/#primaryimage\"},\"image\":{\"@id\":\"https:\/\/vosgesinfo.fr\/gerardmerinfo\/2014\/09\/gerardmer-perd-linstitut-de-promotion-de-la-montagne\/#primaryimage\"},\"thumbnailUrl\":\"http:\/\/gerardmerinfo.fr\",\"datePublished\":\"2014-09-25T03:08:43+00:00\",\"dateModified\":\"2014-09-25T03:08:43+00:00\",\"breadcrumb\":{\"@id\":\"https:\/\/vosgesinfo.fr\/gerardmerinfo\/2014\/09\/gerardmer-perd-linstitut-de-promotion-de-la-montagne\/#breadcrumb\"},\"inLanguage\":\"fr-FR\",\"potentialAction\":[{\"@type\":\"ReadAction\",\"target\":[\"https:\/\/vosgesinfo.fr\/gerardmerinfo\/2014\/09\/gerardmer-perd-linstitut-de-promotion-de-la-montagne\/\"]}]},{\"@type\":\"ImageObject\",\"inLanguage\":\"fr-FR\",\"@id\":\"https:\/\/vosgesinfo.fr\/gerardmerinfo\/2014\/09\/gerardmer-perd-linstitut-de-promotion-de-la-montagne\/#primaryimage\",\"url\":\"http:\/\/gerardmerinfo.fr\",\"contentUrl\":\"http:\/\/gerardmerinfo.fr\"},{\"@type\":\"BreadcrumbList\",\"@id\":\"https:\/\/vosgesinfo.fr\/gerardmerinfo\/2014\/09\/gerardmer-perd-linstitut-de-promotion-de-la-montagne\/#breadcrumb\",\"itemListElement\":[{\"@type\":\"ListItem\",\"position\":1,\"name\":\"Home\",\"item\":\"https:\/\/vosgesinfo.fr\/gerardmerinfo\/\"},{\"@type\":\"ListItem\",\"position\":2,\"name\":\"G\u00e9rardmer perd l&rsquo;Institut de Promotion de la Montagne\"}]},{\"@type\":\"WebSite\",\"@id\":\"https:\/\/vosgesinfo.fr\/gerardmerinfo\/#website\",\"url\":\"https:\/\/vosgesinfo.fr\/gerardmerinfo\/\",\"name\":\"Gerardmer Info\",\"description\":\"Toute l&#039;actualit\u00e9 de G\u00e9rardmer\",\"publisher\":{\"@id\":\"https:\/\/vosgesinfo.fr\/gerardmerinfo\/#organization\"},\"alternateName\":\"Toute l'actualit\u00e9 de G\u00e9rardmer\",\"potentialAction\":[{\"@type\":\"SearchAction\",\"target\":{\"@type\":\"EntryPoint\",\"urlTemplate\":\"https:\/\/vosgesinfo.fr\/gerardmerinfo\/?s={search_term_string}\"},\"query-input\":\"required name=search_term_string\"}],\"inLanguage\":\"fr-FR\"},{\"@type\":\"Organization\",\"@id\":\"https:\/\/vosgesinfo.fr\/gerardmerinfo\/#organization\",\"name\":\"Gerardmer Info\",\"url\":\"https:\/\/vosgesinfo.fr\/gerardmerinfo\/\",\"logo\":{\"@type\":\"ImageObject\",\"inLanguage\":\"fr-FR\",\"@id\":\"https:\/\/vosgesinfo.fr\/gerardmerinfo\/#\/schema\/logo\/image\/\",\"url\":\"https:\/\/vosgesinfo.fr\/app\/uploads\/sites\/6\/2023\/08\/favicon-gerardmerinfo.png\",\"contentUrl\":\"https:\/\/vosgesinfo.fr\/app\/uploads\/sites\/6\/2023\/08\/favicon-gerardmerinfo.png\",\"width\":512,\"height\":512,\"caption\":\"Gerardmer Info\"},\"image\":{\"@id\":\"https:\/\/vosgesinfo.fr\/gerardmerinfo\/#\/schema\/logo\/image\/\"},\"sameAs\":[\"https:\/\/www.facebook.com\/profile.php?id=100049475262660\",\"https:\/\/x.com\/VosgesInfo88\",\"https:\/\/www.youtube.com\/@vosgesinfo\"]},{\"@type\":\"Person\",\"@id\":\"https:\/\/vosgesinfo.fr\/gerardmerinfo\/#\/schema\/person\/bc5d02d71e6932e81b6dadb7386667b1\",\"name\":\"qs_admin\",\"image\":{\"@type\":\"ImageObject\",\"inLanguage\":\"fr-FR\",\"@id\":\"https:\/\/vosgesinfo.fr\/gerardmerinfo\/#\/schema\/person\/image\/\",\"url\":\"https:\/\/secure.gravatar.com\/avatar\/94b18ee0ed79e4a42ea2f2931277b6841a8999fc6fde214600c78057cf1fe1de?s=96&d=mm&r=g\",\"contentUrl\":\"https:\/\/secure.gravatar.com\/avatar\/94b18ee0ed79e4a42ea2f2931277b6841a8999fc6fde214600c78057cf1fe1de?s=96&d=mm&r=g\",\"caption\":\"qs_admin\"},\"sameAs\":[\"https:\/\/vosgesinfo.fr\/wp\"],\"url\":\"https:\/\/vosgesinfo.fr\/gerardmerinfo\/author\/qs_admin\/\"}]}<\/script>\n<!-- \/ Yoast SEO plugin. -->","yoast_head_json":{"title":"G\u00e9rardmer perd l'Institut de Promotion de la Montagne - Gerardmer Info","robots":{"index":"index","follow":"follow","max-snippet":"max-snippet:-1","max-image-preview":"max-image-preview:large","max-video-preview":"max-video-preview:-1"},"canonical":"https:\/\/vosgesinfo.fr\/gerardmerinfo\/2014\/09\/gerardmer-perd-linstitut-de-promotion-de-la-montagne\/","twitter_card":"summary_large_image","twitter_title":"G\u00e9rardmer perd l'Institut de Promotion de la Montagne - Gerardmer Info","twitter_description":"L&rsquo;institut de Promotion de la Montagne, IPM est install\u00e9 dans l&rsquo;immeuble de la m\u00e9diath\u00e8que depuis 1987\u00a0 ou plut\u00f4t \u00e9tait install\u00e9 [&hellip;]","twitter_image":"http:\/\/gerardmerinfo.fr","twitter_creator":"@VosgesInfo88","twitter_site":"@VosgesInfo88","twitter_misc":{"\u00c9crit par":"qs_admin","Dur\u00e9e de lecture estim\u00e9e":"3 minutes"},"schema":{"@context":"https:\/\/schema.org","@graph":[{"@type":"Article","@id":"https:\/\/vosgesinfo.fr\/gerardmerinfo\/2014\/09\/gerardmer-perd-linstitut-de-promotion-de-la-montagne\/#article","isPartOf":{"@id":"https:\/\/vosgesinfo.fr\/gerardmerinfo\/2014\/09\/gerardmer-perd-linstitut-de-promotion-de-la-montagne\/"},"author":{"name":"qs_admin","@id":"https:\/\/vosgesinfo.fr\/gerardmerinfo\/#\/schema\/person\/bc5d02d71e6932e81b6dadb7386667b1"},"headline":"G\u00e9rardmer perd l&rsquo;Institut de Promotion de la Montagne","datePublished":"2014-09-25T03:08:43+00:00","dateModified":"2014-09-25T03:08:43+00:00","mainEntityOfPage":{"@id":"https:\/\/vosgesinfo.fr\/gerardmerinfo\/2014\/09\/gerardmer-perd-linstitut-de-promotion-de-la-montagne\/"},"wordCount":618,"commentCount":0,"publisher":{"@id":"https:\/\/vosgesinfo.fr\/gerardmerinfo\/#organization"},"image":{"@id":"https:\/\/vosgesinfo.fr\/gerardmerinfo\/2014\/09\/gerardmer-perd-linstitut-de-promotion-de-la-montagne\/#primaryimage"},"thumbnailUrl":"http:\/\/gerardmerinfo.fr","articleSection":["Soci\u00e9t\u00e9","Vosges"],"inLanguage":"fr-FR","potentialAction":[{"@type":"CommentAction","name":"Comment","target":["https:\/\/vosgesinfo.fr\/gerardmerinfo\/2014\/09\/gerardmer-perd-linstitut-de-promotion-de-la-montagne\/#respond"]}]},{"@type":"WebPage","@id":"https:\/\/vosgesinfo.fr\/gerardmerinfo\/2014\/09\/gerardmer-perd-linstitut-de-promotion-de-la-montagne\/","url":"https:\/\/vosgesinfo.fr\/gerardmerinfo\/2014\/09\/gerardmer-perd-linstitut-de-promotion-de-la-montagne\/","name":"G\u00e9rardmer perd l'Institut de Promotion de la Montagne - Gerardmer Info","isPartOf":{"@id":"https:\/\/vosgesinfo.fr\/gerardmerinfo\/#website"},"primaryImageOfPage":{"@id":"https:\/\/vosgesinfo.fr\/gerardmerinfo\/2014\/09\/gerardmer-perd-linstitut-de-promotion-de-la-montagne\/#primaryimage"},"image":{"@id":"https:\/\/vosgesinfo.fr\/gerardmerinfo\/2014\/09\/gerardmer-perd-linstitut-de-promotion-de-la-montagne\/#primaryimage"},"thumbnailUrl":"http:\/\/gerardmerinfo.fr","datePublished":"2014-09-25T03:08:43+00:00","dateModified":"2014-09-25T03:08:43+00:00","breadcrumb":{"@id":"https:\/\/vosgesinfo.fr\/gerardmerinfo\/2014\/09\/gerardmer-perd-linstitut-de-promotion-de-la-montagne\/#breadcrumb"},"inLanguage":"fr-FR","potentialAction":[{"@type":"ReadAction","target":["https:\/\/vosgesinfo.fr\/gerardmerinfo\/2014\/09\/gerardmer-perd-linstitut-de-promotion-de-la-montagne\/"]}]},{"@type":"ImageObject","inLanguage":"fr-FR","@id":"https:\/\/vosgesinfo.fr\/gerardmerinfo\/2014\/09\/gerardmer-perd-linstitut-de-promotion-de-la-montagne\/#primaryimage","url":"http:\/\/gerardmerinfo.fr","contentUrl":"http:\/\/gerardmerinfo.fr"},{"@type":"BreadcrumbList","@id":"https:\/\/vosgesinfo.fr\/gerardmerinfo\/2014\/09\/gerardmer-perd-linstitut-de-promotion-de-la-montagne\/#breadcrumb","itemListElement":[{"@type":"ListItem","position":1,"name":"Home","item":"https:\/\/vosgesinfo.fr\/gerardmerinfo\/"},{"@type":"ListItem","position":2,"name":"G\u00e9rardmer perd l&rsquo;Institut de Promotion de la Montagne"}]},{"@type":"WebSite","@id":"https:\/\/vosgesinfo.fr\/gerardmerinfo\/#website","url":"https:\/\/vosgesinfo.fr\/gerardmerinfo\/","name":"Gerardmer Info","description":"Toute l&#039;actualit\u00e9 de G\u00e9rardmer","publisher":{"@id":"https:\/\/vosgesinfo.fr\/gerardmerinfo\/#organization"},"alternateName":"Toute l'actualit\u00e9 de G\u00e9rardmer","potentialAction":[{"@type":"SearchAction","target":{"@type":"EntryPoint","urlTemplate":"https:\/\/vosgesinfo.fr\/gerardmerinfo\/?s={search_term_string}"},"query-input":"required name=search_term_string"}],"inLanguage":"fr-FR"},{"@type":"Organization","@id":"https:\/\/vosgesinfo.fr\/gerardmerinfo\/#organization","name":"Gerardmer Info","url":"https:\/\/vosgesinfo.fr\/gerardmerinfo\/","logo":{"@type":"ImageObject","inLanguage":"fr-FR","@id":"https:\/\/vosgesinfo.fr\/gerardmerinfo\/#\/schema\/logo\/image\/","url":"https:\/\/vosgesinfo.fr\/app\/uploads\/sites\/6\/2023\/08\/favicon-gerardmerinfo.png","contentUrl":"https:\/\/vosgesinfo.fr\/app\/uploads\/sites\/6\/2023\/08\/favicon-gerardmerinfo.png","width":512,"height":512,"caption":"Gerardmer Info"},"image":{"@id":"https:\/\/vosgesinfo.fr\/gerardmerinfo\/#\/schema\/logo\/image\/"},"sameAs":["https:\/\/www.facebook.com\/profile.php?id=100049475262660","https:\/\/x.com\/VosgesInfo88","https:\/\/www.youtube.com\/@vosgesinfo"]},{"@type":"Person","@id":"https:\/\/vosgesinfo.fr\/gerardmerinfo\/#\/schema\/person\/bc5d02d71e6932e81b6dadb7386667b1","name":"qs_admin","image":{"@type":"ImageObject","inLanguage":"fr-FR","@id":"https:\/\/vosgesinfo.fr\/gerardmerinfo\/#\/schema\/person\/image\/","url":"https:\/\/secure.gravatar.com\/avatar\/94b18ee0ed79e4a42ea2f2931277b6841a8999fc6fde214600c78057cf1fe1de?s=96&d=mm&r=g","contentUrl":"https:\/\/secure.gravatar.com\/avatar\/94b18ee0ed79e4a42ea2f2931277b6841a8999fc6fde214600c78057cf1fe1de?s=96&d=mm&r=g","caption":"qs_admin"},"sameAs":["https:\/\/vosgesinfo.fr\/wp"],"url":"https:\/\/vosgesinfo.fr\/gerardmerinfo\/author\/qs_admin\/"}]}},"_links":{"self":[{"href":"https:\/\/vosgesinfo.fr\/gerardmerinfo\/wp-json\/wp\/v2\/posts\/11798","targetHints":{"allow":["GET"]}}],"collection":[{"href":"https:\/\/vosgesinfo.fr\/gerardmerinfo\/wp-json\/wp\/v2\/posts"}],"about":[{"href":"https:\/\/vosgesinfo.fr\/gerardmerinfo\/wp-json\/wp\/v2\/types\/post"}],"author":[{"embeddable":true,"href":"https:\/\/vosgesinfo.fr\/gerardmerinfo\/wp-json\/wp\/v2\/users\/1"}],"replies":[{"embeddable":true,"href":"https:\/\/vosgesinfo.fr\/gerardmerinfo\/wp-json\/wp\/v2\/comments?post=11798"}],"version-history":[{"count":0,"href":"https:\/\/vosgesinfo.fr\/gerardmerinfo\/wp-json\/wp\/v2\/posts\/11798\/revisions"}],"wp:attachment":[{"href":"https:\/\/vosgesinfo.fr\/gerardmerinfo\/wp-json\/wp\/v2\/media?parent=11798"}],"wp:term":[{"taxonomy":"category","embeddable":true,"href":"https:\/\/vosgesinfo.fr\/gerardmerinfo\/wp-json\/wp\/v2\/categories?post=11798"},{"taxonomy":"post_tag","embeddable":true,"href":"https:\/\/vosgesinfo.fr\/gerardmerinfo\/wp-json\/wp\/v2\/tags?post=11798"}],"curies":[{"name":"wp","href":"https:\/\/api.w.org\/{rel}","templated":true}]}}