{"id":11799,"date":"2014-09-25T16:44:07","date_gmt":"2014-09-25T14:44:07","guid":{"rendered":"https:\/\/vosgesinfo.fr\/gerardmerinfo\/2014\/09\/championnat-de-france-sprint-daviron-venez-faire-la-fete-a-lespace-lac\/"},"modified":"2014-09-25T16:44:07","modified_gmt":"2014-09-25T14:44:07","slug":"championnat-de-france-sprint-daviron-venez-faire-la-fete-a-lespace-lac","status":"publish","type":"post","link":"https:\/\/vosgesinfo.fr\/gerardmerinfo\/2014\/09\/championnat-de-france-sprint-daviron-venez-faire-la-fete-a-lespace-lac\/","title":{"rendered":"Championnat de France SPRINT d&rsquo;Aviron : venez faire la f\u00eate \u00e0 l&rsquo;Espace LAC !\u200f"},"content":{"rendered":"<p><strong><span style=\"color: #444444;\"><a href=\"http:\/\/gerardmerinfo.fr\"><img decoding=\"async\" class=\"alignright size-medium wp-image-39571\" src=\"http:\/\/gerardmerinfo.fr\" alt=\"mariage-vosges-lido-04-800x600\" width=\"300\" height=\"225\" \/><\/a>Le Championnat de France SPRINT arrive \u00e0 grands pas et l&rsquo;ASG Aviron ainsi que tous les b\u00e9n\u00e9voles sont au top pour accueillir et faire du Weekend prochain un moment inoubliable !<\/span><\/strong><br style=\"color: #444444;\" \/><span style=\"color: #444444;\">L&rsquo;aviron, c&rsquo;est un sport mais c&rsquo;est aussi un \u00e9tat d&rsquo;esprit&#8230;. festif!\u00a0<\/span><br style=\"color: #444444;\" \/><br style=\"color: #444444;\" \/><span style=\"color: #444444;\">Pour le prouver, une soir\u00e9e festive GRAND PUBLIC est organis\u00e9e \u00e0 L&rsquo;Espace LAC samedi 27 septembre \u00e0 partir de 19h!\u00a0<\/span><br style=\"color: #444444;\" \/><br style=\"color: #444444;\" \/><span style=\"color: #444444;\">Au programme:\u00a0<\/span><br style=\"color: #444444;\" \/><span style=\"color: #444444;\">Concert de \u00ab\u00a0The Ugly Ducks\u00a0\u00bb : page facebook:\u00a0\u00a0<\/span><a class=\"ecxmoz-txt-link-freetext\" style=\"color: #0068cf;\" href=\"https:\/\/www.facebook.com\/lesuglyducks\" target=\"_blank\" rel=\"noopener\">https:\/\/www.facebook.com\/lesuglyducks<\/a><br style=\"color: #444444;\" \/><i style=\"font-style: italic; color: #444444;\">\u00ab\u00a0Groupe \u00e0 tendance rock form\u00e9 en 2005. De Pink Floyd \u00e0 M\u00e9tallica, en passant par les Beatles ou AC\/DC, vous y reconna\u00eetrez vos standards.<\/i><i style=\"font-style: italic; color: #444444;\"><br \/>\n<\/i><i style=\"font-style: italic; color: #444444;\">Les compositions du groupe sont ancr\u00e9es dans le \u00ab\u00a0Hard-Blues-Rock\u00a0\u00bb<\/i><i style=\"font-style: italic; color: #444444;\">\u00ab\u00a0<\/i><br style=\"color: #444444;\" \/><span style=\"color: #444444;\">Ca va rocker \u00e0 l&rsquo;Espace LAC!\u00a0<\/span><br style=\"color: #444444;\" \/><span style=\"color: #444444;\">Et pour poursuivre la f\u00eate, un DJ mixera pour s&rsquo;ambiancer&#8230; (presque) jusqu&rsquo;au bout de la nuit!<\/span><br style=\"color: #444444;\" \/><br style=\"color: #444444;\" \/><span style=\"color: #444444;\">On vous attends nombreux \u00e0 l&rsquo;Espace LAC !<\/span><br style=\"color: #444444;\" \/><br style=\"color: #444444;\" \/><i style=\"font-style: italic; color: #444444;\">Entr\u00e9e gratuite, consommations sur place, soir\u00e9e ouverte \u00e0 tous.<\/i><\/p>\n","protected":false},"excerpt":{"rendered":"<p>Le Championnat de France SPRINT arrive \u00e0 grands pas et l&rsquo;ASG Aviron ainsi que tous les b\u00e9n\u00e9voles sont au top [&hellip;]<\/p>\n","protected":false},"author":133,"featured_media":0,"comment_status":"open","ping_status":"open","sticky":false,"template":"","format":"standard","meta":{"footnotes":""},"categories":[34,4,14],"tags":[],"class_list":["post-11799","post","type-post","status-publish","format-standard","hentry","category-concert","category-culture","category-sport"],"acf":[],"yoast_head":"<!-- This site is optimized with the Yoast SEO plugin v22.5 - https:\/\/yoast.com\/wordpress\/plugins\/seo\/ -->\n<title>Championnat de France SPRINT d&#039;Aviron : venez faire la f\u00eate \u00e0 l&#039;Espace LAC !\u200f - Gerardmer Info<\/title>\n<meta name=\"robots\" content=\"index, follow, max-snippet:-1, max-image-preview:large, max-video-preview:-1\" \/>\n<link rel=\"canonical\" href=\"https:\/\/vosgesinfo.fr\/gerardmerinfo\/2014\/09\/championnat-de-france-sprint-daviron-venez-faire-la-fete-a-lespace-lac\/\" \/>\n<meta name=\"twitter:card\" content=\"summary_large_image\" \/>\n<meta name=\"twitter:title\" content=\"Championnat de France SPRINT d&#039;Aviron : venez faire la f\u00eate \u00e0 l&#039;Espace LAC !\u200f - Gerardmer Info\" \/>\n<meta name=\"twitter:description\" content=\"Le Championnat de France SPRINT arrive \u00e0 grands pas et l&rsquo;ASG Aviron ainsi que tous les b\u00e9n\u00e9voles sont au top [&hellip;]\" \/>\n<meta name=\"twitter:image\" content=\"http:\/\/gerardmerinfo.fr\" \/>\n<meta name=\"twitter:creator\" content=\"@VosgesInfo88\" \/>\n<meta name=\"twitter:site\" content=\"@VosgesInfo88\" \/>\n<meta name=\"twitter:label1\" content=\"\u00c9crit par\" \/>\n\t<meta name=\"twitter:data1\" content=\"P. L\" \/>\n\t<meta name=\"twitter:label2\" content=\"Dur\u00e9e de lecture estim\u00e9e\" \/>\n\t<meta name=\"twitter:data2\" content=\"1 minute\" \/>\n<script type=\"application\/ld+json\" class=\"yoast-schema-graph\">{\"@context\":\"https:\/\/schema.org\",\"@graph\":[{\"@type\":\"Article\",\"@id\":\"https:\/\/vosgesinfo.fr\/gerardmerinfo\/2014\/09\/championnat-de-france-sprint-daviron-venez-faire-la-fete-a-lespace-lac\/#article\",\"isPartOf\":{\"@id\":\"https:\/\/vosgesinfo.fr\/gerardmerinfo\/2014\/09\/championnat-de-france-sprint-daviron-venez-faire-la-fete-a-lespace-lac\/\"},\"author\":{\"name\":\"P. L\",\"@id\":\"https:\/\/vosgesinfo.fr\/gerardmerinfo\/#\/schema\/person\/51ef757532e0884e462598d6edd026ca\"},\"headline\":\"Championnat de France SPRINT d&rsquo;Aviron : venez faire la f\u00eate \u00e0 l&rsquo;Espace LAC !\u200f\",\"datePublished\":\"2014-09-25T14:44:07+00:00\",\"dateModified\":\"2014-09-25T14:44:07+00:00\",\"mainEntityOfPage\":{\"@id\":\"https:\/\/vosgesinfo.fr\/gerardmerinfo\/2014\/09\/championnat-de-france-sprint-daviron-venez-faire-la-fete-a-lespace-lac\/\"},\"wordCount\":171,\"commentCount\":0,\"publisher\":{\"@id\":\"https:\/\/vosgesinfo.fr\/gerardmerinfo\/#organization\"},\"image\":{\"@id\":\"https:\/\/vosgesinfo.fr\/gerardmerinfo\/2014\/09\/championnat-de-france-sprint-daviron-venez-faire-la-fete-a-lespace-lac\/#primaryimage\"},\"thumbnailUrl\":\"http:\/\/gerardmerinfo.fr\",\"articleSection\":[\"Concert\",\"Culture\",\"Sport\"],\"inLanguage\":\"fr-FR\",\"potentialAction\":[{\"@type\":\"CommentAction\",\"name\":\"Comment\",\"target\":[\"https:\/\/vosgesinfo.fr\/gerardmerinfo\/2014\/09\/championnat-de-france-sprint-daviron-venez-faire-la-fete-a-lespace-lac\/#respond\"]}]},{\"@type\":\"WebPage\",\"@id\":\"https:\/\/vosgesinfo.fr\/gerardmerinfo\/2014\/09\/championnat-de-france-sprint-daviron-venez-faire-la-fete-a-lespace-lac\/\",\"url\":\"https:\/\/vosgesinfo.fr\/gerardmerinfo\/2014\/09\/championnat-de-france-sprint-daviron-venez-faire-la-fete-a-lespace-lac\/\",\"name\":\"Championnat de France SPRINT d'Aviron : venez faire la f\u00eate \u00e0 l'Espace LAC !\u200f - Gerardmer Info\",\"isPartOf\":{\"@id\":\"https:\/\/vosgesinfo.fr\/gerardmerinfo\/#website\"},\"primaryImageOfPage\":{\"@id\":\"https:\/\/vosgesinfo.fr\/gerardmerinfo\/2014\/09\/championnat-de-france-sprint-daviron-venez-faire-la-fete-a-lespace-lac\/#primaryimage\"},\"image\":{\"@id\":\"https:\/\/vosgesinfo.fr\/gerardmerinfo\/2014\/09\/championnat-de-france-sprint-daviron-venez-faire-la-fete-a-lespace-lac\/#primaryimage\"},\"thumbnailUrl\":\"http:\/\/gerardmerinfo.fr\",\"datePublished\":\"2014-09-25T14:44:07+00:00\",\"dateModified\":\"2014-09-25T14:44:07+00:00\",\"breadcrumb\":{\"@id\":\"https:\/\/vosgesinfo.fr\/gerardmerinfo\/2014\/09\/championnat-de-france-sprint-daviron-venez-faire-la-fete-a-lespace-lac\/#breadcrumb\"},\"inLanguage\":\"fr-FR\",\"potentialAction\":[{\"@type\":\"ReadAction\",\"target\":[\"https:\/\/vosgesinfo.fr\/gerardmerinfo\/2014\/09\/championnat-de-france-sprint-daviron-venez-faire-la-fete-a-lespace-lac\/\"]}]},{\"@type\":\"ImageObject\",\"inLanguage\":\"fr-FR\",\"@id\":\"https:\/\/vosgesinfo.fr\/gerardmerinfo\/2014\/09\/championnat-de-france-sprint-daviron-venez-faire-la-fete-a-lespace-lac\/#primaryimage\",\"url\":\"http:\/\/gerardmerinfo.fr\",\"contentUrl\":\"http:\/\/gerardmerinfo.fr\"},{\"@type\":\"BreadcrumbList\",\"@id\":\"https:\/\/vosgesinfo.fr\/gerardmerinfo\/2014\/09\/championnat-de-france-sprint-daviron-venez-faire-la-fete-a-lespace-lac\/#breadcrumb\",\"itemListElement\":[{\"@type\":\"ListItem\",\"position\":1,\"name\":\"Home\",\"item\":\"https:\/\/vosgesinfo.fr\/gerardmerinfo\/\"},{\"@type\":\"ListItem\",\"position\":2,\"name\":\"Championnat de France SPRINT d&rsquo;Aviron : venez faire la f\u00eate \u00e0 l&rsquo;Espace LAC !\u200f\"}]},{\"@type\":\"WebSite\",\"@id\":\"https:\/\/vosgesinfo.fr\/gerardmerinfo\/#website\",\"url\":\"https:\/\/vosgesinfo.fr\/gerardmerinfo\/\",\"name\":\"Gerardmer Info\",\"description\":\"Toute l&#039;actualit\u00e9 de G\u00e9rardmer\",\"publisher\":{\"@id\":\"https:\/\/vosgesinfo.fr\/gerardmerinfo\/#organization\"},\"alternateName\":\"Toute l'actualit\u00e9 de G\u00e9rardmer\",\"potentialAction\":[{\"@type\":\"SearchAction\",\"target\":{\"@type\":\"EntryPoint\",\"urlTemplate\":\"https:\/\/vosgesinfo.fr\/gerardmerinfo\/?s={search_term_string}\"},\"query-input\":\"required name=search_term_string\"}],\"inLanguage\":\"fr-FR\"},{\"@type\":\"Organization\",\"@id\":\"https:\/\/vosgesinfo.fr\/gerardmerinfo\/#organization\",\"name\":\"Gerardmer Info\",\"url\":\"https:\/\/vosgesinfo.fr\/gerardmerinfo\/\",\"logo\":{\"@type\":\"ImageObject\",\"inLanguage\":\"fr-FR\",\"@id\":\"https:\/\/vosgesinfo.fr\/gerardmerinfo\/#\/schema\/logo\/image\/\",\"url\":\"https:\/\/vosgesinfo.fr\/app\/uploads\/sites\/6\/2023\/08\/favicon-gerardmerinfo.png\",\"contentUrl\":\"https:\/\/vosgesinfo.fr\/app\/uploads\/sites\/6\/2023\/08\/favicon-gerardmerinfo.png\",\"width\":512,\"height\":512,\"caption\":\"Gerardmer Info\"},\"image\":{\"@id\":\"https:\/\/vosgesinfo.fr\/gerardmerinfo\/#\/schema\/logo\/image\/\"},\"sameAs\":[\"https:\/\/www.facebook.com\/profile.php?id=100049475262660\",\"https:\/\/x.com\/VosgesInfo88\",\"https:\/\/www.youtube.com\/@vosgesinfo\"]},{\"@type\":\"Person\",\"@id\":\"https:\/\/vosgesinfo.fr\/gerardmerinfo\/#\/schema\/person\/51ef757532e0884e462598d6edd026ca\",\"name\":\"P. L\",\"image\":{\"@type\":\"ImageObject\",\"inLanguage\":\"fr-FR\",\"@id\":\"https:\/\/vosgesinfo.fr\/gerardmerinfo\/#\/schema\/person\/image\/\",\"url\":\"https:\/\/secure.gravatar.com\/avatar\/402dc2a64d46876cd788d648ef86f853592da6b2f0e9d5c0a09fef41795df49c?s=96&d=mm&r=g\",\"contentUrl\":\"https:\/\/secure.gravatar.com\/avatar\/402dc2a64d46876cd788d648ef86f853592da6b2f0e9d5c0a09fef41795df49c?s=96&d=mm&r=g\",\"caption\":\"P. L\"},\"url\":\"https:\/\/vosgesinfo.fr\/gerardmerinfo\/author\/pauline-lecomte\/\"}]}<\/script>\n<!-- \/ Yoast SEO plugin. -->","yoast_head_json":{"title":"Championnat de France SPRINT d'Aviron : venez faire la f\u00eate \u00e0 l'Espace LAC !\u200f - Gerardmer Info","robots":{"index":"index","follow":"follow","max-snippet":"max-snippet:-1","max-image-preview":"max-image-preview:large","max-video-preview":"max-video-preview:-1"},"canonical":"https:\/\/vosgesinfo.fr\/gerardmerinfo\/2014\/09\/championnat-de-france-sprint-daviron-venez-faire-la-fete-a-lespace-lac\/","twitter_card":"summary_large_image","twitter_title":"Championnat de France SPRINT d'Aviron : venez faire la f\u00eate \u00e0 l'Espace LAC !\u200f - Gerardmer Info","twitter_description":"Le Championnat de France SPRINT arrive \u00e0 grands pas et l&rsquo;ASG Aviron ainsi que tous les b\u00e9n\u00e9voles sont au top [&hellip;]","twitter_image":"http:\/\/gerardmerinfo.fr","twitter_creator":"@VosgesInfo88","twitter_site":"@VosgesInfo88","twitter_misc":{"\u00c9crit par":"P. L","Dur\u00e9e de lecture estim\u00e9e":"1 minute"},"schema":{"@context":"https:\/\/schema.org","@graph":[{"@type":"Article","@id":"https:\/\/vosgesinfo.fr\/gerardmerinfo\/2014\/09\/championnat-de-france-sprint-daviron-venez-faire-la-fete-a-lespace-lac\/#article","isPartOf":{"@id":"https:\/\/vosgesinfo.fr\/gerardmerinfo\/2014\/09\/championnat-de-france-sprint-daviron-venez-faire-la-fete-a-lespace-lac\/"},"author":{"name":"P. L","@id":"https:\/\/vosgesinfo.fr\/gerardmerinfo\/#\/schema\/person\/51ef757532e0884e462598d6edd026ca"},"headline":"Championnat de France SPRINT d&rsquo;Aviron : venez faire la f\u00eate \u00e0 l&rsquo;Espace LAC !\u200f","datePublished":"2014-09-25T14:44:07+00:00","dateModified":"2014-09-25T14:44:07+00:00","mainEntityOfPage":{"@id":"https:\/\/vosgesinfo.fr\/gerardmerinfo\/2014\/09\/championnat-de-france-sprint-daviron-venez-faire-la-fete-a-lespace-lac\/"},"wordCount":171,"commentCount":0,"publisher":{"@id":"https:\/\/vosgesinfo.fr\/gerardmerinfo\/#organization"},"image":{"@id":"https:\/\/vosgesinfo.fr\/gerardmerinfo\/2014\/09\/championnat-de-france-sprint-daviron-venez-faire-la-fete-a-lespace-lac\/#primaryimage"},"thumbnailUrl":"http:\/\/gerardmerinfo.fr","articleSection":["Concert","Culture","Sport"],"inLanguage":"fr-FR","potentialAction":[{"@type":"CommentAction","name":"Comment","target":["https:\/\/vosgesinfo.fr\/gerardmerinfo\/2014\/09\/championnat-de-france-sprint-daviron-venez-faire-la-fete-a-lespace-lac\/#respond"]}]},{"@type":"WebPage","@id":"https:\/\/vosgesinfo.fr\/gerardmerinfo\/2014\/09\/championnat-de-france-sprint-daviron-venez-faire-la-fete-a-lespace-lac\/","url":"https:\/\/vosgesinfo.fr\/gerardmerinfo\/2014\/09\/championnat-de-france-sprint-daviron-venez-faire-la-fete-a-lespace-lac\/","name":"Championnat de France SPRINT d'Aviron : venez faire la f\u00eate \u00e0 l'Espace LAC !\u200f - Gerardmer Info","isPartOf":{"@id":"https:\/\/vosgesinfo.fr\/gerardmerinfo\/#website"},"primaryImageOfPage":{"@id":"https:\/\/vosgesinfo.fr\/gerardmerinfo\/2014\/09\/championnat-de-france-sprint-daviron-venez-faire-la-fete-a-lespace-lac\/#primaryimage"},"image":{"@id":"https:\/\/vosgesinfo.fr\/gerardmerinfo\/2014\/09\/championnat-de-france-sprint-daviron-venez-faire-la-fete-a-lespace-lac\/#primaryimage"},"thumbnailUrl":"http:\/\/gerardmerinfo.fr","datePublished":"2014-09-25T14:44:07+00:00","dateModified":"2014-09-25T14:44:07+00:00","breadcrumb":{"@id":"https:\/\/vosgesinfo.fr\/gerardmerinfo\/2014\/09\/championnat-de-france-sprint-daviron-venez-faire-la-fete-a-lespace-lac\/#breadcrumb"},"inLanguage":"fr-FR","potentialAction":[{"@type":"ReadAction","target":["https:\/\/vosgesinfo.fr\/gerardmerinfo\/2014\/09\/championnat-de-france-sprint-daviron-venez-faire-la-fete-a-lespace-lac\/"]}]},{"@type":"ImageObject","inLanguage":"fr-FR","@id":"https:\/\/vosgesinfo.fr\/gerardmerinfo\/2014\/09\/championnat-de-france-sprint-daviron-venez-faire-la-fete-a-lespace-lac\/#primaryimage","url":"http:\/\/gerardmerinfo.fr","contentUrl":"http:\/\/gerardmerinfo.fr"},{"@type":"BreadcrumbList","@id":"https:\/\/vosgesinfo.fr\/gerardmerinfo\/2014\/09\/championnat-de-france-sprint-daviron-venez-faire-la-fete-a-lespace-lac\/#breadcrumb","itemListElement":[{"@type":"ListItem","position":1,"name":"Home","item":"https:\/\/vosgesinfo.fr\/gerardmerinfo\/"},{"@type":"ListItem","position":2,"name":"Championnat de France SPRINT d&rsquo;Aviron : venez faire la f\u00eate \u00e0 l&rsquo;Espace LAC !\u200f"}]},{"@type":"WebSite","@id":"https:\/\/vosgesinfo.fr\/gerardmerinfo\/#website","url":"https:\/\/vosgesinfo.fr\/gerardmerinfo\/","name":"Gerardmer Info","description":"Toute l&#039;actualit\u00e9 de G\u00e9rardmer","publisher":{"@id":"https:\/\/vosgesinfo.fr\/gerardmerinfo\/#organization"},"alternateName":"Toute l'actualit\u00e9 de G\u00e9rardmer","potentialAction":[{"@type":"SearchAction","target":{"@type":"EntryPoint","urlTemplate":"https:\/\/vosgesinfo.fr\/gerardmerinfo\/?s={search_term_string}"},"query-input":"required name=search_term_string"}],"inLanguage":"fr-FR"},{"@type":"Organization","@id":"https:\/\/vosgesinfo.fr\/gerardmerinfo\/#organization","name":"Gerardmer Info","url":"https:\/\/vosgesinfo.fr\/gerardmerinfo\/","logo":{"@type":"ImageObject","inLanguage":"fr-FR","@id":"https:\/\/vosgesinfo.fr\/gerardmerinfo\/#\/schema\/logo\/image\/","url":"https:\/\/vosgesinfo.fr\/app\/uploads\/sites\/6\/2023\/08\/favicon-gerardmerinfo.png","contentUrl":"https:\/\/vosgesinfo.fr\/app\/uploads\/sites\/6\/2023\/08\/favicon-gerardmerinfo.png","width":512,"height":512,"caption":"Gerardmer Info"},"image":{"@id":"https:\/\/vosgesinfo.fr\/gerardmerinfo\/#\/schema\/logo\/image\/"},"sameAs":["https:\/\/www.facebook.com\/profile.php?id=100049475262660","https:\/\/x.com\/VosgesInfo88","https:\/\/www.youtube.com\/@vosgesinfo"]},{"@type":"Person","@id":"https:\/\/vosgesinfo.fr\/gerardmerinfo\/#\/schema\/person\/51ef757532e0884e462598d6edd026ca","name":"P. L","image":{"@type":"ImageObject","inLanguage":"fr-FR","@id":"https:\/\/vosgesinfo.fr\/gerardmerinfo\/#\/schema\/person\/image\/","url":"https:\/\/secure.gravatar.com\/avatar\/402dc2a64d46876cd788d648ef86f853592da6b2f0e9d5c0a09fef41795df49c?s=96&d=mm&r=g","contentUrl":"https:\/\/secure.gravatar.com\/avatar\/402dc2a64d46876cd788d648ef86f853592da6b2f0e9d5c0a09fef41795df49c?s=96&d=mm&r=g","caption":"P. L"},"url":"https:\/\/vosgesinfo.fr\/gerardmerinfo\/author\/pauline-lecomte\/"}]}},"_links":{"self":[{"href":"https:\/\/vosgesinfo.fr\/gerardmerinfo\/wp-json\/wp\/v2\/posts\/11799","targetHints":{"allow":["GET"]}}],"collection":[{"href":"https:\/\/vosgesinfo.fr\/gerardmerinfo\/wp-json\/wp\/v2\/posts"}],"about":[{"href":"https:\/\/vosgesinfo.fr\/gerardmerinfo\/wp-json\/wp\/v2\/types\/post"}],"author":[{"embeddable":true,"href":"https:\/\/vosgesinfo.fr\/gerardmerinfo\/wp-json\/wp\/v2\/users\/133"}],"replies":[{"embeddable":true,"href":"https:\/\/vosgesinfo.fr\/gerardmerinfo\/wp-json\/wp\/v2\/comments?post=11799"}],"version-history":[{"count":0,"href":"https:\/\/vosgesinfo.fr\/gerardmerinfo\/wp-json\/wp\/v2\/posts\/11799\/revisions"}],"wp:attachment":[{"href":"https:\/\/vosgesinfo.fr\/gerardmerinfo\/wp-json\/wp\/v2\/media?parent=11799"}],"wp:term":[{"taxonomy":"category","embeddable":true,"href":"https:\/\/vosgesinfo.fr\/gerardmerinfo\/wp-json\/wp\/v2\/categories?post=11799"},{"taxonomy":"post_tag","embeddable":true,"href":"https:\/\/vosgesinfo.fr\/gerardmerinfo\/wp-json\/wp\/v2\/tags?post=11799"}],"curies":[{"name":"wp","href":"https:\/\/api.w.org\/{rel}","templated":true}]}}