{"id":11801,"date":"2014-09-27T07:30:05","date_gmt":"2014-09-27T05:30:05","guid":{"rendered":"https:\/\/vosgesinfo.fr\/gerardmerinfo\/2014\/09\/un-conseil-municipal-consacre-aux-affaires-courantes\/"},"modified":"2014-09-27T07:30:05","modified_gmt":"2014-09-27T05:30:05","slug":"un-conseil-municipal-consacre-aux-affaires-courantes","status":"publish","type":"post","link":"https:\/\/vosgesinfo.fr\/gerardmerinfo\/2014\/09\/un-conseil-municipal-consacre-aux-affaires-courantes\/","title":{"rendered":"Un Conseil Municipal consacr\u00e9 aux affaires courantes"},"content":{"rendered":"<p><a href=\"http:\/\/gerardmerinfo.fr\" rel=\"attachment wp-att-39652\"><img decoding=\"async\" class=\"alignleft size-medium wp-image-39652\" src=\"http:\/\/gerardmerinfo.fr\" alt=\"Conseil-Municipal-reunion1_01\" width=\"300\" height=\"214\" \/><\/a><\/p>\n<p>Pour suivre l&rsquo;hommage rendu \u00e0 Herv\u00e9 Gourdel, les \u00e9lus ont travaill\u00e9 autour des affaires dites courantes avec notamment les indemnit\u00e9s de Conseil au Comptable Public. Ainsi il a \u00e9t\u00e9 d\u00e9cid\u00e9 de moduler \u00e0 50% le taux de l\u2019indemnit\u00e9\u00a0 au lieu de 100% l&rsquo;an dernier. Des m\u00eames indemnit\u00e9s qui pourront \u00eatre\u00a0 modifi\u00e9es voire supprim\u00e9es \u00e0 l&rsquo;avenir . A noter l\u2019indemnit\u00e9 de conseil au receveur s&rsquo;\u00e9levait en 2013 \u00e0 2 882,60 \u20ac.<\/p>\n<p>Dans un domaine tout autre, l&rsquo;adjoint au finance a pr\u00e9sent\u00e9 le rapport d&rsquo;activit\u00e9 2013 de la Communaut\u00e9 de Commune. La nouvelle version de la ComCom s&rsquo;est vu agrandie et accueille aujourd\u2019hui\u00a0\u00a0 de nouvelles communes telles que Le Valtin, Granges sur Vologne, Champadray\u00a0 et Tendon pour environ 3000 habitants de plus .<\/p>\n<p>Les \u00e9lus ont \u00e9galement adopt\u00e9\u00a0 un additif\u00a0 portant d\u00e9l\u00e9gation pour la r\u00e9alisation d&#8217;emprunt et toutes op\u00e9rations financi\u00e8res \u00e0 la gestion de ceux ci. L&rsquo;objectif \u00e9tant les r\u00e9am\u00e9nagements\u00a0 de la dette\u00a0 avec la possibilit\u00e9 de passer du taux variable au taux fixe ou du taux fixe au taux variable, mais aussi de modifier une ou plusieurs fois l&rsquo;index relatif au calcul du ou des taux d\u2019int\u00e9r\u00eat en\u00a0 rallongeant la dur\u00e9e du pr\u00eat ou encore en\u00a0 modifiant la p\u00e9riodicit\u00e9 et le profil de remboursement. Herv\u00e9 Badonnel pr\u00e9cisait que la commune avait contract\u00e9 environ 4 millions d\u2019euros d&#8217;emprunt\u00a0 cette ann\u00e9e pour en g\u00e9n\u00e9ral le double port\u00e9 au budget pr\u00e9visionnel,\u00a0 soit 7 millions.<\/p>\n<p>L&rsquo;h\u00e9micycle a \u00e9voqu\u00e9 ensuite les attributions de subventions \u00e0 la Maison de la Culture et \u00e0 la Compagnie d&rsquo;Urgence. Sur la base des diff\u00e9rents spectacles propos\u00e9s l&rsquo;\u00e9t\u00e9 dernier. Ainsi par l\u2019interm\u00e9diaire de Anne\u00a0 Chwaliszweski , 13 150 \u20ac ont \u00e9t\u00e9 vot\u00e9s afin de couvrir les frais de repr\u00e9sentation. Intervention de Michel Durand \u00ab\u00a0<em> vous ne trouvez pas que cela fait beaucoup d&rsquo;argent pour quelques centaines de personnes<\/em> \u00a0\u00bb R\u00e9ponse\u00a0 de la conseill\u00e8re charg\u00e9e de la culture \u00ab\u00a0<em> les spectacles propos\u00e9s sont diff\u00e9rents\u00a0 et sont dirig\u00e9s \u00e0 destination d&rsquo;un public jeune et familial ce qui n&rsquo;\u00e9tait pas le cas les ann\u00e9es pr\u00e9c\u00e9dentes. D&rsquo;ailleurs le budget a \u00e9t\u00e9 revu \u00e0 la baisse puisqu&rsquo;il d\u00e9passait les 20 000 \u20ac. C&rsquo;est une volont\u00e9 politique de notre part de proposer autre chose.<\/em>\u00ab\u00a0.<\/p>\n<p>Anne Villemin prend \u00e9galement la parole \u00a0\u00bb <em>des troupes amateurs mobilisent plus de spectateurs<\/em>\u00ab\u00a0. R\u00e9ponse du maire \u00a0\u00bb c<em>e sont justement des troupes amateurs et en ce qui concerne les programmes d&rsquo;\u00e9t\u00e9, ils sont r\u00e9alis\u00e9s et jou\u00e9s par des com\u00e9diens professionnels et intermittents du spectacle. Je vous signale tout de m\u00eame que tous ces spectacles sont gratuits.\u00a0 Ne comparons pas les spectacles propos\u00e9s par la MCL via la commune \u00e0 ceux\u00a0 des troupes locales\u00a0\u00bb.<\/em><\/p>\n<p>Les \u00e9lus ont \u00e9galement vot\u00e9 une subvention\u00a0 au Centre D\u00e9partemental de Documentation P\u00e9dagogique des Vosges de 2 000 \u20ac afin de permettre\u00a0 de d\u00e9velopper, par le bais d&rsquo;une formation aux enseignants, les activit\u00e9s cr\u00e9atrices \u00e0 destination des jeunes des \u00e9coles, coll\u00e8ge et lyc\u00e9e.<\/p>\n<p>Le Conseil a\u00a0 valid\u00e9 ensuite, sur la base de la carte service plus,\u00a0 la participation de la commune aux frais de forfaits des comp\u00e9titeurs du ski alpin et nordique.<\/p>\n<p>3,891 \u20ac ont \u00e9t\u00e9 attribu\u00e9s \u00e0 l&rsquo;ASG Ski alpin afin de participer aux frais de forfaits des\u00a0 56 comp\u00e9titeurs.<\/p>\n<p>M\u00eame chose en ce qui concerne le ski nordique. L&rsquo;aide concerne les jeunes comp\u00e9titeurs de moins de 18 ans\u00a0 ayant particip\u00e9 au moins \u00e0 une comp\u00e9tition\u00a0 sur la saison. Il a \u00e9t\u00e9 propos\u00e9 d&rsquo;attribuer la somme de 422 \u20ac \u00e0 l&rsquo;ASGSN pour participer aux frais de forfait pour 7 comp\u00e9titeurs.<\/p>\n<p>Il fut \u00e9galement question de la reconduction du contrat de prestation de service avec l&rsquo;ODCVL pour la restauration scolaire &#8230;soit un prix de repas port\u00e9 \u00e0 5,05 \u20ac au lieu de 4,95 \u20ac l&rsquo;an dernier.<\/p>\n<p>Pour conclure, le maire a largement \u00e9voqu\u00e9 un nouveau contrat de destination \u00ab\u00a0phare\u00a0\u00bb des Hautes Vosges\u00a0 dans le cadre du d\u00e9veloppement de l&rsquo;ensemble de la Lorraine. Ainsi, 16 destinations dites phares sont retenus dans le cadre du sch\u00e9ma Lorraine de d\u00e9veloppement durable de l&rsquo;\u00e9conomie touristique 2013-2020. Le dit contrat devra \u00eatre sign\u00e9 par l&rsquo;ensemble des partenaires d&rsquo;ici quelques semaines \u00e0 G\u00e9rardmer. Nous en saurons plus lors de sa validation. Chaque destination, pour les Vosges \u00ab\u00a0Hautes-Vosges et Contrexeville-Vittel\u00a0\u00bb\u00a0 devra pouvoir atteindre 150 000 visiteurs par an\u00a0 et repr\u00e9senter au moins 3 des 13 th\u00e9matiques touristiques lorraines&#8230;..G\u00e9rardmer a d\u00e9j\u00e0 de l&rsquo;avance dans bien des domaines par rapport aux th\u00e9matiques propos\u00e9es, mais il s&rsquo;agit bien d&rsquo;un plan concernant l&rsquo;ensemble d&rsquo;une r\u00e9gion.<\/p>\n","protected":false},"excerpt":{"rendered":"<p>Pour suivre l&rsquo;hommage rendu \u00e0 Herv\u00e9 Gourdel, les \u00e9lus ont travaill\u00e9 autour des affaires dites courantes avec notamment les indemnit\u00e9s [&hellip;]<\/p>\n","protected":false},"author":1,"featured_media":0,"comment_status":"open","ping_status":"open","sticky":false,"template":"","format":"standard","meta":{"footnotes":""},"categories":[10],"tags":[],"class_list":["post-11801","post","type-post","status-publish","format-standard","hentry","category-politique"],"acf":[],"yoast_head":"<!-- This site is optimized with the Yoast SEO plugin v22.5 - https:\/\/yoast.com\/wordpress\/plugins\/seo\/ -->\n<title>Un Conseil Municipal consacr\u00e9 aux affaires courantes - Gerardmer Info<\/title>\n<meta name=\"robots\" content=\"index, follow, max-snippet:-1, max-image-preview:large, max-video-preview:-1\" \/>\n<link rel=\"canonical\" href=\"https:\/\/vosgesinfo.fr\/gerardmerinfo\/2014\/09\/un-conseil-municipal-consacre-aux-affaires-courantes\/\" \/>\n<meta name=\"twitter:card\" content=\"summary_large_image\" \/>\n<meta name=\"twitter:title\" content=\"Un Conseil Municipal consacr\u00e9 aux affaires courantes - Gerardmer Info\" \/>\n<meta name=\"twitter:description\" content=\"Pour suivre l&rsquo;hommage rendu \u00e0 Herv\u00e9 Gourdel, les \u00e9lus ont travaill\u00e9 autour des affaires dites courantes avec notamment les indemnit\u00e9s [&hellip;]\" \/>\n<meta name=\"twitter:image\" content=\"http:\/\/gerardmerinfo.fr\" \/>\n<meta name=\"twitter:creator\" content=\"@VosgesInfo88\" \/>\n<meta name=\"twitter:site\" content=\"@VosgesInfo88\" \/>\n<meta name=\"twitter:label1\" content=\"\u00c9crit par\" \/>\n\t<meta name=\"twitter:data1\" content=\"qs_admin\" \/>\n\t<meta name=\"twitter:label2\" content=\"Dur\u00e9e de lecture estim\u00e9e\" \/>\n\t<meta name=\"twitter:data2\" content=\"4 minutes\" \/>\n<script type=\"application\/ld+json\" class=\"yoast-schema-graph\">{\"@context\":\"https:\/\/schema.org\",\"@graph\":[{\"@type\":\"Article\",\"@id\":\"https:\/\/vosgesinfo.fr\/gerardmerinfo\/2014\/09\/un-conseil-municipal-consacre-aux-affaires-courantes\/#article\",\"isPartOf\":{\"@id\":\"https:\/\/vosgesinfo.fr\/gerardmerinfo\/2014\/09\/un-conseil-municipal-consacre-aux-affaires-courantes\/\"},\"author\":{\"name\":\"qs_admin\",\"@id\":\"https:\/\/vosgesinfo.fr\/gerardmerinfo\/#\/schema\/person\/bc5d02d71e6932e81b6dadb7386667b1\"},\"headline\":\"Un Conseil Municipal consacr\u00e9 aux affaires courantes\",\"datePublished\":\"2014-09-27T05:30:05+00:00\",\"dateModified\":\"2014-09-27T05:30:05+00:00\",\"mainEntityOfPage\":{\"@id\":\"https:\/\/vosgesinfo.fr\/gerardmerinfo\/2014\/09\/un-conseil-municipal-consacre-aux-affaires-courantes\/\"},\"wordCount\":789,\"commentCount\":0,\"publisher\":{\"@id\":\"https:\/\/vosgesinfo.fr\/gerardmerinfo\/#organization\"},\"image\":{\"@id\":\"https:\/\/vosgesinfo.fr\/gerardmerinfo\/2014\/09\/un-conseil-municipal-consacre-aux-affaires-courantes\/#primaryimage\"},\"thumbnailUrl\":\"http:\/\/gerardmerinfo.fr\",\"articleSection\":[\"Politique\"],\"inLanguage\":\"fr-FR\",\"potentialAction\":[{\"@type\":\"CommentAction\",\"name\":\"Comment\",\"target\":[\"https:\/\/vosgesinfo.fr\/gerardmerinfo\/2014\/09\/un-conseil-municipal-consacre-aux-affaires-courantes\/#respond\"]}]},{\"@type\":\"WebPage\",\"@id\":\"https:\/\/vosgesinfo.fr\/gerardmerinfo\/2014\/09\/un-conseil-municipal-consacre-aux-affaires-courantes\/\",\"url\":\"https:\/\/vosgesinfo.fr\/gerardmerinfo\/2014\/09\/un-conseil-municipal-consacre-aux-affaires-courantes\/\",\"name\":\"Un Conseil Municipal consacr\u00e9 aux affaires courantes - Gerardmer Info\",\"isPartOf\":{\"@id\":\"https:\/\/vosgesinfo.fr\/gerardmerinfo\/#website\"},\"primaryImageOfPage\":{\"@id\":\"https:\/\/vosgesinfo.fr\/gerardmerinfo\/2014\/09\/un-conseil-municipal-consacre-aux-affaires-courantes\/#primaryimage\"},\"image\":{\"@id\":\"https:\/\/vosgesinfo.fr\/gerardmerinfo\/2014\/09\/un-conseil-municipal-consacre-aux-affaires-courantes\/#primaryimage\"},\"thumbnailUrl\":\"http:\/\/gerardmerinfo.fr\",\"datePublished\":\"2014-09-27T05:30:05+00:00\",\"dateModified\":\"2014-09-27T05:30:05+00:00\",\"breadcrumb\":{\"@id\":\"https:\/\/vosgesinfo.fr\/gerardmerinfo\/2014\/09\/un-conseil-municipal-consacre-aux-affaires-courantes\/#breadcrumb\"},\"inLanguage\":\"fr-FR\",\"potentialAction\":[{\"@type\":\"ReadAction\",\"target\":[\"https:\/\/vosgesinfo.fr\/gerardmerinfo\/2014\/09\/un-conseil-municipal-consacre-aux-affaires-courantes\/\"]}]},{\"@type\":\"ImageObject\",\"inLanguage\":\"fr-FR\",\"@id\":\"https:\/\/vosgesinfo.fr\/gerardmerinfo\/2014\/09\/un-conseil-municipal-consacre-aux-affaires-courantes\/#primaryimage\",\"url\":\"http:\/\/gerardmerinfo.fr\",\"contentUrl\":\"http:\/\/gerardmerinfo.fr\"},{\"@type\":\"BreadcrumbList\",\"@id\":\"https:\/\/vosgesinfo.fr\/gerardmerinfo\/2014\/09\/un-conseil-municipal-consacre-aux-affaires-courantes\/#breadcrumb\",\"itemListElement\":[{\"@type\":\"ListItem\",\"position\":1,\"name\":\"Home\",\"item\":\"https:\/\/vosgesinfo.fr\/gerardmerinfo\/\"},{\"@type\":\"ListItem\",\"position\":2,\"name\":\"Un Conseil Municipal consacr\u00e9 aux affaires courantes\"}]},{\"@type\":\"WebSite\",\"@id\":\"https:\/\/vosgesinfo.fr\/gerardmerinfo\/#website\",\"url\":\"https:\/\/vosgesinfo.fr\/gerardmerinfo\/\",\"name\":\"Gerardmer Info\",\"description\":\"Toute l&#039;actualit\u00e9 de G\u00e9rardmer\",\"publisher\":{\"@id\":\"https:\/\/vosgesinfo.fr\/gerardmerinfo\/#organization\"},\"alternateName\":\"Toute l'actualit\u00e9 de G\u00e9rardmer\",\"potentialAction\":[{\"@type\":\"SearchAction\",\"target\":{\"@type\":\"EntryPoint\",\"urlTemplate\":\"https:\/\/vosgesinfo.fr\/gerardmerinfo\/?s={search_term_string}\"},\"query-input\":\"required name=search_term_string\"}],\"inLanguage\":\"fr-FR\"},{\"@type\":\"Organization\",\"@id\":\"https:\/\/vosgesinfo.fr\/gerardmerinfo\/#organization\",\"name\":\"Gerardmer Info\",\"url\":\"https:\/\/vosgesinfo.fr\/gerardmerinfo\/\",\"logo\":{\"@type\":\"ImageObject\",\"inLanguage\":\"fr-FR\",\"@id\":\"https:\/\/vosgesinfo.fr\/gerardmerinfo\/#\/schema\/logo\/image\/\",\"url\":\"https:\/\/vosgesinfo.fr\/app\/uploads\/sites\/6\/2023\/08\/favicon-gerardmerinfo.png\",\"contentUrl\":\"https:\/\/vosgesinfo.fr\/app\/uploads\/sites\/6\/2023\/08\/favicon-gerardmerinfo.png\",\"width\":512,\"height\":512,\"caption\":\"Gerardmer Info\"},\"image\":{\"@id\":\"https:\/\/vosgesinfo.fr\/gerardmerinfo\/#\/schema\/logo\/image\/\"},\"sameAs\":[\"https:\/\/www.facebook.com\/profile.php?id=100049475262660\",\"https:\/\/x.com\/VosgesInfo88\",\"https:\/\/www.youtube.com\/@vosgesinfo\"]},{\"@type\":\"Person\",\"@id\":\"https:\/\/vosgesinfo.fr\/gerardmerinfo\/#\/schema\/person\/bc5d02d71e6932e81b6dadb7386667b1\",\"name\":\"qs_admin\",\"image\":{\"@type\":\"ImageObject\",\"inLanguage\":\"fr-FR\",\"@id\":\"https:\/\/vosgesinfo.fr\/gerardmerinfo\/#\/schema\/person\/image\/\",\"url\":\"https:\/\/secure.gravatar.com\/avatar\/94b18ee0ed79e4a42ea2f2931277b6841a8999fc6fde214600c78057cf1fe1de?s=96&d=mm&r=g\",\"contentUrl\":\"https:\/\/secure.gravatar.com\/avatar\/94b18ee0ed79e4a42ea2f2931277b6841a8999fc6fde214600c78057cf1fe1de?s=96&d=mm&r=g\",\"caption\":\"qs_admin\"},\"sameAs\":[\"https:\/\/vosgesinfo.fr\/wp\"],\"url\":\"https:\/\/vosgesinfo.fr\/gerardmerinfo\/author\/qs_admin\/\"}]}<\/script>\n<!-- \/ Yoast SEO plugin. -->","yoast_head_json":{"title":"Un Conseil Municipal consacr\u00e9 aux affaires courantes - Gerardmer Info","robots":{"index":"index","follow":"follow","max-snippet":"max-snippet:-1","max-image-preview":"max-image-preview:large","max-video-preview":"max-video-preview:-1"},"canonical":"https:\/\/vosgesinfo.fr\/gerardmerinfo\/2014\/09\/un-conseil-municipal-consacre-aux-affaires-courantes\/","twitter_card":"summary_large_image","twitter_title":"Un Conseil Municipal consacr\u00e9 aux affaires courantes - Gerardmer Info","twitter_description":"Pour suivre l&rsquo;hommage rendu \u00e0 Herv\u00e9 Gourdel, les \u00e9lus ont travaill\u00e9 autour des affaires dites courantes avec notamment les indemnit\u00e9s [&hellip;]","twitter_image":"http:\/\/gerardmerinfo.fr","twitter_creator":"@VosgesInfo88","twitter_site":"@VosgesInfo88","twitter_misc":{"\u00c9crit par":"qs_admin","Dur\u00e9e de lecture estim\u00e9e":"4 minutes"},"schema":{"@context":"https:\/\/schema.org","@graph":[{"@type":"Article","@id":"https:\/\/vosgesinfo.fr\/gerardmerinfo\/2014\/09\/un-conseil-municipal-consacre-aux-affaires-courantes\/#article","isPartOf":{"@id":"https:\/\/vosgesinfo.fr\/gerardmerinfo\/2014\/09\/un-conseil-municipal-consacre-aux-affaires-courantes\/"},"author":{"name":"qs_admin","@id":"https:\/\/vosgesinfo.fr\/gerardmerinfo\/#\/schema\/person\/bc5d02d71e6932e81b6dadb7386667b1"},"headline":"Un Conseil Municipal consacr\u00e9 aux affaires courantes","datePublished":"2014-09-27T05:30:05+00:00","dateModified":"2014-09-27T05:30:05+00:00","mainEntityOfPage":{"@id":"https:\/\/vosgesinfo.fr\/gerardmerinfo\/2014\/09\/un-conseil-municipal-consacre-aux-affaires-courantes\/"},"wordCount":789,"commentCount":0,"publisher":{"@id":"https:\/\/vosgesinfo.fr\/gerardmerinfo\/#organization"},"image":{"@id":"https:\/\/vosgesinfo.fr\/gerardmerinfo\/2014\/09\/un-conseil-municipal-consacre-aux-affaires-courantes\/#primaryimage"},"thumbnailUrl":"http:\/\/gerardmerinfo.fr","articleSection":["Politique"],"inLanguage":"fr-FR","potentialAction":[{"@type":"CommentAction","name":"Comment","target":["https:\/\/vosgesinfo.fr\/gerardmerinfo\/2014\/09\/un-conseil-municipal-consacre-aux-affaires-courantes\/#respond"]}]},{"@type":"WebPage","@id":"https:\/\/vosgesinfo.fr\/gerardmerinfo\/2014\/09\/un-conseil-municipal-consacre-aux-affaires-courantes\/","url":"https:\/\/vosgesinfo.fr\/gerardmerinfo\/2014\/09\/un-conseil-municipal-consacre-aux-affaires-courantes\/","name":"Un Conseil Municipal consacr\u00e9 aux affaires courantes - Gerardmer Info","isPartOf":{"@id":"https:\/\/vosgesinfo.fr\/gerardmerinfo\/#website"},"primaryImageOfPage":{"@id":"https:\/\/vosgesinfo.fr\/gerardmerinfo\/2014\/09\/un-conseil-municipal-consacre-aux-affaires-courantes\/#primaryimage"},"image":{"@id":"https:\/\/vosgesinfo.fr\/gerardmerinfo\/2014\/09\/un-conseil-municipal-consacre-aux-affaires-courantes\/#primaryimage"},"thumbnailUrl":"http:\/\/gerardmerinfo.fr","datePublished":"2014-09-27T05:30:05+00:00","dateModified":"2014-09-27T05:30:05+00:00","breadcrumb":{"@id":"https:\/\/vosgesinfo.fr\/gerardmerinfo\/2014\/09\/un-conseil-municipal-consacre-aux-affaires-courantes\/#breadcrumb"},"inLanguage":"fr-FR","potentialAction":[{"@type":"ReadAction","target":["https:\/\/vosgesinfo.fr\/gerardmerinfo\/2014\/09\/un-conseil-municipal-consacre-aux-affaires-courantes\/"]}]},{"@type":"ImageObject","inLanguage":"fr-FR","@id":"https:\/\/vosgesinfo.fr\/gerardmerinfo\/2014\/09\/un-conseil-municipal-consacre-aux-affaires-courantes\/#primaryimage","url":"http:\/\/gerardmerinfo.fr","contentUrl":"http:\/\/gerardmerinfo.fr"},{"@type":"BreadcrumbList","@id":"https:\/\/vosgesinfo.fr\/gerardmerinfo\/2014\/09\/un-conseil-municipal-consacre-aux-affaires-courantes\/#breadcrumb","itemListElement":[{"@type":"ListItem","position":1,"name":"Home","item":"https:\/\/vosgesinfo.fr\/gerardmerinfo\/"},{"@type":"ListItem","position":2,"name":"Un Conseil Municipal consacr\u00e9 aux affaires courantes"}]},{"@type":"WebSite","@id":"https:\/\/vosgesinfo.fr\/gerardmerinfo\/#website","url":"https:\/\/vosgesinfo.fr\/gerardmerinfo\/","name":"Gerardmer Info","description":"Toute l&#039;actualit\u00e9 de G\u00e9rardmer","publisher":{"@id":"https:\/\/vosgesinfo.fr\/gerardmerinfo\/#organization"},"alternateName":"Toute l'actualit\u00e9 de G\u00e9rardmer","potentialAction":[{"@type":"SearchAction","target":{"@type":"EntryPoint","urlTemplate":"https:\/\/vosgesinfo.fr\/gerardmerinfo\/?s={search_term_string}"},"query-input":"required name=search_term_string"}],"inLanguage":"fr-FR"},{"@type":"Organization","@id":"https:\/\/vosgesinfo.fr\/gerardmerinfo\/#organization","name":"Gerardmer Info","url":"https:\/\/vosgesinfo.fr\/gerardmerinfo\/","logo":{"@type":"ImageObject","inLanguage":"fr-FR","@id":"https:\/\/vosgesinfo.fr\/gerardmerinfo\/#\/schema\/logo\/image\/","url":"https:\/\/vosgesinfo.fr\/app\/uploads\/sites\/6\/2023\/08\/favicon-gerardmerinfo.png","contentUrl":"https:\/\/vosgesinfo.fr\/app\/uploads\/sites\/6\/2023\/08\/favicon-gerardmerinfo.png","width":512,"height":512,"caption":"Gerardmer Info"},"image":{"@id":"https:\/\/vosgesinfo.fr\/gerardmerinfo\/#\/schema\/logo\/image\/"},"sameAs":["https:\/\/www.facebook.com\/profile.php?id=100049475262660","https:\/\/x.com\/VosgesInfo88","https:\/\/www.youtube.com\/@vosgesinfo"]},{"@type":"Person","@id":"https:\/\/vosgesinfo.fr\/gerardmerinfo\/#\/schema\/person\/bc5d02d71e6932e81b6dadb7386667b1","name":"qs_admin","image":{"@type":"ImageObject","inLanguage":"fr-FR","@id":"https:\/\/vosgesinfo.fr\/gerardmerinfo\/#\/schema\/person\/image\/","url":"https:\/\/secure.gravatar.com\/avatar\/94b18ee0ed79e4a42ea2f2931277b6841a8999fc6fde214600c78057cf1fe1de?s=96&d=mm&r=g","contentUrl":"https:\/\/secure.gravatar.com\/avatar\/94b18ee0ed79e4a42ea2f2931277b6841a8999fc6fde214600c78057cf1fe1de?s=96&d=mm&r=g","caption":"qs_admin"},"sameAs":["https:\/\/vosgesinfo.fr\/wp"],"url":"https:\/\/vosgesinfo.fr\/gerardmerinfo\/author\/qs_admin\/"}]}},"_links":{"self":[{"href":"https:\/\/vosgesinfo.fr\/gerardmerinfo\/wp-json\/wp\/v2\/posts\/11801","targetHints":{"allow":["GET"]}}],"collection":[{"href":"https:\/\/vosgesinfo.fr\/gerardmerinfo\/wp-json\/wp\/v2\/posts"}],"about":[{"href":"https:\/\/vosgesinfo.fr\/gerardmerinfo\/wp-json\/wp\/v2\/types\/post"}],"author":[{"embeddable":true,"href":"https:\/\/vosgesinfo.fr\/gerardmerinfo\/wp-json\/wp\/v2\/users\/1"}],"replies":[{"embeddable":true,"href":"https:\/\/vosgesinfo.fr\/gerardmerinfo\/wp-json\/wp\/v2\/comments?post=11801"}],"version-history":[{"count":0,"href":"https:\/\/vosgesinfo.fr\/gerardmerinfo\/wp-json\/wp\/v2\/posts\/11801\/revisions"}],"wp:attachment":[{"href":"https:\/\/vosgesinfo.fr\/gerardmerinfo\/wp-json\/wp\/v2\/media?parent=11801"}],"wp:term":[{"taxonomy":"category","embeddable":true,"href":"https:\/\/vosgesinfo.fr\/gerardmerinfo\/wp-json\/wp\/v2\/categories?post=11801"},{"taxonomy":"post_tag","embeddable":true,"href":"https:\/\/vosgesinfo.fr\/gerardmerinfo\/wp-json\/wp\/v2\/tags?post=11801"}],"curies":[{"name":"wp","href":"https:\/\/api.w.org\/{rel}","templated":true}]}}