{"id":11802,"date":"2014-09-28T17:08:58","date_gmt":"2014-09-28T15:08:58","guid":{"rendered":"https:\/\/vosgesinfo.fr\/gerardmerinfo\/2014\/09\/karlmarx_2013le_retour-com-1er-rdv-de-la-saison-culturelle\/"},"modified":"2014-09-28T17:08:58","modified_gmt":"2014-09-28T15:08:58","slug":"karlmarx_2013le_retour-com-1er-rdv-de-la-saison-culturelle","status":"publish","type":"post","link":"https:\/\/vosgesinfo.fr\/gerardmerinfo\/2014\/09\/karlmarx_2013le_retour-com-1er-rdv-de-la-saison-culturelle\/","title":{"rendered":"\u00ab Karlmarx_2013@le_retour.com \u00bb : 1er rdv de la Saison Culturelle"},"content":{"rendered":"<p>&nbsp;<\/p>\n<p><strong>Dans le cadre de la Saison Culturelle de la Ville de G\u00e9rardmer, le samedi 4 octobre prochain aura lieu le spectacle KARLMARX_2013@LE_RETOUR.COM (Farce historique) par l\u2019Autre Sc\u00e8ne.<\/strong><\/p>\n<p>Ce spectacle aura lieu au Foyer Bar de la MCL de G\u00e9rardmer \u00e0 20 h 30.<\/p>\n<p><span style=\"color: #ff0000;\"><strong>Tarif : GRATUIT avec une participation libre du public.<\/strong><\/span><\/p>\n<p><a href=\"http:\/\/gerardmerinfo.fr\"><img decoding=\"async\" class=\"alignleft size-medium wp-image-39659\" src=\"http:\/\/gerardmerinfo.fr\" alt=\"Marx2\" width=\"229\" height=\"300\" \/><\/a>Pr\u00e9sentation\u00a0:<\/p>\n<p><em>\u00ab\u00a0Karl Marx a obtenu une autorisation sp\u00e9ciale de l\u2019administration c\u00e9leste pour revenir sur Terre pendant une heure. \u00ab\u00a0Mais attention, pas d\u2019agitation !\u00a0\u00bb L\u2019administration lui a accord\u00e9 un ange gardien musicien pour le prot\u00e9ger, dit-elle, mais surtout pour surveiller son discours. Un cafouillage bureaucratique et voil\u00e0 Marx \u00e0 New-York ! Marx se raconte tant\u00f4t d\u2019une mani\u00e8re joyeuse et ironique, tant\u00f4t emport\u00e9 par de saines col\u00e8res face \u00e0 l\u2019humanit\u00e9 qui se d\u00e9grade. Il \u00e9voque sa vie \u00e0 Londres avec sa femme Jenny et ses enfants. Il parle de sa complicit\u00e9 avec son ami Engels et des d\u00e9bats d\u2019id\u00e9es avec ses compagnons r\u00e9volutionnaires contemporains, r\u00e9fugi\u00e9s comme lui. Il chante la Commune de Paris avec son ange gardien.<\/em><\/p>\n<p><em>Un parti pris d\u2019un Marx qui d\u00e9voile sa part d\u2019humanit\u00e9 avec humour, comme autant d\u2019antidate \u00e0 la r\u00e9signation.<\/em><\/p>\n<p><em>Toute ressemblance avec un personnage ayant exist\u00e9 ne serait que pure farce !\u00a0\u00bb<\/em><\/p>\n<p>Texte : Howard Zinn<\/p>\n<p>Mise en sc\u00e8ne : Anne Clausse-Weinberg<\/p>\n<p>Interpr\u00e9tation : Jean-Luc L\u2019H\u00f4te, Anne<\/p>\n<p>Clausse-Weinberg, Patrick Bertrand<\/p>\n","protected":false},"excerpt":{"rendered":"<p>&nbsp; Dans le cadre de la Saison Culturelle de la Ville de G\u00e9rardmer, le samedi 4 octobre prochain aura lieu [&hellip;]<\/p>\n","protected":false},"author":42,"featured_media":0,"comment_status":"open","ping_status":"open","sticky":false,"template":"","format":"standard","meta":{"footnotes":""},"categories":[4,24,25],"tags":[],"class_list":["post-11802","post","type-post","status-publish","format-standard","hentry","category-culture","category-evenements","category-gerardmer"],"acf":[],"yoast_head":"<!-- This site is optimized with the Yoast SEO plugin v22.5 - https:\/\/yoast.com\/wordpress\/plugins\/seo\/ -->\n<title>\u00ab Karlmarx_2013@le_retour.com \u00bb : 1er rdv de la Saison Culturelle - Gerardmer Info<\/title>\n<meta name=\"robots\" content=\"index, follow, max-snippet:-1, max-image-preview:large, max-video-preview:-1\" \/>\n<link rel=\"canonical\" href=\"https:\/\/vosgesinfo.fr\/gerardmerinfo\/2014\/09\/karlmarx_2013le_retour-com-1er-rdv-de-la-saison-culturelle\/\" \/>\n<meta name=\"twitter:card\" content=\"summary_large_image\" \/>\n<meta name=\"twitter:title\" content=\"\u00ab Karlmarx_2013@le_retour.com \u00bb : 1er rdv de la Saison Culturelle - Gerardmer Info\" \/>\n<meta name=\"twitter:description\" content=\"&nbsp; Dans le cadre de la Saison Culturelle de la Ville de G\u00e9rardmer, le samedi 4 octobre prochain aura lieu [&hellip;]\" \/>\n<meta name=\"twitter:image\" content=\"http:\/\/gerardmerinfo.fr\" \/>\n<meta name=\"twitter:creator\" content=\"@VosgesInfo88\" \/>\n<meta name=\"twitter:site\" content=\"@VosgesInfo88\" \/>\n<meta name=\"twitter:label1\" content=\"\u00c9crit par\" \/>\n\t<meta name=\"twitter:data1\" content=\"QG\" \/>\n\t<meta name=\"twitter:label2\" content=\"Dur\u00e9e de lecture estim\u00e9e\" \/>\n\t<meta name=\"twitter:data2\" content=\"1 minute\" \/>\n<script type=\"application\/ld+json\" class=\"yoast-schema-graph\">{\"@context\":\"https:\/\/schema.org\",\"@graph\":[{\"@type\":\"Article\",\"@id\":\"https:\/\/vosgesinfo.fr\/gerardmerinfo\/2014\/09\/karlmarx_2013le_retour-com-1er-rdv-de-la-saison-culturelle\/#article\",\"isPartOf\":{\"@id\":\"https:\/\/vosgesinfo.fr\/gerardmerinfo\/2014\/09\/karlmarx_2013le_retour-com-1er-rdv-de-la-saison-culturelle\/\"},\"author\":{\"name\":\"QG\",\"@id\":\"https:\/\/vosgesinfo.fr\/gerardmerinfo\/#\/schema\/person\/db5605779a843dad16b5368f3e7613a5\"},\"headline\":\"\u00ab Karlmarx_2013@le_retour.com \u00bb : 1er rdv de la Saison Culturelle\",\"datePublished\":\"2014-09-28T15:08:58+00:00\",\"dateModified\":\"2014-09-28T15:08:58+00:00\",\"mainEntityOfPage\":{\"@id\":\"https:\/\/vosgesinfo.fr\/gerardmerinfo\/2014\/09\/karlmarx_2013le_retour-com-1er-rdv-de-la-saison-culturelle\/\"},\"wordCount\":248,\"commentCount\":0,\"publisher\":{\"@id\":\"https:\/\/vosgesinfo.fr\/gerardmerinfo\/#organization\"},\"image\":{\"@id\":\"https:\/\/vosgesinfo.fr\/gerardmerinfo\/2014\/09\/karlmarx_2013le_retour-com-1er-rdv-de-la-saison-culturelle\/#primaryimage\"},\"thumbnailUrl\":\"http:\/\/gerardmerinfo.fr\",\"articleSection\":[\"Culture\",\"Ev\u00e8nements\",\"G\u00e9rardmer\"],\"inLanguage\":\"fr-FR\",\"potentialAction\":[{\"@type\":\"CommentAction\",\"name\":\"Comment\",\"target\":[\"https:\/\/vosgesinfo.fr\/gerardmerinfo\/2014\/09\/karlmarx_2013le_retour-com-1er-rdv-de-la-saison-culturelle\/#respond\"]}]},{\"@type\":\"WebPage\",\"@id\":\"https:\/\/vosgesinfo.fr\/gerardmerinfo\/2014\/09\/karlmarx_2013le_retour-com-1er-rdv-de-la-saison-culturelle\/\",\"url\":\"https:\/\/vosgesinfo.fr\/gerardmerinfo\/2014\/09\/karlmarx_2013le_retour-com-1er-rdv-de-la-saison-culturelle\/\",\"name\":\"\u00ab Karlmarx_2013@le_retour.com \u00bb : 1er rdv de la Saison Culturelle - Gerardmer Info\",\"isPartOf\":{\"@id\":\"https:\/\/vosgesinfo.fr\/gerardmerinfo\/#website\"},\"primaryImageOfPage\":{\"@id\":\"https:\/\/vosgesinfo.fr\/gerardmerinfo\/2014\/09\/karlmarx_2013le_retour-com-1er-rdv-de-la-saison-culturelle\/#primaryimage\"},\"image\":{\"@id\":\"https:\/\/vosgesinfo.fr\/gerardmerinfo\/2014\/09\/karlmarx_2013le_retour-com-1er-rdv-de-la-saison-culturelle\/#primaryimage\"},\"thumbnailUrl\":\"http:\/\/gerardmerinfo.fr\",\"datePublished\":\"2014-09-28T15:08:58+00:00\",\"dateModified\":\"2014-09-28T15:08:58+00:00\",\"breadcrumb\":{\"@id\":\"https:\/\/vosgesinfo.fr\/gerardmerinfo\/2014\/09\/karlmarx_2013le_retour-com-1er-rdv-de-la-saison-culturelle\/#breadcrumb\"},\"inLanguage\":\"fr-FR\",\"potentialAction\":[{\"@type\":\"ReadAction\",\"target\":[\"https:\/\/vosgesinfo.fr\/gerardmerinfo\/2014\/09\/karlmarx_2013le_retour-com-1er-rdv-de-la-saison-culturelle\/\"]}]},{\"@type\":\"ImageObject\",\"inLanguage\":\"fr-FR\",\"@id\":\"https:\/\/vosgesinfo.fr\/gerardmerinfo\/2014\/09\/karlmarx_2013le_retour-com-1er-rdv-de-la-saison-culturelle\/#primaryimage\",\"url\":\"http:\/\/gerardmerinfo.fr\",\"contentUrl\":\"http:\/\/gerardmerinfo.fr\"},{\"@type\":\"BreadcrumbList\",\"@id\":\"https:\/\/vosgesinfo.fr\/gerardmerinfo\/2014\/09\/karlmarx_2013le_retour-com-1er-rdv-de-la-saison-culturelle\/#breadcrumb\",\"itemListElement\":[{\"@type\":\"ListItem\",\"position\":1,\"name\":\"Home\",\"item\":\"https:\/\/vosgesinfo.fr\/gerardmerinfo\/\"},{\"@type\":\"ListItem\",\"position\":2,\"name\":\"\u00ab Karlmarx_2013@le_retour.com \u00bb : 1er rdv de la Saison Culturelle\"}]},{\"@type\":\"WebSite\",\"@id\":\"https:\/\/vosgesinfo.fr\/gerardmerinfo\/#website\",\"url\":\"https:\/\/vosgesinfo.fr\/gerardmerinfo\/\",\"name\":\"Gerardmer Info\",\"description\":\"Toute l&#039;actualit\u00e9 de G\u00e9rardmer\",\"publisher\":{\"@id\":\"https:\/\/vosgesinfo.fr\/gerardmerinfo\/#organization\"},\"alternateName\":\"Toute l'actualit\u00e9 de G\u00e9rardmer\",\"potentialAction\":[{\"@type\":\"SearchAction\",\"target\":{\"@type\":\"EntryPoint\",\"urlTemplate\":\"https:\/\/vosgesinfo.fr\/gerardmerinfo\/?s={search_term_string}\"},\"query-input\":\"required name=search_term_string\"}],\"inLanguage\":\"fr-FR\"},{\"@type\":\"Organization\",\"@id\":\"https:\/\/vosgesinfo.fr\/gerardmerinfo\/#organization\",\"name\":\"Gerardmer Info\",\"url\":\"https:\/\/vosgesinfo.fr\/gerardmerinfo\/\",\"logo\":{\"@type\":\"ImageObject\",\"inLanguage\":\"fr-FR\",\"@id\":\"https:\/\/vosgesinfo.fr\/gerardmerinfo\/#\/schema\/logo\/image\/\",\"url\":\"https:\/\/vosgesinfo.fr\/app\/uploads\/sites\/6\/2023\/08\/favicon-gerardmerinfo.png\",\"contentUrl\":\"https:\/\/vosgesinfo.fr\/app\/uploads\/sites\/6\/2023\/08\/favicon-gerardmerinfo.png\",\"width\":512,\"height\":512,\"caption\":\"Gerardmer Info\"},\"image\":{\"@id\":\"https:\/\/vosgesinfo.fr\/gerardmerinfo\/#\/schema\/logo\/image\/\"},\"sameAs\":[\"https:\/\/www.facebook.com\/profile.php?id=100049475262660\",\"https:\/\/x.com\/VosgesInfo88\",\"https:\/\/www.youtube.com\/@vosgesinfo\"]},{\"@type\":\"Person\",\"@id\":\"https:\/\/vosgesinfo.fr\/gerardmerinfo\/#\/schema\/person\/db5605779a843dad16b5368f3e7613a5\",\"name\":\"QG\",\"image\":{\"@type\":\"ImageObject\",\"inLanguage\":\"fr-FR\",\"@id\":\"https:\/\/vosgesinfo.fr\/gerardmerinfo\/#\/schema\/person\/image\/\",\"url\":\"https:\/\/secure.gravatar.com\/avatar\/ea80c42c204b534408512832fde52504ecabb9706bcb6151cf6175e5b64e6793?s=96&d=mm&r=g\",\"contentUrl\":\"https:\/\/secure.gravatar.com\/avatar\/ea80c42c204b534408512832fde52504ecabb9706bcb6151cf6175e5b64e6793?s=96&d=mm&r=g\",\"caption\":\"QG\"},\"url\":\"https:\/\/vosgesinfo.fr\/gerardmerinfo\/author\/quentin88\/\"}]}<\/script>\n<!-- \/ Yoast SEO plugin. -->","yoast_head_json":{"title":"\u00ab Karlmarx_2013@le_retour.com \u00bb : 1er rdv de la Saison Culturelle - Gerardmer Info","robots":{"index":"index","follow":"follow","max-snippet":"max-snippet:-1","max-image-preview":"max-image-preview:large","max-video-preview":"max-video-preview:-1"},"canonical":"https:\/\/vosgesinfo.fr\/gerardmerinfo\/2014\/09\/karlmarx_2013le_retour-com-1er-rdv-de-la-saison-culturelle\/","twitter_card":"summary_large_image","twitter_title":"\u00ab Karlmarx_2013@le_retour.com \u00bb : 1er rdv de la Saison Culturelle - Gerardmer Info","twitter_description":"&nbsp; Dans le cadre de la Saison Culturelle de la Ville de G\u00e9rardmer, le samedi 4 octobre prochain aura lieu [&hellip;]","twitter_image":"http:\/\/gerardmerinfo.fr","twitter_creator":"@VosgesInfo88","twitter_site":"@VosgesInfo88","twitter_misc":{"\u00c9crit par":"QG","Dur\u00e9e de lecture estim\u00e9e":"1 minute"},"schema":{"@context":"https:\/\/schema.org","@graph":[{"@type":"Article","@id":"https:\/\/vosgesinfo.fr\/gerardmerinfo\/2014\/09\/karlmarx_2013le_retour-com-1er-rdv-de-la-saison-culturelle\/#article","isPartOf":{"@id":"https:\/\/vosgesinfo.fr\/gerardmerinfo\/2014\/09\/karlmarx_2013le_retour-com-1er-rdv-de-la-saison-culturelle\/"},"author":{"name":"QG","@id":"https:\/\/vosgesinfo.fr\/gerardmerinfo\/#\/schema\/person\/db5605779a843dad16b5368f3e7613a5"},"headline":"\u00ab Karlmarx_2013@le_retour.com \u00bb : 1er rdv de la Saison Culturelle","datePublished":"2014-09-28T15:08:58+00:00","dateModified":"2014-09-28T15:08:58+00:00","mainEntityOfPage":{"@id":"https:\/\/vosgesinfo.fr\/gerardmerinfo\/2014\/09\/karlmarx_2013le_retour-com-1er-rdv-de-la-saison-culturelle\/"},"wordCount":248,"commentCount":0,"publisher":{"@id":"https:\/\/vosgesinfo.fr\/gerardmerinfo\/#organization"},"image":{"@id":"https:\/\/vosgesinfo.fr\/gerardmerinfo\/2014\/09\/karlmarx_2013le_retour-com-1er-rdv-de-la-saison-culturelle\/#primaryimage"},"thumbnailUrl":"http:\/\/gerardmerinfo.fr","articleSection":["Culture","Ev\u00e8nements","G\u00e9rardmer"],"inLanguage":"fr-FR","potentialAction":[{"@type":"CommentAction","name":"Comment","target":["https:\/\/vosgesinfo.fr\/gerardmerinfo\/2014\/09\/karlmarx_2013le_retour-com-1er-rdv-de-la-saison-culturelle\/#respond"]}]},{"@type":"WebPage","@id":"https:\/\/vosgesinfo.fr\/gerardmerinfo\/2014\/09\/karlmarx_2013le_retour-com-1er-rdv-de-la-saison-culturelle\/","url":"https:\/\/vosgesinfo.fr\/gerardmerinfo\/2014\/09\/karlmarx_2013le_retour-com-1er-rdv-de-la-saison-culturelle\/","name":"\u00ab Karlmarx_2013@le_retour.com \u00bb : 1er rdv de la Saison Culturelle - Gerardmer Info","isPartOf":{"@id":"https:\/\/vosgesinfo.fr\/gerardmerinfo\/#website"},"primaryImageOfPage":{"@id":"https:\/\/vosgesinfo.fr\/gerardmerinfo\/2014\/09\/karlmarx_2013le_retour-com-1er-rdv-de-la-saison-culturelle\/#primaryimage"},"image":{"@id":"https:\/\/vosgesinfo.fr\/gerardmerinfo\/2014\/09\/karlmarx_2013le_retour-com-1er-rdv-de-la-saison-culturelle\/#primaryimage"},"thumbnailUrl":"http:\/\/gerardmerinfo.fr","datePublished":"2014-09-28T15:08:58+00:00","dateModified":"2014-09-28T15:08:58+00:00","breadcrumb":{"@id":"https:\/\/vosgesinfo.fr\/gerardmerinfo\/2014\/09\/karlmarx_2013le_retour-com-1er-rdv-de-la-saison-culturelle\/#breadcrumb"},"inLanguage":"fr-FR","potentialAction":[{"@type":"ReadAction","target":["https:\/\/vosgesinfo.fr\/gerardmerinfo\/2014\/09\/karlmarx_2013le_retour-com-1er-rdv-de-la-saison-culturelle\/"]}]},{"@type":"ImageObject","inLanguage":"fr-FR","@id":"https:\/\/vosgesinfo.fr\/gerardmerinfo\/2014\/09\/karlmarx_2013le_retour-com-1er-rdv-de-la-saison-culturelle\/#primaryimage","url":"http:\/\/gerardmerinfo.fr","contentUrl":"http:\/\/gerardmerinfo.fr"},{"@type":"BreadcrumbList","@id":"https:\/\/vosgesinfo.fr\/gerardmerinfo\/2014\/09\/karlmarx_2013le_retour-com-1er-rdv-de-la-saison-culturelle\/#breadcrumb","itemListElement":[{"@type":"ListItem","position":1,"name":"Home","item":"https:\/\/vosgesinfo.fr\/gerardmerinfo\/"},{"@type":"ListItem","position":2,"name":"\u00ab Karlmarx_2013@le_retour.com \u00bb : 1er rdv de la Saison Culturelle"}]},{"@type":"WebSite","@id":"https:\/\/vosgesinfo.fr\/gerardmerinfo\/#website","url":"https:\/\/vosgesinfo.fr\/gerardmerinfo\/","name":"Gerardmer Info","description":"Toute l&#039;actualit\u00e9 de G\u00e9rardmer","publisher":{"@id":"https:\/\/vosgesinfo.fr\/gerardmerinfo\/#organization"},"alternateName":"Toute l'actualit\u00e9 de G\u00e9rardmer","potentialAction":[{"@type":"SearchAction","target":{"@type":"EntryPoint","urlTemplate":"https:\/\/vosgesinfo.fr\/gerardmerinfo\/?s={search_term_string}"},"query-input":"required name=search_term_string"}],"inLanguage":"fr-FR"},{"@type":"Organization","@id":"https:\/\/vosgesinfo.fr\/gerardmerinfo\/#organization","name":"Gerardmer Info","url":"https:\/\/vosgesinfo.fr\/gerardmerinfo\/","logo":{"@type":"ImageObject","inLanguage":"fr-FR","@id":"https:\/\/vosgesinfo.fr\/gerardmerinfo\/#\/schema\/logo\/image\/","url":"https:\/\/vosgesinfo.fr\/app\/uploads\/sites\/6\/2023\/08\/favicon-gerardmerinfo.png","contentUrl":"https:\/\/vosgesinfo.fr\/app\/uploads\/sites\/6\/2023\/08\/favicon-gerardmerinfo.png","width":512,"height":512,"caption":"Gerardmer Info"},"image":{"@id":"https:\/\/vosgesinfo.fr\/gerardmerinfo\/#\/schema\/logo\/image\/"},"sameAs":["https:\/\/www.facebook.com\/profile.php?id=100049475262660","https:\/\/x.com\/VosgesInfo88","https:\/\/www.youtube.com\/@vosgesinfo"]},{"@type":"Person","@id":"https:\/\/vosgesinfo.fr\/gerardmerinfo\/#\/schema\/person\/db5605779a843dad16b5368f3e7613a5","name":"QG","image":{"@type":"ImageObject","inLanguage":"fr-FR","@id":"https:\/\/vosgesinfo.fr\/gerardmerinfo\/#\/schema\/person\/image\/","url":"https:\/\/secure.gravatar.com\/avatar\/ea80c42c204b534408512832fde52504ecabb9706bcb6151cf6175e5b64e6793?s=96&d=mm&r=g","contentUrl":"https:\/\/secure.gravatar.com\/avatar\/ea80c42c204b534408512832fde52504ecabb9706bcb6151cf6175e5b64e6793?s=96&d=mm&r=g","caption":"QG"},"url":"https:\/\/vosgesinfo.fr\/gerardmerinfo\/author\/quentin88\/"}]}},"_links":{"self":[{"href":"https:\/\/vosgesinfo.fr\/gerardmerinfo\/wp-json\/wp\/v2\/posts\/11802","targetHints":{"allow":["GET"]}}],"collection":[{"href":"https:\/\/vosgesinfo.fr\/gerardmerinfo\/wp-json\/wp\/v2\/posts"}],"about":[{"href":"https:\/\/vosgesinfo.fr\/gerardmerinfo\/wp-json\/wp\/v2\/types\/post"}],"author":[{"embeddable":true,"href":"https:\/\/vosgesinfo.fr\/gerardmerinfo\/wp-json\/wp\/v2\/users\/42"}],"replies":[{"embeddable":true,"href":"https:\/\/vosgesinfo.fr\/gerardmerinfo\/wp-json\/wp\/v2\/comments?post=11802"}],"version-history":[{"count":0,"href":"https:\/\/vosgesinfo.fr\/gerardmerinfo\/wp-json\/wp\/v2\/posts\/11802\/revisions"}],"wp:attachment":[{"href":"https:\/\/vosgesinfo.fr\/gerardmerinfo\/wp-json\/wp\/v2\/media?parent=11802"}],"wp:term":[{"taxonomy":"category","embeddable":true,"href":"https:\/\/vosgesinfo.fr\/gerardmerinfo\/wp-json\/wp\/v2\/categories?post=11802"},{"taxonomy":"post_tag","embeddable":true,"href":"https:\/\/vosgesinfo.fr\/gerardmerinfo\/wp-json\/wp\/v2\/tags?post=11802"}],"curies":[{"name":"wp","href":"https:\/\/api.w.org\/{rel}","templated":true}]}}