{"id":11803,"date":"2014-09-27T17:24:57","date_gmt":"2014-09-27T15:24:57","guid":{"rendered":"https:\/\/vosgesinfo.fr\/gerardmerinfo\/2014\/09\/lasg-aviron-sprint-vers-lexcellence\/"},"modified":"2014-09-27T17:24:57","modified_gmt":"2014-09-27T15:24:57","slug":"lasg-aviron-sprint-vers-lexcellence","status":"publish","type":"post","link":"https:\/\/vosgesinfo.fr\/gerardmerinfo\/2014\/09\/lasg-aviron-sprint-vers-lexcellence\/","title":{"rendered":"l&rsquo;ASG Aviron sprint vers l&rsquo;excellence"},"content":{"rendered":"<div id=\"attachment_39673\" style=\"width: 310px\" class=\"wp-caption alignleft\"><a href=\"http:\/\/gerardmerinfo.fr\" rel=\"attachment wp-att-39673\"><img decoding=\"async\" aria-describedby=\"caption-attachment-39673\" class=\"size-medium wp-image-39673\" src=\"http:\/\/gerardmerinfo.fr\" alt=\"Beaucoup de monde pour assister aux cours de l'apr\u00e8s midi\" width=\"300\" height=\"225\" \/><\/a><p id=\"caption-attachment-39673\" class=\"wp-caption-text\">Beaucoup de monde pour assister aux courses de l&rsquo;apr\u00e8s midi<\/p><\/div>\n<p><strong>Pendant tout ce week-end, G\u00e9rardmer accueille la fine fleur de l&rsquo;aviron\u00a0 avec l&rsquo; organisation des championnats de France Sprint. Un \u00e9norme\u00a0 et beau challenge relev\u00e9 par la section locale. D\u00e9couverte.<\/strong><\/p>\n<p>G\u00e9rardmer, cit\u00e9 sportive, il n&rsquo;y a aucun\u00a0 doute. En \u00e9tant choisie par la F\u00e9d\u00e9ration Fran\u00e7aise d&rsquo;Aviron pour organiser le Championnat de France sprint-s\u00e9nior\u00a0 sur une distance de 500 m\u00e8tres, l&rsquo;ASG Aviron du pr\u00e9sident Arnaud Tixier glisse vers l&rsquo;excellence : si tant est qu&rsquo;il faille encore le pr\u00e9ciser au regard des r\u00e9sultats obtenus \u00e0 l\u2019\u00e9chelon international par les athl\u00e8tes g\u00e9r\u00f4mois.<\/p>\n<div id=\"attachment_39674\" style=\"width: 310px\" class=\"wp-caption alignright\"><a href=\"http:\/\/gerardmerinfo.fr\" rel=\"attachment wp-att-39674\"><img decoding=\"async\" aria-describedby=\"caption-attachment-39674\" class=\"size-medium wp-image-39674\" src=\"http:\/\/gerardmerinfo.fr\" alt=\"Effort intense pour les athl\u00e8tes\" width=\"300\" height=\"225\" \/><\/a><p id=\"caption-attachment-39674\" class=\"wp-caption-text\">Effort intense pour les athl\u00e8tes<\/p><\/div>\n<p>Quelle r\u00e9compense pour la section locale qui s&rsquo;offre\u00a0 pendant deux jours la mise en sc\u00e8ne d&rsquo;une des plus importantes comp\u00e9titions de la discipline dans l\u2019hexagone. Les chiffres parlent d&rsquo;eux-m\u00eames : 1300 participants ( environ 5000 personnes sur les bords du lac avec les accompagnants) 370 bateaux engag\u00e9s et 104 courses au programme rythm\u00e9es par des d\u00e9parts toutes les 3 \u00e0 4 minutes. Mieux encore, la presque totalit\u00e9 des clubs de France sont pr\u00e9sents avec, pour les plus \u00e9loign\u00e9s, l\u2019Aviron Bayonnais arriv\u00e9 en milieu de semaine du sud-ouest de la France sans oublier les 130 b\u00e9n\u00e9voles qui \u0153uvrent depuis des semaines afin d\u2019offrir au gratin tricolore les meilleures conditions de course et d\u2019accueil.<\/p>\n<p>\u00ab\u00a0C<em>ette organisation nous mobilise depuis 4 \u00e0 5 mois<\/em> \u00a0\u00bb commente Arnaud Tixier \u00a0\u00bb D<em>epuis le 1er septembre nous avons la t\u00eate dedans presque 24h\/24. Cette manifestation est un risque mais calcul\u00e9 dans la mesure o\u00f9 nous avons travaill\u00e9 en amont sur les accot\u00e9s de la comp\u00e9tition. En proposant des repas \u00e0 l&rsquo;Espace LAC\u00a0 (envrion 4000)\u00a0 et une soir\u00e9e pour les rameurs ouverte \u00e0 tout le monde. C&rsquo;est la condition sin\u00e9 qua none \u00e0 notre r\u00e9ussite compte tenu du budget de 100 000 \u20ac qui nous est n\u00e9cessaire pour organiser ces championnats de France\u00a0\u00bb.<\/em><\/p>\n<div id=\"attachment_39675\" style=\"width: 310px\" class=\"wp-caption alignleft\"><a href=\"http:\/\/gerardmerinfo.fr\" rel=\"attachment wp-att-39675\"><img decoding=\"async\" aria-describedby=\"caption-attachment-39675\" class=\"size-medium wp-image-39675\" src=\"http:\/\/gerardmerinfo.fr\" alt=\"Il a fallut installer une logistique importante pour les Championnats\" width=\"300\" height=\"225\" \/><\/a><p id=\"caption-attachment-39675\" class=\"wp-caption-text\">Il a fallut installer une logistique importante pour les Championnats<\/p><\/div>\n<p>On retrouve, aupr\u00e8s l&rsquo;ASG, des partenaires institutionnels \u00e0 hauteur d&rsquo;un peu plus de 10 % du montant global , c&rsquo;est-\u00e0-dire La r\u00e9gion Lorraine, le Conseil G\u00e9n\u00e9ral et la Commune en monnaie sonnante et tr\u00e9buchante mais \u00e9galement gr\u00e2ce \u00e0 une aide logistique importante.<\/p>\n<p>Et puis, pour que la f\u00eate soit totale, le beau temps s&rsquo;est install\u00e9 sur le lac pendant tout le week-end. Il fera chaud, dedans, dehors, pendant et apr\u00e8s les courses programm\u00e9es. La comp\u00e9tition est en effet bien huil\u00e9e, millim\u00e9tr\u00e9e \u00e0 la fa\u00e7on suisse ce qui permettra, c&rsquo;est d\u00e9j\u00e0 act\u00e9, \u00e0 l&rsquo;ASG de recevoir d\u00e8s l&rsquo;an prochain une autre comp\u00e9tition du championnat de France.<\/p>\n<p>A l&rsquo;\u00e9vidence, le club g\u00e9r\u00f4mois a toujours \u00e9t\u00e9 sur le devant de la sc\u00e8ne, mais depuis l\u2019arriv\u00e9e d&rsquo;Arnaux Tixier \u00e0 la t\u00eate de l\u2019association,\u00a0 l&rsquo;ASG a pris encore un peu plus de corps : sans doute la suite logique de son passage en \u00e9quipe de France et de l&rsquo;exp\u00e9rience qu&rsquo;il aura accumul\u00e9 au fil du temps. Bref, une nouvelle page de l&rsquo;histoire de l\u2019aviron g\u00e9r\u00f4mois s\u2019\u00e9crit actuellement. La suite appartient aux sportifs eux-m\u00eames sur leur terrain de pr\u00e9dilection, comme pour mieux graver, dans le granit vosgien, la marque de leur passage.<\/p>\n<div id=\"attachment_39679\" style=\"width: 310px\" class=\"wp-caption alignright\"><a href=\"http:\/\/gerardmerinfo.fr\" rel=\"attachment wp-att-39679\"><img decoding=\"async\" aria-describedby=\"caption-attachment-39679\" class=\"size-medium wp-image-39679\" src=\"http:\/\/gerardmerinfo.fr\" alt=\"Les entraineurs, athl\u00e8tes ont suivis les courses sur les pontons de l'Union Nautique\" width=\"300\" height=\"225\" \/><\/a><p id=\"caption-attachment-39679\" class=\"wp-caption-text\">Les entraineurs, athl\u00e8tes ont suivi les courses sur les pontons de l&rsquo;Union Nautique<\/p><\/div>\n","protected":false},"excerpt":{"rendered":"<p>Pendant tout ce week-end, G\u00e9rardmer accueille la fine fleur de l&rsquo;aviron\u00a0 avec l&rsquo; organisation des championnats de France Sprint. Un [&hellip;]<\/p>\n","protected":false},"author":1,"featured_media":0,"comment_status":"open","ping_status":"open","sticky":false,"template":"","format":"standard","meta":{"footnotes":""},"categories":[14,18],"tags":[],"class_list":["post-11803","post","type-post","status-publish","format-standard","hentry","category-sport","category-vosges"],"acf":[],"yoast_head":"<!-- This site is optimized with the Yoast SEO plugin v22.5 - https:\/\/yoast.com\/wordpress\/plugins\/seo\/ -->\n<title>l&#039;ASG Aviron sprint vers l&#039;excellence - Gerardmer Info<\/title>\n<meta name=\"robots\" content=\"index, follow, max-snippet:-1, max-image-preview:large, max-video-preview:-1\" \/>\n<link rel=\"canonical\" href=\"https:\/\/vosgesinfo.fr\/gerardmerinfo\/2014\/09\/lasg-aviron-sprint-vers-lexcellence\/\" \/>\n<meta name=\"twitter:card\" content=\"summary_large_image\" \/>\n<meta name=\"twitter:title\" content=\"l&#039;ASG Aviron sprint vers l&#039;excellence - Gerardmer Info\" \/>\n<meta name=\"twitter:description\" content=\"Pendant tout ce week-end, G\u00e9rardmer accueille la fine fleur de l&rsquo;aviron\u00a0 avec l&rsquo; organisation des championnats de France Sprint. Un [&hellip;]\" \/>\n<meta name=\"twitter:image\" content=\"http:\/\/gerardmerinfo.fr\" \/>\n<meta name=\"twitter:creator\" content=\"@VosgesInfo88\" \/>\n<meta name=\"twitter:site\" content=\"@VosgesInfo88\" \/>\n<meta name=\"twitter:label1\" content=\"\u00c9crit par\" \/>\n\t<meta name=\"twitter:data1\" content=\"qs_admin\" \/>\n\t<meta name=\"twitter:label2\" content=\"Dur\u00e9e de lecture estim\u00e9e\" \/>\n\t<meta name=\"twitter:data2\" content=\"3 minutes\" \/>\n<script type=\"application\/ld+json\" class=\"yoast-schema-graph\">{\"@context\":\"https:\/\/schema.org\",\"@graph\":[{\"@type\":\"Article\",\"@id\":\"https:\/\/vosgesinfo.fr\/gerardmerinfo\/2014\/09\/lasg-aviron-sprint-vers-lexcellence\/#article\",\"isPartOf\":{\"@id\":\"https:\/\/vosgesinfo.fr\/gerardmerinfo\/2014\/09\/lasg-aviron-sprint-vers-lexcellence\/\"},\"author\":{\"name\":\"qs_admin\",\"@id\":\"https:\/\/vosgesinfo.fr\/gerardmerinfo\/#\/schema\/person\/bc5d02d71e6932e81b6dadb7386667b1\"},\"headline\":\"l&rsquo;ASG Aviron sprint vers l&rsquo;excellence\",\"datePublished\":\"2014-09-27T15:24:57+00:00\",\"dateModified\":\"2014-09-27T15:24:57+00:00\",\"mainEntityOfPage\":{\"@id\":\"https:\/\/vosgesinfo.fr\/gerardmerinfo\/2014\/09\/lasg-aviron-sprint-vers-lexcellence\/\"},\"wordCount\":627,\"commentCount\":0,\"publisher\":{\"@id\":\"https:\/\/vosgesinfo.fr\/gerardmerinfo\/#organization\"},\"image\":{\"@id\":\"https:\/\/vosgesinfo.fr\/gerardmerinfo\/2014\/09\/lasg-aviron-sprint-vers-lexcellence\/#primaryimage\"},\"thumbnailUrl\":\"http:\/\/gerardmerinfo.fr\",\"articleSection\":[\"Sport\",\"Vosges\"],\"inLanguage\":\"fr-FR\",\"potentialAction\":[{\"@type\":\"CommentAction\",\"name\":\"Comment\",\"target\":[\"https:\/\/vosgesinfo.fr\/gerardmerinfo\/2014\/09\/lasg-aviron-sprint-vers-lexcellence\/#respond\"]}]},{\"@type\":\"WebPage\",\"@id\":\"https:\/\/vosgesinfo.fr\/gerardmerinfo\/2014\/09\/lasg-aviron-sprint-vers-lexcellence\/\",\"url\":\"https:\/\/vosgesinfo.fr\/gerardmerinfo\/2014\/09\/lasg-aviron-sprint-vers-lexcellence\/\",\"name\":\"l'ASG Aviron sprint vers l'excellence - Gerardmer Info\",\"isPartOf\":{\"@id\":\"https:\/\/vosgesinfo.fr\/gerardmerinfo\/#website\"},\"primaryImageOfPage\":{\"@id\":\"https:\/\/vosgesinfo.fr\/gerardmerinfo\/2014\/09\/lasg-aviron-sprint-vers-lexcellence\/#primaryimage\"},\"image\":{\"@id\":\"https:\/\/vosgesinfo.fr\/gerardmerinfo\/2014\/09\/lasg-aviron-sprint-vers-lexcellence\/#primaryimage\"},\"thumbnailUrl\":\"http:\/\/gerardmerinfo.fr\",\"datePublished\":\"2014-09-27T15:24:57+00:00\",\"dateModified\":\"2014-09-27T15:24:57+00:00\",\"breadcrumb\":{\"@id\":\"https:\/\/vosgesinfo.fr\/gerardmerinfo\/2014\/09\/lasg-aviron-sprint-vers-lexcellence\/#breadcrumb\"},\"inLanguage\":\"fr-FR\",\"potentialAction\":[{\"@type\":\"ReadAction\",\"target\":[\"https:\/\/vosgesinfo.fr\/gerardmerinfo\/2014\/09\/lasg-aviron-sprint-vers-lexcellence\/\"]}]},{\"@type\":\"ImageObject\",\"inLanguage\":\"fr-FR\",\"@id\":\"https:\/\/vosgesinfo.fr\/gerardmerinfo\/2014\/09\/lasg-aviron-sprint-vers-lexcellence\/#primaryimage\",\"url\":\"http:\/\/gerardmerinfo.fr\",\"contentUrl\":\"http:\/\/gerardmerinfo.fr\"},{\"@type\":\"BreadcrumbList\",\"@id\":\"https:\/\/vosgesinfo.fr\/gerardmerinfo\/2014\/09\/lasg-aviron-sprint-vers-lexcellence\/#breadcrumb\",\"itemListElement\":[{\"@type\":\"ListItem\",\"position\":1,\"name\":\"Home\",\"item\":\"https:\/\/vosgesinfo.fr\/gerardmerinfo\/\"},{\"@type\":\"ListItem\",\"position\":2,\"name\":\"l&rsquo;ASG Aviron sprint vers l&rsquo;excellence\"}]},{\"@type\":\"WebSite\",\"@id\":\"https:\/\/vosgesinfo.fr\/gerardmerinfo\/#website\",\"url\":\"https:\/\/vosgesinfo.fr\/gerardmerinfo\/\",\"name\":\"Gerardmer Info\",\"description\":\"Toute l&#039;actualit\u00e9 de G\u00e9rardmer\",\"publisher\":{\"@id\":\"https:\/\/vosgesinfo.fr\/gerardmerinfo\/#organization\"},\"alternateName\":\"Toute l'actualit\u00e9 de G\u00e9rardmer\",\"potentialAction\":[{\"@type\":\"SearchAction\",\"target\":{\"@type\":\"EntryPoint\",\"urlTemplate\":\"https:\/\/vosgesinfo.fr\/gerardmerinfo\/?s={search_term_string}\"},\"query-input\":\"required name=search_term_string\"}],\"inLanguage\":\"fr-FR\"},{\"@type\":\"Organization\",\"@id\":\"https:\/\/vosgesinfo.fr\/gerardmerinfo\/#organization\",\"name\":\"Gerardmer Info\",\"url\":\"https:\/\/vosgesinfo.fr\/gerardmerinfo\/\",\"logo\":{\"@type\":\"ImageObject\",\"inLanguage\":\"fr-FR\",\"@id\":\"https:\/\/vosgesinfo.fr\/gerardmerinfo\/#\/schema\/logo\/image\/\",\"url\":\"https:\/\/vosgesinfo.fr\/app\/uploads\/sites\/6\/2023\/08\/favicon-gerardmerinfo.png\",\"contentUrl\":\"https:\/\/vosgesinfo.fr\/app\/uploads\/sites\/6\/2023\/08\/favicon-gerardmerinfo.png\",\"width\":512,\"height\":512,\"caption\":\"Gerardmer Info\"},\"image\":{\"@id\":\"https:\/\/vosgesinfo.fr\/gerardmerinfo\/#\/schema\/logo\/image\/\"},\"sameAs\":[\"https:\/\/www.facebook.com\/profile.php?id=100049475262660\",\"https:\/\/x.com\/VosgesInfo88\",\"https:\/\/www.youtube.com\/@vosgesinfo\"]},{\"@type\":\"Person\",\"@id\":\"https:\/\/vosgesinfo.fr\/gerardmerinfo\/#\/schema\/person\/bc5d02d71e6932e81b6dadb7386667b1\",\"name\":\"qs_admin\",\"image\":{\"@type\":\"ImageObject\",\"inLanguage\":\"fr-FR\",\"@id\":\"https:\/\/vosgesinfo.fr\/gerardmerinfo\/#\/schema\/person\/image\/\",\"url\":\"https:\/\/secure.gravatar.com\/avatar\/94b18ee0ed79e4a42ea2f2931277b6841a8999fc6fde214600c78057cf1fe1de?s=96&d=mm&r=g\",\"contentUrl\":\"https:\/\/secure.gravatar.com\/avatar\/94b18ee0ed79e4a42ea2f2931277b6841a8999fc6fde214600c78057cf1fe1de?s=96&d=mm&r=g\",\"caption\":\"qs_admin\"},\"sameAs\":[\"https:\/\/vosgesinfo.fr\/wp\"],\"url\":\"https:\/\/vosgesinfo.fr\/gerardmerinfo\/author\/qs_admin\/\"}]}<\/script>\n<!-- \/ Yoast SEO plugin. -->","yoast_head_json":{"title":"l'ASG Aviron sprint vers l'excellence - Gerardmer Info","robots":{"index":"index","follow":"follow","max-snippet":"max-snippet:-1","max-image-preview":"max-image-preview:large","max-video-preview":"max-video-preview:-1"},"canonical":"https:\/\/vosgesinfo.fr\/gerardmerinfo\/2014\/09\/lasg-aviron-sprint-vers-lexcellence\/","twitter_card":"summary_large_image","twitter_title":"l'ASG Aviron sprint vers l'excellence - Gerardmer Info","twitter_description":"Pendant tout ce week-end, G\u00e9rardmer accueille la fine fleur de l&rsquo;aviron\u00a0 avec l&rsquo; organisation des championnats de France Sprint. Un [&hellip;]","twitter_image":"http:\/\/gerardmerinfo.fr","twitter_creator":"@VosgesInfo88","twitter_site":"@VosgesInfo88","twitter_misc":{"\u00c9crit par":"qs_admin","Dur\u00e9e de lecture estim\u00e9e":"3 minutes"},"schema":{"@context":"https:\/\/schema.org","@graph":[{"@type":"Article","@id":"https:\/\/vosgesinfo.fr\/gerardmerinfo\/2014\/09\/lasg-aviron-sprint-vers-lexcellence\/#article","isPartOf":{"@id":"https:\/\/vosgesinfo.fr\/gerardmerinfo\/2014\/09\/lasg-aviron-sprint-vers-lexcellence\/"},"author":{"name":"qs_admin","@id":"https:\/\/vosgesinfo.fr\/gerardmerinfo\/#\/schema\/person\/bc5d02d71e6932e81b6dadb7386667b1"},"headline":"l&rsquo;ASG Aviron sprint vers l&rsquo;excellence","datePublished":"2014-09-27T15:24:57+00:00","dateModified":"2014-09-27T15:24:57+00:00","mainEntityOfPage":{"@id":"https:\/\/vosgesinfo.fr\/gerardmerinfo\/2014\/09\/lasg-aviron-sprint-vers-lexcellence\/"},"wordCount":627,"commentCount":0,"publisher":{"@id":"https:\/\/vosgesinfo.fr\/gerardmerinfo\/#organization"},"image":{"@id":"https:\/\/vosgesinfo.fr\/gerardmerinfo\/2014\/09\/lasg-aviron-sprint-vers-lexcellence\/#primaryimage"},"thumbnailUrl":"http:\/\/gerardmerinfo.fr","articleSection":["Sport","Vosges"],"inLanguage":"fr-FR","potentialAction":[{"@type":"CommentAction","name":"Comment","target":["https:\/\/vosgesinfo.fr\/gerardmerinfo\/2014\/09\/lasg-aviron-sprint-vers-lexcellence\/#respond"]}]},{"@type":"WebPage","@id":"https:\/\/vosgesinfo.fr\/gerardmerinfo\/2014\/09\/lasg-aviron-sprint-vers-lexcellence\/","url":"https:\/\/vosgesinfo.fr\/gerardmerinfo\/2014\/09\/lasg-aviron-sprint-vers-lexcellence\/","name":"l'ASG Aviron sprint vers l'excellence - Gerardmer Info","isPartOf":{"@id":"https:\/\/vosgesinfo.fr\/gerardmerinfo\/#website"},"primaryImageOfPage":{"@id":"https:\/\/vosgesinfo.fr\/gerardmerinfo\/2014\/09\/lasg-aviron-sprint-vers-lexcellence\/#primaryimage"},"image":{"@id":"https:\/\/vosgesinfo.fr\/gerardmerinfo\/2014\/09\/lasg-aviron-sprint-vers-lexcellence\/#primaryimage"},"thumbnailUrl":"http:\/\/gerardmerinfo.fr","datePublished":"2014-09-27T15:24:57+00:00","dateModified":"2014-09-27T15:24:57+00:00","breadcrumb":{"@id":"https:\/\/vosgesinfo.fr\/gerardmerinfo\/2014\/09\/lasg-aviron-sprint-vers-lexcellence\/#breadcrumb"},"inLanguage":"fr-FR","potentialAction":[{"@type":"ReadAction","target":["https:\/\/vosgesinfo.fr\/gerardmerinfo\/2014\/09\/lasg-aviron-sprint-vers-lexcellence\/"]}]},{"@type":"ImageObject","inLanguage":"fr-FR","@id":"https:\/\/vosgesinfo.fr\/gerardmerinfo\/2014\/09\/lasg-aviron-sprint-vers-lexcellence\/#primaryimage","url":"http:\/\/gerardmerinfo.fr","contentUrl":"http:\/\/gerardmerinfo.fr"},{"@type":"BreadcrumbList","@id":"https:\/\/vosgesinfo.fr\/gerardmerinfo\/2014\/09\/lasg-aviron-sprint-vers-lexcellence\/#breadcrumb","itemListElement":[{"@type":"ListItem","position":1,"name":"Home","item":"https:\/\/vosgesinfo.fr\/gerardmerinfo\/"},{"@type":"ListItem","position":2,"name":"l&rsquo;ASG Aviron sprint vers l&rsquo;excellence"}]},{"@type":"WebSite","@id":"https:\/\/vosgesinfo.fr\/gerardmerinfo\/#website","url":"https:\/\/vosgesinfo.fr\/gerardmerinfo\/","name":"Gerardmer Info","description":"Toute l&#039;actualit\u00e9 de G\u00e9rardmer","publisher":{"@id":"https:\/\/vosgesinfo.fr\/gerardmerinfo\/#organization"},"alternateName":"Toute l'actualit\u00e9 de G\u00e9rardmer","potentialAction":[{"@type":"SearchAction","target":{"@type":"EntryPoint","urlTemplate":"https:\/\/vosgesinfo.fr\/gerardmerinfo\/?s={search_term_string}"},"query-input":"required name=search_term_string"}],"inLanguage":"fr-FR"},{"@type":"Organization","@id":"https:\/\/vosgesinfo.fr\/gerardmerinfo\/#organization","name":"Gerardmer Info","url":"https:\/\/vosgesinfo.fr\/gerardmerinfo\/","logo":{"@type":"ImageObject","inLanguage":"fr-FR","@id":"https:\/\/vosgesinfo.fr\/gerardmerinfo\/#\/schema\/logo\/image\/","url":"https:\/\/vosgesinfo.fr\/app\/uploads\/sites\/6\/2023\/08\/favicon-gerardmerinfo.png","contentUrl":"https:\/\/vosgesinfo.fr\/app\/uploads\/sites\/6\/2023\/08\/favicon-gerardmerinfo.png","width":512,"height":512,"caption":"Gerardmer Info"},"image":{"@id":"https:\/\/vosgesinfo.fr\/gerardmerinfo\/#\/schema\/logo\/image\/"},"sameAs":["https:\/\/www.facebook.com\/profile.php?id=100049475262660","https:\/\/x.com\/VosgesInfo88","https:\/\/www.youtube.com\/@vosgesinfo"]},{"@type":"Person","@id":"https:\/\/vosgesinfo.fr\/gerardmerinfo\/#\/schema\/person\/bc5d02d71e6932e81b6dadb7386667b1","name":"qs_admin","image":{"@type":"ImageObject","inLanguage":"fr-FR","@id":"https:\/\/vosgesinfo.fr\/gerardmerinfo\/#\/schema\/person\/image\/","url":"https:\/\/secure.gravatar.com\/avatar\/94b18ee0ed79e4a42ea2f2931277b6841a8999fc6fde214600c78057cf1fe1de?s=96&d=mm&r=g","contentUrl":"https:\/\/secure.gravatar.com\/avatar\/94b18ee0ed79e4a42ea2f2931277b6841a8999fc6fde214600c78057cf1fe1de?s=96&d=mm&r=g","caption":"qs_admin"},"sameAs":["https:\/\/vosgesinfo.fr\/wp"],"url":"https:\/\/vosgesinfo.fr\/gerardmerinfo\/author\/qs_admin\/"}]}},"_links":{"self":[{"href":"https:\/\/vosgesinfo.fr\/gerardmerinfo\/wp-json\/wp\/v2\/posts\/11803","targetHints":{"allow":["GET"]}}],"collection":[{"href":"https:\/\/vosgesinfo.fr\/gerardmerinfo\/wp-json\/wp\/v2\/posts"}],"about":[{"href":"https:\/\/vosgesinfo.fr\/gerardmerinfo\/wp-json\/wp\/v2\/types\/post"}],"author":[{"embeddable":true,"href":"https:\/\/vosgesinfo.fr\/gerardmerinfo\/wp-json\/wp\/v2\/users\/1"}],"replies":[{"embeddable":true,"href":"https:\/\/vosgesinfo.fr\/gerardmerinfo\/wp-json\/wp\/v2\/comments?post=11803"}],"version-history":[{"count":0,"href":"https:\/\/vosgesinfo.fr\/gerardmerinfo\/wp-json\/wp\/v2\/posts\/11803\/revisions"}],"wp:attachment":[{"href":"https:\/\/vosgesinfo.fr\/gerardmerinfo\/wp-json\/wp\/v2\/media?parent=11803"}],"wp:term":[{"taxonomy":"category","embeddable":true,"href":"https:\/\/vosgesinfo.fr\/gerardmerinfo\/wp-json\/wp\/v2\/categories?post=11803"},{"taxonomy":"post_tag","embeddable":true,"href":"https:\/\/vosgesinfo.fr\/gerardmerinfo\/wp-json\/wp\/v2\/tags?post=11803"}],"curies":[{"name":"wp","href":"https:\/\/api.w.org\/{rel}","templated":true}]}}