{"id":11804,"date":"2014-09-27T17:27:06","date_gmt":"2014-09-27T15:27:06","guid":{"rendered":"https:\/\/vosgesinfo.fr\/gerardmerinfo\/2014\/09\/donnez-votre-souffle-a-ceux-qui-nen-ont-pas\/"},"modified":"2014-09-27T17:27:06","modified_gmt":"2014-09-27T15:27:06","slug":"donnez-votre-souffle-a-ceux-qui-nen-ont-pas","status":"publish","type":"post","link":"https:\/\/vosgesinfo.fr\/gerardmerinfo\/2014\/09\/donnez-votre-souffle-a-ceux-qui-nen-ont-pas\/","title":{"rendered":"Donnez votre souffle \u00e0 ceux qui n&rsquo;en ont pas"},"content":{"rendered":"<div id=\"attachment_39681\" style=\"width: 534px\" class=\"wp-caption aligncenter\"><a href=\"http:\/\/gerardmerinfo.fr\"><img decoding=\"async\" aria-describedby=\"caption-attachment-39681\" class=\"wp-image-39681\" src=\"http:\/\/gerardmerinfo.fr\" alt=\"Sylvia B\u00e9rard a lanc\u00e9 cette premi\u00e8re \u00e9dition en compagnie des nombreux partenaires de l'\u00e9v\u00e9nement\" width=\"524\" height=\"393\" \/><\/a><p id=\"caption-attachment-39681\" class=\"wp-caption-text\">Sylvia B\u00e9rard a lanc\u00e9 cette premi\u00e8re \u00e9dition en compagnie des nombreux partenaires de l&rsquo;\u00e9v\u00e9nement<\/p><\/div>\n<p><strong>C&rsquo;est parti pour la toute premi\u00e8re Virade de\u00a0l\u2019Espoir\u00a0\u00e0 G\u00e9rardmer organis\u00e9e par l&rsquo;association Vaincre la Mucoviscidose localement\u00a0repr\u00e9sent\u00e9e par Sylvia B\u00e9rard et son \u00e9quipe de B\u00e9n\u00e9voles.<\/strong><\/p>\n<p>Le top d\u00e9part de l&rsquo;\u00e9v\u00e9nement a \u00e9t\u00e9 donn\u00e9 ce samedi 27 septembre au Joa Casino de G\u00e9rardmer en compagnie des nombreux partenaires de l&rsquo;\u00e9v\u00e9nement : la Ville de G\u00e9rardmer, le Kiwanis f\u00e9minin Perle d&rsquo;Hugo et le Lions Club qui ont remis un ch\u00e8que \u00e0 l&rsquo;association, sans oublier l&rsquo;Union Musicale locale, important fournisseur de b\u00e9n\u00e9voles. Et il en faut ! Ils seront en effet plus d&rsquo;une centaine sur l&rsquo;ensemble du week-end \u00e0 \u0153uvrer pour faire de cette manifestation solidaire une r\u00e9ussite.<\/p>\n<p style=\"text-align: center;\"><strong>Tous Unis contre la Mucoviscidose<\/strong><\/p>\n<p>\u00ab\u00a0Comme un peu partout en France ce week-end, les antennes locales de Vaincre la Mucoviscidose organisent des Virades qui se mat\u00e9rialisent par une marche ainsi que de nombreuses animation ludiques et sportives, le concept et le slogan \u00e9tant de \u00ab\u00a0donner du souffle \u00e0 ce qui n&rsquo;en ont pas\u00a0\u00bb, et bien s\u00fbr r\u00e9colter des fonds\u00a0\u00bb, explique ainsi Sylvia B\u00e9rard, repr\u00e9sentante de Vaincre la Mucoviscidose \u00e0 G\u00e9rardmer et responsable d\u00e9partementale de l&rsquo;association.<\/p>\n<p>Une initiative salu\u00e9e par le premier magistrat de la Perle des Vosges Stessy Speissmann : \u00ab\u00a0Je tiens \u00e0 vous remercier pour votre engagement b\u00e9n\u00e9vole au profit d&rsquo;une cause noble. (&#8230;) Il est important de soutenir nos enfants touch\u00e9s par la maladie et de soutenir la recherche m\u00e9dicale fran\u00e7aise\u00a0\u00bb. A lors maintenant, \u00e0 vous de jouer ! Les Virades vous attendent encore ce dimanche toute la journ\u00e9e :<\/p>\n<p>&nbsp;<\/p>\n<p style=\"color: #000000;\"><strong><span style=\"color: #000000;\">Dimanche 28 Septembre : Place du Tilleul<\/span><\/strong><\/p>\n<p style=\"color: #000000;\"><span style=\"color: #000000;\">9H00 \u00e0 15H00 : Parcours Marches Balis\u00e9s<\/span><\/p>\n<p style=\"color: #000000;\"><span style=\"color: #000000;\">11H00 : Majorettes d\u2019Anould<\/span><\/p>\n<p style=\"color: #000000;\"><span style=\"color: #000000;\">12H00 : Concert par l\u2019Harmonie Jeanne d\u2019Arc du Val d\u2019Ajol<\/span><\/p>\n<p style=\"color: #000000;\"><span style=\"color: #000000;\">Restauration<\/span><\/p>\n<p style=\"color: #000000;\"><span style=\"color: #000000;\">14H00 : Th\u00e9\u00e2tre de Marionnettes \u00ab Le Petit Roi Qu\u2019on Entendait Tousser \u00bb par L\u00e9a Demangeon<\/span><\/p>\n<p style=\"color: #000000;\"><span style=\"color: #000000;\">14H30 : Country Liberty Club d\u2019Archette<\/span><\/p>\n<p style=\"color: #000000;\"><span style=\"color: #000000;\">15H30 : D\u00e9monstration et Cours de Zumba par C\u00e9line et Camille<\/span><\/p>\n<p style=\"color: #000000;\"><span style=\"color: #000000;\">16H00 : Th\u00e9\u00e2tre de Marionnettes (deuxi\u00e8me s\u00e9ance)<\/span><\/p>\n<p style=\"color: #000000;\"><span style=\"color: #000000;\">17H00 : L\u00e2cher de Ballons<\/span><\/p>\n<p style=\"color: #000000;\"><span style=\"color: #000000;\">Toute la journ\u00e9e, de nombreuses activit\u00e9s :<\/span><\/p>\n<p style=\"color: #000000;\"><span style=\"color: #000000;\">Parcours Sportif par les Pompiers de G\u00e9rardmer, Chamboule Tout, Jeu de Quilles, vente d\u2019objets Publicitaires et Artisanaux, Stands d\u2019Informations : Association Vaincre la Mucoviscidose, Dons d\u2019organes\u2026<\/span><\/p>\n<p>&nbsp;<\/p>\n","protected":false},"excerpt":{"rendered":"<p>C&rsquo;est parti pour la toute premi\u00e8re Virade de\u00a0l\u2019Espoir\u00a0\u00e0 G\u00e9rardmer organis\u00e9e par l&rsquo;association Vaincre la Mucoviscidose localement\u00a0repr\u00e9sent\u00e9e par Sylvia B\u00e9rard et [&hellip;]<\/p>\n","protected":false},"author":42,"featured_media":0,"comment_status":"open","ping_status":"open","sticky":false,"template":"","format":"standard","meta":{"footnotes":""},"categories":[24,25,17],"tags":[],"class_list":["post-11804","post","type-post","status-publish","format-standard","hentry","category-evenements","category-gerardmer","category-vie-associative"],"acf":[],"yoast_head":"<!-- This site is optimized with the Yoast SEO plugin v22.5 - https:\/\/yoast.com\/wordpress\/plugins\/seo\/ -->\n<title>Donnez votre souffle \u00e0 ceux qui n&#039;en ont pas - Gerardmer Info<\/title>\n<meta name=\"robots\" content=\"index, follow, max-snippet:-1, max-image-preview:large, max-video-preview:-1\" \/>\n<link rel=\"canonical\" href=\"https:\/\/vosgesinfo.fr\/gerardmerinfo\/2014\/09\/donnez-votre-souffle-a-ceux-qui-nen-ont-pas\/\" \/>\n<meta name=\"twitter:card\" content=\"summary_large_image\" \/>\n<meta name=\"twitter:title\" content=\"Donnez votre souffle \u00e0 ceux qui n&#039;en ont pas - Gerardmer Info\" \/>\n<meta name=\"twitter:description\" content=\"C&rsquo;est parti pour la toute premi\u00e8re Virade de\u00a0l\u2019Espoir\u00a0\u00e0 G\u00e9rardmer organis\u00e9e par l&rsquo;association Vaincre la Mucoviscidose localement\u00a0repr\u00e9sent\u00e9e par Sylvia B\u00e9rard et [&hellip;]\" \/>\n<meta name=\"twitter:image\" content=\"http:\/\/gerardmerinfo.fr\" \/>\n<meta name=\"twitter:creator\" content=\"@VosgesInfo88\" \/>\n<meta name=\"twitter:site\" content=\"@VosgesInfo88\" \/>\n<meta name=\"twitter:label1\" content=\"\u00c9crit par\" \/>\n\t<meta name=\"twitter:data1\" content=\"QG\" \/>\n\t<meta name=\"twitter:label2\" content=\"Dur\u00e9e de lecture estim\u00e9e\" \/>\n\t<meta name=\"twitter:data2\" content=\"2 minutes\" \/>\n<script type=\"application\/ld+json\" class=\"yoast-schema-graph\">{\"@context\":\"https:\/\/schema.org\",\"@graph\":[{\"@type\":\"Article\",\"@id\":\"https:\/\/vosgesinfo.fr\/gerardmerinfo\/2014\/09\/donnez-votre-souffle-a-ceux-qui-nen-ont-pas\/#article\",\"isPartOf\":{\"@id\":\"https:\/\/vosgesinfo.fr\/gerardmerinfo\/2014\/09\/donnez-votre-souffle-a-ceux-qui-nen-ont-pas\/\"},\"author\":{\"name\":\"QG\",\"@id\":\"https:\/\/vosgesinfo.fr\/gerardmerinfo\/#\/schema\/person\/db5605779a843dad16b5368f3e7613a5\"},\"headline\":\"Donnez votre souffle \u00e0 ceux qui n&rsquo;en ont pas\",\"datePublished\":\"2014-09-27T15:27:06+00:00\",\"dateModified\":\"2014-09-27T15:27:06+00:00\",\"mainEntityOfPage\":{\"@id\":\"https:\/\/vosgesinfo.fr\/gerardmerinfo\/2014\/09\/donnez-votre-souffle-a-ceux-qui-nen-ont-pas\/\"},\"wordCount\":429,\"commentCount\":0,\"publisher\":{\"@id\":\"https:\/\/vosgesinfo.fr\/gerardmerinfo\/#organization\"},\"image\":{\"@id\":\"https:\/\/vosgesinfo.fr\/gerardmerinfo\/2014\/09\/donnez-votre-souffle-a-ceux-qui-nen-ont-pas\/#primaryimage\"},\"thumbnailUrl\":\"http:\/\/gerardmerinfo.fr\",\"articleSection\":[\"Ev\u00e8nements\",\"G\u00e9rardmer\",\"Vie Associative\"],\"inLanguage\":\"fr-FR\",\"potentialAction\":[{\"@type\":\"CommentAction\",\"name\":\"Comment\",\"target\":[\"https:\/\/vosgesinfo.fr\/gerardmerinfo\/2014\/09\/donnez-votre-souffle-a-ceux-qui-nen-ont-pas\/#respond\"]}]},{\"@type\":\"WebPage\",\"@id\":\"https:\/\/vosgesinfo.fr\/gerardmerinfo\/2014\/09\/donnez-votre-souffle-a-ceux-qui-nen-ont-pas\/\",\"url\":\"https:\/\/vosgesinfo.fr\/gerardmerinfo\/2014\/09\/donnez-votre-souffle-a-ceux-qui-nen-ont-pas\/\",\"name\":\"Donnez votre souffle \u00e0 ceux qui n'en ont pas - Gerardmer Info\",\"isPartOf\":{\"@id\":\"https:\/\/vosgesinfo.fr\/gerardmerinfo\/#website\"},\"primaryImageOfPage\":{\"@id\":\"https:\/\/vosgesinfo.fr\/gerardmerinfo\/2014\/09\/donnez-votre-souffle-a-ceux-qui-nen-ont-pas\/#primaryimage\"},\"image\":{\"@id\":\"https:\/\/vosgesinfo.fr\/gerardmerinfo\/2014\/09\/donnez-votre-souffle-a-ceux-qui-nen-ont-pas\/#primaryimage\"},\"thumbnailUrl\":\"http:\/\/gerardmerinfo.fr\",\"datePublished\":\"2014-09-27T15:27:06+00:00\",\"dateModified\":\"2014-09-27T15:27:06+00:00\",\"breadcrumb\":{\"@id\":\"https:\/\/vosgesinfo.fr\/gerardmerinfo\/2014\/09\/donnez-votre-souffle-a-ceux-qui-nen-ont-pas\/#breadcrumb\"},\"inLanguage\":\"fr-FR\",\"potentialAction\":[{\"@type\":\"ReadAction\",\"target\":[\"https:\/\/vosgesinfo.fr\/gerardmerinfo\/2014\/09\/donnez-votre-souffle-a-ceux-qui-nen-ont-pas\/\"]}]},{\"@type\":\"ImageObject\",\"inLanguage\":\"fr-FR\",\"@id\":\"https:\/\/vosgesinfo.fr\/gerardmerinfo\/2014\/09\/donnez-votre-souffle-a-ceux-qui-nen-ont-pas\/#primaryimage\",\"url\":\"http:\/\/gerardmerinfo.fr\",\"contentUrl\":\"http:\/\/gerardmerinfo.fr\"},{\"@type\":\"BreadcrumbList\",\"@id\":\"https:\/\/vosgesinfo.fr\/gerardmerinfo\/2014\/09\/donnez-votre-souffle-a-ceux-qui-nen-ont-pas\/#breadcrumb\",\"itemListElement\":[{\"@type\":\"ListItem\",\"position\":1,\"name\":\"Home\",\"item\":\"https:\/\/vosgesinfo.fr\/gerardmerinfo\/\"},{\"@type\":\"ListItem\",\"position\":2,\"name\":\"Donnez votre souffle \u00e0 ceux qui n&rsquo;en ont pas\"}]},{\"@type\":\"WebSite\",\"@id\":\"https:\/\/vosgesinfo.fr\/gerardmerinfo\/#website\",\"url\":\"https:\/\/vosgesinfo.fr\/gerardmerinfo\/\",\"name\":\"Gerardmer Info\",\"description\":\"Toute l&#039;actualit\u00e9 de G\u00e9rardmer\",\"publisher\":{\"@id\":\"https:\/\/vosgesinfo.fr\/gerardmerinfo\/#organization\"},\"alternateName\":\"Toute l'actualit\u00e9 de G\u00e9rardmer\",\"potentialAction\":[{\"@type\":\"SearchAction\",\"target\":{\"@type\":\"EntryPoint\",\"urlTemplate\":\"https:\/\/vosgesinfo.fr\/gerardmerinfo\/?s={search_term_string}\"},\"query-input\":\"required name=search_term_string\"}],\"inLanguage\":\"fr-FR\"},{\"@type\":\"Organization\",\"@id\":\"https:\/\/vosgesinfo.fr\/gerardmerinfo\/#organization\",\"name\":\"Gerardmer Info\",\"url\":\"https:\/\/vosgesinfo.fr\/gerardmerinfo\/\",\"logo\":{\"@type\":\"ImageObject\",\"inLanguage\":\"fr-FR\",\"@id\":\"https:\/\/vosgesinfo.fr\/gerardmerinfo\/#\/schema\/logo\/image\/\",\"url\":\"https:\/\/vosgesinfo.fr\/app\/uploads\/sites\/6\/2023\/08\/favicon-gerardmerinfo.png\",\"contentUrl\":\"https:\/\/vosgesinfo.fr\/app\/uploads\/sites\/6\/2023\/08\/favicon-gerardmerinfo.png\",\"width\":512,\"height\":512,\"caption\":\"Gerardmer Info\"},\"image\":{\"@id\":\"https:\/\/vosgesinfo.fr\/gerardmerinfo\/#\/schema\/logo\/image\/\"},\"sameAs\":[\"https:\/\/www.facebook.com\/profile.php?id=100049475262660\",\"https:\/\/x.com\/VosgesInfo88\",\"https:\/\/www.youtube.com\/@vosgesinfo\"]},{\"@type\":\"Person\",\"@id\":\"https:\/\/vosgesinfo.fr\/gerardmerinfo\/#\/schema\/person\/db5605779a843dad16b5368f3e7613a5\",\"name\":\"QG\",\"image\":{\"@type\":\"ImageObject\",\"inLanguage\":\"fr-FR\",\"@id\":\"https:\/\/vosgesinfo.fr\/gerardmerinfo\/#\/schema\/person\/image\/\",\"url\":\"https:\/\/secure.gravatar.com\/avatar\/ea80c42c204b534408512832fde52504ecabb9706bcb6151cf6175e5b64e6793?s=96&d=mm&r=g\",\"contentUrl\":\"https:\/\/secure.gravatar.com\/avatar\/ea80c42c204b534408512832fde52504ecabb9706bcb6151cf6175e5b64e6793?s=96&d=mm&r=g\",\"caption\":\"QG\"},\"url\":\"https:\/\/vosgesinfo.fr\/gerardmerinfo\/author\/quentin88\/\"}]}<\/script>\n<!-- \/ Yoast SEO plugin. -->","yoast_head_json":{"title":"Donnez votre souffle \u00e0 ceux qui n'en ont pas - Gerardmer Info","robots":{"index":"index","follow":"follow","max-snippet":"max-snippet:-1","max-image-preview":"max-image-preview:large","max-video-preview":"max-video-preview:-1"},"canonical":"https:\/\/vosgesinfo.fr\/gerardmerinfo\/2014\/09\/donnez-votre-souffle-a-ceux-qui-nen-ont-pas\/","twitter_card":"summary_large_image","twitter_title":"Donnez votre souffle \u00e0 ceux qui n'en ont pas - Gerardmer Info","twitter_description":"C&rsquo;est parti pour la toute premi\u00e8re Virade de\u00a0l\u2019Espoir\u00a0\u00e0 G\u00e9rardmer organis\u00e9e par l&rsquo;association Vaincre la Mucoviscidose localement\u00a0repr\u00e9sent\u00e9e par Sylvia B\u00e9rard et [&hellip;]","twitter_image":"http:\/\/gerardmerinfo.fr","twitter_creator":"@VosgesInfo88","twitter_site":"@VosgesInfo88","twitter_misc":{"\u00c9crit par":"QG","Dur\u00e9e de lecture estim\u00e9e":"2 minutes"},"schema":{"@context":"https:\/\/schema.org","@graph":[{"@type":"Article","@id":"https:\/\/vosgesinfo.fr\/gerardmerinfo\/2014\/09\/donnez-votre-souffle-a-ceux-qui-nen-ont-pas\/#article","isPartOf":{"@id":"https:\/\/vosgesinfo.fr\/gerardmerinfo\/2014\/09\/donnez-votre-souffle-a-ceux-qui-nen-ont-pas\/"},"author":{"name":"QG","@id":"https:\/\/vosgesinfo.fr\/gerardmerinfo\/#\/schema\/person\/db5605779a843dad16b5368f3e7613a5"},"headline":"Donnez votre souffle \u00e0 ceux qui n&rsquo;en ont pas","datePublished":"2014-09-27T15:27:06+00:00","dateModified":"2014-09-27T15:27:06+00:00","mainEntityOfPage":{"@id":"https:\/\/vosgesinfo.fr\/gerardmerinfo\/2014\/09\/donnez-votre-souffle-a-ceux-qui-nen-ont-pas\/"},"wordCount":429,"commentCount":0,"publisher":{"@id":"https:\/\/vosgesinfo.fr\/gerardmerinfo\/#organization"},"image":{"@id":"https:\/\/vosgesinfo.fr\/gerardmerinfo\/2014\/09\/donnez-votre-souffle-a-ceux-qui-nen-ont-pas\/#primaryimage"},"thumbnailUrl":"http:\/\/gerardmerinfo.fr","articleSection":["Ev\u00e8nements","G\u00e9rardmer","Vie Associative"],"inLanguage":"fr-FR","potentialAction":[{"@type":"CommentAction","name":"Comment","target":["https:\/\/vosgesinfo.fr\/gerardmerinfo\/2014\/09\/donnez-votre-souffle-a-ceux-qui-nen-ont-pas\/#respond"]}]},{"@type":"WebPage","@id":"https:\/\/vosgesinfo.fr\/gerardmerinfo\/2014\/09\/donnez-votre-souffle-a-ceux-qui-nen-ont-pas\/","url":"https:\/\/vosgesinfo.fr\/gerardmerinfo\/2014\/09\/donnez-votre-souffle-a-ceux-qui-nen-ont-pas\/","name":"Donnez votre souffle \u00e0 ceux qui n'en ont pas - Gerardmer Info","isPartOf":{"@id":"https:\/\/vosgesinfo.fr\/gerardmerinfo\/#website"},"primaryImageOfPage":{"@id":"https:\/\/vosgesinfo.fr\/gerardmerinfo\/2014\/09\/donnez-votre-souffle-a-ceux-qui-nen-ont-pas\/#primaryimage"},"image":{"@id":"https:\/\/vosgesinfo.fr\/gerardmerinfo\/2014\/09\/donnez-votre-souffle-a-ceux-qui-nen-ont-pas\/#primaryimage"},"thumbnailUrl":"http:\/\/gerardmerinfo.fr","datePublished":"2014-09-27T15:27:06+00:00","dateModified":"2014-09-27T15:27:06+00:00","breadcrumb":{"@id":"https:\/\/vosgesinfo.fr\/gerardmerinfo\/2014\/09\/donnez-votre-souffle-a-ceux-qui-nen-ont-pas\/#breadcrumb"},"inLanguage":"fr-FR","potentialAction":[{"@type":"ReadAction","target":["https:\/\/vosgesinfo.fr\/gerardmerinfo\/2014\/09\/donnez-votre-souffle-a-ceux-qui-nen-ont-pas\/"]}]},{"@type":"ImageObject","inLanguage":"fr-FR","@id":"https:\/\/vosgesinfo.fr\/gerardmerinfo\/2014\/09\/donnez-votre-souffle-a-ceux-qui-nen-ont-pas\/#primaryimage","url":"http:\/\/gerardmerinfo.fr","contentUrl":"http:\/\/gerardmerinfo.fr"},{"@type":"BreadcrumbList","@id":"https:\/\/vosgesinfo.fr\/gerardmerinfo\/2014\/09\/donnez-votre-souffle-a-ceux-qui-nen-ont-pas\/#breadcrumb","itemListElement":[{"@type":"ListItem","position":1,"name":"Home","item":"https:\/\/vosgesinfo.fr\/gerardmerinfo\/"},{"@type":"ListItem","position":2,"name":"Donnez votre souffle \u00e0 ceux qui n&rsquo;en ont pas"}]},{"@type":"WebSite","@id":"https:\/\/vosgesinfo.fr\/gerardmerinfo\/#website","url":"https:\/\/vosgesinfo.fr\/gerardmerinfo\/","name":"Gerardmer Info","description":"Toute l&#039;actualit\u00e9 de G\u00e9rardmer","publisher":{"@id":"https:\/\/vosgesinfo.fr\/gerardmerinfo\/#organization"},"alternateName":"Toute l'actualit\u00e9 de G\u00e9rardmer","potentialAction":[{"@type":"SearchAction","target":{"@type":"EntryPoint","urlTemplate":"https:\/\/vosgesinfo.fr\/gerardmerinfo\/?s={search_term_string}"},"query-input":"required name=search_term_string"}],"inLanguage":"fr-FR"},{"@type":"Organization","@id":"https:\/\/vosgesinfo.fr\/gerardmerinfo\/#organization","name":"Gerardmer Info","url":"https:\/\/vosgesinfo.fr\/gerardmerinfo\/","logo":{"@type":"ImageObject","inLanguage":"fr-FR","@id":"https:\/\/vosgesinfo.fr\/gerardmerinfo\/#\/schema\/logo\/image\/","url":"https:\/\/vosgesinfo.fr\/app\/uploads\/sites\/6\/2023\/08\/favicon-gerardmerinfo.png","contentUrl":"https:\/\/vosgesinfo.fr\/app\/uploads\/sites\/6\/2023\/08\/favicon-gerardmerinfo.png","width":512,"height":512,"caption":"Gerardmer Info"},"image":{"@id":"https:\/\/vosgesinfo.fr\/gerardmerinfo\/#\/schema\/logo\/image\/"},"sameAs":["https:\/\/www.facebook.com\/profile.php?id=100049475262660","https:\/\/x.com\/VosgesInfo88","https:\/\/www.youtube.com\/@vosgesinfo"]},{"@type":"Person","@id":"https:\/\/vosgesinfo.fr\/gerardmerinfo\/#\/schema\/person\/db5605779a843dad16b5368f3e7613a5","name":"QG","image":{"@type":"ImageObject","inLanguage":"fr-FR","@id":"https:\/\/vosgesinfo.fr\/gerardmerinfo\/#\/schema\/person\/image\/","url":"https:\/\/secure.gravatar.com\/avatar\/ea80c42c204b534408512832fde52504ecabb9706bcb6151cf6175e5b64e6793?s=96&d=mm&r=g","contentUrl":"https:\/\/secure.gravatar.com\/avatar\/ea80c42c204b534408512832fde52504ecabb9706bcb6151cf6175e5b64e6793?s=96&d=mm&r=g","caption":"QG"},"url":"https:\/\/vosgesinfo.fr\/gerardmerinfo\/author\/quentin88\/"}]}},"_links":{"self":[{"href":"https:\/\/vosgesinfo.fr\/gerardmerinfo\/wp-json\/wp\/v2\/posts\/11804","targetHints":{"allow":["GET"]}}],"collection":[{"href":"https:\/\/vosgesinfo.fr\/gerardmerinfo\/wp-json\/wp\/v2\/posts"}],"about":[{"href":"https:\/\/vosgesinfo.fr\/gerardmerinfo\/wp-json\/wp\/v2\/types\/post"}],"author":[{"embeddable":true,"href":"https:\/\/vosgesinfo.fr\/gerardmerinfo\/wp-json\/wp\/v2\/users\/42"}],"replies":[{"embeddable":true,"href":"https:\/\/vosgesinfo.fr\/gerardmerinfo\/wp-json\/wp\/v2\/comments?post=11804"}],"version-history":[{"count":0,"href":"https:\/\/vosgesinfo.fr\/gerardmerinfo\/wp-json\/wp\/v2\/posts\/11804\/revisions"}],"wp:attachment":[{"href":"https:\/\/vosgesinfo.fr\/gerardmerinfo\/wp-json\/wp\/v2\/media?parent=11804"}],"wp:term":[{"taxonomy":"category","embeddable":true,"href":"https:\/\/vosgesinfo.fr\/gerardmerinfo\/wp-json\/wp\/v2\/categories?post=11804"},{"taxonomy":"post_tag","embeddable":true,"href":"https:\/\/vosgesinfo.fr\/gerardmerinfo\/wp-json\/wp\/v2\/tags?post=11804"}],"curies":[{"name":"wp","href":"https:\/\/api.w.org\/{rel}","templated":true}]}}