{"id":11805,"date":"2014-09-28T17:06:30","date_gmt":"2014-09-28T15:06:30","guid":{"rendered":"https:\/\/vosgesinfo.fr\/gerardmerinfo\/2014\/09\/quand-laviron-va-tout-va\/"},"modified":"2014-09-28T17:06:30","modified_gmt":"2014-09-28T15:06:30","slug":"quand-laviron-va-tout-va","status":"publish","type":"post","link":"https:\/\/vosgesinfo.fr\/gerardmerinfo\/2014\/09\/quand-laviron-va-tout-va\/","title":{"rendered":"Quand l&rsquo;aviron va, tout va !"},"content":{"rendered":"<div id=\"attachment_39723\" style=\"width: 310px\" class=\"wp-caption alignleft\"><a href=\"http:\/\/gerardmerinfo.fr\" rel=\"attachment wp-att-39723\"><img decoding=\"async\" aria-describedby=\"caption-attachment-39723\" class=\"size-medium wp-image-39723\" src=\"http:\/\/gerardmerinfo.fr\" alt=\"Duel de fille, duel au solein\" width=\"300\" height=\"225\" \/><\/a><p id=\"caption-attachment-39723\" class=\"wp-caption-text\">Duel de filles, duel au soleil<\/p><\/div>\n<p>Soleil, douceur, performance, convivialit\u00e9, b\u00e9n\u00e9volat,\u00a0 \u0153il clair, muscles saillants et peau cuivr\u00e9e voil\u00e0 comment r\u00e9sumer les championnats\u00a0 de France d&rsquo;aviron cat\u00e9gorie sprint et s\u00e9nior qui se sont d\u00e9roul\u00e9s pendant tout le week-end sur les bords du lac. Tous les ingr\u00e9dients pour passer deux jours confortables pour les organiseurs, les participants venus des quatre coins de la France mais aussi pour les regardants \u00e9galement venus en nombre pour parfois d\u00e9couvrir une discipline impressionnante surtout sur des distances courtes. Quand l\u2019aviron va, tout va : pour\u00a0 le sport local, pour l&rsquo;\u00e9conomie de la ville. Il y aura toujours les\u00a0 r\u00e2leurs de service qui ne profitent pas suffisamment des retomb\u00e9es de la manifestation mais encore une fois, comme le sont d&rsquo;autres rendez vous sportifs comme le triathlon, la commune b\u00e9n\u00e9ficie \u00e9conomiquement de l&rsquo;affluence des comp\u00e9titeurs et des accompagnants. Sans oublier les retomb\u00e9es en termes d&rsquo;image en ce qui concerne l&rsquo;\u00e9crin si particulier de la Perle des Vosges surtout lorsque le soleil est de sortie&#8230;plus que \u00e7a m\u00eame. Les comp\u00e9titeurs, pour les plus \u00e9loign\u00e9s qui ne connaissaient pas encore G\u00e9rardmer, sont tomb\u00e9s sous le charme de la vall\u00e9e, de la douceur de ses montagnes et de l&rsquo;atmosph\u00e8re d\u00e9contract\u00e9e et sympathique insuffl\u00e9e par la bande du pr\u00e9sident Arnaud Tixier.<\/p>\n<div id=\"attachment_39724\" style=\"width: 310px\" class=\"wp-caption alignright\"><a href=\"http:\/\/gerardmerinfo.fr\" rel=\"attachment wp-att-39724\"><img decoding=\"async\" aria-describedby=\"caption-attachment-39724\" class=\"size-medium wp-image-39724\" src=\"http:\/\/gerardmerinfo.fr\" alt=\"Les pontons de l\u2019Union pour suivre les courses\" width=\"300\" height=\"225\" \/><\/a><p id=\"caption-attachment-39724\" class=\"wp-caption-text\">Les pontons de l\u2019Union pour suivre les courses<\/p><\/div>\n<p>Pour une premier, ce fut en effet un v\u00e9ritable coup de ma\u00eetre\u00a0 pour l&rsquo;ASG Aviron et ses 130 b\u00e9n\u00e9voles. Pas de couac, pas de fausse note m\u00eame si, par\u00a0 d\u00e9finition et exp\u00e9rience,\u00a0 les organisateurs\u00a0 ont d\u00e9j\u00e0 not\u00e9 des am\u00e9liorations \u00e0 apporter l&rsquo;an prochain avec un nouveau championnat de m\u00eame calibre. En attendant, le lac va retrouver son calme hivernal sans que l&rsquo;activit\u00e9 ne cesse pourtant pour les rameurs : il reste encore de beaux jours d&rsquo;automne jusqu&rsquo;\u00e0 l&rsquo;arriv\u00e9e de la glace. Puis, la saison 2015 prendra forme dans la p\u00e9nombre des hangars \u00e0\u00a0 la force des poignets pour les comp\u00e9titeurs et de r\u00e9flexion pour les responsables de l\u2019association dont les ambitions sont forc\u00e9ment \u00e0 la hausse avec le succ\u00e8s de ces championnats de France. Une nouvelle \u00e8re se dessine pour l&rsquo;ASG Aviron.<\/p>\n<div id=\"attachment_39725\" style=\"width: 310px\" class=\"wp-caption alignleft\"><a href=\"http:\/\/gerardmerinfo.fr\" rel=\"attachment wp-att-39725\"><img decoding=\"async\" aria-describedby=\"caption-attachment-39725\" class=\"size-medium wp-image-39725\" src=\"http:\/\/gerardmerinfo.fr\" alt=\"Soleil, solei\" width=\"300\" height=\"225\" \/><\/a><p id=\"caption-attachment-39725\" class=\"wp-caption-text\">Soleil, soleil<\/p><\/div>\n","protected":false},"excerpt":{"rendered":"<p>Soleil, douceur, performance, convivialit\u00e9, b\u00e9n\u00e9volat,\u00a0 \u0153il clair, muscles saillants et peau cuivr\u00e9e voil\u00e0 comment r\u00e9sumer les championnats\u00a0 de France d&rsquo;aviron [&hellip;]<\/p>\n","protected":false},"author":1,"featured_media":0,"comment_status":"open","ping_status":"open","sticky":false,"template":"","format":"standard","meta":{"footnotes":""},"categories":[14,18],"tags":[],"class_list":["post-11805","post","type-post","status-publish","format-standard","hentry","category-sport","category-vosges"],"acf":[],"yoast_head":"<!-- This site is optimized with the Yoast SEO plugin v22.5 - https:\/\/yoast.com\/wordpress\/plugins\/seo\/ -->\n<title>Quand l&#039;aviron va, tout va ! - Gerardmer Info<\/title>\n<meta name=\"robots\" content=\"index, follow, max-snippet:-1, max-image-preview:large, max-video-preview:-1\" \/>\n<link rel=\"canonical\" href=\"https:\/\/vosgesinfo.fr\/gerardmerinfo\/2014\/09\/quand-laviron-va-tout-va\/\" \/>\n<meta name=\"twitter:card\" content=\"summary_large_image\" \/>\n<meta name=\"twitter:title\" content=\"Quand l&#039;aviron va, tout va ! - Gerardmer Info\" \/>\n<meta name=\"twitter:description\" content=\"Soleil, douceur, performance, convivialit\u00e9, b\u00e9n\u00e9volat,\u00a0 \u0153il clair, muscles saillants et peau cuivr\u00e9e voil\u00e0 comment r\u00e9sumer les championnats\u00a0 de France d&rsquo;aviron [&hellip;]\" \/>\n<meta name=\"twitter:image\" content=\"http:\/\/gerardmerinfo.fr\" \/>\n<meta name=\"twitter:creator\" content=\"@VosgesInfo88\" \/>\n<meta name=\"twitter:site\" content=\"@VosgesInfo88\" \/>\n<meta name=\"twitter:label1\" content=\"\u00c9crit par\" \/>\n\t<meta name=\"twitter:data1\" content=\"qs_admin\" \/>\n\t<meta name=\"twitter:label2\" content=\"Dur\u00e9e de lecture estim\u00e9e\" \/>\n\t<meta name=\"twitter:data2\" content=\"2 minutes\" \/>\n<script type=\"application\/ld+json\" class=\"yoast-schema-graph\">{\"@context\":\"https:\/\/schema.org\",\"@graph\":[{\"@type\":\"Article\",\"@id\":\"https:\/\/vosgesinfo.fr\/gerardmerinfo\/2014\/09\/quand-laviron-va-tout-va\/#article\",\"isPartOf\":{\"@id\":\"https:\/\/vosgesinfo.fr\/gerardmerinfo\/2014\/09\/quand-laviron-va-tout-va\/\"},\"author\":{\"name\":\"qs_admin\",\"@id\":\"https:\/\/vosgesinfo.fr\/gerardmerinfo\/#\/schema\/person\/bc5d02d71e6932e81b6dadb7386667b1\"},\"headline\":\"Quand l&rsquo;aviron va, tout va !\",\"datePublished\":\"2014-09-28T15:06:30+00:00\",\"dateModified\":\"2014-09-28T15:06:30+00:00\",\"mainEntityOfPage\":{\"@id\":\"https:\/\/vosgesinfo.fr\/gerardmerinfo\/2014\/09\/quand-laviron-va-tout-va\/\"},\"wordCount\":432,\"commentCount\":0,\"publisher\":{\"@id\":\"https:\/\/vosgesinfo.fr\/gerardmerinfo\/#organization\"},\"image\":{\"@id\":\"https:\/\/vosgesinfo.fr\/gerardmerinfo\/2014\/09\/quand-laviron-va-tout-va\/#primaryimage\"},\"thumbnailUrl\":\"http:\/\/gerardmerinfo.fr\",\"articleSection\":[\"Sport\",\"Vosges\"],\"inLanguage\":\"fr-FR\",\"potentialAction\":[{\"@type\":\"CommentAction\",\"name\":\"Comment\",\"target\":[\"https:\/\/vosgesinfo.fr\/gerardmerinfo\/2014\/09\/quand-laviron-va-tout-va\/#respond\"]}]},{\"@type\":\"WebPage\",\"@id\":\"https:\/\/vosgesinfo.fr\/gerardmerinfo\/2014\/09\/quand-laviron-va-tout-va\/\",\"url\":\"https:\/\/vosgesinfo.fr\/gerardmerinfo\/2014\/09\/quand-laviron-va-tout-va\/\",\"name\":\"Quand l'aviron va, tout va ! - Gerardmer Info\",\"isPartOf\":{\"@id\":\"https:\/\/vosgesinfo.fr\/gerardmerinfo\/#website\"},\"primaryImageOfPage\":{\"@id\":\"https:\/\/vosgesinfo.fr\/gerardmerinfo\/2014\/09\/quand-laviron-va-tout-va\/#primaryimage\"},\"image\":{\"@id\":\"https:\/\/vosgesinfo.fr\/gerardmerinfo\/2014\/09\/quand-laviron-va-tout-va\/#primaryimage\"},\"thumbnailUrl\":\"http:\/\/gerardmerinfo.fr\",\"datePublished\":\"2014-09-28T15:06:30+00:00\",\"dateModified\":\"2014-09-28T15:06:30+00:00\",\"breadcrumb\":{\"@id\":\"https:\/\/vosgesinfo.fr\/gerardmerinfo\/2014\/09\/quand-laviron-va-tout-va\/#breadcrumb\"},\"inLanguage\":\"fr-FR\",\"potentialAction\":[{\"@type\":\"ReadAction\",\"target\":[\"https:\/\/vosgesinfo.fr\/gerardmerinfo\/2014\/09\/quand-laviron-va-tout-va\/\"]}]},{\"@type\":\"ImageObject\",\"inLanguage\":\"fr-FR\",\"@id\":\"https:\/\/vosgesinfo.fr\/gerardmerinfo\/2014\/09\/quand-laviron-va-tout-va\/#primaryimage\",\"url\":\"http:\/\/gerardmerinfo.fr\",\"contentUrl\":\"http:\/\/gerardmerinfo.fr\"},{\"@type\":\"BreadcrumbList\",\"@id\":\"https:\/\/vosgesinfo.fr\/gerardmerinfo\/2014\/09\/quand-laviron-va-tout-va\/#breadcrumb\",\"itemListElement\":[{\"@type\":\"ListItem\",\"position\":1,\"name\":\"Home\",\"item\":\"https:\/\/vosgesinfo.fr\/gerardmerinfo\/\"},{\"@type\":\"ListItem\",\"position\":2,\"name\":\"Quand l&rsquo;aviron va, tout va !\"}]},{\"@type\":\"WebSite\",\"@id\":\"https:\/\/vosgesinfo.fr\/gerardmerinfo\/#website\",\"url\":\"https:\/\/vosgesinfo.fr\/gerardmerinfo\/\",\"name\":\"Gerardmer Info\",\"description\":\"Toute l&#039;actualit\u00e9 de G\u00e9rardmer\",\"publisher\":{\"@id\":\"https:\/\/vosgesinfo.fr\/gerardmerinfo\/#organization\"},\"alternateName\":\"Toute l'actualit\u00e9 de G\u00e9rardmer\",\"potentialAction\":[{\"@type\":\"SearchAction\",\"target\":{\"@type\":\"EntryPoint\",\"urlTemplate\":\"https:\/\/vosgesinfo.fr\/gerardmerinfo\/?s={search_term_string}\"},\"query-input\":\"required name=search_term_string\"}],\"inLanguage\":\"fr-FR\"},{\"@type\":\"Organization\",\"@id\":\"https:\/\/vosgesinfo.fr\/gerardmerinfo\/#organization\",\"name\":\"Gerardmer Info\",\"url\":\"https:\/\/vosgesinfo.fr\/gerardmerinfo\/\",\"logo\":{\"@type\":\"ImageObject\",\"inLanguage\":\"fr-FR\",\"@id\":\"https:\/\/vosgesinfo.fr\/gerardmerinfo\/#\/schema\/logo\/image\/\",\"url\":\"https:\/\/vosgesinfo.fr\/app\/uploads\/sites\/6\/2023\/08\/favicon-gerardmerinfo.png\",\"contentUrl\":\"https:\/\/vosgesinfo.fr\/app\/uploads\/sites\/6\/2023\/08\/favicon-gerardmerinfo.png\",\"width\":512,\"height\":512,\"caption\":\"Gerardmer Info\"},\"image\":{\"@id\":\"https:\/\/vosgesinfo.fr\/gerardmerinfo\/#\/schema\/logo\/image\/\"},\"sameAs\":[\"https:\/\/www.facebook.com\/profile.php?id=100049475262660\",\"https:\/\/x.com\/VosgesInfo88\",\"https:\/\/www.youtube.com\/@vosgesinfo\"]},{\"@type\":\"Person\",\"@id\":\"https:\/\/vosgesinfo.fr\/gerardmerinfo\/#\/schema\/person\/bc5d02d71e6932e81b6dadb7386667b1\",\"name\":\"qs_admin\",\"image\":{\"@type\":\"ImageObject\",\"inLanguage\":\"fr-FR\",\"@id\":\"https:\/\/vosgesinfo.fr\/gerardmerinfo\/#\/schema\/person\/image\/\",\"url\":\"https:\/\/secure.gravatar.com\/avatar\/94b18ee0ed79e4a42ea2f2931277b6841a8999fc6fde214600c78057cf1fe1de?s=96&d=mm&r=g\",\"contentUrl\":\"https:\/\/secure.gravatar.com\/avatar\/94b18ee0ed79e4a42ea2f2931277b6841a8999fc6fde214600c78057cf1fe1de?s=96&d=mm&r=g\",\"caption\":\"qs_admin\"},\"sameAs\":[\"https:\/\/vosgesinfo.fr\/wp\"],\"url\":\"https:\/\/vosgesinfo.fr\/gerardmerinfo\/author\/qs_admin\/\"}]}<\/script>\n<!-- \/ Yoast SEO plugin. -->","yoast_head_json":{"title":"Quand l'aviron va, tout va ! - Gerardmer Info","robots":{"index":"index","follow":"follow","max-snippet":"max-snippet:-1","max-image-preview":"max-image-preview:large","max-video-preview":"max-video-preview:-1"},"canonical":"https:\/\/vosgesinfo.fr\/gerardmerinfo\/2014\/09\/quand-laviron-va-tout-va\/","twitter_card":"summary_large_image","twitter_title":"Quand l'aviron va, tout va ! - Gerardmer Info","twitter_description":"Soleil, douceur, performance, convivialit\u00e9, b\u00e9n\u00e9volat,\u00a0 \u0153il clair, muscles saillants et peau cuivr\u00e9e voil\u00e0 comment r\u00e9sumer les championnats\u00a0 de France d&rsquo;aviron [&hellip;]","twitter_image":"http:\/\/gerardmerinfo.fr","twitter_creator":"@VosgesInfo88","twitter_site":"@VosgesInfo88","twitter_misc":{"\u00c9crit par":"qs_admin","Dur\u00e9e de lecture estim\u00e9e":"2 minutes"},"schema":{"@context":"https:\/\/schema.org","@graph":[{"@type":"Article","@id":"https:\/\/vosgesinfo.fr\/gerardmerinfo\/2014\/09\/quand-laviron-va-tout-va\/#article","isPartOf":{"@id":"https:\/\/vosgesinfo.fr\/gerardmerinfo\/2014\/09\/quand-laviron-va-tout-va\/"},"author":{"name":"qs_admin","@id":"https:\/\/vosgesinfo.fr\/gerardmerinfo\/#\/schema\/person\/bc5d02d71e6932e81b6dadb7386667b1"},"headline":"Quand l&rsquo;aviron va, tout va !","datePublished":"2014-09-28T15:06:30+00:00","dateModified":"2014-09-28T15:06:30+00:00","mainEntityOfPage":{"@id":"https:\/\/vosgesinfo.fr\/gerardmerinfo\/2014\/09\/quand-laviron-va-tout-va\/"},"wordCount":432,"commentCount":0,"publisher":{"@id":"https:\/\/vosgesinfo.fr\/gerardmerinfo\/#organization"},"image":{"@id":"https:\/\/vosgesinfo.fr\/gerardmerinfo\/2014\/09\/quand-laviron-va-tout-va\/#primaryimage"},"thumbnailUrl":"http:\/\/gerardmerinfo.fr","articleSection":["Sport","Vosges"],"inLanguage":"fr-FR","potentialAction":[{"@type":"CommentAction","name":"Comment","target":["https:\/\/vosgesinfo.fr\/gerardmerinfo\/2014\/09\/quand-laviron-va-tout-va\/#respond"]}]},{"@type":"WebPage","@id":"https:\/\/vosgesinfo.fr\/gerardmerinfo\/2014\/09\/quand-laviron-va-tout-va\/","url":"https:\/\/vosgesinfo.fr\/gerardmerinfo\/2014\/09\/quand-laviron-va-tout-va\/","name":"Quand l'aviron va, tout va ! - Gerardmer Info","isPartOf":{"@id":"https:\/\/vosgesinfo.fr\/gerardmerinfo\/#website"},"primaryImageOfPage":{"@id":"https:\/\/vosgesinfo.fr\/gerardmerinfo\/2014\/09\/quand-laviron-va-tout-va\/#primaryimage"},"image":{"@id":"https:\/\/vosgesinfo.fr\/gerardmerinfo\/2014\/09\/quand-laviron-va-tout-va\/#primaryimage"},"thumbnailUrl":"http:\/\/gerardmerinfo.fr","datePublished":"2014-09-28T15:06:30+00:00","dateModified":"2014-09-28T15:06:30+00:00","breadcrumb":{"@id":"https:\/\/vosgesinfo.fr\/gerardmerinfo\/2014\/09\/quand-laviron-va-tout-va\/#breadcrumb"},"inLanguage":"fr-FR","potentialAction":[{"@type":"ReadAction","target":["https:\/\/vosgesinfo.fr\/gerardmerinfo\/2014\/09\/quand-laviron-va-tout-va\/"]}]},{"@type":"ImageObject","inLanguage":"fr-FR","@id":"https:\/\/vosgesinfo.fr\/gerardmerinfo\/2014\/09\/quand-laviron-va-tout-va\/#primaryimage","url":"http:\/\/gerardmerinfo.fr","contentUrl":"http:\/\/gerardmerinfo.fr"},{"@type":"BreadcrumbList","@id":"https:\/\/vosgesinfo.fr\/gerardmerinfo\/2014\/09\/quand-laviron-va-tout-va\/#breadcrumb","itemListElement":[{"@type":"ListItem","position":1,"name":"Home","item":"https:\/\/vosgesinfo.fr\/gerardmerinfo\/"},{"@type":"ListItem","position":2,"name":"Quand l&rsquo;aviron va, tout va !"}]},{"@type":"WebSite","@id":"https:\/\/vosgesinfo.fr\/gerardmerinfo\/#website","url":"https:\/\/vosgesinfo.fr\/gerardmerinfo\/","name":"Gerardmer Info","description":"Toute l&#039;actualit\u00e9 de G\u00e9rardmer","publisher":{"@id":"https:\/\/vosgesinfo.fr\/gerardmerinfo\/#organization"},"alternateName":"Toute l'actualit\u00e9 de G\u00e9rardmer","potentialAction":[{"@type":"SearchAction","target":{"@type":"EntryPoint","urlTemplate":"https:\/\/vosgesinfo.fr\/gerardmerinfo\/?s={search_term_string}"},"query-input":"required name=search_term_string"}],"inLanguage":"fr-FR"},{"@type":"Organization","@id":"https:\/\/vosgesinfo.fr\/gerardmerinfo\/#organization","name":"Gerardmer Info","url":"https:\/\/vosgesinfo.fr\/gerardmerinfo\/","logo":{"@type":"ImageObject","inLanguage":"fr-FR","@id":"https:\/\/vosgesinfo.fr\/gerardmerinfo\/#\/schema\/logo\/image\/","url":"https:\/\/vosgesinfo.fr\/app\/uploads\/sites\/6\/2023\/08\/favicon-gerardmerinfo.png","contentUrl":"https:\/\/vosgesinfo.fr\/app\/uploads\/sites\/6\/2023\/08\/favicon-gerardmerinfo.png","width":512,"height":512,"caption":"Gerardmer Info"},"image":{"@id":"https:\/\/vosgesinfo.fr\/gerardmerinfo\/#\/schema\/logo\/image\/"},"sameAs":["https:\/\/www.facebook.com\/profile.php?id=100049475262660","https:\/\/x.com\/VosgesInfo88","https:\/\/www.youtube.com\/@vosgesinfo"]},{"@type":"Person","@id":"https:\/\/vosgesinfo.fr\/gerardmerinfo\/#\/schema\/person\/bc5d02d71e6932e81b6dadb7386667b1","name":"qs_admin","image":{"@type":"ImageObject","inLanguage":"fr-FR","@id":"https:\/\/vosgesinfo.fr\/gerardmerinfo\/#\/schema\/person\/image\/","url":"https:\/\/secure.gravatar.com\/avatar\/94b18ee0ed79e4a42ea2f2931277b6841a8999fc6fde214600c78057cf1fe1de?s=96&d=mm&r=g","contentUrl":"https:\/\/secure.gravatar.com\/avatar\/94b18ee0ed79e4a42ea2f2931277b6841a8999fc6fde214600c78057cf1fe1de?s=96&d=mm&r=g","caption":"qs_admin"},"sameAs":["https:\/\/vosgesinfo.fr\/wp"],"url":"https:\/\/vosgesinfo.fr\/gerardmerinfo\/author\/qs_admin\/"}]}},"_links":{"self":[{"href":"https:\/\/vosgesinfo.fr\/gerardmerinfo\/wp-json\/wp\/v2\/posts\/11805","targetHints":{"allow":["GET"]}}],"collection":[{"href":"https:\/\/vosgesinfo.fr\/gerardmerinfo\/wp-json\/wp\/v2\/posts"}],"about":[{"href":"https:\/\/vosgesinfo.fr\/gerardmerinfo\/wp-json\/wp\/v2\/types\/post"}],"author":[{"embeddable":true,"href":"https:\/\/vosgesinfo.fr\/gerardmerinfo\/wp-json\/wp\/v2\/users\/1"}],"replies":[{"embeddable":true,"href":"https:\/\/vosgesinfo.fr\/gerardmerinfo\/wp-json\/wp\/v2\/comments?post=11805"}],"version-history":[{"count":0,"href":"https:\/\/vosgesinfo.fr\/gerardmerinfo\/wp-json\/wp\/v2\/posts\/11805\/revisions"}],"wp:attachment":[{"href":"https:\/\/vosgesinfo.fr\/gerardmerinfo\/wp-json\/wp\/v2\/media?parent=11805"}],"wp:term":[{"taxonomy":"category","embeddable":true,"href":"https:\/\/vosgesinfo.fr\/gerardmerinfo\/wp-json\/wp\/v2\/categories?post=11805"},{"taxonomy":"post_tag","embeddable":true,"href":"https:\/\/vosgesinfo.fr\/gerardmerinfo\/wp-json\/wp\/v2\/tags?post=11805"}],"curies":[{"name":"wp","href":"https:\/\/api.w.org\/{rel}","templated":true}]}}