{"id":11806,"date":"2014-09-28T17:48:51","date_gmt":"2014-09-28T15:48:51","guid":{"rendered":"https:\/\/vosgesinfo.fr\/gerardmerinfo\/2014\/09\/senatoriales-resultats-definitifs-dans-les-vosges-daniel-gremillet-et-jackie-pierre-remportent-les-senatoriales\/"},"modified":"2014-09-28T17:48:51","modified_gmt":"2014-09-28T15:48:51","slug":"senatoriales-resultats-definitifs-dans-les-vosges-daniel-gremillet-et-jackie-pierre-remportent-les-senatoriales","status":"publish","type":"post","link":"https:\/\/vosgesinfo.fr\/gerardmerinfo\/2014\/09\/senatoriales-resultats-definitifs-dans-les-vosges-daniel-gremillet-et-jackie-pierre-remportent-les-senatoriales\/","title":{"rendered":"S\u00e9natoriales \u2013 R\u00e9sultats d\u00e9finitifs dans les Vosges Daniel Gremillet et Jackie Pierre remportent les S\u00e9natoriales"},"content":{"rendered":"<p><a href=\"http:\/\/gerardmerinfo.fr\" rel=\"attachment wp-att-39736\"><img decoding=\"async\" class=\"alignleft size-full wp-image-39736\" src=\"http:\/\/gerardmerinfo.fr\" alt=\"logo-senatoriales\" width=\"257\" height=\"126\" \/><\/a><\/p>\n<p>\u00ab\u00a0C\u2019est une B\u00e9r\u00e9zina\u00a0\u00bb, commentait un t\u00e9nor socialiste au S\u00e9nat \u00e0 la mi-journ\u00e9e<\/p>\n<p>Ce soir, la droite a repris comme pr\u00e9vu \u00e0 la gauche la majorit\u00e9 au S\u00e9nat, lors des \u00e9lections s\u00e9natoriales de ce dimanche, et pour la premi\u00e8re fois le Front national y fait son entr\u00e9e avec deux \u00e9lus.<\/p>\n<p>Si elle admet sa d\u00e9faite, la gauche souligne toutefois que la victoire de la droite est plus \u00e9troite que pr\u00e9vu.<\/p>\n<p>Il s\u2019agit de la troisi\u00e8me d\u00e9faite \u00e9lectorale en six mois pour la gauche au pouvoir, apr\u00e8s les municipales de mars, et les europ\u00e9ennes de mai.<\/p>\n<p>De son c\u00f4t\u00e9, le Front national entre pour la premi\u00e8re fois dans l\u2019histoire de la Ve R\u00e9publique au S\u00e9nat avec deux \u00e9lus, David Rachline dans le Var et St\u00e9phane Ravier dans les Bouches-du-Rh\u00f4ne, a annonc\u00e9 \u00e0 l\u2019AFP la pr\u00e9sidente du parti, Marine Le Pen, qui s\u2019est f\u00e9licit\u00e9e \u00ab\u00a0d\u2019une victoire historique\u00a0\u00bb. Apr\u00e8s cette \u00ab\u00a0nouvelle marche\u00a0\u00bb, \u00ab\u00a0il n\u2019y a plus qu\u2019une seule porte \u00e0 pousser, celle de l\u2019Elys\u00e9e\u00a0\u00bb, a lanc\u00e9 St\u00e9phane Ravier.<\/p>\n<p>La droite retrouve ainsi au S\u00e9nat la majorit\u00e9 qu\u2019elle avait perdue en 2011 au profit de la gauche. \u00ab\u00a0La parenth\u00e8se se referme\u00a0\u00bb, a twitt\u00e9 la s\u00e9natrice UMP Catherine<\/p>\n<p>Jean-Christophe Cambad\u00e9lis, premier secr\u00e9taire du Parti socialiste, s\u2019est dit \u00ab\u00a0d\u00e9\u00e7u\u00a0\u00bb de cette d\u00e9faite, \u00ab\u00a0effet m\u00e9canique\u00a0\u00bb des r\u00e9sultats des \u00e9lections municipales, qui n\u2019a pas cependant pas \u00ab\u00a0l\u2019ampleur\u00a0\u00bb pronostiqu\u00e9es.<\/p>\n<p>R\u00e9sultats dans les Vosges :<\/p>\n<p>Daniel Gremillet a \u00e9t\u00e9 \u00e9lu s\u00e9nateur des Vosges avec 678 voix\u00a0et\u00a0Jackie Pierre, s\u00e9nateur sortant r\u00e9\u00e9lu avec 601 voix.<\/p>\n<div id=\"mw-content-text\" dir=\"LTR\">\n<table border=\"0\" width=\"356\" cellspacing=\"0\" cellpadding=\"2\">\n<colgroup>\n<col width=\"4\" \/>\n<col width=\"130\" \/>\n<col width=\"38\" \/>\n<col width=\"35\" \/>\n<col width=\"43\" \/>\n<col width=\"34\" \/>\n<col width=\"44\" \/><\/colgroup>\n<tbody>\n<tr>\n<td colspan=\"3\" rowspan=\"2\" width=\"180\">Candidat et parti politique<\/td>\n<td colspan=\"2\" width=\"82\">Premier tour<\/td>\n<td colspan=\"2\" width=\"82\">Second tour<\/td>\n<\/tr>\n<tr>\n<td width=\"35\">Voix<\/td>\n<td width=\"43\">%<\/td>\n<td width=\"34\">Voix<\/td>\n<td width=\"44\">%<\/td>\n<\/tr>\n<tr>\n<td width=\"4\"><\/td>\n<td width=\"130\">Daniel Gremillet<\/td>\n<td width=\"38\">UMP<\/td>\n<td width=\"35\">505<\/td>\n<td width=\"43\">42,87<\/td>\n<td width=\"34\">678<\/td>\n<td width=\"44\">57,12<\/td>\n<\/tr>\n<tr>\n<td width=\"4\"><\/td>\n<td width=\"130\">Jackie Pierre<\/td>\n<td width=\"38\">UMP<\/td>\n<td width=\"35\">454<\/td>\n<td width=\"43\">38,54<\/td>\n<td width=\"34\">601<\/td>\n<td width=\"44\">50,63<\/td>\n<\/tr>\n<tr>\n<td width=\"4\"><\/td>\n<td width=\"130\">Dominique Peduzzi<\/td>\n<td width=\"38\">DVD<\/td>\n<td width=\"35\">326<\/td>\n<td width=\"43\">27,67<\/td>\n<td width=\"34\">438<\/td>\n<td width=\"44\">36,90<\/td>\n<\/tr>\n<tr>\n<td width=\"4\"><\/td>\n<td width=\"130\">Simon Leclerc<\/td>\n<td width=\"38\">DVD<\/td>\n<td width=\"35\">297<\/td>\n<td width=\"43\">25,21<\/td>\n<td width=\"34\"><\/td>\n<td width=\"44\"><\/td>\n<\/tr>\n<tr>\n<td width=\"4\"><\/td>\n<td width=\"130\">Christian Tarantola<\/td>\n<td width=\"38\">PS<\/td>\n<td width=\"35\">178<\/td>\n<td width=\"43\">15,11<\/td>\n<td width=\"34\">186<\/td>\n<td width=\"44\">15,67<\/td>\n<\/tr>\n<tr>\n<td width=\"4\"><\/td>\n<td width=\"130\">Jacques Drapier<\/td>\n<td width=\"38\">PS<\/td>\n<td width=\"35\">109<\/td>\n<td width=\"43\">9,25<\/td>\n<td width=\"34\">92<\/td>\n<td width=\"44\">7,75<\/td>\n<\/tr>\n<tr>\n<td width=\"4\"><\/td>\n<td width=\"130\">Patrick Lagarde<\/td>\n<td width=\"38\">DVD<\/td>\n<td width=\"35\">101<\/td>\n<td width=\"43\">8,57<\/td>\n<td width=\"34\"><\/td>\n<td width=\"44\"><\/td>\n<\/tr>\n<tr>\n<td width=\"4\"><\/td>\n<td width=\"130\">Luc Gerecke<\/td>\n<td width=\"38\">DVD<\/td>\n<td width=\"35\">74<\/td>\n<td width=\"43\">6,28<\/td>\n<td width=\"34\"><\/td>\n<td width=\"44\"><\/td>\n<\/tr>\n<tr>\n<td width=\"4\"><\/td>\n<td width=\"130\">Mich\u00e8le Gr\u00fcner<\/td>\n<td width=\"38\">PCF<\/td>\n<td width=\"35\">54<\/td>\n<td width=\"43\">4,58<\/td>\n<td width=\"34\">43<\/td>\n<td width=\"44\">3,62<\/td>\n<\/tr>\n<tr>\n<td width=\"4\"><\/td>\n<td width=\"130\">Dominique Thomas<\/td>\n<td width=\"38\">FN<\/td>\n<td width=\"35\">33<\/td>\n<td width=\"43\">2,80<\/td>\n<td width=\"34\">32<\/td>\n<td width=\"44\">2,70<\/td>\n<\/tr>\n<tr>\n<td width=\"4\"><\/td>\n<td width=\"130\">Jacques Thiriet<\/td>\n<td width=\"38\">DLR<\/td>\n<td width=\"35\">14<\/td>\n<td width=\"43\">1,19<\/td>\n<td width=\"34\"><\/td>\n<td width=\"44\"><\/td>\n<\/tr>\n<\/tbody>\n<\/table>\n<\/div>\n","protected":false},"excerpt":{"rendered":"<p>\u00ab\u00a0C\u2019est une B\u00e9r\u00e9zina\u00a0\u00bb, commentait un t\u00e9nor socialiste au S\u00e9nat \u00e0 la mi-journ\u00e9e Ce soir, la droite a repris comme pr\u00e9vu [&hellip;]<\/p>\n","protected":false},"author":1,"featured_media":0,"comment_status":"open","ping_status":"open","sticky":false,"template":"","format":"standard","meta":{"footnotes":""},"categories":[10,18],"tags":[],"class_list":["post-11806","post","type-post","status-publish","format-standard","hentry","category-politique","category-vosges"],"acf":[],"yoast_head":"<!-- This site is optimized with the Yoast SEO plugin v22.5 - https:\/\/yoast.com\/wordpress\/plugins\/seo\/ -->\n<title>S\u00e9natoriales \u2013 R\u00e9sultats d\u00e9finitifs dans les Vosges Daniel Gremillet et Jackie Pierre remportent les S\u00e9natoriales - Gerardmer Info<\/title>\n<meta name=\"robots\" content=\"index, follow, max-snippet:-1, max-image-preview:large, max-video-preview:-1\" \/>\n<link rel=\"canonical\" href=\"https:\/\/vosgesinfo.fr\/gerardmerinfo\/2014\/09\/senatoriales-resultats-definitifs-dans-les-vosges-daniel-gremillet-et-jackie-pierre-remportent-les-senatoriales\/\" \/>\n<meta name=\"twitter:card\" content=\"summary_large_image\" \/>\n<meta name=\"twitter:title\" content=\"S\u00e9natoriales \u2013 R\u00e9sultats d\u00e9finitifs dans les Vosges Daniel Gremillet et Jackie Pierre remportent les S\u00e9natoriales - Gerardmer Info\" \/>\n<meta name=\"twitter:description\" content=\"\u00ab\u00a0C\u2019est une B\u00e9r\u00e9zina\u00a0\u00bb, commentait un t\u00e9nor socialiste au S\u00e9nat \u00e0 la mi-journ\u00e9e Ce soir, la droite a repris comme pr\u00e9vu [&hellip;]\" \/>\n<meta name=\"twitter:image\" content=\"http:\/\/gerardmerinfo.fr\" \/>\n<meta name=\"twitter:creator\" content=\"@VosgesInfo88\" \/>\n<meta name=\"twitter:site\" content=\"@VosgesInfo88\" \/>\n<meta name=\"twitter:label1\" content=\"\u00c9crit par\" \/>\n\t<meta name=\"twitter:data1\" content=\"qs_admin\" \/>\n\t<meta name=\"twitter:label2\" content=\"Dur\u00e9e de lecture estim\u00e9e\" \/>\n\t<meta name=\"twitter:data2\" content=\"2 minutes\" \/>\n<script type=\"application\/ld+json\" class=\"yoast-schema-graph\">{\"@context\":\"https:\/\/schema.org\",\"@graph\":[{\"@type\":\"Article\",\"@id\":\"https:\/\/vosgesinfo.fr\/gerardmerinfo\/2014\/09\/senatoriales-resultats-definitifs-dans-les-vosges-daniel-gremillet-et-jackie-pierre-remportent-les-senatoriales\/#article\",\"isPartOf\":{\"@id\":\"https:\/\/vosgesinfo.fr\/gerardmerinfo\/2014\/09\/senatoriales-resultats-definitifs-dans-les-vosges-daniel-gremillet-et-jackie-pierre-remportent-les-senatoriales\/\"},\"author\":{\"name\":\"qs_admin\",\"@id\":\"https:\/\/vosgesinfo.fr\/gerardmerinfo\/#\/schema\/person\/bc5d02d71e6932e81b6dadb7386667b1\"},\"headline\":\"S\u00e9natoriales \u2013 R\u00e9sultats d\u00e9finitifs dans les Vosges Daniel Gremillet et Jackie Pierre remportent les S\u00e9natoriales\",\"datePublished\":\"2014-09-28T15:48:51+00:00\",\"dateModified\":\"2014-09-28T15:48:51+00:00\",\"mainEntityOfPage\":{\"@id\":\"https:\/\/vosgesinfo.fr\/gerardmerinfo\/2014\/09\/senatoriales-resultats-definitifs-dans-les-vosges-daniel-gremillet-et-jackie-pierre-remportent-les-senatoriales\/\"},\"wordCount\":354,\"commentCount\":0,\"publisher\":{\"@id\":\"https:\/\/vosgesinfo.fr\/gerardmerinfo\/#organization\"},\"image\":{\"@id\":\"https:\/\/vosgesinfo.fr\/gerardmerinfo\/2014\/09\/senatoriales-resultats-definitifs-dans-les-vosges-daniel-gremillet-et-jackie-pierre-remportent-les-senatoriales\/#primaryimage\"},\"thumbnailUrl\":\"http:\/\/gerardmerinfo.fr\",\"articleSection\":[\"Politique\",\"Vosges\"],\"inLanguage\":\"fr-FR\",\"potentialAction\":[{\"@type\":\"CommentAction\",\"name\":\"Comment\",\"target\":[\"https:\/\/vosgesinfo.fr\/gerardmerinfo\/2014\/09\/senatoriales-resultats-definitifs-dans-les-vosges-daniel-gremillet-et-jackie-pierre-remportent-les-senatoriales\/#respond\"]}]},{\"@type\":\"WebPage\",\"@id\":\"https:\/\/vosgesinfo.fr\/gerardmerinfo\/2014\/09\/senatoriales-resultats-definitifs-dans-les-vosges-daniel-gremillet-et-jackie-pierre-remportent-les-senatoriales\/\",\"url\":\"https:\/\/vosgesinfo.fr\/gerardmerinfo\/2014\/09\/senatoriales-resultats-definitifs-dans-les-vosges-daniel-gremillet-et-jackie-pierre-remportent-les-senatoriales\/\",\"name\":\"S\u00e9natoriales \u2013 R\u00e9sultats d\u00e9finitifs dans les Vosges Daniel Gremillet et Jackie Pierre remportent les S\u00e9natoriales - Gerardmer Info\",\"isPartOf\":{\"@id\":\"https:\/\/vosgesinfo.fr\/gerardmerinfo\/#website\"},\"primaryImageOfPage\":{\"@id\":\"https:\/\/vosgesinfo.fr\/gerardmerinfo\/2014\/09\/senatoriales-resultats-definitifs-dans-les-vosges-daniel-gremillet-et-jackie-pierre-remportent-les-senatoriales\/#primaryimage\"},\"image\":{\"@id\":\"https:\/\/vosgesinfo.fr\/gerardmerinfo\/2014\/09\/senatoriales-resultats-definitifs-dans-les-vosges-daniel-gremillet-et-jackie-pierre-remportent-les-senatoriales\/#primaryimage\"},\"thumbnailUrl\":\"http:\/\/gerardmerinfo.fr\",\"datePublished\":\"2014-09-28T15:48:51+00:00\",\"dateModified\":\"2014-09-28T15:48:51+00:00\",\"breadcrumb\":{\"@id\":\"https:\/\/vosgesinfo.fr\/gerardmerinfo\/2014\/09\/senatoriales-resultats-definitifs-dans-les-vosges-daniel-gremillet-et-jackie-pierre-remportent-les-senatoriales\/#breadcrumb\"},\"inLanguage\":\"fr-FR\",\"potentialAction\":[{\"@type\":\"ReadAction\",\"target\":[\"https:\/\/vosgesinfo.fr\/gerardmerinfo\/2014\/09\/senatoriales-resultats-definitifs-dans-les-vosges-daniel-gremillet-et-jackie-pierre-remportent-les-senatoriales\/\"]}]},{\"@type\":\"ImageObject\",\"inLanguage\":\"fr-FR\",\"@id\":\"https:\/\/vosgesinfo.fr\/gerardmerinfo\/2014\/09\/senatoriales-resultats-definitifs-dans-les-vosges-daniel-gremillet-et-jackie-pierre-remportent-les-senatoriales\/#primaryimage\",\"url\":\"http:\/\/gerardmerinfo.fr\",\"contentUrl\":\"http:\/\/gerardmerinfo.fr\"},{\"@type\":\"BreadcrumbList\",\"@id\":\"https:\/\/vosgesinfo.fr\/gerardmerinfo\/2014\/09\/senatoriales-resultats-definitifs-dans-les-vosges-daniel-gremillet-et-jackie-pierre-remportent-les-senatoriales\/#breadcrumb\",\"itemListElement\":[{\"@type\":\"ListItem\",\"position\":1,\"name\":\"Home\",\"item\":\"https:\/\/vosgesinfo.fr\/gerardmerinfo\/\"},{\"@type\":\"ListItem\",\"position\":2,\"name\":\"S\u00e9natoriales \u2013 R\u00e9sultats d\u00e9finitifs dans les Vosges Daniel Gremillet et Jackie Pierre remportent les S\u00e9natoriales\"}]},{\"@type\":\"WebSite\",\"@id\":\"https:\/\/vosgesinfo.fr\/gerardmerinfo\/#website\",\"url\":\"https:\/\/vosgesinfo.fr\/gerardmerinfo\/\",\"name\":\"Gerardmer Info\",\"description\":\"Toute l&#039;actualit\u00e9 de G\u00e9rardmer\",\"publisher\":{\"@id\":\"https:\/\/vosgesinfo.fr\/gerardmerinfo\/#organization\"},\"alternateName\":\"Toute l'actualit\u00e9 de G\u00e9rardmer\",\"potentialAction\":[{\"@type\":\"SearchAction\",\"target\":{\"@type\":\"EntryPoint\",\"urlTemplate\":\"https:\/\/vosgesinfo.fr\/gerardmerinfo\/?s={search_term_string}\"},\"query-input\":\"required name=search_term_string\"}],\"inLanguage\":\"fr-FR\"},{\"@type\":\"Organization\",\"@id\":\"https:\/\/vosgesinfo.fr\/gerardmerinfo\/#organization\",\"name\":\"Gerardmer Info\",\"url\":\"https:\/\/vosgesinfo.fr\/gerardmerinfo\/\",\"logo\":{\"@type\":\"ImageObject\",\"inLanguage\":\"fr-FR\",\"@id\":\"https:\/\/vosgesinfo.fr\/gerardmerinfo\/#\/schema\/logo\/image\/\",\"url\":\"https:\/\/vosgesinfo.fr\/app\/uploads\/sites\/6\/2023\/08\/favicon-gerardmerinfo.png\",\"contentUrl\":\"https:\/\/vosgesinfo.fr\/app\/uploads\/sites\/6\/2023\/08\/favicon-gerardmerinfo.png\",\"width\":512,\"height\":512,\"caption\":\"Gerardmer Info\"},\"image\":{\"@id\":\"https:\/\/vosgesinfo.fr\/gerardmerinfo\/#\/schema\/logo\/image\/\"},\"sameAs\":[\"https:\/\/www.facebook.com\/profile.php?id=100049475262660\",\"https:\/\/x.com\/VosgesInfo88\",\"https:\/\/www.youtube.com\/@vosgesinfo\"]},{\"@type\":\"Person\",\"@id\":\"https:\/\/vosgesinfo.fr\/gerardmerinfo\/#\/schema\/person\/bc5d02d71e6932e81b6dadb7386667b1\",\"name\":\"qs_admin\",\"image\":{\"@type\":\"ImageObject\",\"inLanguage\":\"fr-FR\",\"@id\":\"https:\/\/vosgesinfo.fr\/gerardmerinfo\/#\/schema\/person\/image\/\",\"url\":\"https:\/\/secure.gravatar.com\/avatar\/94b18ee0ed79e4a42ea2f2931277b6841a8999fc6fde214600c78057cf1fe1de?s=96&d=mm&r=g\",\"contentUrl\":\"https:\/\/secure.gravatar.com\/avatar\/94b18ee0ed79e4a42ea2f2931277b6841a8999fc6fde214600c78057cf1fe1de?s=96&d=mm&r=g\",\"caption\":\"qs_admin\"},\"sameAs\":[\"https:\/\/vosgesinfo.fr\/wp\"],\"url\":\"https:\/\/vosgesinfo.fr\/gerardmerinfo\/author\/qs_admin\/\"}]}<\/script>\n<!-- \/ Yoast SEO plugin. -->","yoast_head_json":{"title":"S\u00e9natoriales \u2013 R\u00e9sultats d\u00e9finitifs dans les Vosges Daniel Gremillet et Jackie Pierre remportent les S\u00e9natoriales - Gerardmer Info","robots":{"index":"index","follow":"follow","max-snippet":"max-snippet:-1","max-image-preview":"max-image-preview:large","max-video-preview":"max-video-preview:-1"},"canonical":"https:\/\/vosgesinfo.fr\/gerardmerinfo\/2014\/09\/senatoriales-resultats-definitifs-dans-les-vosges-daniel-gremillet-et-jackie-pierre-remportent-les-senatoriales\/","twitter_card":"summary_large_image","twitter_title":"S\u00e9natoriales \u2013 R\u00e9sultats d\u00e9finitifs dans les Vosges Daniel Gremillet et Jackie Pierre remportent les S\u00e9natoriales - Gerardmer Info","twitter_description":"\u00ab\u00a0C\u2019est une B\u00e9r\u00e9zina\u00a0\u00bb, commentait un t\u00e9nor socialiste au S\u00e9nat \u00e0 la mi-journ\u00e9e Ce soir, la droite a repris comme pr\u00e9vu [&hellip;]","twitter_image":"http:\/\/gerardmerinfo.fr","twitter_creator":"@VosgesInfo88","twitter_site":"@VosgesInfo88","twitter_misc":{"\u00c9crit par":"qs_admin","Dur\u00e9e de lecture estim\u00e9e":"2 minutes"},"schema":{"@context":"https:\/\/schema.org","@graph":[{"@type":"Article","@id":"https:\/\/vosgesinfo.fr\/gerardmerinfo\/2014\/09\/senatoriales-resultats-definitifs-dans-les-vosges-daniel-gremillet-et-jackie-pierre-remportent-les-senatoriales\/#article","isPartOf":{"@id":"https:\/\/vosgesinfo.fr\/gerardmerinfo\/2014\/09\/senatoriales-resultats-definitifs-dans-les-vosges-daniel-gremillet-et-jackie-pierre-remportent-les-senatoriales\/"},"author":{"name":"qs_admin","@id":"https:\/\/vosgesinfo.fr\/gerardmerinfo\/#\/schema\/person\/bc5d02d71e6932e81b6dadb7386667b1"},"headline":"S\u00e9natoriales \u2013 R\u00e9sultats d\u00e9finitifs dans les Vosges Daniel Gremillet et Jackie Pierre remportent les S\u00e9natoriales","datePublished":"2014-09-28T15:48:51+00:00","dateModified":"2014-09-28T15:48:51+00:00","mainEntityOfPage":{"@id":"https:\/\/vosgesinfo.fr\/gerardmerinfo\/2014\/09\/senatoriales-resultats-definitifs-dans-les-vosges-daniel-gremillet-et-jackie-pierre-remportent-les-senatoriales\/"},"wordCount":354,"commentCount":0,"publisher":{"@id":"https:\/\/vosgesinfo.fr\/gerardmerinfo\/#organization"},"image":{"@id":"https:\/\/vosgesinfo.fr\/gerardmerinfo\/2014\/09\/senatoriales-resultats-definitifs-dans-les-vosges-daniel-gremillet-et-jackie-pierre-remportent-les-senatoriales\/#primaryimage"},"thumbnailUrl":"http:\/\/gerardmerinfo.fr","articleSection":["Politique","Vosges"],"inLanguage":"fr-FR","potentialAction":[{"@type":"CommentAction","name":"Comment","target":["https:\/\/vosgesinfo.fr\/gerardmerinfo\/2014\/09\/senatoriales-resultats-definitifs-dans-les-vosges-daniel-gremillet-et-jackie-pierre-remportent-les-senatoriales\/#respond"]}]},{"@type":"WebPage","@id":"https:\/\/vosgesinfo.fr\/gerardmerinfo\/2014\/09\/senatoriales-resultats-definitifs-dans-les-vosges-daniel-gremillet-et-jackie-pierre-remportent-les-senatoriales\/","url":"https:\/\/vosgesinfo.fr\/gerardmerinfo\/2014\/09\/senatoriales-resultats-definitifs-dans-les-vosges-daniel-gremillet-et-jackie-pierre-remportent-les-senatoriales\/","name":"S\u00e9natoriales \u2013 R\u00e9sultats d\u00e9finitifs dans les Vosges Daniel Gremillet et Jackie Pierre remportent les S\u00e9natoriales - Gerardmer Info","isPartOf":{"@id":"https:\/\/vosgesinfo.fr\/gerardmerinfo\/#website"},"primaryImageOfPage":{"@id":"https:\/\/vosgesinfo.fr\/gerardmerinfo\/2014\/09\/senatoriales-resultats-definitifs-dans-les-vosges-daniel-gremillet-et-jackie-pierre-remportent-les-senatoriales\/#primaryimage"},"image":{"@id":"https:\/\/vosgesinfo.fr\/gerardmerinfo\/2014\/09\/senatoriales-resultats-definitifs-dans-les-vosges-daniel-gremillet-et-jackie-pierre-remportent-les-senatoriales\/#primaryimage"},"thumbnailUrl":"http:\/\/gerardmerinfo.fr","datePublished":"2014-09-28T15:48:51+00:00","dateModified":"2014-09-28T15:48:51+00:00","breadcrumb":{"@id":"https:\/\/vosgesinfo.fr\/gerardmerinfo\/2014\/09\/senatoriales-resultats-definitifs-dans-les-vosges-daniel-gremillet-et-jackie-pierre-remportent-les-senatoriales\/#breadcrumb"},"inLanguage":"fr-FR","potentialAction":[{"@type":"ReadAction","target":["https:\/\/vosgesinfo.fr\/gerardmerinfo\/2014\/09\/senatoriales-resultats-definitifs-dans-les-vosges-daniel-gremillet-et-jackie-pierre-remportent-les-senatoriales\/"]}]},{"@type":"ImageObject","inLanguage":"fr-FR","@id":"https:\/\/vosgesinfo.fr\/gerardmerinfo\/2014\/09\/senatoriales-resultats-definitifs-dans-les-vosges-daniel-gremillet-et-jackie-pierre-remportent-les-senatoriales\/#primaryimage","url":"http:\/\/gerardmerinfo.fr","contentUrl":"http:\/\/gerardmerinfo.fr"},{"@type":"BreadcrumbList","@id":"https:\/\/vosgesinfo.fr\/gerardmerinfo\/2014\/09\/senatoriales-resultats-definitifs-dans-les-vosges-daniel-gremillet-et-jackie-pierre-remportent-les-senatoriales\/#breadcrumb","itemListElement":[{"@type":"ListItem","position":1,"name":"Home","item":"https:\/\/vosgesinfo.fr\/gerardmerinfo\/"},{"@type":"ListItem","position":2,"name":"S\u00e9natoriales \u2013 R\u00e9sultats d\u00e9finitifs dans les Vosges Daniel Gremillet et Jackie Pierre remportent les S\u00e9natoriales"}]},{"@type":"WebSite","@id":"https:\/\/vosgesinfo.fr\/gerardmerinfo\/#website","url":"https:\/\/vosgesinfo.fr\/gerardmerinfo\/","name":"Gerardmer Info","description":"Toute l&#039;actualit\u00e9 de G\u00e9rardmer","publisher":{"@id":"https:\/\/vosgesinfo.fr\/gerardmerinfo\/#organization"},"alternateName":"Toute l'actualit\u00e9 de G\u00e9rardmer","potentialAction":[{"@type":"SearchAction","target":{"@type":"EntryPoint","urlTemplate":"https:\/\/vosgesinfo.fr\/gerardmerinfo\/?s={search_term_string}"},"query-input":"required name=search_term_string"}],"inLanguage":"fr-FR"},{"@type":"Organization","@id":"https:\/\/vosgesinfo.fr\/gerardmerinfo\/#organization","name":"Gerardmer Info","url":"https:\/\/vosgesinfo.fr\/gerardmerinfo\/","logo":{"@type":"ImageObject","inLanguage":"fr-FR","@id":"https:\/\/vosgesinfo.fr\/gerardmerinfo\/#\/schema\/logo\/image\/","url":"https:\/\/vosgesinfo.fr\/app\/uploads\/sites\/6\/2023\/08\/favicon-gerardmerinfo.png","contentUrl":"https:\/\/vosgesinfo.fr\/app\/uploads\/sites\/6\/2023\/08\/favicon-gerardmerinfo.png","width":512,"height":512,"caption":"Gerardmer Info"},"image":{"@id":"https:\/\/vosgesinfo.fr\/gerardmerinfo\/#\/schema\/logo\/image\/"},"sameAs":["https:\/\/www.facebook.com\/profile.php?id=100049475262660","https:\/\/x.com\/VosgesInfo88","https:\/\/www.youtube.com\/@vosgesinfo"]},{"@type":"Person","@id":"https:\/\/vosgesinfo.fr\/gerardmerinfo\/#\/schema\/person\/bc5d02d71e6932e81b6dadb7386667b1","name":"qs_admin","image":{"@type":"ImageObject","inLanguage":"fr-FR","@id":"https:\/\/vosgesinfo.fr\/gerardmerinfo\/#\/schema\/person\/image\/","url":"https:\/\/secure.gravatar.com\/avatar\/94b18ee0ed79e4a42ea2f2931277b6841a8999fc6fde214600c78057cf1fe1de?s=96&d=mm&r=g","contentUrl":"https:\/\/secure.gravatar.com\/avatar\/94b18ee0ed79e4a42ea2f2931277b6841a8999fc6fde214600c78057cf1fe1de?s=96&d=mm&r=g","caption":"qs_admin"},"sameAs":["https:\/\/vosgesinfo.fr\/wp"],"url":"https:\/\/vosgesinfo.fr\/gerardmerinfo\/author\/qs_admin\/"}]}},"_links":{"self":[{"href":"https:\/\/vosgesinfo.fr\/gerardmerinfo\/wp-json\/wp\/v2\/posts\/11806","targetHints":{"allow":["GET"]}}],"collection":[{"href":"https:\/\/vosgesinfo.fr\/gerardmerinfo\/wp-json\/wp\/v2\/posts"}],"about":[{"href":"https:\/\/vosgesinfo.fr\/gerardmerinfo\/wp-json\/wp\/v2\/types\/post"}],"author":[{"embeddable":true,"href":"https:\/\/vosgesinfo.fr\/gerardmerinfo\/wp-json\/wp\/v2\/users\/1"}],"replies":[{"embeddable":true,"href":"https:\/\/vosgesinfo.fr\/gerardmerinfo\/wp-json\/wp\/v2\/comments?post=11806"}],"version-history":[{"count":0,"href":"https:\/\/vosgesinfo.fr\/gerardmerinfo\/wp-json\/wp\/v2\/posts\/11806\/revisions"}],"wp:attachment":[{"href":"https:\/\/vosgesinfo.fr\/gerardmerinfo\/wp-json\/wp\/v2\/media?parent=11806"}],"wp:term":[{"taxonomy":"category","embeddable":true,"href":"https:\/\/vosgesinfo.fr\/gerardmerinfo\/wp-json\/wp\/v2\/categories?post=11806"},{"taxonomy":"post_tag","embeddable":true,"href":"https:\/\/vosgesinfo.fr\/gerardmerinfo\/wp-json\/wp\/v2\/tags?post=11806"}],"curies":[{"name":"wp","href":"https:\/\/api.w.org\/{rel}","templated":true}]}}