{"id":11816,"date":"2014-10-03T18:03:13","date_gmt":"2014-10-03T16:03:13","guid":{"rendered":"https:\/\/vosgesinfo.fr\/gerardmerinfo\/2014\/10\/le-dernier-lynx-des-vosges-est-mort\/"},"modified":"2014-10-03T18:03:13","modified_gmt":"2014-10-03T16:03:13","slug":"le-dernier-lynx-des-vosges-est-mort","status":"publish","type":"post","link":"https:\/\/vosgesinfo.fr\/gerardmerinfo\/2014\/10\/le-dernier-lynx-des-vosges-est-mort\/","title":{"rendered":"Le dernier lynx des Vosges est mort !"},"content":{"rendered":"<div>\u00a0<a href=\"http:\/\/gerardmerinfo.fr\" rel=\"attachment wp-att-40026\"><img decoding=\"async\" class=\"alignleft size-full wp-image-40026\" src=\"http:\/\/gerardmerinfo.fr\" alt=\"lynx\" width=\"300\" height=\"212\" \/><\/a><\/div>\n<div><strong>Dans un communiqu\u00e9 de presse, le r\u00e9seau F\u00e9rus s\u2019\u00e9meut que lynx dispara\u00eet des Vosges dans la plus grande indiff\u00e9rence. Van Gogh, le dernier lynx recens\u00e9, serait mort, percut\u00e9 par un v\u00e9hicule d\u00e9but 2014\u2026 Combien reste-il de lynx dans les Vosges\u00a0? Sans doute aucun !<\/strong><\/div>\n<p>Communiqu\u00e9 de presse du r\u00e9seau Ferus.<\/p>\n<p><strong>L\u2019Etat abandonne le lynx \u00e0 son triste sort<\/strong><\/p>\n<p align=\"justify\">Nous l\u2019annoncions il y a un an d\u00e9j\u00e0 : <strong>le lynx est en passe de dispara\u00eetre des Vosges<\/strong>.<\/p>\n<p align=\"justify\">Re\u00e7u par le Minist\u00e8re de l\u2019Environnement en Septembre 2013, nous avions pu alerter des conseillers du Ministre sur la situation catastrophique de l\u2019esp\u00e8ce.<\/p>\n<p align=\"justify\">L\u2019\u00e9tude r\u00e9alis\u00e9e par l\u2019ONCFS* et le CROC** et qui devait pr\u00e9ciser l\u2019\u00e9tat de la population, n\u2019a pas apport\u00e9 le moindre espoir. En effet, <strong>aucun lynx n\u2019a \u00e9t\u00e9 d\u00e9tect\u00e9<\/strong>, de quoi alarmer le monde naturaliste et nous l\u2019esp\u00e9rions, les instances dirigeantes. Mais depuis, rien n\u2019a \u00e9t\u00e9 mis en place par les services de l\u2019Etat.<\/p>\n<p align=\"justify\">Autre fait alarmant, en mars 2014, un automobiliste affirme avoir percut\u00e9 un lynx dans le Donon, dernier lieu de pr\u00e9sence de l\u2019esp\u00e8ce connu. Le seul individu r\u00e9pertori\u00e9, nomm\u00e9 <strong>Van Gogh<\/strong> \u00e0 cause de son oreille coup\u00e9e, <strong>aurait-il perdu la vie<\/strong>\u00a0?<span id=\"more-26971\"><\/span><\/p>\n<p align=\"justify\">Nous avons \u00e0 nouveau demand\u00e9 \u00e0 \u00eatre re\u00e7us par le Minist\u00e8re de l\u2019Environnement, l\u2019entretien a \u00e9t\u00e9 refus\u00e9. Quelle consid\u00e9ration l\u2019Etat accorde-t-il \u00e0 la sauvegarde d\u2019une esp\u00e8ce sur la liste rouge des esp\u00e8ces menac\u00e9es de notre territoire\u00a0? Comment le Minist\u00e8re en charge de la conservation de la nature r\u00e9agit-il devant la disparition d\u2019une esp\u00e8ce \u00e0 haute valeur patrimoniale\u00a0?<\/p>\n<p align=\"justify\">La r\u00e9action de l\u2019Etat est simple : <strong>ne rien faire<\/strong>.<\/p>\n<p align=\"justify\">D\u00e9j\u00e0, dans les ann\u00e9es 1990, l\u2019opinion publique indign\u00e9e avait entra\u00een\u00e9 la prise de position de l\u2019Etat pour continuer la r\u00e9introduction de cette esp\u00e8ce malgr\u00e9 les cas de braconnage. Doit-on en arriver l\u00e0 une nouvelle fois\u00a0?<\/p>\n<p align=\"justify\">En parall\u00e8le de ce communiqu\u00e9, nous lan\u00e7ons <a target=\"_blank\" rel=\"noopener\">une p\u00e9tition<\/a> qui montrera <strong>l\u2019attachement de la population aux lynx<\/strong> comme cela a d\u00e9j\u00e0 \u00e9t\u00e9 d\u00e9montr\u00e9 dans le pass\u00e9. Nous invitons tous les sympathisants du lynx \u00e0 signer et diffuser largement cette p\u00e9tition via le site internet de l\u2019association Ferus.<\/p>\n<p align=\"justify\">Les prochaines ann\u00e9es seront d\u00e9cisives dans l\u2019avenir de la population. Le lynx bor\u00e9al est en passe de dispara\u00eetre du massif o\u00f9 il a \u00e9t\u00e9 r\u00e9introduit dans le silence le plus total et dans l\u2019indiff\u00e9rence quasi g\u00e9n\u00e9rale.<\/p>\n<p align=\"justify\">* Office National de la Chasse et de la Faune Sauvage<\/p>\n<p align=\"justify\">** Carnivores Recherche Observation Communication<\/p>\n","protected":false},"excerpt":{"rendered":"<p>\u00a0 Dans un communiqu\u00e9 de presse, le r\u00e9seau F\u00e9rus s\u2019\u00e9meut que lynx dispara\u00eet des Vosges dans la plus grande indiff\u00e9rence. [&hellip;]<\/p>\n","protected":false},"author":1,"featured_media":0,"comment_status":"open","ping_status":"open","sticky":false,"template":"","format":"standard","meta":{"footnotes":""},"categories":[13,18],"tags":[],"class_list":["post-11816","post","type-post","status-publish","format-standard","hentry","category-societe","category-vosges"],"acf":[],"yoast_head":"<!-- This site is optimized with the Yoast SEO plugin v22.5 - https:\/\/yoast.com\/wordpress\/plugins\/seo\/ -->\n<title>Le dernier lynx des Vosges est mort ! - Gerardmer Info<\/title>\n<meta name=\"robots\" content=\"index, follow, max-snippet:-1, max-image-preview:large, max-video-preview:-1\" \/>\n<link rel=\"canonical\" href=\"https:\/\/vosgesinfo.fr\/gerardmerinfo\/2014\/10\/le-dernier-lynx-des-vosges-est-mort\/\" \/>\n<meta name=\"twitter:card\" content=\"summary_large_image\" \/>\n<meta name=\"twitter:title\" content=\"Le dernier lynx des Vosges est mort ! - Gerardmer Info\" \/>\n<meta name=\"twitter:description\" content=\"\u00a0 Dans un communiqu\u00e9 de presse, le r\u00e9seau F\u00e9rus s\u2019\u00e9meut que lynx dispara\u00eet des Vosges dans la plus grande indiff\u00e9rence. [&hellip;]\" \/>\n<meta name=\"twitter:image\" content=\"http:\/\/gerardmerinfo.fr\" \/>\n<meta name=\"twitter:creator\" content=\"@VosgesInfo88\" \/>\n<meta name=\"twitter:site\" content=\"@VosgesInfo88\" \/>\n<meta name=\"twitter:label1\" content=\"\u00c9crit par\" \/>\n\t<meta name=\"twitter:data1\" content=\"qs_admin\" \/>\n\t<meta name=\"twitter:label2\" content=\"Dur\u00e9e de lecture estim\u00e9e\" \/>\n\t<meta name=\"twitter:data2\" content=\"2 minutes\" \/>\n<script type=\"application\/ld+json\" class=\"yoast-schema-graph\">{\"@context\":\"https:\/\/schema.org\",\"@graph\":[{\"@type\":\"Article\",\"@id\":\"https:\/\/vosgesinfo.fr\/gerardmerinfo\/2014\/10\/le-dernier-lynx-des-vosges-est-mort\/#article\",\"isPartOf\":{\"@id\":\"https:\/\/vosgesinfo.fr\/gerardmerinfo\/2014\/10\/le-dernier-lynx-des-vosges-est-mort\/\"},\"author\":{\"name\":\"qs_admin\",\"@id\":\"https:\/\/vosgesinfo.fr\/gerardmerinfo\/#\/schema\/person\/bc5d02d71e6932e81b6dadb7386667b1\"},\"headline\":\"Le dernier lynx des Vosges est mort !\",\"datePublished\":\"2014-10-03T16:03:13+00:00\",\"dateModified\":\"2014-10-03T16:03:13+00:00\",\"mainEntityOfPage\":{\"@id\":\"https:\/\/vosgesinfo.fr\/gerardmerinfo\/2014\/10\/le-dernier-lynx-des-vosges-est-mort\/\"},\"wordCount\":461,\"commentCount\":0,\"publisher\":{\"@id\":\"https:\/\/vosgesinfo.fr\/gerardmerinfo\/#organization\"},\"image\":{\"@id\":\"https:\/\/vosgesinfo.fr\/gerardmerinfo\/2014\/10\/le-dernier-lynx-des-vosges-est-mort\/#primaryimage\"},\"thumbnailUrl\":\"http:\/\/gerardmerinfo.fr\",\"articleSection\":[\"Soci\u00e9t\u00e9\",\"Vosges\"],\"inLanguage\":\"fr-FR\",\"potentialAction\":[{\"@type\":\"CommentAction\",\"name\":\"Comment\",\"target\":[\"https:\/\/vosgesinfo.fr\/gerardmerinfo\/2014\/10\/le-dernier-lynx-des-vosges-est-mort\/#respond\"]}]},{\"@type\":\"WebPage\",\"@id\":\"https:\/\/vosgesinfo.fr\/gerardmerinfo\/2014\/10\/le-dernier-lynx-des-vosges-est-mort\/\",\"url\":\"https:\/\/vosgesinfo.fr\/gerardmerinfo\/2014\/10\/le-dernier-lynx-des-vosges-est-mort\/\",\"name\":\"Le dernier lynx des Vosges est mort ! - Gerardmer Info\",\"isPartOf\":{\"@id\":\"https:\/\/vosgesinfo.fr\/gerardmerinfo\/#website\"},\"primaryImageOfPage\":{\"@id\":\"https:\/\/vosgesinfo.fr\/gerardmerinfo\/2014\/10\/le-dernier-lynx-des-vosges-est-mort\/#primaryimage\"},\"image\":{\"@id\":\"https:\/\/vosgesinfo.fr\/gerardmerinfo\/2014\/10\/le-dernier-lynx-des-vosges-est-mort\/#primaryimage\"},\"thumbnailUrl\":\"http:\/\/gerardmerinfo.fr\",\"datePublished\":\"2014-10-03T16:03:13+00:00\",\"dateModified\":\"2014-10-03T16:03:13+00:00\",\"breadcrumb\":{\"@id\":\"https:\/\/vosgesinfo.fr\/gerardmerinfo\/2014\/10\/le-dernier-lynx-des-vosges-est-mort\/#breadcrumb\"},\"inLanguage\":\"fr-FR\",\"potentialAction\":[{\"@type\":\"ReadAction\",\"target\":[\"https:\/\/vosgesinfo.fr\/gerardmerinfo\/2014\/10\/le-dernier-lynx-des-vosges-est-mort\/\"]}]},{\"@type\":\"ImageObject\",\"inLanguage\":\"fr-FR\",\"@id\":\"https:\/\/vosgesinfo.fr\/gerardmerinfo\/2014\/10\/le-dernier-lynx-des-vosges-est-mort\/#primaryimage\",\"url\":\"http:\/\/gerardmerinfo.fr\",\"contentUrl\":\"http:\/\/gerardmerinfo.fr\"},{\"@type\":\"BreadcrumbList\",\"@id\":\"https:\/\/vosgesinfo.fr\/gerardmerinfo\/2014\/10\/le-dernier-lynx-des-vosges-est-mort\/#breadcrumb\",\"itemListElement\":[{\"@type\":\"ListItem\",\"position\":1,\"name\":\"Home\",\"item\":\"https:\/\/vosgesinfo.fr\/gerardmerinfo\/\"},{\"@type\":\"ListItem\",\"position\":2,\"name\":\"Le dernier lynx des Vosges est mort !\"}]},{\"@type\":\"WebSite\",\"@id\":\"https:\/\/vosgesinfo.fr\/gerardmerinfo\/#website\",\"url\":\"https:\/\/vosgesinfo.fr\/gerardmerinfo\/\",\"name\":\"Gerardmer Info\",\"description\":\"Toute l&#039;actualit\u00e9 de G\u00e9rardmer\",\"publisher\":{\"@id\":\"https:\/\/vosgesinfo.fr\/gerardmerinfo\/#organization\"},\"alternateName\":\"Toute l'actualit\u00e9 de G\u00e9rardmer\",\"potentialAction\":[{\"@type\":\"SearchAction\",\"target\":{\"@type\":\"EntryPoint\",\"urlTemplate\":\"https:\/\/vosgesinfo.fr\/gerardmerinfo\/?s={search_term_string}\"},\"query-input\":\"required name=search_term_string\"}],\"inLanguage\":\"fr-FR\"},{\"@type\":\"Organization\",\"@id\":\"https:\/\/vosgesinfo.fr\/gerardmerinfo\/#organization\",\"name\":\"Gerardmer Info\",\"url\":\"https:\/\/vosgesinfo.fr\/gerardmerinfo\/\",\"logo\":{\"@type\":\"ImageObject\",\"inLanguage\":\"fr-FR\",\"@id\":\"https:\/\/vosgesinfo.fr\/gerardmerinfo\/#\/schema\/logo\/image\/\",\"url\":\"https:\/\/vosgesinfo.fr\/app\/uploads\/sites\/6\/2023\/08\/favicon-gerardmerinfo.png\",\"contentUrl\":\"https:\/\/vosgesinfo.fr\/app\/uploads\/sites\/6\/2023\/08\/favicon-gerardmerinfo.png\",\"width\":512,\"height\":512,\"caption\":\"Gerardmer Info\"},\"image\":{\"@id\":\"https:\/\/vosgesinfo.fr\/gerardmerinfo\/#\/schema\/logo\/image\/\"},\"sameAs\":[\"https:\/\/www.facebook.com\/profile.php?id=100049475262660\",\"https:\/\/x.com\/VosgesInfo88\",\"https:\/\/www.youtube.com\/@vosgesinfo\"]},{\"@type\":\"Person\",\"@id\":\"https:\/\/vosgesinfo.fr\/gerardmerinfo\/#\/schema\/person\/bc5d02d71e6932e81b6dadb7386667b1\",\"name\":\"qs_admin\",\"image\":{\"@type\":\"ImageObject\",\"inLanguage\":\"fr-FR\",\"@id\":\"https:\/\/vosgesinfo.fr\/gerardmerinfo\/#\/schema\/person\/image\/\",\"url\":\"https:\/\/secure.gravatar.com\/avatar\/94b18ee0ed79e4a42ea2f2931277b6841a8999fc6fde214600c78057cf1fe1de?s=96&d=mm&r=g\",\"contentUrl\":\"https:\/\/secure.gravatar.com\/avatar\/94b18ee0ed79e4a42ea2f2931277b6841a8999fc6fde214600c78057cf1fe1de?s=96&d=mm&r=g\",\"caption\":\"qs_admin\"},\"sameAs\":[\"https:\/\/vosgesinfo.fr\/wp\"],\"url\":\"https:\/\/vosgesinfo.fr\/gerardmerinfo\/author\/qs_admin\/\"}]}<\/script>\n<!-- \/ Yoast SEO plugin. -->","yoast_head_json":{"title":"Le dernier lynx des Vosges est mort ! - Gerardmer Info","robots":{"index":"index","follow":"follow","max-snippet":"max-snippet:-1","max-image-preview":"max-image-preview:large","max-video-preview":"max-video-preview:-1"},"canonical":"https:\/\/vosgesinfo.fr\/gerardmerinfo\/2014\/10\/le-dernier-lynx-des-vosges-est-mort\/","twitter_card":"summary_large_image","twitter_title":"Le dernier lynx des Vosges est mort ! - Gerardmer Info","twitter_description":"\u00a0 Dans un communiqu\u00e9 de presse, le r\u00e9seau F\u00e9rus s\u2019\u00e9meut que lynx dispara\u00eet des Vosges dans la plus grande indiff\u00e9rence. [&hellip;]","twitter_image":"http:\/\/gerardmerinfo.fr","twitter_creator":"@VosgesInfo88","twitter_site":"@VosgesInfo88","twitter_misc":{"\u00c9crit par":"qs_admin","Dur\u00e9e de lecture estim\u00e9e":"2 minutes"},"schema":{"@context":"https:\/\/schema.org","@graph":[{"@type":"Article","@id":"https:\/\/vosgesinfo.fr\/gerardmerinfo\/2014\/10\/le-dernier-lynx-des-vosges-est-mort\/#article","isPartOf":{"@id":"https:\/\/vosgesinfo.fr\/gerardmerinfo\/2014\/10\/le-dernier-lynx-des-vosges-est-mort\/"},"author":{"name":"qs_admin","@id":"https:\/\/vosgesinfo.fr\/gerardmerinfo\/#\/schema\/person\/bc5d02d71e6932e81b6dadb7386667b1"},"headline":"Le dernier lynx des Vosges est mort !","datePublished":"2014-10-03T16:03:13+00:00","dateModified":"2014-10-03T16:03:13+00:00","mainEntityOfPage":{"@id":"https:\/\/vosgesinfo.fr\/gerardmerinfo\/2014\/10\/le-dernier-lynx-des-vosges-est-mort\/"},"wordCount":461,"commentCount":0,"publisher":{"@id":"https:\/\/vosgesinfo.fr\/gerardmerinfo\/#organization"},"image":{"@id":"https:\/\/vosgesinfo.fr\/gerardmerinfo\/2014\/10\/le-dernier-lynx-des-vosges-est-mort\/#primaryimage"},"thumbnailUrl":"http:\/\/gerardmerinfo.fr","articleSection":["Soci\u00e9t\u00e9","Vosges"],"inLanguage":"fr-FR","potentialAction":[{"@type":"CommentAction","name":"Comment","target":["https:\/\/vosgesinfo.fr\/gerardmerinfo\/2014\/10\/le-dernier-lynx-des-vosges-est-mort\/#respond"]}]},{"@type":"WebPage","@id":"https:\/\/vosgesinfo.fr\/gerardmerinfo\/2014\/10\/le-dernier-lynx-des-vosges-est-mort\/","url":"https:\/\/vosgesinfo.fr\/gerardmerinfo\/2014\/10\/le-dernier-lynx-des-vosges-est-mort\/","name":"Le dernier lynx des Vosges est mort ! - Gerardmer Info","isPartOf":{"@id":"https:\/\/vosgesinfo.fr\/gerardmerinfo\/#website"},"primaryImageOfPage":{"@id":"https:\/\/vosgesinfo.fr\/gerardmerinfo\/2014\/10\/le-dernier-lynx-des-vosges-est-mort\/#primaryimage"},"image":{"@id":"https:\/\/vosgesinfo.fr\/gerardmerinfo\/2014\/10\/le-dernier-lynx-des-vosges-est-mort\/#primaryimage"},"thumbnailUrl":"http:\/\/gerardmerinfo.fr","datePublished":"2014-10-03T16:03:13+00:00","dateModified":"2014-10-03T16:03:13+00:00","breadcrumb":{"@id":"https:\/\/vosgesinfo.fr\/gerardmerinfo\/2014\/10\/le-dernier-lynx-des-vosges-est-mort\/#breadcrumb"},"inLanguage":"fr-FR","potentialAction":[{"@type":"ReadAction","target":["https:\/\/vosgesinfo.fr\/gerardmerinfo\/2014\/10\/le-dernier-lynx-des-vosges-est-mort\/"]}]},{"@type":"ImageObject","inLanguage":"fr-FR","@id":"https:\/\/vosgesinfo.fr\/gerardmerinfo\/2014\/10\/le-dernier-lynx-des-vosges-est-mort\/#primaryimage","url":"http:\/\/gerardmerinfo.fr","contentUrl":"http:\/\/gerardmerinfo.fr"},{"@type":"BreadcrumbList","@id":"https:\/\/vosgesinfo.fr\/gerardmerinfo\/2014\/10\/le-dernier-lynx-des-vosges-est-mort\/#breadcrumb","itemListElement":[{"@type":"ListItem","position":1,"name":"Home","item":"https:\/\/vosgesinfo.fr\/gerardmerinfo\/"},{"@type":"ListItem","position":2,"name":"Le dernier lynx des Vosges est mort !"}]},{"@type":"WebSite","@id":"https:\/\/vosgesinfo.fr\/gerardmerinfo\/#website","url":"https:\/\/vosgesinfo.fr\/gerardmerinfo\/","name":"Gerardmer Info","description":"Toute l&#039;actualit\u00e9 de G\u00e9rardmer","publisher":{"@id":"https:\/\/vosgesinfo.fr\/gerardmerinfo\/#organization"},"alternateName":"Toute l'actualit\u00e9 de G\u00e9rardmer","potentialAction":[{"@type":"SearchAction","target":{"@type":"EntryPoint","urlTemplate":"https:\/\/vosgesinfo.fr\/gerardmerinfo\/?s={search_term_string}"},"query-input":"required name=search_term_string"}],"inLanguage":"fr-FR"},{"@type":"Organization","@id":"https:\/\/vosgesinfo.fr\/gerardmerinfo\/#organization","name":"Gerardmer Info","url":"https:\/\/vosgesinfo.fr\/gerardmerinfo\/","logo":{"@type":"ImageObject","inLanguage":"fr-FR","@id":"https:\/\/vosgesinfo.fr\/gerardmerinfo\/#\/schema\/logo\/image\/","url":"https:\/\/vosgesinfo.fr\/app\/uploads\/sites\/6\/2023\/08\/favicon-gerardmerinfo.png","contentUrl":"https:\/\/vosgesinfo.fr\/app\/uploads\/sites\/6\/2023\/08\/favicon-gerardmerinfo.png","width":512,"height":512,"caption":"Gerardmer Info"},"image":{"@id":"https:\/\/vosgesinfo.fr\/gerardmerinfo\/#\/schema\/logo\/image\/"},"sameAs":["https:\/\/www.facebook.com\/profile.php?id=100049475262660","https:\/\/x.com\/VosgesInfo88","https:\/\/www.youtube.com\/@vosgesinfo"]},{"@type":"Person","@id":"https:\/\/vosgesinfo.fr\/gerardmerinfo\/#\/schema\/person\/bc5d02d71e6932e81b6dadb7386667b1","name":"qs_admin","image":{"@type":"ImageObject","inLanguage":"fr-FR","@id":"https:\/\/vosgesinfo.fr\/gerardmerinfo\/#\/schema\/person\/image\/","url":"https:\/\/secure.gravatar.com\/avatar\/94b18ee0ed79e4a42ea2f2931277b6841a8999fc6fde214600c78057cf1fe1de?s=96&d=mm&r=g","contentUrl":"https:\/\/secure.gravatar.com\/avatar\/94b18ee0ed79e4a42ea2f2931277b6841a8999fc6fde214600c78057cf1fe1de?s=96&d=mm&r=g","caption":"qs_admin"},"sameAs":["https:\/\/vosgesinfo.fr\/wp"],"url":"https:\/\/vosgesinfo.fr\/gerardmerinfo\/author\/qs_admin\/"}]}},"_links":{"self":[{"href":"https:\/\/vosgesinfo.fr\/gerardmerinfo\/wp-json\/wp\/v2\/posts\/11816","targetHints":{"allow":["GET"]}}],"collection":[{"href":"https:\/\/vosgesinfo.fr\/gerardmerinfo\/wp-json\/wp\/v2\/posts"}],"about":[{"href":"https:\/\/vosgesinfo.fr\/gerardmerinfo\/wp-json\/wp\/v2\/types\/post"}],"author":[{"embeddable":true,"href":"https:\/\/vosgesinfo.fr\/gerardmerinfo\/wp-json\/wp\/v2\/users\/1"}],"replies":[{"embeddable":true,"href":"https:\/\/vosgesinfo.fr\/gerardmerinfo\/wp-json\/wp\/v2\/comments?post=11816"}],"version-history":[{"count":0,"href":"https:\/\/vosgesinfo.fr\/gerardmerinfo\/wp-json\/wp\/v2\/posts\/11816\/revisions"}],"wp:attachment":[{"href":"https:\/\/vosgesinfo.fr\/gerardmerinfo\/wp-json\/wp\/v2\/media?parent=11816"}],"wp:term":[{"taxonomy":"category","embeddable":true,"href":"https:\/\/vosgesinfo.fr\/gerardmerinfo\/wp-json\/wp\/v2\/categories?post=11816"},{"taxonomy":"post_tag","embeddable":true,"href":"https:\/\/vosgesinfo.fr\/gerardmerinfo\/wp-json\/wp\/v2\/tags?post=11816"}],"curies":[{"name":"wp","href":"https:\/\/api.w.org\/{rel}","templated":true}]}}