{"id":11817,"date":"2014-10-04T17:33:26","date_gmt":"2014-10-04T15:33:26","guid":{"rendered":"https:\/\/vosgesinfo.fr\/gerardmerinfo\/2014\/10\/vosges-le-fig-nest-pas-une-catherinette\/"},"modified":"2014-10-04T17:33:26","modified_gmt":"2014-10-04T15:33:26","slug":"vosges-le-fig-nest-pas-une-catherinette","status":"publish","type":"post","link":"https:\/\/vosgesinfo.fr\/gerardmerinfo\/2014\/10\/vosges-le-fig-nest-pas-une-catherinette\/","title":{"rendered":"Vosges : Le FIG n&rsquo;est pas une Catherinette"},"content":{"rendered":"<p align=\"JUSTIFY\">\n<p align=\"JUSTIFY\">C\u2019est ainsi que le maire de Saint-Di\u00e9-des-Vosges David Valence a d\u00e9but\u00e9 son allocution lors de la s\u00e9ance d\u2019inauguration officielle de ce 25\u00e8me Festival International de G\u00e9ographie qui s\u2019est tenue hier soir \u00e0 l\u2019Espace Georges-Sadoul. Pour rappel, on nommait autrefois \u00ab catherinettes \u00bb les jeunes femmes toujours c\u00e9libataires \u00e0 l\u2019\u00e2ge de 25 ans. Un clin d\u2019oeil du premier magistrat aux 25 bougies qu\u2019a souffl\u00e9 le festival hier, son premier depuis son \u00e9lection en mars dernier, ajoutant <i>\u00ab qu\u2019il [le FIG] a coiff\u00e9 Sainte-Catherine mais qu\u2019il va bient\u00f4t se marier avec un nouveau maire \u00bb<\/i>, saluant par la m\u00eame occasion le <i>\u00ab p\u00e8re \u00bb<\/i> du festival, le pr\u00e9sident-fondateur Christian Pierret, pour son travail remarquable sur les FIG pass\u00e9s. Au moyen d\u2019une nouvelle m\u00e9taphore \u2013 g\u00e9ographique cette fois-ci \u2013 David Valence a soulign\u00e9 le <i>\u00ab micro-climat idyllique du FIG \u00bb<\/i>, qui n\u00e9anmoins se <i>\u00ab dissipera une fois le festival termin\u00e9 \u00bb<\/i>, en rapport aux divergences politiques existantes entre le maire et son pr\u00e9d\u00e9cesseur. Christian Pierret a quant \u00e0 lui salu\u00e9 David Valence pour avoir tenu sa promesse de campagne, ainsi que le travail du directeur de cabinet du maire et \u00e9galement coordinateur du FIG cette ann\u00e9e, Patrick Schmitt. Une s\u00e9ance inaugurale pour <i>\u00ab planter le d\u00e9cor de ce FIG \u00bb<\/i>, continua le pr\u00e9sident-fondateur, pr\u00e9cisant qu\u2019<i>\u00ab un aspect affectif d\u00e9coule du terme \u00ab habiter \u00bb, qui est aussi conna\u00eetre l\u2019autre, mieux l\u2019aimer et vivre avec \u00bb<\/i>.<\/p>\n<p><a href=\"http:\/\/saintdieinfo.fr\/\" target=\"_blank\" group=\"38036\" active=\"1\" internal=\"\" rel=\"noopener\"><img decoding=\"async\" class=\"wp-image-38051 \" src=\"http:\/\/saintdieinfo.fr\/\" alt=\"FIG_S\u00e9ance_Inaugurale_06\" width=\"291\" height=\"194\" \/><\/a><\/p>\n<p align=\"JUSTIFY\">L\u2019anthropologue Philippe Descola, pr\u00e9sident de ce FIG 2014, qui s\u2019est d\u00e9finit comme un <i>\u00ab g\u00e9ographe manqu\u00e9 <\/i>\u00bb devant une assembl\u00e9e venue nombreuse \u2013 compos\u00e9e d\u2019un certain nombre d\u2019\u00e9lus et d\u2019officiels, dont l\u2019ancien ministre Andr\u00e9 Rossinot \u2013, faisant un travail souvent similaire \u00e0 celui des g\u00e9ographes, mais avec <i>\u00ab les instruments bricol\u00e9s de l\u2019anthropologie \u00bb<\/i>, a quant \u00e0 lui insist\u00e9 sur la transformation de la plan\u00e8te par les actions humaines, directes et indirectes, causant par exemple d\u2019importants feux de brousses en Australie. Une transformation qui selon lui a pour effet une g\u00e9n\u00e9ralisation de la mani\u00e8re d\u2019habiter dans le monde. Les diff\u00e9rentes prises de paroles ont \u00e9t\u00e9 suivies par une table ronde d\u2019ouverture autour de l\u2019habiter et l\u2019habitat, anim\u00e9e par le journaliste Antoine Spire, o\u00f9 chacun des protagonistes pr\u00e9sents sur la sc\u00e8ne de la salle Yvan Goll ont pu exprimer leurs points de vues respectifs. On retrouvait ainsi aux c\u00f4t\u00e9s de messieurs Valence, Pierret et Descola le pr\u00e9fet des Vosges Gilbert Payet, l\u2019un des 2 directeurs scientifiques du FIG 2014 en la personne de B\u00e9atrice Collignon et le Conseiller R\u00e9gional Jean-Pierre Moinaux. La conclusion de cette s\u00e9ance inaugurale fut unanime : il faut faire vivre la g\u00e9ographie \u00e0 Saint-Di\u00e9-des-Vosges, maintenir cette \u00ab cha\u00eene vivante \u00bb.<\/p>\n<p align=\"JUSTIFY\">J.J.<\/p>\n<p align=\"JUSTIFY\"><a href=\"http:\/\/saintdieinfo.fr\/\" target=\"_blank\" group=\"38036\" active=\"1\" internal=\"\" rel=\"noopener\"><img decoding=\"async\" class=\"alignleft wp-image-38048\" src=\"http:\/\/saintdieinfo.fr\/\" alt=\"FIG_S\u00e9ance_Inaugurale_03\" width=\"250\" height=\"167\" \/><\/a><\/p>\n<p align=\"JUSTIFY\"><a href=\"http:\/\/saintdieinfo.fr\/\" target=\"_blank\" group=\"38036\" active=\"1\" internal=\"\" rel=\"noopener\"><img decoding=\"async\" class=\"alignleft wp-image-38052\" src=\"http:\/\/saintdieinfo.fr\/\" alt=\"FIG_S\u00e9ance_Inaugurale_07\" width=\"250\" height=\"167\" \/><\/a><\/p>\n<p align=\"JUSTIFY\"><a href=\"http:\/\/saintdieinfo.fr\/\" target=\"_blank\" group=\"38036\" active=\"1\" internal=\"\" rel=\"noopener\"><img decoding=\"async\" class=\"alignleft wp-image-38053\" src=\"http:\/\/saintdieinfo.fr\/\" alt=\"FIG_S\u00e9ance_Inaugurale_08\" width=\"250\" height=\"167\" \/><\/a><\/p>\n<p align=\"JUSTIFY\"><a href=\"http:\/\/saintdieinfo.fr\/\" target=\"_blank\" group=\"38036\" active=\"1\" internal=\"\" rel=\"noopener\"><img decoding=\"async\" class=\"alignleft wp-image-38049\" src=\"http:\/\/saintdieinfo.fr\/\" alt=\"FIG_S\u00e9ance_Inaugurale_04\" width=\"250\" height=\"167\" \/><\/a><\/p>\n","protected":false},"excerpt":{"rendered":"<p>C\u2019est ainsi que le maire de Saint-Di\u00e9-des-Vosges David Valence a d\u00e9but\u00e9 son allocution lors de la s\u00e9ance d\u2019inauguration officielle de [&hellip;]<\/p>\n","protected":false},"author":1,"featured_media":0,"comment_status":"open","ping_status":"open","sticky":false,"template":"","format":"standard","meta":{"footnotes":""},"categories":[13,18],"tags":[],"class_list":["post-11817","post","type-post","status-publish","format-standard","hentry","category-societe","category-vosges"],"acf":[],"yoast_head":"<!-- This site is optimized with the Yoast SEO plugin v22.5 - https:\/\/yoast.com\/wordpress\/plugins\/seo\/ -->\n<title>Vosges : Le FIG n&#039;est pas une Catherinette - Gerardmer Info<\/title>\n<meta name=\"robots\" content=\"index, follow, max-snippet:-1, max-image-preview:large, max-video-preview:-1\" \/>\n<link rel=\"canonical\" href=\"https:\/\/vosgesinfo.fr\/gerardmerinfo\/2014\/10\/vosges-le-fig-nest-pas-une-catherinette\/\" \/>\n<meta name=\"twitter:card\" content=\"summary_large_image\" \/>\n<meta name=\"twitter:title\" content=\"Vosges : Le FIG n&#039;est pas une Catherinette - Gerardmer Info\" \/>\n<meta name=\"twitter:description\" content=\"C\u2019est ainsi que le maire de Saint-Di\u00e9-des-Vosges David Valence a d\u00e9but\u00e9 son allocution lors de la s\u00e9ance d\u2019inauguration officielle de [&hellip;]\" \/>\n<meta name=\"twitter:image\" content=\"http:\/\/saintdieinfo.fr\/\" \/>\n<meta name=\"twitter:creator\" content=\"@VosgesInfo88\" \/>\n<meta name=\"twitter:site\" content=\"@VosgesInfo88\" \/>\n<meta name=\"twitter:label1\" content=\"\u00c9crit par\" \/>\n\t<meta name=\"twitter:data1\" content=\"qs_admin\" \/>\n\t<meta name=\"twitter:label2\" content=\"Dur\u00e9e de lecture estim\u00e9e\" \/>\n\t<meta name=\"twitter:data2\" content=\"2 minutes\" \/>\n<script type=\"application\/ld+json\" class=\"yoast-schema-graph\">{\"@context\":\"https:\/\/schema.org\",\"@graph\":[{\"@type\":\"Article\",\"@id\":\"https:\/\/vosgesinfo.fr\/gerardmerinfo\/2014\/10\/vosges-le-fig-nest-pas-une-catherinette\/#article\",\"isPartOf\":{\"@id\":\"https:\/\/vosgesinfo.fr\/gerardmerinfo\/2014\/10\/vosges-le-fig-nest-pas-une-catherinette\/\"},\"author\":{\"name\":\"qs_admin\",\"@id\":\"https:\/\/vosgesinfo.fr\/gerardmerinfo\/#\/schema\/person\/bc5d02d71e6932e81b6dadb7386667b1\"},\"headline\":\"Vosges : Le FIG n&rsquo;est pas une Catherinette\",\"datePublished\":\"2014-10-04T15:33:26+00:00\",\"dateModified\":\"2014-10-04T15:33:26+00:00\",\"mainEntityOfPage\":{\"@id\":\"https:\/\/vosgesinfo.fr\/gerardmerinfo\/2014\/10\/vosges-le-fig-nest-pas-une-catherinette\/\"},\"wordCount\":479,\"commentCount\":0,\"publisher\":{\"@id\":\"https:\/\/vosgesinfo.fr\/gerardmerinfo\/#organization\"},\"image\":{\"@id\":\"https:\/\/vosgesinfo.fr\/gerardmerinfo\/2014\/10\/vosges-le-fig-nest-pas-une-catherinette\/#primaryimage\"},\"thumbnailUrl\":\"http:\/\/saintdieinfo.fr\/\",\"articleSection\":[\"Soci\u00e9t\u00e9\",\"Vosges\"],\"inLanguage\":\"fr-FR\",\"potentialAction\":[{\"@type\":\"CommentAction\",\"name\":\"Comment\",\"target\":[\"https:\/\/vosgesinfo.fr\/gerardmerinfo\/2014\/10\/vosges-le-fig-nest-pas-une-catherinette\/#respond\"]}]},{\"@type\":\"WebPage\",\"@id\":\"https:\/\/vosgesinfo.fr\/gerardmerinfo\/2014\/10\/vosges-le-fig-nest-pas-une-catherinette\/\",\"url\":\"https:\/\/vosgesinfo.fr\/gerardmerinfo\/2014\/10\/vosges-le-fig-nest-pas-une-catherinette\/\",\"name\":\"Vosges : Le FIG n'est pas une Catherinette - Gerardmer Info\",\"isPartOf\":{\"@id\":\"https:\/\/vosgesinfo.fr\/gerardmerinfo\/#website\"},\"primaryImageOfPage\":{\"@id\":\"https:\/\/vosgesinfo.fr\/gerardmerinfo\/2014\/10\/vosges-le-fig-nest-pas-une-catherinette\/#primaryimage\"},\"image\":{\"@id\":\"https:\/\/vosgesinfo.fr\/gerardmerinfo\/2014\/10\/vosges-le-fig-nest-pas-une-catherinette\/#primaryimage\"},\"thumbnailUrl\":\"http:\/\/saintdieinfo.fr\/\",\"datePublished\":\"2014-10-04T15:33:26+00:00\",\"dateModified\":\"2014-10-04T15:33:26+00:00\",\"breadcrumb\":{\"@id\":\"https:\/\/vosgesinfo.fr\/gerardmerinfo\/2014\/10\/vosges-le-fig-nest-pas-une-catherinette\/#breadcrumb\"},\"inLanguage\":\"fr-FR\",\"potentialAction\":[{\"@type\":\"ReadAction\",\"target\":[\"https:\/\/vosgesinfo.fr\/gerardmerinfo\/2014\/10\/vosges-le-fig-nest-pas-une-catherinette\/\"]}]},{\"@type\":\"ImageObject\",\"inLanguage\":\"fr-FR\",\"@id\":\"https:\/\/vosgesinfo.fr\/gerardmerinfo\/2014\/10\/vosges-le-fig-nest-pas-une-catherinette\/#primaryimage\",\"url\":\"http:\/\/saintdieinfo.fr\/\",\"contentUrl\":\"http:\/\/saintdieinfo.fr\/\"},{\"@type\":\"BreadcrumbList\",\"@id\":\"https:\/\/vosgesinfo.fr\/gerardmerinfo\/2014\/10\/vosges-le-fig-nest-pas-une-catherinette\/#breadcrumb\",\"itemListElement\":[{\"@type\":\"ListItem\",\"position\":1,\"name\":\"Home\",\"item\":\"https:\/\/vosgesinfo.fr\/gerardmerinfo\/\"},{\"@type\":\"ListItem\",\"position\":2,\"name\":\"Vosges : Le FIG n&rsquo;est pas une Catherinette\"}]},{\"@type\":\"WebSite\",\"@id\":\"https:\/\/vosgesinfo.fr\/gerardmerinfo\/#website\",\"url\":\"https:\/\/vosgesinfo.fr\/gerardmerinfo\/\",\"name\":\"Gerardmer Info\",\"description\":\"Toute l&#039;actualit\u00e9 de G\u00e9rardmer\",\"publisher\":{\"@id\":\"https:\/\/vosgesinfo.fr\/gerardmerinfo\/#organization\"},\"alternateName\":\"Toute l'actualit\u00e9 de G\u00e9rardmer\",\"potentialAction\":[{\"@type\":\"SearchAction\",\"target\":{\"@type\":\"EntryPoint\",\"urlTemplate\":\"https:\/\/vosgesinfo.fr\/gerardmerinfo\/?s={search_term_string}\"},\"query-input\":\"required name=search_term_string\"}],\"inLanguage\":\"fr-FR\"},{\"@type\":\"Organization\",\"@id\":\"https:\/\/vosgesinfo.fr\/gerardmerinfo\/#organization\",\"name\":\"Gerardmer Info\",\"url\":\"https:\/\/vosgesinfo.fr\/gerardmerinfo\/\",\"logo\":{\"@type\":\"ImageObject\",\"inLanguage\":\"fr-FR\",\"@id\":\"https:\/\/vosgesinfo.fr\/gerardmerinfo\/#\/schema\/logo\/image\/\",\"url\":\"https:\/\/vosgesinfo.fr\/app\/uploads\/sites\/6\/2023\/08\/favicon-gerardmerinfo.png\",\"contentUrl\":\"https:\/\/vosgesinfo.fr\/app\/uploads\/sites\/6\/2023\/08\/favicon-gerardmerinfo.png\",\"width\":512,\"height\":512,\"caption\":\"Gerardmer Info\"},\"image\":{\"@id\":\"https:\/\/vosgesinfo.fr\/gerardmerinfo\/#\/schema\/logo\/image\/\"},\"sameAs\":[\"https:\/\/www.facebook.com\/profile.php?id=100049475262660\",\"https:\/\/x.com\/VosgesInfo88\",\"https:\/\/www.youtube.com\/@vosgesinfo\"]},{\"@type\":\"Person\",\"@id\":\"https:\/\/vosgesinfo.fr\/gerardmerinfo\/#\/schema\/person\/bc5d02d71e6932e81b6dadb7386667b1\",\"name\":\"qs_admin\",\"image\":{\"@type\":\"ImageObject\",\"inLanguage\":\"fr-FR\",\"@id\":\"https:\/\/vosgesinfo.fr\/gerardmerinfo\/#\/schema\/person\/image\/\",\"url\":\"https:\/\/secure.gravatar.com\/avatar\/94b18ee0ed79e4a42ea2f2931277b6841a8999fc6fde214600c78057cf1fe1de?s=96&d=mm&r=g\",\"contentUrl\":\"https:\/\/secure.gravatar.com\/avatar\/94b18ee0ed79e4a42ea2f2931277b6841a8999fc6fde214600c78057cf1fe1de?s=96&d=mm&r=g\",\"caption\":\"qs_admin\"},\"sameAs\":[\"https:\/\/vosgesinfo.fr\/wp\"],\"url\":\"https:\/\/vosgesinfo.fr\/gerardmerinfo\/author\/qs_admin\/\"}]}<\/script>\n<!-- \/ Yoast SEO plugin. -->","yoast_head_json":{"title":"Vosges : Le FIG n'est pas une Catherinette - Gerardmer Info","robots":{"index":"index","follow":"follow","max-snippet":"max-snippet:-1","max-image-preview":"max-image-preview:large","max-video-preview":"max-video-preview:-1"},"canonical":"https:\/\/vosgesinfo.fr\/gerardmerinfo\/2014\/10\/vosges-le-fig-nest-pas-une-catherinette\/","twitter_card":"summary_large_image","twitter_title":"Vosges : Le FIG n'est pas une Catherinette - Gerardmer Info","twitter_description":"C\u2019est ainsi que le maire de Saint-Di\u00e9-des-Vosges David Valence a d\u00e9but\u00e9 son allocution lors de la s\u00e9ance d\u2019inauguration officielle de [&hellip;]","twitter_image":"http:\/\/saintdieinfo.fr\/","twitter_creator":"@VosgesInfo88","twitter_site":"@VosgesInfo88","twitter_misc":{"\u00c9crit par":"qs_admin","Dur\u00e9e de lecture estim\u00e9e":"2 minutes"},"schema":{"@context":"https:\/\/schema.org","@graph":[{"@type":"Article","@id":"https:\/\/vosgesinfo.fr\/gerardmerinfo\/2014\/10\/vosges-le-fig-nest-pas-une-catherinette\/#article","isPartOf":{"@id":"https:\/\/vosgesinfo.fr\/gerardmerinfo\/2014\/10\/vosges-le-fig-nest-pas-une-catherinette\/"},"author":{"name":"qs_admin","@id":"https:\/\/vosgesinfo.fr\/gerardmerinfo\/#\/schema\/person\/bc5d02d71e6932e81b6dadb7386667b1"},"headline":"Vosges : Le FIG n&rsquo;est pas une Catherinette","datePublished":"2014-10-04T15:33:26+00:00","dateModified":"2014-10-04T15:33:26+00:00","mainEntityOfPage":{"@id":"https:\/\/vosgesinfo.fr\/gerardmerinfo\/2014\/10\/vosges-le-fig-nest-pas-une-catherinette\/"},"wordCount":479,"commentCount":0,"publisher":{"@id":"https:\/\/vosgesinfo.fr\/gerardmerinfo\/#organization"},"image":{"@id":"https:\/\/vosgesinfo.fr\/gerardmerinfo\/2014\/10\/vosges-le-fig-nest-pas-une-catherinette\/#primaryimage"},"thumbnailUrl":"http:\/\/saintdieinfo.fr\/","articleSection":["Soci\u00e9t\u00e9","Vosges"],"inLanguage":"fr-FR","potentialAction":[{"@type":"CommentAction","name":"Comment","target":["https:\/\/vosgesinfo.fr\/gerardmerinfo\/2014\/10\/vosges-le-fig-nest-pas-une-catherinette\/#respond"]}]},{"@type":"WebPage","@id":"https:\/\/vosgesinfo.fr\/gerardmerinfo\/2014\/10\/vosges-le-fig-nest-pas-une-catherinette\/","url":"https:\/\/vosgesinfo.fr\/gerardmerinfo\/2014\/10\/vosges-le-fig-nest-pas-une-catherinette\/","name":"Vosges : Le FIG n'est pas une Catherinette - Gerardmer Info","isPartOf":{"@id":"https:\/\/vosgesinfo.fr\/gerardmerinfo\/#website"},"primaryImageOfPage":{"@id":"https:\/\/vosgesinfo.fr\/gerardmerinfo\/2014\/10\/vosges-le-fig-nest-pas-une-catherinette\/#primaryimage"},"image":{"@id":"https:\/\/vosgesinfo.fr\/gerardmerinfo\/2014\/10\/vosges-le-fig-nest-pas-une-catherinette\/#primaryimage"},"thumbnailUrl":"http:\/\/saintdieinfo.fr\/","datePublished":"2014-10-04T15:33:26+00:00","dateModified":"2014-10-04T15:33:26+00:00","breadcrumb":{"@id":"https:\/\/vosgesinfo.fr\/gerardmerinfo\/2014\/10\/vosges-le-fig-nest-pas-une-catherinette\/#breadcrumb"},"inLanguage":"fr-FR","potentialAction":[{"@type":"ReadAction","target":["https:\/\/vosgesinfo.fr\/gerardmerinfo\/2014\/10\/vosges-le-fig-nest-pas-une-catherinette\/"]}]},{"@type":"ImageObject","inLanguage":"fr-FR","@id":"https:\/\/vosgesinfo.fr\/gerardmerinfo\/2014\/10\/vosges-le-fig-nest-pas-une-catherinette\/#primaryimage","url":"http:\/\/saintdieinfo.fr\/","contentUrl":"http:\/\/saintdieinfo.fr\/"},{"@type":"BreadcrumbList","@id":"https:\/\/vosgesinfo.fr\/gerardmerinfo\/2014\/10\/vosges-le-fig-nest-pas-une-catherinette\/#breadcrumb","itemListElement":[{"@type":"ListItem","position":1,"name":"Home","item":"https:\/\/vosgesinfo.fr\/gerardmerinfo\/"},{"@type":"ListItem","position":2,"name":"Vosges : Le FIG n&rsquo;est pas une Catherinette"}]},{"@type":"WebSite","@id":"https:\/\/vosgesinfo.fr\/gerardmerinfo\/#website","url":"https:\/\/vosgesinfo.fr\/gerardmerinfo\/","name":"Gerardmer Info","description":"Toute l&#039;actualit\u00e9 de G\u00e9rardmer","publisher":{"@id":"https:\/\/vosgesinfo.fr\/gerardmerinfo\/#organization"},"alternateName":"Toute l'actualit\u00e9 de G\u00e9rardmer","potentialAction":[{"@type":"SearchAction","target":{"@type":"EntryPoint","urlTemplate":"https:\/\/vosgesinfo.fr\/gerardmerinfo\/?s={search_term_string}"},"query-input":"required name=search_term_string"}],"inLanguage":"fr-FR"},{"@type":"Organization","@id":"https:\/\/vosgesinfo.fr\/gerardmerinfo\/#organization","name":"Gerardmer Info","url":"https:\/\/vosgesinfo.fr\/gerardmerinfo\/","logo":{"@type":"ImageObject","inLanguage":"fr-FR","@id":"https:\/\/vosgesinfo.fr\/gerardmerinfo\/#\/schema\/logo\/image\/","url":"https:\/\/vosgesinfo.fr\/app\/uploads\/sites\/6\/2023\/08\/favicon-gerardmerinfo.png","contentUrl":"https:\/\/vosgesinfo.fr\/app\/uploads\/sites\/6\/2023\/08\/favicon-gerardmerinfo.png","width":512,"height":512,"caption":"Gerardmer Info"},"image":{"@id":"https:\/\/vosgesinfo.fr\/gerardmerinfo\/#\/schema\/logo\/image\/"},"sameAs":["https:\/\/www.facebook.com\/profile.php?id=100049475262660","https:\/\/x.com\/VosgesInfo88","https:\/\/www.youtube.com\/@vosgesinfo"]},{"@type":"Person","@id":"https:\/\/vosgesinfo.fr\/gerardmerinfo\/#\/schema\/person\/bc5d02d71e6932e81b6dadb7386667b1","name":"qs_admin","image":{"@type":"ImageObject","inLanguage":"fr-FR","@id":"https:\/\/vosgesinfo.fr\/gerardmerinfo\/#\/schema\/person\/image\/","url":"https:\/\/secure.gravatar.com\/avatar\/94b18ee0ed79e4a42ea2f2931277b6841a8999fc6fde214600c78057cf1fe1de?s=96&d=mm&r=g","contentUrl":"https:\/\/secure.gravatar.com\/avatar\/94b18ee0ed79e4a42ea2f2931277b6841a8999fc6fde214600c78057cf1fe1de?s=96&d=mm&r=g","caption":"qs_admin"},"sameAs":["https:\/\/vosgesinfo.fr\/wp"],"url":"https:\/\/vosgesinfo.fr\/gerardmerinfo\/author\/qs_admin\/"}]}},"_links":{"self":[{"href":"https:\/\/vosgesinfo.fr\/gerardmerinfo\/wp-json\/wp\/v2\/posts\/11817","targetHints":{"allow":["GET"]}}],"collection":[{"href":"https:\/\/vosgesinfo.fr\/gerardmerinfo\/wp-json\/wp\/v2\/posts"}],"about":[{"href":"https:\/\/vosgesinfo.fr\/gerardmerinfo\/wp-json\/wp\/v2\/types\/post"}],"author":[{"embeddable":true,"href":"https:\/\/vosgesinfo.fr\/gerardmerinfo\/wp-json\/wp\/v2\/users\/1"}],"replies":[{"embeddable":true,"href":"https:\/\/vosgesinfo.fr\/gerardmerinfo\/wp-json\/wp\/v2\/comments?post=11817"}],"version-history":[{"count":0,"href":"https:\/\/vosgesinfo.fr\/gerardmerinfo\/wp-json\/wp\/v2\/posts\/11817\/revisions"}],"wp:attachment":[{"href":"https:\/\/vosgesinfo.fr\/gerardmerinfo\/wp-json\/wp\/v2\/media?parent=11817"}],"wp:term":[{"taxonomy":"category","embeddable":true,"href":"https:\/\/vosgesinfo.fr\/gerardmerinfo\/wp-json\/wp\/v2\/categories?post=11817"},{"taxonomy":"post_tag","embeddable":true,"href":"https:\/\/vosgesinfo.fr\/gerardmerinfo\/wp-json\/wp\/v2\/tags?post=11817"}],"curies":[{"name":"wp","href":"https:\/\/api.w.org\/{rel}","templated":true}]}}