{"id":11879,"date":"2014-10-22T07:22:06","date_gmt":"2014-10-22T05:22:06","guid":{"rendered":"https:\/\/vosgesinfo.fr\/gerardmerinfo\/2014\/10\/il-neige-les-htes-vosges\/"},"modified":"2014-10-22T07:22:06","modified_gmt":"2014-10-22T05:22:06","slug":"il-neige-les-htes-vosges","status":"publish","type":"post","link":"https:\/\/vosgesinfo.fr\/gerardmerinfo\/2014\/10\/il-neige-les-htes-vosges\/","title":{"rendered":"Il a neig\u00e9 sur les Htes-Vosges"},"content":{"rendered":"<div id=\"attachment_41006\" style=\"width: 310px\" class=\"wp-caption alignleft\"><a href=\"http:\/\/gerardmerinfo.fr\" rel=\"attachment wp-att-41006\"><img decoding=\"async\" aria-describedby=\"caption-attachment-41006\" class=\"size-medium wp-image-41006\" src=\"http:\/\/gerardmerinfo.fr\" alt=\"Le Markstein est encore blanc ce matin\" width=\"300\" height=\"179\" \/><\/a><p id=\"caption-attachment-41006\" class=\"wp-caption-text\">Le Markstein est encore blanc ce matin<\/p><\/div>\n<p>On l&rsquo;attendait selon M\u00e9t\u00e9o France, la neige \u00e9tait bien au rendez-vous de ce petit matin de mercredi. Les flocons sont tomb\u00e9s en fin de nuit lorsque les temp\u00e9ratures sont les plus basses.<\/p>\n<p>Pas de quoi sortir les skis de fond ni m\u00eame les luges, les pr\u00e9s ont \u00e9t\u00e9 seulement saupoudr\u00e9s, sauf vers le Markstein o\u00f9 le massif est le plus froid. En dessous de 1 100 m\u00e8tres la neige n&rsquo;a tenu que quelques heures.<\/p>\n\n\t\t<style type=\"text\/css\">\n\t\t\t#gallery-1 {\n\t\t\t\tmargin: auto;\n\t\t\t}\n\t\t\t#gallery-1 .gallery-item {\n\t\t\t\tfloat: left;\n\t\t\t\tmargin-top: 10px;\n\t\t\t\ttext-align: center;\n\t\t\t\twidth: 50%;\n\t\t\t}\n\t\t\t#gallery-1 img {\n\t\t\t\tborder: 2px solid #cfcfcf;\n\t\t\t}\n\t\t\t#gallery-1 .gallery-caption {\n\t\t\t\tmargin-left: 0;\n\t\t\t}\n\t\t\t\/* see gallery_shortcode() in wp-includes\/media.php *\/\n\t\t<\/style>\n\t\t<div id='gallery-1' class='gallery galleryid-11879 gallery-columns-2 gallery-size-thumbnail'><dl class='gallery-item'>\n\t\t\t<dt class='gallery-icon portrait'>\n\t\t\t\t<a href='https:\/\/vosgesinfo.fr\/gerardmerinfo\/2019\/04\/a-belles-allemandes\/2019-04-af-voi\/'><img decoding=\"async\" width=\"150\" height=\"150\" src=\"https:\/\/vosgesinfo.fr\/app\/uploads\/sites\/6\/2024\/07\/201904af-voi-150x150.jpg\" class=\"attachment-thumbnail size-thumbnail\" alt=\"\" \/><\/a>\n\t\t\t<\/dt><\/dl><dl class='gallery-item'>\n\t\t\t<dt class='gallery-icon landscape'>\n\t\t\t\t<a href='https:\/\/vosgesinfo.fr\/gerardmerinfo\/2019\/04\/mcl-recherche-animateurs-trices-bafa-vacances-dete-2019\/2017-07-accueil-de-loisirs-juillet-4-3\/'><img decoding=\"async\" width=\"150\" height=\"150\" src=\"https:\/\/vosgesinfo.fr\/app\/uploads\/sites\/6\/2024\/07\/201707accueil-de-loisirs-juillet-4-2-150x150.jpg\" class=\"attachment-thumbnail size-thumbnail\" alt=\"\" \/><\/a>\n\t\t\t<\/dt><\/dl><br style=\"clear: both\" \/>\n\t\t<\/div>\n\n<div class=\"tiled-gallery type-rectangular\" data-carousel-extra=\"{&quot;blog_id&quot;:1,&quot;permalink&quot;:&quot;http:\/\/remiremontinfo.fr\/?p=64865&quot;,&quot;likes_blog_id&quot;:75687315}\" data-original-width=\"545\">\n<div class=\"gallery-row\" data-original-width=\"545\" data-original-height=\"244\">\n<div class=\"gallery-group images-1\" data-original-width=\"364\" data-original-height=\"244\">\n<div class=\"tiled-gallery-item tiled-gallery-item-large\"><a href=\"http:\/\/remiremontinfo.fr\/\" group=\"64865\" active=\"1\" internal=\"64866\"><\/a><\/div>\n<\/div>\n<div class=\"gallery-group images-2\" data-original-width=\"181\" data-original-height=\"244\">\n<div class=\"tiled-gallery-item tiled-gallery-item-small\"><a href=\"http:\/\/remiremontinfo.fr\/\" group=\"64865\" active=\"1\" internal=\"64867\"><\/a><\/div>\n<div class=\"tiled-gallery-item tiled-gallery-item-small\"><a href=\"http:\/\/remiremontinfo.fr\/\" group=\"64865\" active=\"1\" internal=\"64868\"><\/a><\/div>\n<\/div>\n<\/div>\n<div class=\"gallery-row\" data-original-width=\"545\" data-original-height=\"122\">\n<div class=\"gallery-group images-1\" data-original-width=\"181\" data-original-height=\"122\">\n<div class=\"tiled-gallery-item tiled-gallery-item-small\"><a href=\"http:\/\/remiremontinfo.fr\/\" group=\"64865\" active=\"1\" internal=\"64869\"><\/a><\/div>\n<\/div>\n<div class=\"gallery-group images-1\" data-original-width=\"182\" data-original-height=\"122\">\n<div class=\"tiled-gallery-item tiled-gallery-item-small\"><a href=\"http:\/\/remiremontinfo.fr\/\" group=\"64865\" active=\"1\" internal=\"64870\"><\/a><\/div>\n<\/div>\n<div class=\"gallery-group images-1\" data-original-width=\"182\" data-original-height=\"122\">\n<div class=\"tiled-gallery-item tiled-gallery-item-small\"><a href=\"http:\/\/remiremontinfo.fr\/\" group=\"64865\" active=\"1\" internal=\"64871\"><\/a><\/div>\n<\/div>\n<\/div>\n<\/div>\n<p>&nbsp;<\/p>\n<div class=\"pdfprnt-bottom-right\"><img decoding=\"async\" title=\"Voir PDF\" src=\"https:\/\/vosgesinfo.fr\/app\/uploads\/sites\/6\/2024\/07\/pdf.png\" alt=\"image_pdf\" \/><\/div>\n","protected":false},"excerpt":{"rendered":"<p>On l&rsquo;attendait selon M\u00e9t\u00e9o France, la neige \u00e9tait bien au rendez-vous de ce petit matin de mercredi. Les flocons sont [&hellip;]<\/p>\n","protected":false},"author":1,"featured_media":0,"comment_status":"open","ping_status":"open","sticky":false,"template":"","format":"standard","meta":{"footnotes":""},"categories":[13,18],"tags":[],"class_list":["post-11879","post","type-post","status-publish","format-standard","hentry","category-societe","category-vosges"],"acf":[],"yoast_head":"<!-- This site is optimized with the Yoast SEO plugin v22.5 - https:\/\/yoast.com\/wordpress\/plugins\/seo\/ -->\n<title>Il a neig\u00e9 sur les Htes-Vosges - Gerardmer Info<\/title>\n<meta name=\"robots\" content=\"index, follow, max-snippet:-1, max-image-preview:large, max-video-preview:-1\" \/>\n<link rel=\"canonical\" href=\"https:\/\/vosgesinfo.fr\/gerardmerinfo\/2014\/10\/il-neige-les-htes-vosges\/\" \/>\n<meta name=\"twitter:card\" content=\"summary_large_image\" \/>\n<meta name=\"twitter:title\" content=\"Il a neig\u00e9 sur les Htes-Vosges - Gerardmer Info\" \/>\n<meta name=\"twitter:description\" content=\"On l&rsquo;attendait selon M\u00e9t\u00e9o France, la neige \u00e9tait bien au rendez-vous de ce petit matin de mercredi. Les flocons sont [&hellip;]\" \/>\n<meta name=\"twitter:image\" content=\"http:\/\/gerardmerinfo.fr\" \/>\n<meta name=\"twitter:creator\" content=\"@VosgesInfo88\" \/>\n<meta name=\"twitter:site\" content=\"@VosgesInfo88\" \/>\n<meta name=\"twitter:label1\" content=\"\u00c9crit par\" \/>\n\t<meta name=\"twitter:data1\" content=\"qs_admin\" \/>\n<script type=\"application\/ld+json\" class=\"yoast-schema-graph\">{\"@context\":\"https:\/\/schema.org\",\"@graph\":[{\"@type\":\"Article\",\"@id\":\"https:\/\/vosgesinfo.fr\/gerardmerinfo\/2014\/10\/il-neige-les-htes-vosges\/#article\",\"isPartOf\":{\"@id\":\"https:\/\/vosgesinfo.fr\/gerardmerinfo\/2014\/10\/il-neige-les-htes-vosges\/\"},\"author\":{\"name\":\"qs_admin\",\"@id\":\"https:\/\/vosgesinfo.fr\/gerardmerinfo\/#\/schema\/person\/bc5d02d71e6932e81b6dadb7386667b1\"},\"headline\":\"Il a neig\u00e9 sur les Htes-Vosges\",\"datePublished\":\"2014-10-22T05:22:06+00:00\",\"dateModified\":\"2014-10-22T05:22:06+00:00\",\"mainEntityOfPage\":{\"@id\":\"https:\/\/vosgesinfo.fr\/gerardmerinfo\/2014\/10\/il-neige-les-htes-vosges\/\"},\"wordCount\":106,\"commentCount\":0,\"publisher\":{\"@id\":\"https:\/\/vosgesinfo.fr\/gerardmerinfo\/#organization\"},\"image\":{\"@id\":\"https:\/\/vosgesinfo.fr\/gerardmerinfo\/2014\/10\/il-neige-les-htes-vosges\/#primaryimage\"},\"thumbnailUrl\":\"http:\/\/gerardmerinfo.fr\",\"articleSection\":[\"Soci\u00e9t\u00e9\",\"Vosges\"],\"inLanguage\":\"fr-FR\",\"potentialAction\":[{\"@type\":\"CommentAction\",\"name\":\"Comment\",\"target\":[\"https:\/\/vosgesinfo.fr\/gerardmerinfo\/2014\/10\/il-neige-les-htes-vosges\/#respond\"]}]},{\"@type\":\"WebPage\",\"@id\":\"https:\/\/vosgesinfo.fr\/gerardmerinfo\/2014\/10\/il-neige-les-htes-vosges\/\",\"url\":\"https:\/\/vosgesinfo.fr\/gerardmerinfo\/2014\/10\/il-neige-les-htes-vosges\/\",\"name\":\"Il a neig\u00e9 sur les Htes-Vosges - Gerardmer Info\",\"isPartOf\":{\"@id\":\"https:\/\/vosgesinfo.fr\/gerardmerinfo\/#website\"},\"primaryImageOfPage\":{\"@id\":\"https:\/\/vosgesinfo.fr\/gerardmerinfo\/2014\/10\/il-neige-les-htes-vosges\/#primaryimage\"},\"image\":{\"@id\":\"https:\/\/vosgesinfo.fr\/gerardmerinfo\/2014\/10\/il-neige-les-htes-vosges\/#primaryimage\"},\"thumbnailUrl\":\"http:\/\/gerardmerinfo.fr\",\"datePublished\":\"2014-10-22T05:22:06+00:00\",\"dateModified\":\"2014-10-22T05:22:06+00:00\",\"breadcrumb\":{\"@id\":\"https:\/\/vosgesinfo.fr\/gerardmerinfo\/2014\/10\/il-neige-les-htes-vosges\/#breadcrumb\"},\"inLanguage\":\"fr-FR\",\"potentialAction\":[{\"@type\":\"ReadAction\",\"target\":[\"https:\/\/vosgesinfo.fr\/gerardmerinfo\/2014\/10\/il-neige-les-htes-vosges\/\"]}]},{\"@type\":\"ImageObject\",\"inLanguage\":\"fr-FR\",\"@id\":\"https:\/\/vosgesinfo.fr\/gerardmerinfo\/2014\/10\/il-neige-les-htes-vosges\/#primaryimage\",\"url\":\"http:\/\/gerardmerinfo.fr\",\"contentUrl\":\"http:\/\/gerardmerinfo.fr\"},{\"@type\":\"BreadcrumbList\",\"@id\":\"https:\/\/vosgesinfo.fr\/gerardmerinfo\/2014\/10\/il-neige-les-htes-vosges\/#breadcrumb\",\"itemListElement\":[{\"@type\":\"ListItem\",\"position\":1,\"name\":\"Home\",\"item\":\"https:\/\/vosgesinfo.fr\/gerardmerinfo\/\"},{\"@type\":\"ListItem\",\"position\":2,\"name\":\"Il a neig\u00e9 sur les Htes-Vosges\"}]},{\"@type\":\"WebSite\",\"@id\":\"https:\/\/vosgesinfo.fr\/gerardmerinfo\/#website\",\"url\":\"https:\/\/vosgesinfo.fr\/gerardmerinfo\/\",\"name\":\"Gerardmer Info\",\"description\":\"Toute l&#039;actualit\u00e9 de G\u00e9rardmer\",\"publisher\":{\"@id\":\"https:\/\/vosgesinfo.fr\/gerardmerinfo\/#organization\"},\"alternateName\":\"Toute l'actualit\u00e9 de G\u00e9rardmer\",\"potentialAction\":[{\"@type\":\"SearchAction\",\"target\":{\"@type\":\"EntryPoint\",\"urlTemplate\":\"https:\/\/vosgesinfo.fr\/gerardmerinfo\/?s={search_term_string}\"},\"query-input\":\"required name=search_term_string\"}],\"inLanguage\":\"fr-FR\"},{\"@type\":\"Organization\",\"@id\":\"https:\/\/vosgesinfo.fr\/gerardmerinfo\/#organization\",\"name\":\"Gerardmer Info\",\"url\":\"https:\/\/vosgesinfo.fr\/gerardmerinfo\/\",\"logo\":{\"@type\":\"ImageObject\",\"inLanguage\":\"fr-FR\",\"@id\":\"https:\/\/vosgesinfo.fr\/gerardmerinfo\/#\/schema\/logo\/image\/\",\"url\":\"https:\/\/vosgesinfo.fr\/app\/uploads\/sites\/6\/2023\/08\/favicon-gerardmerinfo.png\",\"contentUrl\":\"https:\/\/vosgesinfo.fr\/app\/uploads\/sites\/6\/2023\/08\/favicon-gerardmerinfo.png\",\"width\":512,\"height\":512,\"caption\":\"Gerardmer Info\"},\"image\":{\"@id\":\"https:\/\/vosgesinfo.fr\/gerardmerinfo\/#\/schema\/logo\/image\/\"},\"sameAs\":[\"https:\/\/www.facebook.com\/profile.php?id=100049475262660\",\"https:\/\/x.com\/VosgesInfo88\",\"https:\/\/www.youtube.com\/@vosgesinfo\"]},{\"@type\":\"Person\",\"@id\":\"https:\/\/vosgesinfo.fr\/gerardmerinfo\/#\/schema\/person\/bc5d02d71e6932e81b6dadb7386667b1\",\"name\":\"qs_admin\",\"image\":{\"@type\":\"ImageObject\",\"inLanguage\":\"fr-FR\",\"@id\":\"https:\/\/vosgesinfo.fr\/gerardmerinfo\/#\/schema\/person\/image\/\",\"url\":\"https:\/\/secure.gravatar.com\/avatar\/94b18ee0ed79e4a42ea2f2931277b6841a8999fc6fde214600c78057cf1fe1de?s=96&d=mm&r=g\",\"contentUrl\":\"https:\/\/secure.gravatar.com\/avatar\/94b18ee0ed79e4a42ea2f2931277b6841a8999fc6fde214600c78057cf1fe1de?s=96&d=mm&r=g\",\"caption\":\"qs_admin\"},\"sameAs\":[\"https:\/\/vosgesinfo.fr\/wp\"],\"url\":\"https:\/\/vosgesinfo.fr\/gerardmerinfo\/author\/qs_admin\/\"}]}<\/script>\n<!-- \/ Yoast SEO plugin. -->","yoast_head_json":{"title":"Il a neig\u00e9 sur les Htes-Vosges - Gerardmer Info","robots":{"index":"index","follow":"follow","max-snippet":"max-snippet:-1","max-image-preview":"max-image-preview:large","max-video-preview":"max-video-preview:-1"},"canonical":"https:\/\/vosgesinfo.fr\/gerardmerinfo\/2014\/10\/il-neige-les-htes-vosges\/","twitter_card":"summary_large_image","twitter_title":"Il a neig\u00e9 sur les Htes-Vosges - Gerardmer Info","twitter_description":"On l&rsquo;attendait selon M\u00e9t\u00e9o France, la neige \u00e9tait bien au rendez-vous de ce petit matin de mercredi. Les flocons sont [&hellip;]","twitter_image":"http:\/\/gerardmerinfo.fr","twitter_creator":"@VosgesInfo88","twitter_site":"@VosgesInfo88","twitter_misc":{"\u00c9crit par":"qs_admin"},"schema":{"@context":"https:\/\/schema.org","@graph":[{"@type":"Article","@id":"https:\/\/vosgesinfo.fr\/gerardmerinfo\/2014\/10\/il-neige-les-htes-vosges\/#article","isPartOf":{"@id":"https:\/\/vosgesinfo.fr\/gerardmerinfo\/2014\/10\/il-neige-les-htes-vosges\/"},"author":{"name":"qs_admin","@id":"https:\/\/vosgesinfo.fr\/gerardmerinfo\/#\/schema\/person\/bc5d02d71e6932e81b6dadb7386667b1"},"headline":"Il a neig\u00e9 sur les Htes-Vosges","datePublished":"2014-10-22T05:22:06+00:00","dateModified":"2014-10-22T05:22:06+00:00","mainEntityOfPage":{"@id":"https:\/\/vosgesinfo.fr\/gerardmerinfo\/2014\/10\/il-neige-les-htes-vosges\/"},"wordCount":106,"commentCount":0,"publisher":{"@id":"https:\/\/vosgesinfo.fr\/gerardmerinfo\/#organization"},"image":{"@id":"https:\/\/vosgesinfo.fr\/gerardmerinfo\/2014\/10\/il-neige-les-htes-vosges\/#primaryimage"},"thumbnailUrl":"http:\/\/gerardmerinfo.fr","articleSection":["Soci\u00e9t\u00e9","Vosges"],"inLanguage":"fr-FR","potentialAction":[{"@type":"CommentAction","name":"Comment","target":["https:\/\/vosgesinfo.fr\/gerardmerinfo\/2014\/10\/il-neige-les-htes-vosges\/#respond"]}]},{"@type":"WebPage","@id":"https:\/\/vosgesinfo.fr\/gerardmerinfo\/2014\/10\/il-neige-les-htes-vosges\/","url":"https:\/\/vosgesinfo.fr\/gerardmerinfo\/2014\/10\/il-neige-les-htes-vosges\/","name":"Il a neig\u00e9 sur les Htes-Vosges - Gerardmer Info","isPartOf":{"@id":"https:\/\/vosgesinfo.fr\/gerardmerinfo\/#website"},"primaryImageOfPage":{"@id":"https:\/\/vosgesinfo.fr\/gerardmerinfo\/2014\/10\/il-neige-les-htes-vosges\/#primaryimage"},"image":{"@id":"https:\/\/vosgesinfo.fr\/gerardmerinfo\/2014\/10\/il-neige-les-htes-vosges\/#primaryimage"},"thumbnailUrl":"http:\/\/gerardmerinfo.fr","datePublished":"2014-10-22T05:22:06+00:00","dateModified":"2014-10-22T05:22:06+00:00","breadcrumb":{"@id":"https:\/\/vosgesinfo.fr\/gerardmerinfo\/2014\/10\/il-neige-les-htes-vosges\/#breadcrumb"},"inLanguage":"fr-FR","potentialAction":[{"@type":"ReadAction","target":["https:\/\/vosgesinfo.fr\/gerardmerinfo\/2014\/10\/il-neige-les-htes-vosges\/"]}]},{"@type":"ImageObject","inLanguage":"fr-FR","@id":"https:\/\/vosgesinfo.fr\/gerardmerinfo\/2014\/10\/il-neige-les-htes-vosges\/#primaryimage","url":"http:\/\/gerardmerinfo.fr","contentUrl":"http:\/\/gerardmerinfo.fr"},{"@type":"BreadcrumbList","@id":"https:\/\/vosgesinfo.fr\/gerardmerinfo\/2014\/10\/il-neige-les-htes-vosges\/#breadcrumb","itemListElement":[{"@type":"ListItem","position":1,"name":"Home","item":"https:\/\/vosgesinfo.fr\/gerardmerinfo\/"},{"@type":"ListItem","position":2,"name":"Il a neig\u00e9 sur les Htes-Vosges"}]},{"@type":"WebSite","@id":"https:\/\/vosgesinfo.fr\/gerardmerinfo\/#website","url":"https:\/\/vosgesinfo.fr\/gerardmerinfo\/","name":"Gerardmer Info","description":"Toute l&#039;actualit\u00e9 de G\u00e9rardmer","publisher":{"@id":"https:\/\/vosgesinfo.fr\/gerardmerinfo\/#organization"},"alternateName":"Toute l'actualit\u00e9 de G\u00e9rardmer","potentialAction":[{"@type":"SearchAction","target":{"@type":"EntryPoint","urlTemplate":"https:\/\/vosgesinfo.fr\/gerardmerinfo\/?s={search_term_string}"},"query-input":"required name=search_term_string"}],"inLanguage":"fr-FR"},{"@type":"Organization","@id":"https:\/\/vosgesinfo.fr\/gerardmerinfo\/#organization","name":"Gerardmer Info","url":"https:\/\/vosgesinfo.fr\/gerardmerinfo\/","logo":{"@type":"ImageObject","inLanguage":"fr-FR","@id":"https:\/\/vosgesinfo.fr\/gerardmerinfo\/#\/schema\/logo\/image\/","url":"https:\/\/vosgesinfo.fr\/app\/uploads\/sites\/6\/2023\/08\/favicon-gerardmerinfo.png","contentUrl":"https:\/\/vosgesinfo.fr\/app\/uploads\/sites\/6\/2023\/08\/favicon-gerardmerinfo.png","width":512,"height":512,"caption":"Gerardmer Info"},"image":{"@id":"https:\/\/vosgesinfo.fr\/gerardmerinfo\/#\/schema\/logo\/image\/"},"sameAs":["https:\/\/www.facebook.com\/profile.php?id=100049475262660","https:\/\/x.com\/VosgesInfo88","https:\/\/www.youtube.com\/@vosgesinfo"]},{"@type":"Person","@id":"https:\/\/vosgesinfo.fr\/gerardmerinfo\/#\/schema\/person\/bc5d02d71e6932e81b6dadb7386667b1","name":"qs_admin","image":{"@type":"ImageObject","inLanguage":"fr-FR","@id":"https:\/\/vosgesinfo.fr\/gerardmerinfo\/#\/schema\/person\/image\/","url":"https:\/\/secure.gravatar.com\/avatar\/94b18ee0ed79e4a42ea2f2931277b6841a8999fc6fde214600c78057cf1fe1de?s=96&d=mm&r=g","contentUrl":"https:\/\/secure.gravatar.com\/avatar\/94b18ee0ed79e4a42ea2f2931277b6841a8999fc6fde214600c78057cf1fe1de?s=96&d=mm&r=g","caption":"qs_admin"},"sameAs":["https:\/\/vosgesinfo.fr\/wp"],"url":"https:\/\/vosgesinfo.fr\/gerardmerinfo\/author\/qs_admin\/"}]}},"_links":{"self":[{"href":"https:\/\/vosgesinfo.fr\/gerardmerinfo\/wp-json\/wp\/v2\/posts\/11879","targetHints":{"allow":["GET"]}}],"collection":[{"href":"https:\/\/vosgesinfo.fr\/gerardmerinfo\/wp-json\/wp\/v2\/posts"}],"about":[{"href":"https:\/\/vosgesinfo.fr\/gerardmerinfo\/wp-json\/wp\/v2\/types\/post"}],"author":[{"embeddable":true,"href":"https:\/\/vosgesinfo.fr\/gerardmerinfo\/wp-json\/wp\/v2\/users\/1"}],"replies":[{"embeddable":true,"href":"https:\/\/vosgesinfo.fr\/gerardmerinfo\/wp-json\/wp\/v2\/comments?post=11879"}],"version-history":[{"count":0,"href":"https:\/\/vosgesinfo.fr\/gerardmerinfo\/wp-json\/wp\/v2\/posts\/11879\/revisions"}],"wp:attachment":[{"href":"https:\/\/vosgesinfo.fr\/gerardmerinfo\/wp-json\/wp\/v2\/media?parent=11879"}],"wp:term":[{"taxonomy":"category","embeddable":true,"href":"https:\/\/vosgesinfo.fr\/gerardmerinfo\/wp-json\/wp\/v2\/categories?post=11879"},{"taxonomy":"post_tag","embeddable":true,"href":"https:\/\/vosgesinfo.fr\/gerardmerinfo\/wp-json\/wp\/v2\/tags?post=11879"}],"curies":[{"name":"wp","href":"https:\/\/api.w.org\/{rel}","templated":true}]}}