{"id":11881,"date":"2014-10-22T16:58:47","date_gmt":"2014-10-22T14:58:47","guid":{"rendered":"https:\/\/vosgesinfo.fr\/gerardmerinfo\/2014\/10\/du-gout-toujours-du-gout\/"},"modified":"2014-10-22T16:58:47","modified_gmt":"2014-10-22T14:58:47","slug":"du-gout-toujours-du-gout","status":"publish","type":"post","link":"https:\/\/vosgesinfo.fr\/gerardmerinfo\/2014\/10\/du-gout-toujours-du-gout\/","title":{"rendered":"Du go\u00fbt, toujours du go\u00fbt"},"content":{"rendered":"<div class=\"\" style=\"text-align: left;\" align=\"JUSTIFY\"><a href=\"http:\/\/gerardmerinfo.fr\"><img decoding=\"async\" class=\"aligncenter wp-image-41052\" src=\"http:\/\/gerardmerinfo.fr\" alt=\"IMGP2863\" width=\"524\" height=\"349\" \/><\/a><\/div>\n<div class=\"\" style=\"text-align: left;\" align=\"JUSTIFY\">C&rsquo;est sans doute l&rsquo;un des repas les plus importants de la journ\u00e9e et c&rsquo;est sans doute \u00e0 ce titre qu&rsquo;il a largement \u00e9t\u00e9 \u00e0 l&rsquo;honneur lors de la Semaine du Go\u00fbt. Ce repas, vous l&rsquo;aurez devinez, c&rsquo;est le petit d\u00e9jeuner. Vendredi dernier, c&rsquo;\u00e9tait au tour de l&rsquo;\u00e9cole maternelle Jean-Mac\u00e9 d&rsquo;organiser son p&rsquo;tit d\u00e8j&rsquo; collectif, une tradition qui perdure et qui a forc\u00e9ment du bon.<\/div>\n<div class=\"\" style=\"text-align: left;\" align=\"JUSTIFY\"><\/div>\n<div class=\"\" style=\"text-align: left;\" align=\"JUSTIFY\">Regroupant l&rsquo;ensemble des p&rsquo;tits loups et de leurs institutrices ainsi que le directeur de l&rsquo;\u00e9tablissement Ghislain Rivot et des personnels de la structure, le festin proposait de se r\u00e9galer avec les \u00ab\u00a0grands classiques\u00a0\u00bb du petit-d\u00e9jeuner : \u00a0fruits frais, tartines de beurre et confiture, jus d&rsquo;orange et chocolat chaud&#8230; L&rsquo;objectif \u00e9tant entre autre de familiariser les enfants avec les diff\u00e9rents groupes d&rsquo;aliments tout en lan\u00e7ant un projet de classe d\u00e9clin\u00e9 r\u00e9guli\u00e8rement.<\/div>\n<div class=\"\" style=\"text-align: left;\" align=\"JUSTIFY\"><img decoding=\"async\" class=\"alignleft size-medium wp-image-41053\" src=\"http:\/\/gerardmerinfo.fr\" alt=\"IMGP2850\" width=\"300\" height=\"199\" \/>En effet, en parall\u00e8le de ce p&rsquo;tit d\u00e8j dans le cadre de la semaine du go\u00fbt, les \u00e9coliers avaient pr\u00e9par\u00e9 une petite soupe \u00ab\u00a0des familles\u00a0\u00bb avec les l\u00e9gumes du potager qu&rsquo;ils cultivent \u00e0 l&rsquo;\u00e9cole&#8230;\u00a0<span class=\"\">\u00a0Les plus grands, eux, partiront d\u00e8s la rentr\u00e9e prochaine \u00e0 la d\u00e9couverte d&rsquo;un bon \u00e9quilibre alimentaire.<\/span><\/div>\n<div class=\"\" style=\"text-align: left;\" align=\"JUSTIFY\">Une sensibilisation de tous les instants \u00ab\u00a0pour que les plus petits notamment, prennent le temps de s&rsquo;installer, de d\u00e9couvrir et de go\u00fbter de nouveaux aliments, de nouvelles saveurs\u00a0\u00bb, pr\u00e9cisait ainsi<span class=\"\"><span class=\"\">\u00a0le directeur de l&rsquo;\u00e9cole.<\/span><\/span><\/div>\n","protected":false},"excerpt":{"rendered":"<p>C&rsquo;est sans doute l&rsquo;un des repas les plus importants de la journ\u00e9e et c&rsquo;est sans doute \u00e0 ce titre qu&rsquo;il [&hellip;]<\/p>\n","protected":false},"author":42,"featured_media":0,"comment_status":"open","ping_status":"open","sticky":false,"template":"","format":"standard","meta":{"footnotes":""},"categories":[24,25],"tags":[],"class_list":["post-11881","post","type-post","status-publish","format-standard","hentry","category-evenements","category-gerardmer"],"acf":[],"yoast_head":"<!-- This site is optimized with the Yoast SEO plugin v22.5 - https:\/\/yoast.com\/wordpress\/plugins\/seo\/ -->\n<title>Du go\u00fbt, toujours du go\u00fbt - Gerardmer Info<\/title>\n<meta name=\"robots\" content=\"index, follow, max-snippet:-1, max-image-preview:large, max-video-preview:-1\" \/>\n<link rel=\"canonical\" href=\"https:\/\/vosgesinfo.fr\/gerardmerinfo\/2014\/10\/du-gout-toujours-du-gout\/\" \/>\n<meta name=\"twitter:card\" content=\"summary_large_image\" \/>\n<meta name=\"twitter:title\" content=\"Du go\u00fbt, toujours du go\u00fbt - Gerardmer Info\" \/>\n<meta name=\"twitter:description\" content=\"C&rsquo;est sans doute l&rsquo;un des repas les plus importants de la journ\u00e9e et c&rsquo;est sans doute \u00e0 ce titre qu&rsquo;il [&hellip;]\" \/>\n<meta name=\"twitter:image\" content=\"http:\/\/gerardmerinfo.fr\" \/>\n<meta name=\"twitter:creator\" content=\"@VosgesInfo88\" \/>\n<meta name=\"twitter:site\" content=\"@VosgesInfo88\" \/>\n<meta name=\"twitter:label1\" content=\"\u00c9crit par\" \/>\n\t<meta name=\"twitter:data1\" content=\"QG\" \/>\n\t<meta name=\"twitter:label2\" content=\"Dur\u00e9e de lecture estim\u00e9e\" \/>\n\t<meta name=\"twitter:data2\" content=\"1 minute\" \/>\n<script type=\"application\/ld+json\" class=\"yoast-schema-graph\">{\"@context\":\"https:\/\/schema.org\",\"@graph\":[{\"@type\":\"Article\",\"@id\":\"https:\/\/vosgesinfo.fr\/gerardmerinfo\/2014\/10\/du-gout-toujours-du-gout\/#article\",\"isPartOf\":{\"@id\":\"https:\/\/vosgesinfo.fr\/gerardmerinfo\/2014\/10\/du-gout-toujours-du-gout\/\"},\"author\":{\"name\":\"QG\",\"@id\":\"https:\/\/vosgesinfo.fr\/gerardmerinfo\/#\/schema\/person\/db5605779a843dad16b5368f3e7613a5\"},\"headline\":\"Du go\u00fbt, toujours du go\u00fbt\",\"datePublished\":\"2014-10-22T14:58:47+00:00\",\"dateModified\":\"2014-10-22T14:58:47+00:00\",\"mainEntityOfPage\":{\"@id\":\"https:\/\/vosgesinfo.fr\/gerardmerinfo\/2014\/10\/du-gout-toujours-du-gout\/\"},\"wordCount\":266,\"commentCount\":0,\"publisher\":{\"@id\":\"https:\/\/vosgesinfo.fr\/gerardmerinfo\/#organization\"},\"image\":{\"@id\":\"https:\/\/vosgesinfo.fr\/gerardmerinfo\/2014\/10\/du-gout-toujours-du-gout\/#primaryimage\"},\"thumbnailUrl\":\"http:\/\/gerardmerinfo.fr\",\"articleSection\":[\"Ev\u00e8nements\",\"G\u00e9rardmer\"],\"inLanguage\":\"fr-FR\",\"potentialAction\":[{\"@type\":\"CommentAction\",\"name\":\"Comment\",\"target\":[\"https:\/\/vosgesinfo.fr\/gerardmerinfo\/2014\/10\/du-gout-toujours-du-gout\/#respond\"]}]},{\"@type\":\"WebPage\",\"@id\":\"https:\/\/vosgesinfo.fr\/gerardmerinfo\/2014\/10\/du-gout-toujours-du-gout\/\",\"url\":\"https:\/\/vosgesinfo.fr\/gerardmerinfo\/2014\/10\/du-gout-toujours-du-gout\/\",\"name\":\"Du go\u00fbt, toujours du go\u00fbt - Gerardmer Info\",\"isPartOf\":{\"@id\":\"https:\/\/vosgesinfo.fr\/gerardmerinfo\/#website\"},\"primaryImageOfPage\":{\"@id\":\"https:\/\/vosgesinfo.fr\/gerardmerinfo\/2014\/10\/du-gout-toujours-du-gout\/#primaryimage\"},\"image\":{\"@id\":\"https:\/\/vosgesinfo.fr\/gerardmerinfo\/2014\/10\/du-gout-toujours-du-gout\/#primaryimage\"},\"thumbnailUrl\":\"http:\/\/gerardmerinfo.fr\",\"datePublished\":\"2014-10-22T14:58:47+00:00\",\"dateModified\":\"2014-10-22T14:58:47+00:00\",\"breadcrumb\":{\"@id\":\"https:\/\/vosgesinfo.fr\/gerardmerinfo\/2014\/10\/du-gout-toujours-du-gout\/#breadcrumb\"},\"inLanguage\":\"fr-FR\",\"potentialAction\":[{\"@type\":\"ReadAction\",\"target\":[\"https:\/\/vosgesinfo.fr\/gerardmerinfo\/2014\/10\/du-gout-toujours-du-gout\/\"]}]},{\"@type\":\"ImageObject\",\"inLanguage\":\"fr-FR\",\"@id\":\"https:\/\/vosgesinfo.fr\/gerardmerinfo\/2014\/10\/du-gout-toujours-du-gout\/#primaryimage\",\"url\":\"http:\/\/gerardmerinfo.fr\",\"contentUrl\":\"http:\/\/gerardmerinfo.fr\"},{\"@type\":\"BreadcrumbList\",\"@id\":\"https:\/\/vosgesinfo.fr\/gerardmerinfo\/2014\/10\/du-gout-toujours-du-gout\/#breadcrumb\",\"itemListElement\":[{\"@type\":\"ListItem\",\"position\":1,\"name\":\"Home\",\"item\":\"https:\/\/vosgesinfo.fr\/gerardmerinfo\/\"},{\"@type\":\"ListItem\",\"position\":2,\"name\":\"Du go\u00fbt, toujours du go\u00fbt\"}]},{\"@type\":\"WebSite\",\"@id\":\"https:\/\/vosgesinfo.fr\/gerardmerinfo\/#website\",\"url\":\"https:\/\/vosgesinfo.fr\/gerardmerinfo\/\",\"name\":\"Gerardmer Info\",\"description\":\"Toute l&#039;actualit\u00e9 de G\u00e9rardmer\",\"publisher\":{\"@id\":\"https:\/\/vosgesinfo.fr\/gerardmerinfo\/#organization\"},\"alternateName\":\"Toute l'actualit\u00e9 de G\u00e9rardmer\",\"potentialAction\":[{\"@type\":\"SearchAction\",\"target\":{\"@type\":\"EntryPoint\",\"urlTemplate\":\"https:\/\/vosgesinfo.fr\/gerardmerinfo\/?s={search_term_string}\"},\"query-input\":\"required name=search_term_string\"}],\"inLanguage\":\"fr-FR\"},{\"@type\":\"Organization\",\"@id\":\"https:\/\/vosgesinfo.fr\/gerardmerinfo\/#organization\",\"name\":\"Gerardmer Info\",\"url\":\"https:\/\/vosgesinfo.fr\/gerardmerinfo\/\",\"logo\":{\"@type\":\"ImageObject\",\"inLanguage\":\"fr-FR\",\"@id\":\"https:\/\/vosgesinfo.fr\/gerardmerinfo\/#\/schema\/logo\/image\/\",\"url\":\"https:\/\/vosgesinfo.fr\/app\/uploads\/sites\/6\/2023\/08\/favicon-gerardmerinfo.png\",\"contentUrl\":\"https:\/\/vosgesinfo.fr\/app\/uploads\/sites\/6\/2023\/08\/favicon-gerardmerinfo.png\",\"width\":512,\"height\":512,\"caption\":\"Gerardmer Info\"},\"image\":{\"@id\":\"https:\/\/vosgesinfo.fr\/gerardmerinfo\/#\/schema\/logo\/image\/\"},\"sameAs\":[\"https:\/\/www.facebook.com\/profile.php?id=100049475262660\",\"https:\/\/x.com\/VosgesInfo88\",\"https:\/\/www.youtube.com\/@vosgesinfo\"]},{\"@type\":\"Person\",\"@id\":\"https:\/\/vosgesinfo.fr\/gerardmerinfo\/#\/schema\/person\/db5605779a843dad16b5368f3e7613a5\",\"name\":\"QG\",\"image\":{\"@type\":\"ImageObject\",\"inLanguage\":\"fr-FR\",\"@id\":\"https:\/\/vosgesinfo.fr\/gerardmerinfo\/#\/schema\/person\/image\/\",\"url\":\"https:\/\/secure.gravatar.com\/avatar\/ea80c42c204b534408512832fde52504ecabb9706bcb6151cf6175e5b64e6793?s=96&d=mm&r=g\",\"contentUrl\":\"https:\/\/secure.gravatar.com\/avatar\/ea80c42c204b534408512832fde52504ecabb9706bcb6151cf6175e5b64e6793?s=96&d=mm&r=g\",\"caption\":\"QG\"},\"url\":\"https:\/\/vosgesinfo.fr\/gerardmerinfo\/author\/quentin88\/\"}]}<\/script>\n<!-- \/ Yoast SEO plugin. -->","yoast_head_json":{"title":"Du go\u00fbt, toujours du go\u00fbt - Gerardmer Info","robots":{"index":"index","follow":"follow","max-snippet":"max-snippet:-1","max-image-preview":"max-image-preview:large","max-video-preview":"max-video-preview:-1"},"canonical":"https:\/\/vosgesinfo.fr\/gerardmerinfo\/2014\/10\/du-gout-toujours-du-gout\/","twitter_card":"summary_large_image","twitter_title":"Du go\u00fbt, toujours du go\u00fbt - Gerardmer Info","twitter_description":"C&rsquo;est sans doute l&rsquo;un des repas les plus importants de la journ\u00e9e et c&rsquo;est sans doute \u00e0 ce titre qu&rsquo;il [&hellip;]","twitter_image":"http:\/\/gerardmerinfo.fr","twitter_creator":"@VosgesInfo88","twitter_site":"@VosgesInfo88","twitter_misc":{"\u00c9crit par":"QG","Dur\u00e9e de lecture estim\u00e9e":"1 minute"},"schema":{"@context":"https:\/\/schema.org","@graph":[{"@type":"Article","@id":"https:\/\/vosgesinfo.fr\/gerardmerinfo\/2014\/10\/du-gout-toujours-du-gout\/#article","isPartOf":{"@id":"https:\/\/vosgesinfo.fr\/gerardmerinfo\/2014\/10\/du-gout-toujours-du-gout\/"},"author":{"name":"QG","@id":"https:\/\/vosgesinfo.fr\/gerardmerinfo\/#\/schema\/person\/db5605779a843dad16b5368f3e7613a5"},"headline":"Du go\u00fbt, toujours du go\u00fbt","datePublished":"2014-10-22T14:58:47+00:00","dateModified":"2014-10-22T14:58:47+00:00","mainEntityOfPage":{"@id":"https:\/\/vosgesinfo.fr\/gerardmerinfo\/2014\/10\/du-gout-toujours-du-gout\/"},"wordCount":266,"commentCount":0,"publisher":{"@id":"https:\/\/vosgesinfo.fr\/gerardmerinfo\/#organization"},"image":{"@id":"https:\/\/vosgesinfo.fr\/gerardmerinfo\/2014\/10\/du-gout-toujours-du-gout\/#primaryimage"},"thumbnailUrl":"http:\/\/gerardmerinfo.fr","articleSection":["Ev\u00e8nements","G\u00e9rardmer"],"inLanguage":"fr-FR","potentialAction":[{"@type":"CommentAction","name":"Comment","target":["https:\/\/vosgesinfo.fr\/gerardmerinfo\/2014\/10\/du-gout-toujours-du-gout\/#respond"]}]},{"@type":"WebPage","@id":"https:\/\/vosgesinfo.fr\/gerardmerinfo\/2014\/10\/du-gout-toujours-du-gout\/","url":"https:\/\/vosgesinfo.fr\/gerardmerinfo\/2014\/10\/du-gout-toujours-du-gout\/","name":"Du go\u00fbt, toujours du go\u00fbt - Gerardmer Info","isPartOf":{"@id":"https:\/\/vosgesinfo.fr\/gerardmerinfo\/#website"},"primaryImageOfPage":{"@id":"https:\/\/vosgesinfo.fr\/gerardmerinfo\/2014\/10\/du-gout-toujours-du-gout\/#primaryimage"},"image":{"@id":"https:\/\/vosgesinfo.fr\/gerardmerinfo\/2014\/10\/du-gout-toujours-du-gout\/#primaryimage"},"thumbnailUrl":"http:\/\/gerardmerinfo.fr","datePublished":"2014-10-22T14:58:47+00:00","dateModified":"2014-10-22T14:58:47+00:00","breadcrumb":{"@id":"https:\/\/vosgesinfo.fr\/gerardmerinfo\/2014\/10\/du-gout-toujours-du-gout\/#breadcrumb"},"inLanguage":"fr-FR","potentialAction":[{"@type":"ReadAction","target":["https:\/\/vosgesinfo.fr\/gerardmerinfo\/2014\/10\/du-gout-toujours-du-gout\/"]}]},{"@type":"ImageObject","inLanguage":"fr-FR","@id":"https:\/\/vosgesinfo.fr\/gerardmerinfo\/2014\/10\/du-gout-toujours-du-gout\/#primaryimage","url":"http:\/\/gerardmerinfo.fr","contentUrl":"http:\/\/gerardmerinfo.fr"},{"@type":"BreadcrumbList","@id":"https:\/\/vosgesinfo.fr\/gerardmerinfo\/2014\/10\/du-gout-toujours-du-gout\/#breadcrumb","itemListElement":[{"@type":"ListItem","position":1,"name":"Home","item":"https:\/\/vosgesinfo.fr\/gerardmerinfo\/"},{"@type":"ListItem","position":2,"name":"Du go\u00fbt, toujours du go\u00fbt"}]},{"@type":"WebSite","@id":"https:\/\/vosgesinfo.fr\/gerardmerinfo\/#website","url":"https:\/\/vosgesinfo.fr\/gerardmerinfo\/","name":"Gerardmer Info","description":"Toute l&#039;actualit\u00e9 de G\u00e9rardmer","publisher":{"@id":"https:\/\/vosgesinfo.fr\/gerardmerinfo\/#organization"},"alternateName":"Toute l'actualit\u00e9 de G\u00e9rardmer","potentialAction":[{"@type":"SearchAction","target":{"@type":"EntryPoint","urlTemplate":"https:\/\/vosgesinfo.fr\/gerardmerinfo\/?s={search_term_string}"},"query-input":"required name=search_term_string"}],"inLanguage":"fr-FR"},{"@type":"Organization","@id":"https:\/\/vosgesinfo.fr\/gerardmerinfo\/#organization","name":"Gerardmer Info","url":"https:\/\/vosgesinfo.fr\/gerardmerinfo\/","logo":{"@type":"ImageObject","inLanguage":"fr-FR","@id":"https:\/\/vosgesinfo.fr\/gerardmerinfo\/#\/schema\/logo\/image\/","url":"https:\/\/vosgesinfo.fr\/app\/uploads\/sites\/6\/2023\/08\/favicon-gerardmerinfo.png","contentUrl":"https:\/\/vosgesinfo.fr\/app\/uploads\/sites\/6\/2023\/08\/favicon-gerardmerinfo.png","width":512,"height":512,"caption":"Gerardmer Info"},"image":{"@id":"https:\/\/vosgesinfo.fr\/gerardmerinfo\/#\/schema\/logo\/image\/"},"sameAs":["https:\/\/www.facebook.com\/profile.php?id=100049475262660","https:\/\/x.com\/VosgesInfo88","https:\/\/www.youtube.com\/@vosgesinfo"]},{"@type":"Person","@id":"https:\/\/vosgesinfo.fr\/gerardmerinfo\/#\/schema\/person\/db5605779a843dad16b5368f3e7613a5","name":"QG","image":{"@type":"ImageObject","inLanguage":"fr-FR","@id":"https:\/\/vosgesinfo.fr\/gerardmerinfo\/#\/schema\/person\/image\/","url":"https:\/\/secure.gravatar.com\/avatar\/ea80c42c204b534408512832fde52504ecabb9706bcb6151cf6175e5b64e6793?s=96&d=mm&r=g","contentUrl":"https:\/\/secure.gravatar.com\/avatar\/ea80c42c204b534408512832fde52504ecabb9706bcb6151cf6175e5b64e6793?s=96&d=mm&r=g","caption":"QG"},"url":"https:\/\/vosgesinfo.fr\/gerardmerinfo\/author\/quentin88\/"}]}},"_links":{"self":[{"href":"https:\/\/vosgesinfo.fr\/gerardmerinfo\/wp-json\/wp\/v2\/posts\/11881","targetHints":{"allow":["GET"]}}],"collection":[{"href":"https:\/\/vosgesinfo.fr\/gerardmerinfo\/wp-json\/wp\/v2\/posts"}],"about":[{"href":"https:\/\/vosgesinfo.fr\/gerardmerinfo\/wp-json\/wp\/v2\/types\/post"}],"author":[{"embeddable":true,"href":"https:\/\/vosgesinfo.fr\/gerardmerinfo\/wp-json\/wp\/v2\/users\/42"}],"replies":[{"embeddable":true,"href":"https:\/\/vosgesinfo.fr\/gerardmerinfo\/wp-json\/wp\/v2\/comments?post=11881"}],"version-history":[{"count":0,"href":"https:\/\/vosgesinfo.fr\/gerardmerinfo\/wp-json\/wp\/v2\/posts\/11881\/revisions"}],"wp:attachment":[{"href":"https:\/\/vosgesinfo.fr\/gerardmerinfo\/wp-json\/wp\/v2\/media?parent=11881"}],"wp:term":[{"taxonomy":"category","embeddable":true,"href":"https:\/\/vosgesinfo.fr\/gerardmerinfo\/wp-json\/wp\/v2\/categories?post=11881"},{"taxonomy":"post_tag","embeddable":true,"href":"https:\/\/vosgesinfo.fr\/gerardmerinfo\/wp-json\/wp\/v2\/tags?post=11881"}],"curies":[{"name":"wp","href":"https:\/\/api.w.org\/{rel}","templated":true}]}}