{"id":11904,"date":"2014-11-02T18:11:54","date_gmt":"2014-11-02T17:11:54","guid":{"rendered":"https:\/\/vosgesinfo.fr\/gerardmerinfo\/2014\/11\/creations-uniques-souvenirs-eternels-videos\/"},"modified":"2014-11-02T18:11:54","modified_gmt":"2014-11-02T17:11:54","slug":"creations-uniques-souvenirs-eternels-videos","status":"publish","type":"post","link":"https:\/\/vosgesinfo.fr\/gerardmerinfo\/2014\/11\/creations-uniques-souvenirs-eternels-videos\/","title":{"rendered":"Cr\u00e9ations uniques pour souvenirs \u00e9ternels (vid\u00e9os)"},"content":{"rendered":"<p>[youtube]http:\/\/youtu.be\/9y6WR3e6XUo[\/youtube]<\/p>\n<p><strong><span style=\"font-family: 'Times New Roman', serif; color: #000000;\"><span style=\"font-size: large;\">Vendredi soir, la m\u00e9diath\u00e8que du Tilleul proposait au public g\u00e9r\u00f4mois un rendez-vous liant musique et art graphique. Un projet de longue date qui voyait enfin le jour pour la responsable de la section audiovisuelle Aur\u00e9lie Eeckels.<\/span><\/span><\/strong><\/p>\n<div id=\"attachment_41682\" style=\"width: 310px\" class=\"wp-caption alignleft\"><a href=\"http:\/\/gerardmerinfo.fr\"><img decoding=\"async\" aria-describedby=\"caption-attachment-41682\" class=\"size-medium wp-image-41682\" src=\"http:\/\/gerardmerinfo.fr\" alt=\"Le groupe Indika s'est produit \u00e0 la m\u00e9diath\u00e8que  dans le cadre d'une expo-concert originale pr\u00e9vue de longue date\" width=\"300\" height=\"168\" \/><\/a><p id=\"caption-attachment-41682\" class=\"wp-caption-text\">Le groupe Indika s&rsquo;est produit \u00e0 la m\u00e9diath\u00e8que dans le cadre d&rsquo;une expo-concert originale pr\u00e9vue de longue date<\/p><\/div>\n<p><span style=\"font-family: 'Times New Roman', serif; color: #000000;\"><span style=\"font-size: large;\">En effet, soucieuse de d\u00e9velopper les animations au sein de la maison et plus sp\u00e9cifiquement de sa section, cette derni\u00e8re envisageait d&rsquo;inviter le groupe de reggae roots r\u00e9pondant au nom d&rsquo;Indika. Une formation ch\u00e8re \u00e0 son c\u0153ur et \u00e0 ses oreilles, bas\u00e9e \u00e0 Strasbourg et qui a vu le jour en 2001 sous l&rsquo;impulsion d&rsquo;une bande de potes de lyc\u00e9e.<\/span><\/span><\/p>\n<p><span style=\"font-family: 'Times New Roman', serif; color: #000000;\"><span style=\"font-size: large;\">Depuis, Indika a \u00e9cum\u00e9 les sc\u00e8nes de France et de Navarre, particip\u00e9 \u00e0 des festivals et autres projets humanitaires et\/ou culturels, partageant ainsi la sc\u00e8ne avec quelques r\u00e9f\u00e9rences du genre, distillant son reggae roots subtile, et fortement emprunt de musique jama\u00efcaine, forc\u00e9ment. Mais le groupe ne s&rsquo;est pas arr\u00eat\u00e9 \u00e0 l&rsquo;aspect musical et apporte une importance certaine \u00e0 l&rsquo;aspect visuel qui est d\u00e9velopp\u00e9 \u00e0 travers la pr\u00e9sence et l&rsquo;action d&rsquo;un de ses membres, dernier venu qui fait d\u00e9sormais partie int\u00e9grante du projet Indika. <\/span><\/span><\/p>\n<div id=\"attachment_41683\" style=\"width: 310px\" class=\"wp-caption alignleft\"><a href=\"http:\/\/gerardmerinfo.fr\"><img decoding=\"async\" aria-describedby=\"caption-attachment-41683\" class=\"size-medium wp-image-41683\" src=\"http:\/\/gerardmerinfo.fr\" alt=\"Matt a pr\u00e9sent\u00e9 l'Artomobile lors du vernissage de son exposition actuellement visible \u00e0 la section audiovisuelle\" width=\"300\" height=\"225\" \/><\/a><p id=\"caption-attachment-41683\" class=\"wp-caption-text\">Matt a pr\u00e9sent\u00e9 l&rsquo;Artomobile lors du vernissage de son exposition actuellement visible \u00e0 la section audiovisuelle<\/p><\/div>\n<p><span style=\"font-family: 'Times New Roman', serif; color: #000000;\"><span style=\"font-size: large;\">Il s&rsquo;agit de Matt Malhen, lui aussi bas\u00e9 \u00e0 Strasbourg depuis quelques ann\u00e9es et qui r\u00e9alise par exemple les pochettes de disques, cartes postales, t-shirts, affiches ou stickers pour le groupe, le tout sans oublier quelques surprises \u00e0 d\u00e9couvrir en concert\u00a0: des pi\u00e8ces uniques, produites artisanalement par l&rsquo;artiste en plein live et en fonction de l&rsquo;ambiance, de la musique, du lieu, de son ressenti personnel, bref, des \u00ab\u00a0vibes\u00a0\u00bb de la soir\u00e9e. Ces cr\u00e9ations sont le plus souvent offertes au public qui garde ainsi un souvenir suppl\u00e9mentaire du concert auquel il vient d&rsquo;assister.<\/span><\/span><\/p>\n<p><span style=\"font-family: 'Times New Roman', serif; color: #000000;\"><span style=\"font-size: large;\"><a href=\"http:\/\/gerardmerinfo.fr\"><img decoding=\"async\" class=\"alignright size-medium wp-image-41684\" src=\"http:\/\/gerardmerinfo.fr\" alt=\"IMG_8378-WEB\" width=\"294\" height=\"300\" \/><\/a>Et afin de pouvoir travailler dans les meilleures conditions possibles, c&rsquo;est-\u00e0-dire au plus proche de la musique et du public, Matt vient de cr\u00e9er l&rsquo;Artomobile, machine elle aussi unique, sorte d&rsquo;atelier ambulant et miniature qui permet \u00e0 son utilisateur d&rsquo;avoir acc\u00e8s \u00e0 de nombreuses techniques o\u00f9 qu&rsquo;il se trouve\u00a0: impression, collage, linogravure, dessin, encrage, copie de dessin par transparence etc&#8230; Une Artomobile qui a d&rsquo;ailleurs \u00e9t\u00e9 pr\u00e9sent\u00e9e et \u00ab\u00a0inaugur\u00e9e\u00a0\u00bb \u00e0 l&rsquo;occasion du vernissage de l&rsquo;exposition de Matt \u00e0 la m\u00e9diath\u00e8que et du concert d&rsquo;Indika qui a suivi ce vendredi 31 octobre.<\/span><\/span><\/p>\n<p><span style=\"font-family: 'Times New Roman', serif; color: #000000;\"><span style=\"font-size: large;\"><a href=\"http:\/\/gerardmerinfo.fr\"><img decoding=\"async\" class=\"alignleft size-medium wp-image-41685\" src=\"http:\/\/gerardmerinfo.fr\" alt=\"IMG_8390-WEB\" width=\"300\" height=\"225\" \/><\/a>C&rsquo;est donc \u00e0 une grande premi\u00e8re que le public local a eu la chance d&rsquo;assister, d\u00e9couvrant tout un univers musical et visuel qui s&rsquo;est notamment soud\u00e9 autour de l&rsquo;image du Baobab, figure r\u00e9currente chez Matt et Indika. Arbre sacr\u00e9, arbre \u00e0 palabres aussi appel\u00e9 \u00ab\u00a0arbre \u00e0 l&rsquo;envers\u00a0\u00bb ou \u00ab\u00a0arbre bouteille\u00a0\u00bb car gorg\u00e9 d&rsquo;eau au niveau de son tronc, ce sp\u00e9cimen unique qui peut \u00eatre mill\u00e9naire voit \u00e9galement son \u00e9corce se r\u00e9g\u00e9n\u00e9rer. Il est une r\u00e9f\u00e9rence iconographique pour Indika, \u00e0 qui l&rsquo;on souhaite la m\u00eame long\u00e9vit\u00e9 qu&rsquo;\u00e0 son ic\u00f4ne.<\/span><\/span><\/p>\n<p>[youtube]http:\/\/youtu.be\/Ocit-vOt0MY[\/youtube]<\/p>\n<p>&nbsp;<\/p>\n<p>&nbsp;<\/p>\n","protected":false},"excerpt":{"rendered":"<p>[youtube]http:\/\/youtu.be\/9y6WR3e6XUo[\/youtube] Vendredi soir, la m\u00e9diath\u00e8que du Tilleul proposait au public g\u00e9r\u00f4mois un rendez-vous liant musique et art graphique. Un projet [&hellip;]<\/p>\n","protected":false},"author":42,"featured_media":0,"comment_status":"open","ping_status":"open","sticky":false,"template":"","format":"standard","meta":{"footnotes":""},"categories":[34,4],"tags":[],"class_list":["post-11904","post","type-post","status-publish","format-standard","hentry","category-concert","category-culture"],"acf":[],"yoast_head":"<!-- This site is optimized with the Yoast SEO plugin v22.5 - https:\/\/yoast.com\/wordpress\/plugins\/seo\/ -->\n<title>Cr\u00e9ations uniques pour souvenirs \u00e9ternels (vid\u00e9os) - Gerardmer Info<\/title>\n<meta name=\"robots\" content=\"index, follow, max-snippet:-1, max-image-preview:large, max-video-preview:-1\" \/>\n<link rel=\"canonical\" href=\"https:\/\/vosgesinfo.fr\/gerardmerinfo\/2014\/11\/creations-uniques-souvenirs-eternels-videos\/\" \/>\n<meta name=\"twitter:card\" content=\"summary_large_image\" \/>\n<meta name=\"twitter:title\" content=\"Cr\u00e9ations uniques pour souvenirs \u00e9ternels (vid\u00e9os) - Gerardmer Info\" \/>\n<meta name=\"twitter:description\" content=\"[youtube]http:\/\/youtu.be\/9y6WR3e6XUo[\/youtube] Vendredi soir, la m\u00e9diath\u00e8que du Tilleul proposait au public g\u00e9r\u00f4mois un rendez-vous liant musique et art graphique. Un projet [&hellip;]\" \/>\n<meta name=\"twitter:image\" content=\"http:\/\/gerardmerinfo.fr\" \/>\n<meta name=\"twitter:creator\" content=\"@VosgesInfo88\" \/>\n<meta name=\"twitter:site\" content=\"@VosgesInfo88\" \/>\n<meta name=\"twitter:label1\" content=\"\u00c9crit par\" \/>\n\t<meta name=\"twitter:data1\" content=\"QG\" \/>\n\t<meta name=\"twitter:label2\" content=\"Dur\u00e9e de lecture estim\u00e9e\" \/>\n\t<meta name=\"twitter:data2\" content=\"3 minutes\" \/>\n<script type=\"application\/ld+json\" class=\"yoast-schema-graph\">{\"@context\":\"https:\/\/schema.org\",\"@graph\":[{\"@type\":\"Article\",\"@id\":\"https:\/\/vosgesinfo.fr\/gerardmerinfo\/2014\/11\/creations-uniques-souvenirs-eternels-videos\/#article\",\"isPartOf\":{\"@id\":\"https:\/\/vosgesinfo.fr\/gerardmerinfo\/2014\/11\/creations-uniques-souvenirs-eternels-videos\/\"},\"author\":{\"name\":\"QG\",\"@id\":\"https:\/\/vosgesinfo.fr\/gerardmerinfo\/#\/schema\/person\/db5605779a843dad16b5368f3e7613a5\"},\"headline\":\"Cr\u00e9ations uniques pour souvenirs \u00e9ternels (vid\u00e9os)\",\"datePublished\":\"2014-11-02T17:11:54+00:00\",\"dateModified\":\"2014-11-02T17:11:54+00:00\",\"mainEntityOfPage\":{\"@id\":\"https:\/\/vosgesinfo.fr\/gerardmerinfo\/2014\/11\/creations-uniques-souvenirs-eternels-videos\/\"},\"wordCount\":592,\"commentCount\":0,\"publisher\":{\"@id\":\"https:\/\/vosgesinfo.fr\/gerardmerinfo\/#organization\"},\"image\":{\"@id\":\"https:\/\/vosgesinfo.fr\/gerardmerinfo\/2014\/11\/creations-uniques-souvenirs-eternels-videos\/#primaryimage\"},\"thumbnailUrl\":\"http:\/\/gerardmerinfo.fr\",\"articleSection\":[\"Concert\",\"Culture\"],\"inLanguage\":\"fr-FR\",\"potentialAction\":[{\"@type\":\"CommentAction\",\"name\":\"Comment\",\"target\":[\"https:\/\/vosgesinfo.fr\/gerardmerinfo\/2014\/11\/creations-uniques-souvenirs-eternels-videos\/#respond\"]}]},{\"@type\":\"WebPage\",\"@id\":\"https:\/\/vosgesinfo.fr\/gerardmerinfo\/2014\/11\/creations-uniques-souvenirs-eternels-videos\/\",\"url\":\"https:\/\/vosgesinfo.fr\/gerardmerinfo\/2014\/11\/creations-uniques-souvenirs-eternels-videos\/\",\"name\":\"Cr\u00e9ations uniques pour souvenirs \u00e9ternels (vid\u00e9os) - Gerardmer Info\",\"isPartOf\":{\"@id\":\"https:\/\/vosgesinfo.fr\/gerardmerinfo\/#website\"},\"primaryImageOfPage\":{\"@id\":\"https:\/\/vosgesinfo.fr\/gerardmerinfo\/2014\/11\/creations-uniques-souvenirs-eternels-videos\/#primaryimage\"},\"image\":{\"@id\":\"https:\/\/vosgesinfo.fr\/gerardmerinfo\/2014\/11\/creations-uniques-souvenirs-eternels-videos\/#primaryimage\"},\"thumbnailUrl\":\"http:\/\/gerardmerinfo.fr\",\"datePublished\":\"2014-11-02T17:11:54+00:00\",\"dateModified\":\"2014-11-02T17:11:54+00:00\",\"breadcrumb\":{\"@id\":\"https:\/\/vosgesinfo.fr\/gerardmerinfo\/2014\/11\/creations-uniques-souvenirs-eternels-videos\/#breadcrumb\"},\"inLanguage\":\"fr-FR\",\"potentialAction\":[{\"@type\":\"ReadAction\",\"target\":[\"https:\/\/vosgesinfo.fr\/gerardmerinfo\/2014\/11\/creations-uniques-souvenirs-eternels-videos\/\"]}]},{\"@type\":\"ImageObject\",\"inLanguage\":\"fr-FR\",\"@id\":\"https:\/\/vosgesinfo.fr\/gerardmerinfo\/2014\/11\/creations-uniques-souvenirs-eternels-videos\/#primaryimage\",\"url\":\"http:\/\/gerardmerinfo.fr\",\"contentUrl\":\"http:\/\/gerardmerinfo.fr\"},{\"@type\":\"BreadcrumbList\",\"@id\":\"https:\/\/vosgesinfo.fr\/gerardmerinfo\/2014\/11\/creations-uniques-souvenirs-eternels-videos\/#breadcrumb\",\"itemListElement\":[{\"@type\":\"ListItem\",\"position\":1,\"name\":\"Home\",\"item\":\"https:\/\/vosgesinfo.fr\/gerardmerinfo\/\"},{\"@type\":\"ListItem\",\"position\":2,\"name\":\"Cr\u00e9ations uniques pour souvenirs \u00e9ternels (vid\u00e9os)\"}]},{\"@type\":\"WebSite\",\"@id\":\"https:\/\/vosgesinfo.fr\/gerardmerinfo\/#website\",\"url\":\"https:\/\/vosgesinfo.fr\/gerardmerinfo\/\",\"name\":\"Gerardmer Info\",\"description\":\"Toute l&#039;actualit\u00e9 de G\u00e9rardmer\",\"publisher\":{\"@id\":\"https:\/\/vosgesinfo.fr\/gerardmerinfo\/#organization\"},\"alternateName\":\"Toute l'actualit\u00e9 de G\u00e9rardmer\",\"potentialAction\":[{\"@type\":\"SearchAction\",\"target\":{\"@type\":\"EntryPoint\",\"urlTemplate\":\"https:\/\/vosgesinfo.fr\/gerardmerinfo\/?s={search_term_string}\"},\"query-input\":\"required name=search_term_string\"}],\"inLanguage\":\"fr-FR\"},{\"@type\":\"Organization\",\"@id\":\"https:\/\/vosgesinfo.fr\/gerardmerinfo\/#organization\",\"name\":\"Gerardmer Info\",\"url\":\"https:\/\/vosgesinfo.fr\/gerardmerinfo\/\",\"logo\":{\"@type\":\"ImageObject\",\"inLanguage\":\"fr-FR\",\"@id\":\"https:\/\/vosgesinfo.fr\/gerardmerinfo\/#\/schema\/logo\/image\/\",\"url\":\"https:\/\/vosgesinfo.fr\/app\/uploads\/sites\/6\/2023\/08\/favicon-gerardmerinfo.png\",\"contentUrl\":\"https:\/\/vosgesinfo.fr\/app\/uploads\/sites\/6\/2023\/08\/favicon-gerardmerinfo.png\",\"width\":512,\"height\":512,\"caption\":\"Gerardmer Info\"},\"image\":{\"@id\":\"https:\/\/vosgesinfo.fr\/gerardmerinfo\/#\/schema\/logo\/image\/\"},\"sameAs\":[\"https:\/\/www.facebook.com\/profile.php?id=100049475262660\",\"https:\/\/x.com\/VosgesInfo88\",\"https:\/\/www.youtube.com\/@vosgesinfo\"]},{\"@type\":\"Person\",\"@id\":\"https:\/\/vosgesinfo.fr\/gerardmerinfo\/#\/schema\/person\/db5605779a843dad16b5368f3e7613a5\",\"name\":\"QG\",\"image\":{\"@type\":\"ImageObject\",\"inLanguage\":\"fr-FR\",\"@id\":\"https:\/\/vosgesinfo.fr\/gerardmerinfo\/#\/schema\/person\/image\/\",\"url\":\"https:\/\/secure.gravatar.com\/avatar\/ea80c42c204b534408512832fde52504ecabb9706bcb6151cf6175e5b64e6793?s=96&d=mm&r=g\",\"contentUrl\":\"https:\/\/secure.gravatar.com\/avatar\/ea80c42c204b534408512832fde52504ecabb9706bcb6151cf6175e5b64e6793?s=96&d=mm&r=g\",\"caption\":\"QG\"},\"url\":\"https:\/\/vosgesinfo.fr\/gerardmerinfo\/author\/quentin88\/\"}]}<\/script>\n<!-- \/ Yoast SEO plugin. -->","yoast_head_json":{"title":"Cr\u00e9ations uniques pour souvenirs \u00e9ternels (vid\u00e9os) - Gerardmer Info","robots":{"index":"index","follow":"follow","max-snippet":"max-snippet:-1","max-image-preview":"max-image-preview:large","max-video-preview":"max-video-preview:-1"},"canonical":"https:\/\/vosgesinfo.fr\/gerardmerinfo\/2014\/11\/creations-uniques-souvenirs-eternels-videos\/","twitter_card":"summary_large_image","twitter_title":"Cr\u00e9ations uniques pour souvenirs \u00e9ternels (vid\u00e9os) - Gerardmer Info","twitter_description":"[youtube]http:\/\/youtu.be\/9y6WR3e6XUo[\/youtube] Vendredi soir, la m\u00e9diath\u00e8que du Tilleul proposait au public g\u00e9r\u00f4mois un rendez-vous liant musique et art graphique. Un projet [&hellip;]","twitter_image":"http:\/\/gerardmerinfo.fr","twitter_creator":"@VosgesInfo88","twitter_site":"@VosgesInfo88","twitter_misc":{"\u00c9crit par":"QG","Dur\u00e9e de lecture estim\u00e9e":"3 minutes"},"schema":{"@context":"https:\/\/schema.org","@graph":[{"@type":"Article","@id":"https:\/\/vosgesinfo.fr\/gerardmerinfo\/2014\/11\/creations-uniques-souvenirs-eternels-videos\/#article","isPartOf":{"@id":"https:\/\/vosgesinfo.fr\/gerardmerinfo\/2014\/11\/creations-uniques-souvenirs-eternels-videos\/"},"author":{"name":"QG","@id":"https:\/\/vosgesinfo.fr\/gerardmerinfo\/#\/schema\/person\/db5605779a843dad16b5368f3e7613a5"},"headline":"Cr\u00e9ations uniques pour souvenirs \u00e9ternels (vid\u00e9os)","datePublished":"2014-11-02T17:11:54+00:00","dateModified":"2014-11-02T17:11:54+00:00","mainEntityOfPage":{"@id":"https:\/\/vosgesinfo.fr\/gerardmerinfo\/2014\/11\/creations-uniques-souvenirs-eternels-videos\/"},"wordCount":592,"commentCount":0,"publisher":{"@id":"https:\/\/vosgesinfo.fr\/gerardmerinfo\/#organization"},"image":{"@id":"https:\/\/vosgesinfo.fr\/gerardmerinfo\/2014\/11\/creations-uniques-souvenirs-eternels-videos\/#primaryimage"},"thumbnailUrl":"http:\/\/gerardmerinfo.fr","articleSection":["Concert","Culture"],"inLanguage":"fr-FR","potentialAction":[{"@type":"CommentAction","name":"Comment","target":["https:\/\/vosgesinfo.fr\/gerardmerinfo\/2014\/11\/creations-uniques-souvenirs-eternels-videos\/#respond"]}]},{"@type":"WebPage","@id":"https:\/\/vosgesinfo.fr\/gerardmerinfo\/2014\/11\/creations-uniques-souvenirs-eternels-videos\/","url":"https:\/\/vosgesinfo.fr\/gerardmerinfo\/2014\/11\/creations-uniques-souvenirs-eternels-videos\/","name":"Cr\u00e9ations uniques pour souvenirs \u00e9ternels (vid\u00e9os) - Gerardmer Info","isPartOf":{"@id":"https:\/\/vosgesinfo.fr\/gerardmerinfo\/#website"},"primaryImageOfPage":{"@id":"https:\/\/vosgesinfo.fr\/gerardmerinfo\/2014\/11\/creations-uniques-souvenirs-eternels-videos\/#primaryimage"},"image":{"@id":"https:\/\/vosgesinfo.fr\/gerardmerinfo\/2014\/11\/creations-uniques-souvenirs-eternels-videos\/#primaryimage"},"thumbnailUrl":"http:\/\/gerardmerinfo.fr","datePublished":"2014-11-02T17:11:54+00:00","dateModified":"2014-11-02T17:11:54+00:00","breadcrumb":{"@id":"https:\/\/vosgesinfo.fr\/gerardmerinfo\/2014\/11\/creations-uniques-souvenirs-eternels-videos\/#breadcrumb"},"inLanguage":"fr-FR","potentialAction":[{"@type":"ReadAction","target":["https:\/\/vosgesinfo.fr\/gerardmerinfo\/2014\/11\/creations-uniques-souvenirs-eternels-videos\/"]}]},{"@type":"ImageObject","inLanguage":"fr-FR","@id":"https:\/\/vosgesinfo.fr\/gerardmerinfo\/2014\/11\/creations-uniques-souvenirs-eternels-videos\/#primaryimage","url":"http:\/\/gerardmerinfo.fr","contentUrl":"http:\/\/gerardmerinfo.fr"},{"@type":"BreadcrumbList","@id":"https:\/\/vosgesinfo.fr\/gerardmerinfo\/2014\/11\/creations-uniques-souvenirs-eternels-videos\/#breadcrumb","itemListElement":[{"@type":"ListItem","position":1,"name":"Home","item":"https:\/\/vosgesinfo.fr\/gerardmerinfo\/"},{"@type":"ListItem","position":2,"name":"Cr\u00e9ations uniques pour souvenirs \u00e9ternels (vid\u00e9os)"}]},{"@type":"WebSite","@id":"https:\/\/vosgesinfo.fr\/gerardmerinfo\/#website","url":"https:\/\/vosgesinfo.fr\/gerardmerinfo\/","name":"Gerardmer Info","description":"Toute l&#039;actualit\u00e9 de G\u00e9rardmer","publisher":{"@id":"https:\/\/vosgesinfo.fr\/gerardmerinfo\/#organization"},"alternateName":"Toute l'actualit\u00e9 de G\u00e9rardmer","potentialAction":[{"@type":"SearchAction","target":{"@type":"EntryPoint","urlTemplate":"https:\/\/vosgesinfo.fr\/gerardmerinfo\/?s={search_term_string}"},"query-input":"required name=search_term_string"}],"inLanguage":"fr-FR"},{"@type":"Organization","@id":"https:\/\/vosgesinfo.fr\/gerardmerinfo\/#organization","name":"Gerardmer Info","url":"https:\/\/vosgesinfo.fr\/gerardmerinfo\/","logo":{"@type":"ImageObject","inLanguage":"fr-FR","@id":"https:\/\/vosgesinfo.fr\/gerardmerinfo\/#\/schema\/logo\/image\/","url":"https:\/\/vosgesinfo.fr\/app\/uploads\/sites\/6\/2023\/08\/favicon-gerardmerinfo.png","contentUrl":"https:\/\/vosgesinfo.fr\/app\/uploads\/sites\/6\/2023\/08\/favicon-gerardmerinfo.png","width":512,"height":512,"caption":"Gerardmer Info"},"image":{"@id":"https:\/\/vosgesinfo.fr\/gerardmerinfo\/#\/schema\/logo\/image\/"},"sameAs":["https:\/\/www.facebook.com\/profile.php?id=100049475262660","https:\/\/x.com\/VosgesInfo88","https:\/\/www.youtube.com\/@vosgesinfo"]},{"@type":"Person","@id":"https:\/\/vosgesinfo.fr\/gerardmerinfo\/#\/schema\/person\/db5605779a843dad16b5368f3e7613a5","name":"QG","image":{"@type":"ImageObject","inLanguage":"fr-FR","@id":"https:\/\/vosgesinfo.fr\/gerardmerinfo\/#\/schema\/person\/image\/","url":"https:\/\/secure.gravatar.com\/avatar\/ea80c42c204b534408512832fde52504ecabb9706bcb6151cf6175e5b64e6793?s=96&d=mm&r=g","contentUrl":"https:\/\/secure.gravatar.com\/avatar\/ea80c42c204b534408512832fde52504ecabb9706bcb6151cf6175e5b64e6793?s=96&d=mm&r=g","caption":"QG"},"url":"https:\/\/vosgesinfo.fr\/gerardmerinfo\/author\/quentin88\/"}]}},"_links":{"self":[{"href":"https:\/\/vosgesinfo.fr\/gerardmerinfo\/wp-json\/wp\/v2\/posts\/11904","targetHints":{"allow":["GET"]}}],"collection":[{"href":"https:\/\/vosgesinfo.fr\/gerardmerinfo\/wp-json\/wp\/v2\/posts"}],"about":[{"href":"https:\/\/vosgesinfo.fr\/gerardmerinfo\/wp-json\/wp\/v2\/types\/post"}],"author":[{"embeddable":true,"href":"https:\/\/vosgesinfo.fr\/gerardmerinfo\/wp-json\/wp\/v2\/users\/42"}],"replies":[{"embeddable":true,"href":"https:\/\/vosgesinfo.fr\/gerardmerinfo\/wp-json\/wp\/v2\/comments?post=11904"}],"version-history":[{"count":0,"href":"https:\/\/vosgesinfo.fr\/gerardmerinfo\/wp-json\/wp\/v2\/posts\/11904\/revisions"}],"wp:attachment":[{"href":"https:\/\/vosgesinfo.fr\/gerardmerinfo\/wp-json\/wp\/v2\/media?parent=11904"}],"wp:term":[{"taxonomy":"category","embeddable":true,"href":"https:\/\/vosgesinfo.fr\/gerardmerinfo\/wp-json\/wp\/v2\/categories?post=11904"},{"taxonomy":"post_tag","embeddable":true,"href":"https:\/\/vosgesinfo.fr\/gerardmerinfo\/wp-json\/wp\/v2\/tags?post=11904"}],"curies":[{"name":"wp","href":"https:\/\/api.w.org\/{rel}","templated":true}]}}