{"id":11911,"date":"2014-11-04T17:57:39","date_gmt":"2014-11-04T16:57:39","guid":{"rendered":"https:\/\/vosgesinfo.fr\/gerardmerinfo\/2014\/11\/peu-bonnes-nouvelles-les-conjoints-survivants\/"},"modified":"2014-11-04T17:57:39","modified_gmt":"2014-11-04T16:57:39","slug":"peu-bonnes-nouvelles-les-conjoints-survivants","status":"publish","type":"post","link":"https:\/\/vosgesinfo.fr\/gerardmerinfo\/2014\/11\/peu-bonnes-nouvelles-les-conjoints-survivants\/","title":{"rendered":"Peu de bonnes  nouvelles pour les Conjoints Survivants"},"content":{"rendered":"<p>&nbsp;<\/p>\n<p><b>L&rsquo;assembl\u00e9e g\u00e9n\u00e9rale de la section locale des Conjoints Survivants s&rsquo;est r\u00e9cemment d\u00e9roul\u00e9e \u00e0 la salle des Armes de la mairie. Pour Juliette Costes et ses amies, on garde le moral malgr\u00e9 un contexte morose pour les veufs et les veuves de France.<\/b><\/p>\n<div id=\"attachment_41791\" style=\"width: 310px\" class=\"wp-caption alignright\"><a href=\"http:\/\/gerardmerinfo.fr\"><img decoding=\"async\" aria-describedby=\"caption-attachment-41791\" class=\"size-medium wp-image-41791\" src=\"http:\/\/gerardmerinfo.fr\" alt=\"Juliette Costes (\u00e0 gauche) \u00e9tait de nouveau pr\u00e9sente aux assises annuelles de la section dont elle est responsable\" width=\"300\" height=\"225\" \/><\/a><p id=\"caption-attachment-41791\" class=\"wp-caption-text\">Juliette Costes (\u00e0 gauche) \u00e9tait de nouveau pr\u00e9sente aux assises annuelles de la section dont elle est responsable<\/p><\/div>\n<p>Des assises annuelles qui se sont d\u00e9roul\u00e9es en pr\u00e9sence du maire de G\u00e9rardmer Stessy Speissmann, mais aussi du Conseiller g\u00e9n\u00e9ral Gilbert Poirot, du repr\u00e9sentant de la mairie de Xonrupt No\u00ebl Kinanzoni ainsi que de la la pr\u00e9sidente de la FAVEC 88 Andr\u00e9e Mengin.<\/p>\n<p>Mais c&rsquo;est bien s\u00fbr la responsable de la section locale Juliette Costes qui a ouvert la s\u00e9ance, visiblement heureuse d&rsquo;\u00eatre \u00e0 nouveau pr\u00e9sente parmi les siens. En effet, un petit souci de sant\u00e9 l&rsquo;avait emp\u00each\u00e9 de prendre part \u00e0 cette m\u00eame r\u00e9union en 2013 (r\u00e9union qui avait \u00e9t\u00e9 finalement annul\u00e9e), et avait m\u00eame pouss\u00e9 les adh\u00e9rents \u00e0 organiser leur traditionnelle galette des rois au 14 f\u00e9vrier 2014. \u00ab\u00a0Le boulanger avait accept\u00e9 de faire les galettes rien que pour nous, c&rsquo;\u00e9tait tr\u00e8s gentil de sa part. Nous \u00e9tions donc 14 pr\u00e9sents pour tirer les rois et les reines\u00a0\u00bb pr\u00e9cisait ainsi Juliette Costes, cette fois en pleine forme. Le rendez-vous de la galette devrait donc \u00eatre organis\u00e9 dans les temps en 2015.<\/p>\n<div id=\"attachment_41792\" style=\"width: 310px\" class=\"wp-caption alignleft\"><a href=\"http:\/\/gerardmerinfo.fr\"><img decoding=\"async\" aria-describedby=\"caption-attachment-41792\" class=\"size-medium wp-image-41792\" src=\"http:\/\/gerardmerinfo.fr\" alt=\"Andr\u00e9e Mengin a fait le point sur la situation du veuvage et des modifications d'imposition et R\u00e9version\" width=\"300\" height=\"225\" \/><\/a><p id=\"caption-attachment-41792\" class=\"wp-caption-text\">Andr\u00e9e Mengin a fait le point sur la situation du veuvage et des modifications d&rsquo;imposition et R\u00e9version<\/p><\/div>\n<p>Autre rendez-vous \u00e0 l&rsquo;agenda, l&rsquo;assembl\u00e9e g\u00e9n\u00e9rale de la FAVEC 88 dont d\u00e9pend la section g\u00e9r\u00f4moise les Conjoints Survivants aura lieu le 3 mai 2015 \u00e0 Neufch\u00e2teau, salle des F\u00eates. Un transport sera organis\u00e9. \u00ab\u00a0Comme tous les ans, nous souhaitons vous rencontrer et vous apporter des renseignements sur les droits du veuvage. (\u2026) Notre situation reste difficile en fonction des conditions nouvelles de l&rsquo;imposition\u00a0: 10 % maintenant inclus et demi-part supprim\u00e9e. Il faut que vous nous fassiez conna\u00eetre les transformations de votre imposition en 2014 afin que nous en informions nos \u00e9lus et les ministres\u00a0\u00bb, pr\u00e9cisait ainsi la pr\u00e9sidente Andr\u00e9e Mengin.<\/p>\n<p><a href=\"http:\/\/gerardmerinfo.fr\"><img decoding=\"async\" class=\"alignright size-medium wp-image-41794\" src=\"http:\/\/gerardmerinfo.fr\" alt=\"IMG_8365-WEB\" width=\"300\" height=\"225\" \/><\/a>2015 risque d&rsquo;\u00eatre une ann\u00e9e attendue pour les Conjoints Survivants dont la section de G\u00e9rardmer\/Xonrupt compte 23 adh\u00e9rents, mais aussi pour l&rsquo;ensemble des veuves et veufs. Il n&rsquo;y eut aucune augmentation de la R\u00e9version habituellement pratiqu\u00e9e au 1er avril. Elle a \u00e9t\u00e9 report\u00e9e \u00e0 l&rsquo;ann\u00e9e suivante, vraisemblablement au 1er octobre 2015. Seule l&rsquo;ASPA a \u00e9t\u00e9 modifi\u00e9e\u00a0: elle est d\u00e9sormais de 88 Euros mensuels au lieu de 791,99 Euros. L&rsquo;allocation veuvage n&rsquo;a pas boug\u00e9 et reste \u00e0 602,12 Euros (avec plafond de 752,55 Euros). Voil\u00e0 pour les grandes lignes. Comme toujours, l&rsquo;AG du mois de mai sera attendu avec impatience&#8230;<\/p>\n","protected":false},"excerpt":{"rendered":"<p>&nbsp; L&rsquo;assembl\u00e9e g\u00e9n\u00e9rale de la section locale des Conjoints Survivants s&rsquo;est r\u00e9cemment d\u00e9roul\u00e9e \u00e0 la salle des Armes de la [&hellip;]<\/p>\n","protected":false},"author":42,"featured_media":0,"comment_status":"open","ping_status":"open","sticky":false,"template":"","format":"standard","meta":{"footnotes":""},"categories":[13,17],"tags":[],"class_list":["post-11911","post","type-post","status-publish","format-standard","hentry","category-societe","category-vie-associative"],"acf":[],"yoast_head":"<!-- This site is optimized with the Yoast SEO plugin v22.5 - https:\/\/yoast.com\/wordpress\/plugins\/seo\/ -->\n<title>Peu de bonnes nouvelles pour les Conjoints Survivants - Gerardmer Info<\/title>\n<meta name=\"robots\" content=\"index, follow, max-snippet:-1, max-image-preview:large, max-video-preview:-1\" \/>\n<link rel=\"canonical\" href=\"https:\/\/vosgesinfo.fr\/gerardmerinfo\/2014\/11\/peu-bonnes-nouvelles-les-conjoints-survivants\/\" \/>\n<meta name=\"twitter:card\" content=\"summary_large_image\" \/>\n<meta name=\"twitter:title\" content=\"Peu de bonnes nouvelles pour les Conjoints Survivants - Gerardmer Info\" \/>\n<meta name=\"twitter:description\" content=\"&nbsp; L&rsquo;assembl\u00e9e g\u00e9n\u00e9rale de la section locale des Conjoints Survivants s&rsquo;est r\u00e9cemment d\u00e9roul\u00e9e \u00e0 la salle des Armes de la [&hellip;]\" \/>\n<meta name=\"twitter:image\" content=\"http:\/\/gerardmerinfo.fr\" \/>\n<meta name=\"twitter:creator\" content=\"@VosgesInfo88\" \/>\n<meta name=\"twitter:site\" content=\"@VosgesInfo88\" \/>\n<meta name=\"twitter:label1\" content=\"\u00c9crit par\" \/>\n\t<meta name=\"twitter:data1\" content=\"QG\" \/>\n\t<meta name=\"twitter:label2\" content=\"Dur\u00e9e de lecture estim\u00e9e\" \/>\n\t<meta name=\"twitter:data2\" content=\"2 minutes\" \/>\n<script type=\"application\/ld+json\" class=\"yoast-schema-graph\">{\"@context\":\"https:\/\/schema.org\",\"@graph\":[{\"@type\":\"Article\",\"@id\":\"https:\/\/vosgesinfo.fr\/gerardmerinfo\/2014\/11\/peu-bonnes-nouvelles-les-conjoints-survivants\/#article\",\"isPartOf\":{\"@id\":\"https:\/\/vosgesinfo.fr\/gerardmerinfo\/2014\/11\/peu-bonnes-nouvelles-les-conjoints-survivants\/\"},\"author\":{\"name\":\"QG\",\"@id\":\"https:\/\/vosgesinfo.fr\/gerardmerinfo\/#\/schema\/person\/db5605779a843dad16b5368f3e7613a5\"},\"headline\":\"Peu de bonnes nouvelles pour les Conjoints Survivants\",\"datePublished\":\"2014-11-04T16:57:39+00:00\",\"dateModified\":\"2014-11-04T16:57:39+00:00\",\"mainEntityOfPage\":{\"@id\":\"https:\/\/vosgesinfo.fr\/gerardmerinfo\/2014\/11\/peu-bonnes-nouvelles-les-conjoints-survivants\/\"},\"wordCount\":507,\"commentCount\":0,\"publisher\":{\"@id\":\"https:\/\/vosgesinfo.fr\/gerardmerinfo\/#organization\"},\"image\":{\"@id\":\"https:\/\/vosgesinfo.fr\/gerardmerinfo\/2014\/11\/peu-bonnes-nouvelles-les-conjoints-survivants\/#primaryimage\"},\"thumbnailUrl\":\"http:\/\/gerardmerinfo.fr\",\"articleSection\":[\"Soci\u00e9t\u00e9\",\"Vie Associative\"],\"inLanguage\":\"fr-FR\",\"potentialAction\":[{\"@type\":\"CommentAction\",\"name\":\"Comment\",\"target\":[\"https:\/\/vosgesinfo.fr\/gerardmerinfo\/2014\/11\/peu-bonnes-nouvelles-les-conjoints-survivants\/#respond\"]}]},{\"@type\":\"WebPage\",\"@id\":\"https:\/\/vosgesinfo.fr\/gerardmerinfo\/2014\/11\/peu-bonnes-nouvelles-les-conjoints-survivants\/\",\"url\":\"https:\/\/vosgesinfo.fr\/gerardmerinfo\/2014\/11\/peu-bonnes-nouvelles-les-conjoints-survivants\/\",\"name\":\"Peu de bonnes nouvelles pour les Conjoints Survivants - Gerardmer Info\",\"isPartOf\":{\"@id\":\"https:\/\/vosgesinfo.fr\/gerardmerinfo\/#website\"},\"primaryImageOfPage\":{\"@id\":\"https:\/\/vosgesinfo.fr\/gerardmerinfo\/2014\/11\/peu-bonnes-nouvelles-les-conjoints-survivants\/#primaryimage\"},\"image\":{\"@id\":\"https:\/\/vosgesinfo.fr\/gerardmerinfo\/2014\/11\/peu-bonnes-nouvelles-les-conjoints-survivants\/#primaryimage\"},\"thumbnailUrl\":\"http:\/\/gerardmerinfo.fr\",\"datePublished\":\"2014-11-04T16:57:39+00:00\",\"dateModified\":\"2014-11-04T16:57:39+00:00\",\"breadcrumb\":{\"@id\":\"https:\/\/vosgesinfo.fr\/gerardmerinfo\/2014\/11\/peu-bonnes-nouvelles-les-conjoints-survivants\/#breadcrumb\"},\"inLanguage\":\"fr-FR\",\"potentialAction\":[{\"@type\":\"ReadAction\",\"target\":[\"https:\/\/vosgesinfo.fr\/gerardmerinfo\/2014\/11\/peu-bonnes-nouvelles-les-conjoints-survivants\/\"]}]},{\"@type\":\"ImageObject\",\"inLanguage\":\"fr-FR\",\"@id\":\"https:\/\/vosgesinfo.fr\/gerardmerinfo\/2014\/11\/peu-bonnes-nouvelles-les-conjoints-survivants\/#primaryimage\",\"url\":\"http:\/\/gerardmerinfo.fr\",\"contentUrl\":\"http:\/\/gerardmerinfo.fr\"},{\"@type\":\"BreadcrumbList\",\"@id\":\"https:\/\/vosgesinfo.fr\/gerardmerinfo\/2014\/11\/peu-bonnes-nouvelles-les-conjoints-survivants\/#breadcrumb\",\"itemListElement\":[{\"@type\":\"ListItem\",\"position\":1,\"name\":\"Home\",\"item\":\"https:\/\/vosgesinfo.fr\/gerardmerinfo\/\"},{\"@type\":\"ListItem\",\"position\":2,\"name\":\"Peu de bonnes nouvelles pour les Conjoints Survivants\"}]},{\"@type\":\"WebSite\",\"@id\":\"https:\/\/vosgesinfo.fr\/gerardmerinfo\/#website\",\"url\":\"https:\/\/vosgesinfo.fr\/gerardmerinfo\/\",\"name\":\"Gerardmer Info\",\"description\":\"Toute l&#039;actualit\u00e9 de G\u00e9rardmer\",\"publisher\":{\"@id\":\"https:\/\/vosgesinfo.fr\/gerardmerinfo\/#organization\"},\"alternateName\":\"Toute l'actualit\u00e9 de G\u00e9rardmer\",\"potentialAction\":[{\"@type\":\"SearchAction\",\"target\":{\"@type\":\"EntryPoint\",\"urlTemplate\":\"https:\/\/vosgesinfo.fr\/gerardmerinfo\/?s={search_term_string}\"},\"query-input\":\"required name=search_term_string\"}],\"inLanguage\":\"fr-FR\"},{\"@type\":\"Organization\",\"@id\":\"https:\/\/vosgesinfo.fr\/gerardmerinfo\/#organization\",\"name\":\"Gerardmer Info\",\"url\":\"https:\/\/vosgesinfo.fr\/gerardmerinfo\/\",\"logo\":{\"@type\":\"ImageObject\",\"inLanguage\":\"fr-FR\",\"@id\":\"https:\/\/vosgesinfo.fr\/gerardmerinfo\/#\/schema\/logo\/image\/\",\"url\":\"https:\/\/vosgesinfo.fr\/app\/uploads\/sites\/6\/2023\/08\/favicon-gerardmerinfo.png\",\"contentUrl\":\"https:\/\/vosgesinfo.fr\/app\/uploads\/sites\/6\/2023\/08\/favicon-gerardmerinfo.png\",\"width\":512,\"height\":512,\"caption\":\"Gerardmer Info\"},\"image\":{\"@id\":\"https:\/\/vosgesinfo.fr\/gerardmerinfo\/#\/schema\/logo\/image\/\"},\"sameAs\":[\"https:\/\/www.facebook.com\/profile.php?id=100049475262660\",\"https:\/\/x.com\/VosgesInfo88\",\"https:\/\/www.youtube.com\/@vosgesinfo\"]},{\"@type\":\"Person\",\"@id\":\"https:\/\/vosgesinfo.fr\/gerardmerinfo\/#\/schema\/person\/db5605779a843dad16b5368f3e7613a5\",\"name\":\"QG\",\"image\":{\"@type\":\"ImageObject\",\"inLanguage\":\"fr-FR\",\"@id\":\"https:\/\/vosgesinfo.fr\/gerardmerinfo\/#\/schema\/person\/image\/\",\"url\":\"https:\/\/secure.gravatar.com\/avatar\/ea80c42c204b534408512832fde52504ecabb9706bcb6151cf6175e5b64e6793?s=96&d=mm&r=g\",\"contentUrl\":\"https:\/\/secure.gravatar.com\/avatar\/ea80c42c204b534408512832fde52504ecabb9706bcb6151cf6175e5b64e6793?s=96&d=mm&r=g\",\"caption\":\"QG\"},\"url\":\"https:\/\/vosgesinfo.fr\/gerardmerinfo\/author\/quentin88\/\"}]}<\/script>\n<!-- \/ Yoast SEO plugin. -->","yoast_head_json":{"title":"Peu de bonnes nouvelles pour les Conjoints Survivants - Gerardmer Info","robots":{"index":"index","follow":"follow","max-snippet":"max-snippet:-1","max-image-preview":"max-image-preview:large","max-video-preview":"max-video-preview:-1"},"canonical":"https:\/\/vosgesinfo.fr\/gerardmerinfo\/2014\/11\/peu-bonnes-nouvelles-les-conjoints-survivants\/","twitter_card":"summary_large_image","twitter_title":"Peu de bonnes nouvelles pour les Conjoints Survivants - Gerardmer Info","twitter_description":"&nbsp; L&rsquo;assembl\u00e9e g\u00e9n\u00e9rale de la section locale des Conjoints Survivants s&rsquo;est r\u00e9cemment d\u00e9roul\u00e9e \u00e0 la salle des Armes de la [&hellip;]","twitter_image":"http:\/\/gerardmerinfo.fr","twitter_creator":"@VosgesInfo88","twitter_site":"@VosgesInfo88","twitter_misc":{"\u00c9crit par":"QG","Dur\u00e9e de lecture estim\u00e9e":"2 minutes"},"schema":{"@context":"https:\/\/schema.org","@graph":[{"@type":"Article","@id":"https:\/\/vosgesinfo.fr\/gerardmerinfo\/2014\/11\/peu-bonnes-nouvelles-les-conjoints-survivants\/#article","isPartOf":{"@id":"https:\/\/vosgesinfo.fr\/gerardmerinfo\/2014\/11\/peu-bonnes-nouvelles-les-conjoints-survivants\/"},"author":{"name":"QG","@id":"https:\/\/vosgesinfo.fr\/gerardmerinfo\/#\/schema\/person\/db5605779a843dad16b5368f3e7613a5"},"headline":"Peu de bonnes nouvelles pour les Conjoints Survivants","datePublished":"2014-11-04T16:57:39+00:00","dateModified":"2014-11-04T16:57:39+00:00","mainEntityOfPage":{"@id":"https:\/\/vosgesinfo.fr\/gerardmerinfo\/2014\/11\/peu-bonnes-nouvelles-les-conjoints-survivants\/"},"wordCount":507,"commentCount":0,"publisher":{"@id":"https:\/\/vosgesinfo.fr\/gerardmerinfo\/#organization"},"image":{"@id":"https:\/\/vosgesinfo.fr\/gerardmerinfo\/2014\/11\/peu-bonnes-nouvelles-les-conjoints-survivants\/#primaryimage"},"thumbnailUrl":"http:\/\/gerardmerinfo.fr","articleSection":["Soci\u00e9t\u00e9","Vie Associative"],"inLanguage":"fr-FR","potentialAction":[{"@type":"CommentAction","name":"Comment","target":["https:\/\/vosgesinfo.fr\/gerardmerinfo\/2014\/11\/peu-bonnes-nouvelles-les-conjoints-survivants\/#respond"]}]},{"@type":"WebPage","@id":"https:\/\/vosgesinfo.fr\/gerardmerinfo\/2014\/11\/peu-bonnes-nouvelles-les-conjoints-survivants\/","url":"https:\/\/vosgesinfo.fr\/gerardmerinfo\/2014\/11\/peu-bonnes-nouvelles-les-conjoints-survivants\/","name":"Peu de bonnes nouvelles pour les Conjoints Survivants - Gerardmer Info","isPartOf":{"@id":"https:\/\/vosgesinfo.fr\/gerardmerinfo\/#website"},"primaryImageOfPage":{"@id":"https:\/\/vosgesinfo.fr\/gerardmerinfo\/2014\/11\/peu-bonnes-nouvelles-les-conjoints-survivants\/#primaryimage"},"image":{"@id":"https:\/\/vosgesinfo.fr\/gerardmerinfo\/2014\/11\/peu-bonnes-nouvelles-les-conjoints-survivants\/#primaryimage"},"thumbnailUrl":"http:\/\/gerardmerinfo.fr","datePublished":"2014-11-04T16:57:39+00:00","dateModified":"2014-11-04T16:57:39+00:00","breadcrumb":{"@id":"https:\/\/vosgesinfo.fr\/gerardmerinfo\/2014\/11\/peu-bonnes-nouvelles-les-conjoints-survivants\/#breadcrumb"},"inLanguage":"fr-FR","potentialAction":[{"@type":"ReadAction","target":["https:\/\/vosgesinfo.fr\/gerardmerinfo\/2014\/11\/peu-bonnes-nouvelles-les-conjoints-survivants\/"]}]},{"@type":"ImageObject","inLanguage":"fr-FR","@id":"https:\/\/vosgesinfo.fr\/gerardmerinfo\/2014\/11\/peu-bonnes-nouvelles-les-conjoints-survivants\/#primaryimage","url":"http:\/\/gerardmerinfo.fr","contentUrl":"http:\/\/gerardmerinfo.fr"},{"@type":"BreadcrumbList","@id":"https:\/\/vosgesinfo.fr\/gerardmerinfo\/2014\/11\/peu-bonnes-nouvelles-les-conjoints-survivants\/#breadcrumb","itemListElement":[{"@type":"ListItem","position":1,"name":"Home","item":"https:\/\/vosgesinfo.fr\/gerardmerinfo\/"},{"@type":"ListItem","position":2,"name":"Peu de bonnes nouvelles pour les Conjoints Survivants"}]},{"@type":"WebSite","@id":"https:\/\/vosgesinfo.fr\/gerardmerinfo\/#website","url":"https:\/\/vosgesinfo.fr\/gerardmerinfo\/","name":"Gerardmer Info","description":"Toute l&#039;actualit\u00e9 de G\u00e9rardmer","publisher":{"@id":"https:\/\/vosgesinfo.fr\/gerardmerinfo\/#organization"},"alternateName":"Toute l'actualit\u00e9 de G\u00e9rardmer","potentialAction":[{"@type":"SearchAction","target":{"@type":"EntryPoint","urlTemplate":"https:\/\/vosgesinfo.fr\/gerardmerinfo\/?s={search_term_string}"},"query-input":"required name=search_term_string"}],"inLanguage":"fr-FR"},{"@type":"Organization","@id":"https:\/\/vosgesinfo.fr\/gerardmerinfo\/#organization","name":"Gerardmer Info","url":"https:\/\/vosgesinfo.fr\/gerardmerinfo\/","logo":{"@type":"ImageObject","inLanguage":"fr-FR","@id":"https:\/\/vosgesinfo.fr\/gerardmerinfo\/#\/schema\/logo\/image\/","url":"https:\/\/vosgesinfo.fr\/app\/uploads\/sites\/6\/2023\/08\/favicon-gerardmerinfo.png","contentUrl":"https:\/\/vosgesinfo.fr\/app\/uploads\/sites\/6\/2023\/08\/favicon-gerardmerinfo.png","width":512,"height":512,"caption":"Gerardmer Info"},"image":{"@id":"https:\/\/vosgesinfo.fr\/gerardmerinfo\/#\/schema\/logo\/image\/"},"sameAs":["https:\/\/www.facebook.com\/profile.php?id=100049475262660","https:\/\/x.com\/VosgesInfo88","https:\/\/www.youtube.com\/@vosgesinfo"]},{"@type":"Person","@id":"https:\/\/vosgesinfo.fr\/gerardmerinfo\/#\/schema\/person\/db5605779a843dad16b5368f3e7613a5","name":"QG","image":{"@type":"ImageObject","inLanguage":"fr-FR","@id":"https:\/\/vosgesinfo.fr\/gerardmerinfo\/#\/schema\/person\/image\/","url":"https:\/\/secure.gravatar.com\/avatar\/ea80c42c204b534408512832fde52504ecabb9706bcb6151cf6175e5b64e6793?s=96&d=mm&r=g","contentUrl":"https:\/\/secure.gravatar.com\/avatar\/ea80c42c204b534408512832fde52504ecabb9706bcb6151cf6175e5b64e6793?s=96&d=mm&r=g","caption":"QG"},"url":"https:\/\/vosgesinfo.fr\/gerardmerinfo\/author\/quentin88\/"}]}},"_links":{"self":[{"href":"https:\/\/vosgesinfo.fr\/gerardmerinfo\/wp-json\/wp\/v2\/posts\/11911","targetHints":{"allow":["GET"]}}],"collection":[{"href":"https:\/\/vosgesinfo.fr\/gerardmerinfo\/wp-json\/wp\/v2\/posts"}],"about":[{"href":"https:\/\/vosgesinfo.fr\/gerardmerinfo\/wp-json\/wp\/v2\/types\/post"}],"author":[{"embeddable":true,"href":"https:\/\/vosgesinfo.fr\/gerardmerinfo\/wp-json\/wp\/v2\/users\/42"}],"replies":[{"embeddable":true,"href":"https:\/\/vosgesinfo.fr\/gerardmerinfo\/wp-json\/wp\/v2\/comments?post=11911"}],"version-history":[{"count":0,"href":"https:\/\/vosgesinfo.fr\/gerardmerinfo\/wp-json\/wp\/v2\/posts\/11911\/revisions"}],"wp:attachment":[{"href":"https:\/\/vosgesinfo.fr\/gerardmerinfo\/wp-json\/wp\/v2\/media?parent=11911"}],"wp:term":[{"taxonomy":"category","embeddable":true,"href":"https:\/\/vosgesinfo.fr\/gerardmerinfo\/wp-json\/wp\/v2\/categories?post=11911"},{"taxonomy":"post_tag","embeddable":true,"href":"https:\/\/vosgesinfo.fr\/gerardmerinfo\/wp-json\/wp\/v2\/tags?post=11911"}],"curies":[{"name":"wp","href":"https:\/\/api.w.org\/{rel}","templated":true}]}}