{"id":11912,"date":"2014-11-04T18:02:45","date_gmt":"2014-11-04T17:02:45","guid":{"rendered":"https:\/\/vosgesinfo.fr\/gerardmerinfo\/2014\/11\/vosges-quatre-cols-vosgiens-bloques-les-elus-lassociation-du-massif-vosgien-ce-mardi\/"},"modified":"2014-11-04T18:02:45","modified_gmt":"2014-11-04T17:02:45","slug":"vosges-quatre-cols-vosgiens-bloques-les-elus-lassociation-du-massif-vosgien-ce-mardi","status":"publish","type":"post","link":"https:\/\/vosgesinfo.fr\/gerardmerinfo\/2014\/11\/vosges-quatre-cols-vosgiens-bloques-les-elus-lassociation-du-massif-vosgien-ce-mardi\/","title":{"rendered":"Vosges \u2013 Quatre cols vosgiens bloqu\u00e9s par les \u00e9lus de l\u2019association du massif vosgien ce mardi"},"content":{"rendered":"<p><em><strong>Photographies : Claude No\u00ebl.<\/strong><\/em><\/p>\n<p><strong>Comme pr\u00e9vu, plusieurs \u00e9lus de l\u2019association du massif vosgien, son pr\u00e9sident Fran\u00e7ois Tacquard en t\u00eate, ont bloqu\u00e9 quatre cols ce mardi entre 11 heures 00 et 14 heures 00 : col de Bussang, col du Bonhomme, col de Sa\u00e2les et col du Hantz. Malgr\u00e9 la r\u00e9ouverture du tunnel Maurice-Lemaire depuis six ans, la fr\u00e9quentation des camions dans les cols vosgiens ne diminue pas. C\u2019en est trop pour les \u00e9lus et les citoyens des villes et villages travers\u00e9s par ces poids lourds comme en t\u00e9moigne la mobilisation ci dessous au col de Bussang.<\/strong><\/p>\n<div class=\"tiled-gallery type-rectangular\" data-original-width=\"545\" data-carousel-extra=\"{&quot;blog_id&quot;:1,&quot;permalink&quot;:&quot;http:\/\/remiremontinfo.fr\/?p=65914&quot;,&quot;likes_blog_id&quot;:75687315}\">\n<div class=\"gallery-row\" data-original-width=\"545\" data-original-height=\"244\">\n<div class=\"gallery-group images-1\" data-original-width=\"364\" data-original-height=\"244\">\n<div class=\"tiled-gallery-item tiled-gallery-item-large\"><a href=\"http:\/\/remiremontinfo.fr\/\" group=\"65914\" active=\"1\" internal=\"65915\">  <\/a><\/div>\n<\/div>\n<div class=\"gallery-group images-2\" data-original-width=\"181\" data-original-height=\"244\">\n<div class=\"tiled-gallery-item tiled-gallery-item-small\"><a href=\"http:\/\/remiremontinfo.fr\/\" group=\"65914\" active=\"1\" internal=\"65916\">  <\/a><\/div>\n<div class=\"tiled-gallery-item tiled-gallery-item-small\"><a href=\"http:\/\/remiremontinfo.fr\/\" group=\"65914\" active=\"1\" internal=\"65917\">  <\/a><\/div>\n<\/div>\n<\/div>\n<div class=\"gallery-row\" data-original-width=\"545\" data-original-height=\"122\">\n<div class=\"gallery-group images-1\" data-original-width=\"181\" data-original-height=\"122\">\n<div class=\"tiled-gallery-item tiled-gallery-item-small\"><a href=\"http:\/\/remiremontinfo.fr\/\" group=\"65914\" active=\"1\" internal=\"65918\">  <\/a><\/div>\n<\/div>\n<div class=\"gallery-group images-1\" data-original-width=\"182\" data-original-height=\"122\">\n<div class=\"tiled-gallery-item tiled-gallery-item-small\"><a href=\"http:\/\/remiremontinfo.fr\/\" group=\"65914\" active=\"1\" internal=\"65919\">  <\/a><\/div>\n<\/div>\n<div class=\"gallery-group images-1\" data-original-width=\"182\" data-original-height=\"122\">\n<div class=\"tiled-gallery-item tiled-gallery-item-small\"><a href=\"http:\/\/remiremontinfo.fr\/\" group=\"65914\" active=\"1\" internal=\"65920\">  <\/a><\/div>\n<\/div>\n<\/div>\n<div class=\"gallery-row\" data-original-width=\"545\" data-original-height=\"244\">\n<div class=\"gallery-group images-2\" data-original-width=\"181\" data-original-height=\"244\">\n<div class=\"tiled-gallery-item tiled-gallery-item-small\"><a href=\"http:\/\/remiremontinfo.fr\/\" group=\"65914\" active=\"1\" internal=\"65921\">  <\/a><\/div>\n<div class=\"tiled-gallery-item tiled-gallery-item-small\"><a href=\"http:\/\/remiremontinfo.fr\/\" group=\"65914\" active=\"1\" internal=\"65922\">  <\/a><\/div>\n<\/div>\n<div class=\"gallery-group images-1\" data-original-width=\"364\" data-original-height=\"244\">\n<div class=\"tiled-gallery-item tiled-gallery-item-large\"><a href=\"http:\/\/remiremontinfo.fr\/\" group=\"65914\" active=\"1\" internal=\"65923\">  <\/a><\/div>\n<\/div>\n<\/div>\n<div class=\"gallery-row\" data-original-width=\"545\" data-original-height=\"122\">\n<div class=\"gallery-group images-1\" data-original-width=\"181\" data-original-height=\"122\">\n<div class=\"tiled-gallery-item tiled-gallery-item-small\"><a href=\"http:\/\/remiremontinfo.fr\/\" group=\"65914\" active=\"1\" internal=\"65924\">  <\/a><\/div>\n<\/div>\n<div class=\"gallery-group images-1\" data-original-width=\"182\" data-original-height=\"122\">\n<div class=\"tiled-gallery-item tiled-gallery-item-small\"><a href=\"http:\/\/remiremontinfo.fr\/\" group=\"65914\" active=\"1\" internal=\"65925\">  <\/a><\/div>\n<\/div>\n<div class=\"gallery-group images-1\" data-original-width=\"182\" data-original-height=\"122\">\n<div class=\"tiled-gallery-item tiled-gallery-item-small\"><a href=\"http:\/\/remiremontinfo.fr\/\" group=\"65914\" active=\"1\" internal=\"65926\">  <\/a><\/div>\n<\/div>\n<\/div>\n<\/div>\n<p><strong>Depuis sa r\u00e9ouverture le 28 septembre 2008 <em>par la soci\u00e9t\u00e9 d\u2019autoroute APPR,<\/em>\u00a0le tunnel Maurice Lemaire (anciennement Sainte-Marie-aux-Mines), 7 km de long) a connu une baisse de 75% de son trafic camions. En cause, une explosion du prix du p\u00e9age qui est pass\u00e9 de\u00a06\u00a0euros en 1999 \u00e0\u00a0 17\u00a0euros aujourd\u2019hui pour les automobilistes et\u00a0de 12 \u00e0 63\u00a0euros\u00a0pour les poids lourds.<\/strong><\/p>\n<p>Selon les conditions du nouveau contrat de 2009, le financement des travaux devait \u00eatre assur\u00e9, d\u2019une part par une augmentation mod\u00e9r\u00e9e des tarifs p\u00e9agers et d\u2019autre part par les collectivit\u00e9s publiques dont certaines n\u2019ont pas respect\u00e9 leurs engagements\u00a0entra\u00eenant\u00a0un manque de financement de\u00a016,5\u00a0millions d\u2019euros qui aujourd\u2019hui s\u2019est traduit par une forte augmentation\u00a0des prix du p\u00e9age<\/p>\n<p>Les cols du Bonhomme et de Bussang sont interdits aux transports en transit de plus de 3,5 tonnes et des contr\u00f4les sont op\u00e9r\u00e9s r\u00e9guli\u00e8rement par la gendarmerie qui constate peu de contrevenants.<\/p>\n<p>Selon les \u00e9lus de l\u2019AMV,\u00a060 000 habitants souffrent au quotidien de la pollution, du bruit et de l\u2019ins\u00e9curit\u00e9 li\u00e9s au passage incessant de ces camions.<\/p>\n<p>Les d\u00e9fenseurs du massif souhaite une action forte pour faire r\u00e9agir les pouvoirs publics.\u00a0Objectif : \u00a0la travers\u00e9e de 1 000 camions jour\u00a0et un co\u00fbt du p\u00e9age abaiss\u00e9\u00a0\u00e0 35,00 \u20acuros.<\/p>\n","protected":false},"excerpt":{"rendered":"<p>Photographies : Claude No\u00ebl. Comme pr\u00e9vu, plusieurs \u00e9lus de l\u2019association du massif vosgien, son pr\u00e9sident Fran\u00e7ois Tacquard en t\u00eate, ont [&hellip;]<\/p>\n","protected":false},"author":1,"featured_media":0,"comment_status":"open","ping_status":"open","sticky":false,"template":"","format":"standard","meta":{"footnotes":""},"categories":[13,18],"tags":[],"class_list":["post-11912","post","type-post","status-publish","format-standard","hentry","category-societe","category-vosges"],"acf":[],"yoast_head":"<!-- This site is optimized with the Yoast SEO plugin v22.5 - https:\/\/yoast.com\/wordpress\/plugins\/seo\/ -->\n<title>Vosges \u2013 Quatre cols vosgiens bloqu\u00e9s par les \u00e9lus de l\u2019association du massif vosgien ce mardi - Gerardmer Info<\/title>\n<meta name=\"robots\" content=\"index, follow, max-snippet:-1, max-image-preview:large, max-video-preview:-1\" \/>\n<link rel=\"canonical\" href=\"https:\/\/vosgesinfo.fr\/gerardmerinfo\/2014\/11\/vosges-quatre-cols-vosgiens-bloques-les-elus-lassociation-du-massif-vosgien-ce-mardi\/\" \/>\n<meta name=\"twitter:card\" content=\"summary_large_image\" \/>\n<meta name=\"twitter:title\" content=\"Vosges \u2013 Quatre cols vosgiens bloqu\u00e9s par les \u00e9lus de l\u2019association du massif vosgien ce mardi - Gerardmer Info\" \/>\n<meta name=\"twitter:description\" content=\"Photographies : Claude No\u00ebl. Comme pr\u00e9vu, plusieurs \u00e9lus de l\u2019association du massif vosgien, son pr\u00e9sident Fran\u00e7ois Tacquard en t\u00eate, ont [&hellip;]\" \/>\n<meta name=\"twitter:creator\" content=\"@VosgesInfo88\" \/>\n<meta name=\"twitter:site\" content=\"@VosgesInfo88\" \/>\n<meta name=\"twitter:label1\" content=\"\u00c9crit par\" \/>\n\t<meta name=\"twitter:data1\" content=\"qs_admin\" \/>\n\t<meta name=\"twitter:label2\" content=\"Dur\u00e9e de lecture estim\u00e9e\" \/>\n\t<meta name=\"twitter:data2\" content=\"2 minutes\" \/>\n<script type=\"application\/ld+json\" class=\"yoast-schema-graph\">{\"@context\":\"https:\/\/schema.org\",\"@graph\":[{\"@type\":\"Article\",\"@id\":\"https:\/\/vosgesinfo.fr\/gerardmerinfo\/2014\/11\/vosges-quatre-cols-vosgiens-bloques-les-elus-lassociation-du-massif-vosgien-ce-mardi\/#article\",\"isPartOf\":{\"@id\":\"https:\/\/vosgesinfo.fr\/gerardmerinfo\/2014\/11\/vosges-quatre-cols-vosgiens-bloques-les-elus-lassociation-du-massif-vosgien-ce-mardi\/\"},\"author\":{\"name\":\"qs_admin\",\"@id\":\"https:\/\/vosgesinfo.fr\/gerardmerinfo\/#\/schema\/person\/bc5d02d71e6932e81b6dadb7386667b1\"},\"headline\":\"Vosges \u2013 Quatre cols vosgiens bloqu\u00e9s par les \u00e9lus de l\u2019association du massif vosgien ce mardi\",\"datePublished\":\"2014-11-04T17:02:45+00:00\",\"dateModified\":\"2014-11-04T17:02:45+00:00\",\"mainEntityOfPage\":{\"@id\":\"https:\/\/vosgesinfo.fr\/gerardmerinfo\/2014\/11\/vosges-quatre-cols-vosgiens-bloques-les-elus-lassociation-du-massif-vosgien-ce-mardi\/\"},\"wordCount\":343,\"commentCount\":0,\"publisher\":{\"@id\":\"https:\/\/vosgesinfo.fr\/gerardmerinfo\/#organization\"},\"articleSection\":[\"Soci\u00e9t\u00e9\",\"Vosges\"],\"inLanguage\":\"fr-FR\",\"potentialAction\":[{\"@type\":\"CommentAction\",\"name\":\"Comment\",\"target\":[\"https:\/\/vosgesinfo.fr\/gerardmerinfo\/2014\/11\/vosges-quatre-cols-vosgiens-bloques-les-elus-lassociation-du-massif-vosgien-ce-mardi\/#respond\"]}]},{\"@type\":\"WebPage\",\"@id\":\"https:\/\/vosgesinfo.fr\/gerardmerinfo\/2014\/11\/vosges-quatre-cols-vosgiens-bloques-les-elus-lassociation-du-massif-vosgien-ce-mardi\/\",\"url\":\"https:\/\/vosgesinfo.fr\/gerardmerinfo\/2014\/11\/vosges-quatre-cols-vosgiens-bloques-les-elus-lassociation-du-massif-vosgien-ce-mardi\/\",\"name\":\"Vosges \u2013 Quatre cols vosgiens bloqu\u00e9s par les \u00e9lus de l\u2019association du massif vosgien ce mardi - Gerardmer Info\",\"isPartOf\":{\"@id\":\"https:\/\/vosgesinfo.fr\/gerardmerinfo\/#website\"},\"datePublished\":\"2014-11-04T17:02:45+00:00\",\"dateModified\":\"2014-11-04T17:02:45+00:00\",\"breadcrumb\":{\"@id\":\"https:\/\/vosgesinfo.fr\/gerardmerinfo\/2014\/11\/vosges-quatre-cols-vosgiens-bloques-les-elus-lassociation-du-massif-vosgien-ce-mardi\/#breadcrumb\"},\"inLanguage\":\"fr-FR\",\"potentialAction\":[{\"@type\":\"ReadAction\",\"target\":[\"https:\/\/vosgesinfo.fr\/gerardmerinfo\/2014\/11\/vosges-quatre-cols-vosgiens-bloques-les-elus-lassociation-du-massif-vosgien-ce-mardi\/\"]}]},{\"@type\":\"BreadcrumbList\",\"@id\":\"https:\/\/vosgesinfo.fr\/gerardmerinfo\/2014\/11\/vosges-quatre-cols-vosgiens-bloques-les-elus-lassociation-du-massif-vosgien-ce-mardi\/#breadcrumb\",\"itemListElement\":[{\"@type\":\"ListItem\",\"position\":1,\"name\":\"Home\",\"item\":\"https:\/\/vosgesinfo.fr\/gerardmerinfo\/\"},{\"@type\":\"ListItem\",\"position\":2,\"name\":\"Vosges \u2013 Quatre cols vosgiens bloqu\u00e9s par les \u00e9lus de l\u2019association du massif vosgien ce mardi\"}]},{\"@type\":\"WebSite\",\"@id\":\"https:\/\/vosgesinfo.fr\/gerardmerinfo\/#website\",\"url\":\"https:\/\/vosgesinfo.fr\/gerardmerinfo\/\",\"name\":\"Gerardmer Info\",\"description\":\"Toute l&#039;actualit\u00e9 de G\u00e9rardmer\",\"publisher\":{\"@id\":\"https:\/\/vosgesinfo.fr\/gerardmerinfo\/#organization\"},\"alternateName\":\"Toute l'actualit\u00e9 de G\u00e9rardmer\",\"potentialAction\":[{\"@type\":\"SearchAction\",\"target\":{\"@type\":\"EntryPoint\",\"urlTemplate\":\"https:\/\/vosgesinfo.fr\/gerardmerinfo\/?s={search_term_string}\"},\"query-input\":\"required name=search_term_string\"}],\"inLanguage\":\"fr-FR\"},{\"@type\":\"Organization\",\"@id\":\"https:\/\/vosgesinfo.fr\/gerardmerinfo\/#organization\",\"name\":\"Gerardmer Info\",\"url\":\"https:\/\/vosgesinfo.fr\/gerardmerinfo\/\",\"logo\":{\"@type\":\"ImageObject\",\"inLanguage\":\"fr-FR\",\"@id\":\"https:\/\/vosgesinfo.fr\/gerardmerinfo\/#\/schema\/logo\/image\/\",\"url\":\"https:\/\/vosgesinfo.fr\/app\/uploads\/sites\/6\/2023\/08\/favicon-gerardmerinfo.png\",\"contentUrl\":\"https:\/\/vosgesinfo.fr\/app\/uploads\/sites\/6\/2023\/08\/favicon-gerardmerinfo.png\",\"width\":512,\"height\":512,\"caption\":\"Gerardmer Info\"},\"image\":{\"@id\":\"https:\/\/vosgesinfo.fr\/gerardmerinfo\/#\/schema\/logo\/image\/\"},\"sameAs\":[\"https:\/\/www.facebook.com\/profile.php?id=100049475262660\",\"https:\/\/x.com\/VosgesInfo88\",\"https:\/\/www.youtube.com\/@vosgesinfo\"]},{\"@type\":\"Person\",\"@id\":\"https:\/\/vosgesinfo.fr\/gerardmerinfo\/#\/schema\/person\/bc5d02d71e6932e81b6dadb7386667b1\",\"name\":\"qs_admin\",\"image\":{\"@type\":\"ImageObject\",\"inLanguage\":\"fr-FR\",\"@id\":\"https:\/\/vosgesinfo.fr\/gerardmerinfo\/#\/schema\/person\/image\/\",\"url\":\"https:\/\/secure.gravatar.com\/avatar\/94b18ee0ed79e4a42ea2f2931277b6841a8999fc6fde214600c78057cf1fe1de?s=96&d=mm&r=g\",\"contentUrl\":\"https:\/\/secure.gravatar.com\/avatar\/94b18ee0ed79e4a42ea2f2931277b6841a8999fc6fde214600c78057cf1fe1de?s=96&d=mm&r=g\",\"caption\":\"qs_admin\"},\"sameAs\":[\"https:\/\/vosgesinfo.fr\/wp\"],\"url\":\"https:\/\/vosgesinfo.fr\/gerardmerinfo\/author\/qs_admin\/\"}]}<\/script>\n<!-- \/ Yoast SEO plugin. -->","yoast_head_json":{"title":"Vosges \u2013 Quatre cols vosgiens bloqu\u00e9s par les \u00e9lus de l\u2019association du massif vosgien ce mardi - Gerardmer Info","robots":{"index":"index","follow":"follow","max-snippet":"max-snippet:-1","max-image-preview":"max-image-preview:large","max-video-preview":"max-video-preview:-1"},"canonical":"https:\/\/vosgesinfo.fr\/gerardmerinfo\/2014\/11\/vosges-quatre-cols-vosgiens-bloques-les-elus-lassociation-du-massif-vosgien-ce-mardi\/","twitter_card":"summary_large_image","twitter_title":"Vosges \u2013 Quatre cols vosgiens bloqu\u00e9s par les \u00e9lus de l\u2019association du massif vosgien ce mardi - Gerardmer Info","twitter_description":"Photographies : Claude No\u00ebl. Comme pr\u00e9vu, plusieurs \u00e9lus de l\u2019association du massif vosgien, son pr\u00e9sident Fran\u00e7ois Tacquard en t\u00eate, ont [&hellip;]","twitter_creator":"@VosgesInfo88","twitter_site":"@VosgesInfo88","twitter_misc":{"\u00c9crit par":"qs_admin","Dur\u00e9e de lecture estim\u00e9e":"2 minutes"},"schema":{"@context":"https:\/\/schema.org","@graph":[{"@type":"Article","@id":"https:\/\/vosgesinfo.fr\/gerardmerinfo\/2014\/11\/vosges-quatre-cols-vosgiens-bloques-les-elus-lassociation-du-massif-vosgien-ce-mardi\/#article","isPartOf":{"@id":"https:\/\/vosgesinfo.fr\/gerardmerinfo\/2014\/11\/vosges-quatre-cols-vosgiens-bloques-les-elus-lassociation-du-massif-vosgien-ce-mardi\/"},"author":{"name":"qs_admin","@id":"https:\/\/vosgesinfo.fr\/gerardmerinfo\/#\/schema\/person\/bc5d02d71e6932e81b6dadb7386667b1"},"headline":"Vosges \u2013 Quatre cols vosgiens bloqu\u00e9s par les \u00e9lus de l\u2019association du massif vosgien ce mardi","datePublished":"2014-11-04T17:02:45+00:00","dateModified":"2014-11-04T17:02:45+00:00","mainEntityOfPage":{"@id":"https:\/\/vosgesinfo.fr\/gerardmerinfo\/2014\/11\/vosges-quatre-cols-vosgiens-bloques-les-elus-lassociation-du-massif-vosgien-ce-mardi\/"},"wordCount":343,"commentCount":0,"publisher":{"@id":"https:\/\/vosgesinfo.fr\/gerardmerinfo\/#organization"},"articleSection":["Soci\u00e9t\u00e9","Vosges"],"inLanguage":"fr-FR","potentialAction":[{"@type":"CommentAction","name":"Comment","target":["https:\/\/vosgesinfo.fr\/gerardmerinfo\/2014\/11\/vosges-quatre-cols-vosgiens-bloques-les-elus-lassociation-du-massif-vosgien-ce-mardi\/#respond"]}]},{"@type":"WebPage","@id":"https:\/\/vosgesinfo.fr\/gerardmerinfo\/2014\/11\/vosges-quatre-cols-vosgiens-bloques-les-elus-lassociation-du-massif-vosgien-ce-mardi\/","url":"https:\/\/vosgesinfo.fr\/gerardmerinfo\/2014\/11\/vosges-quatre-cols-vosgiens-bloques-les-elus-lassociation-du-massif-vosgien-ce-mardi\/","name":"Vosges \u2013 Quatre cols vosgiens bloqu\u00e9s par les \u00e9lus de l\u2019association du massif vosgien ce mardi - Gerardmer Info","isPartOf":{"@id":"https:\/\/vosgesinfo.fr\/gerardmerinfo\/#website"},"datePublished":"2014-11-04T17:02:45+00:00","dateModified":"2014-11-04T17:02:45+00:00","breadcrumb":{"@id":"https:\/\/vosgesinfo.fr\/gerardmerinfo\/2014\/11\/vosges-quatre-cols-vosgiens-bloques-les-elus-lassociation-du-massif-vosgien-ce-mardi\/#breadcrumb"},"inLanguage":"fr-FR","potentialAction":[{"@type":"ReadAction","target":["https:\/\/vosgesinfo.fr\/gerardmerinfo\/2014\/11\/vosges-quatre-cols-vosgiens-bloques-les-elus-lassociation-du-massif-vosgien-ce-mardi\/"]}]},{"@type":"BreadcrumbList","@id":"https:\/\/vosgesinfo.fr\/gerardmerinfo\/2014\/11\/vosges-quatre-cols-vosgiens-bloques-les-elus-lassociation-du-massif-vosgien-ce-mardi\/#breadcrumb","itemListElement":[{"@type":"ListItem","position":1,"name":"Home","item":"https:\/\/vosgesinfo.fr\/gerardmerinfo\/"},{"@type":"ListItem","position":2,"name":"Vosges \u2013 Quatre cols vosgiens bloqu\u00e9s par les \u00e9lus de l\u2019association du massif vosgien ce mardi"}]},{"@type":"WebSite","@id":"https:\/\/vosgesinfo.fr\/gerardmerinfo\/#website","url":"https:\/\/vosgesinfo.fr\/gerardmerinfo\/","name":"Gerardmer Info","description":"Toute l&#039;actualit\u00e9 de G\u00e9rardmer","publisher":{"@id":"https:\/\/vosgesinfo.fr\/gerardmerinfo\/#organization"},"alternateName":"Toute l'actualit\u00e9 de G\u00e9rardmer","potentialAction":[{"@type":"SearchAction","target":{"@type":"EntryPoint","urlTemplate":"https:\/\/vosgesinfo.fr\/gerardmerinfo\/?s={search_term_string}"},"query-input":"required name=search_term_string"}],"inLanguage":"fr-FR"},{"@type":"Organization","@id":"https:\/\/vosgesinfo.fr\/gerardmerinfo\/#organization","name":"Gerardmer Info","url":"https:\/\/vosgesinfo.fr\/gerardmerinfo\/","logo":{"@type":"ImageObject","inLanguage":"fr-FR","@id":"https:\/\/vosgesinfo.fr\/gerardmerinfo\/#\/schema\/logo\/image\/","url":"https:\/\/vosgesinfo.fr\/app\/uploads\/sites\/6\/2023\/08\/favicon-gerardmerinfo.png","contentUrl":"https:\/\/vosgesinfo.fr\/app\/uploads\/sites\/6\/2023\/08\/favicon-gerardmerinfo.png","width":512,"height":512,"caption":"Gerardmer Info"},"image":{"@id":"https:\/\/vosgesinfo.fr\/gerardmerinfo\/#\/schema\/logo\/image\/"},"sameAs":["https:\/\/www.facebook.com\/profile.php?id=100049475262660","https:\/\/x.com\/VosgesInfo88","https:\/\/www.youtube.com\/@vosgesinfo"]},{"@type":"Person","@id":"https:\/\/vosgesinfo.fr\/gerardmerinfo\/#\/schema\/person\/bc5d02d71e6932e81b6dadb7386667b1","name":"qs_admin","image":{"@type":"ImageObject","inLanguage":"fr-FR","@id":"https:\/\/vosgesinfo.fr\/gerardmerinfo\/#\/schema\/person\/image\/","url":"https:\/\/secure.gravatar.com\/avatar\/94b18ee0ed79e4a42ea2f2931277b6841a8999fc6fde214600c78057cf1fe1de?s=96&d=mm&r=g","contentUrl":"https:\/\/secure.gravatar.com\/avatar\/94b18ee0ed79e4a42ea2f2931277b6841a8999fc6fde214600c78057cf1fe1de?s=96&d=mm&r=g","caption":"qs_admin"},"sameAs":["https:\/\/vosgesinfo.fr\/wp"],"url":"https:\/\/vosgesinfo.fr\/gerardmerinfo\/author\/qs_admin\/"}]}},"_links":{"self":[{"href":"https:\/\/vosgesinfo.fr\/gerardmerinfo\/wp-json\/wp\/v2\/posts\/11912","targetHints":{"allow":["GET"]}}],"collection":[{"href":"https:\/\/vosgesinfo.fr\/gerardmerinfo\/wp-json\/wp\/v2\/posts"}],"about":[{"href":"https:\/\/vosgesinfo.fr\/gerardmerinfo\/wp-json\/wp\/v2\/types\/post"}],"author":[{"embeddable":true,"href":"https:\/\/vosgesinfo.fr\/gerardmerinfo\/wp-json\/wp\/v2\/users\/1"}],"replies":[{"embeddable":true,"href":"https:\/\/vosgesinfo.fr\/gerardmerinfo\/wp-json\/wp\/v2\/comments?post=11912"}],"version-history":[{"count":0,"href":"https:\/\/vosgesinfo.fr\/gerardmerinfo\/wp-json\/wp\/v2\/posts\/11912\/revisions"}],"wp:attachment":[{"href":"https:\/\/vosgesinfo.fr\/gerardmerinfo\/wp-json\/wp\/v2\/media?parent=11912"}],"wp:term":[{"taxonomy":"category","embeddable":true,"href":"https:\/\/vosgesinfo.fr\/gerardmerinfo\/wp-json\/wp\/v2\/categories?post=11912"},{"taxonomy":"post_tag","embeddable":true,"href":"https:\/\/vosgesinfo.fr\/gerardmerinfo\/wp-json\/wp\/v2\/tags?post=11912"}],"curies":[{"name":"wp","href":"https:\/\/api.w.org\/{rel}","templated":true}]}}