{"id":11913,"date":"2014-11-05T15:34:15","date_gmt":"2014-11-05T14:34:15","guid":{"rendered":"https:\/\/vosgesinfo.fr\/gerardmerinfo\/2014\/11\/coup-darret-plan-local-durbanisme\/"},"modified":"2014-11-05T15:34:15","modified_gmt":"2014-11-05T14:34:15","slug":"coup-darret-plan-local-durbanisme","status":"publish","type":"post","link":"https:\/\/vosgesinfo.fr\/gerardmerinfo\/2014\/11\/coup-darret-plan-local-durbanisme\/","title":{"rendered":"Coup d&rsquo;arr\u00eat pour le Plan Local d&rsquo;Urbanisme"},"content":{"rendered":"<div id=\"attachment_41855\" style=\"width: 310px\" class=\"wp-caption alignleft\"><a href=\"http:\/\/gerardmerinfo.fr\" rel=\"attachment wp-att-41855\"><img decoding=\"async\" aria-describedby=\"caption-attachment-41855\" class=\"size-medium wp-image-41855\" src=\"http:\/\/gerardmerinfo.fr\" alt=\"Le maire Stessy Speissmann \u00e0 gauche en compagnie de l'adjoint \u00e0 l'urbanisme Pierrot Imbert\" width=\"300\" height=\"225\" \/><\/a><p id=\"caption-attachment-41855\" class=\"wp-caption-text\">Le maire Stessy Speissmann \u00e0 gauche en compagnie de l&rsquo;adjoint \u00e0 l&rsquo;urbanisme Pierrot Imbert<\/p><\/div>\n<p>C&rsquo;est un coup d&rsquo;arr\u00eat mais surtout un coup de tonnerre dans la vie g\u00e9r\u00f4moise. Par jugement du Tribunal Administratif notifi\u00e9 en mairie le 3 novembre dernier l&rsquo;application du Plan Local d&rsquo;Urbanisme est suspendu annulant la d\u00e9lib\u00e9ration du Conseil Municipal\u00a0 datant du 5 octobre 2012. Cette d\u00e9cision fait suite \u00e0 un recours port\u00e9 par\u00a0 la SCI H\u00e9ritiers Pierre Seynave\u00a0 qui \u00ab\u00a0<em>contestent l\u2019inconstructibilit\u00e9 de ses terrains\u00a0\u00bb<\/em> sur les diff\u00e9rents coteaux de G\u00e9rardmer : la commune devrait d\u2019ailleurs verser 1 500 \u20ac de dommage \u00e0 cette m\u00eame SCI. Le dossier\u00a0 a \u00e9t\u00e9 jug\u00e9 sur sa seule forme, le fond c&rsquo;est-\u00e0-dire le contenu du nouveau PLU ne pouvant \u00eatre remis en cause. Cependant le PLU est aujourd\u2019hui caduque et les \u00e9lus, comme les propri\u00e9taires de\u00a0 terrains devraient s\u2019appuyer sur l\u2019ancien Plan d&rsquo;Occupation des Sols. Pour combien de temps\u00a0 ? \u00a0\u00bb <em>Environ 6 mois\u00a0\u00bb<\/em> commente le maire de la commune Stessy Speissmann \u00ab\u00a0<em>le temps de la reprise de la proc\u00e9dure et de l\u2019enqu\u00eate publique. Il faudra d\u00e9signer un nouveau commissaire enqu\u00eateur pour consultation et enfin\u00a0 d\u00e9lib\u00e9ration et validation du\u00a0 PLU par le conseil municipal.\u00a0 le dossier ne sera pas boucl\u00e9 avant la fin du\u00a0 1er trimestre 2015. Cette nouvelle proc\u00e9dure c&rsquo;est reculer pour mieux sauter. Nous n&rsquo;avons pas tr\u00e8s bien compris\u00a0 ce recours\u00a0 si ce n&rsquo;est\u00a0 la volont\u00e9 de cette famille de rendre leurs terrains constructibles ce qui ne sera pas le cas d\u2019une mani\u00e8re comme d&rsquo;une autre\u00a0\u00bb.<\/em><\/p>\n<p>C&rsquo;est donc le traitement du dossier qui a \u00e9t\u00e9 remis en cause par le Tribunal Administratif de Nancy sur la base de deux point sp\u00e9cifiques :<\/p>\n<p>La commune n&rsquo;apporte aucune preuve qu&rsquo;elle a convoqu\u00e9\u00a0 dans les d\u00e9lais r\u00e9glementaires de 5 jours le Conseil Municipal qui a approuv\u00e9 le PLU le vendredi 5 octobre 2012 et,\u00a0 aussi paradoxalement que cela puisse paraitre, le commissaire enqu\u00eateur n&rsquo;a pas suffisamment motiv\u00e9 son avis favorable \u00e0 la suite de l&rsquo;enqu\u00eate publique ( le commissaire est d\u00e9sign\u00e9 par le m\u00eame tribunal)<\/p>\n<p>En ce qui concerne les cons\u00e9quences directes, \u00e0 compter du 3 novembre de cette ann\u00e9e, les autorisations d&rsquo;urbanisme (permis de construire, d\u00e9clarations pr\u00e9alables, certificats d\u2019urbanisme) vont \u00eatre d\u00e9livr\u00e9s sur la base de l&rsquo;ancien POS, document d&rsquo;urbanisme en vigueur avant le PLU. Toutes les autorisations\u00a0 d\u00e9livr\u00e9es entre le 17 novembre 2010 et le 2 novembre 2014 sur la base du Plan Local d&rsquo;Urbanisme restent valables jusqu\u2019\u00e0 l&rsquo;adoption du PLU qui reprendra les m\u00eames notions de pr\u00e9servation des zones naturelles, de patrimoines communal&#8230;.etc !<\/p>\n<p>Apparemment, il n&rsquo;y a qu\u2019une poign\u00e9e de dossiers qui pourrait \u00eatre r\u00e9vis\u00e9s\u00a0\u00bb<em> de toute mani\u00e8re il ne suffira pas de d\u00e9poser un projet pour qu&rsquo;il voit le jour<\/em> \u00a0\u00bb conclut\u00a0 Stessy Speissmann \u00a0\u00bb <em>nous n&rsquo;allons pas remettre en cause l&rsquo;orientation du PLU et revenir sur le travail effectu\u00e9 par l&rsquo;\u00e9quipe pr\u00e9c\u00e9dente\u00a0\u00bb.<\/em><\/p>\n<p>Repr\u00e9sentant les H\u00e9riti\u00e8res de la famille Seynave, Eric Seynave s&rsquo;explique \u00ab\u00a0<em> par principe je ne souhaite pas commenter les d\u00e9cisions de justice. Nous avons essay\u00e9 de discuter avec les \u00e9lus pendant 4 ans sans arriver \u00e0 un accord et lorsqu&rsquo;on est en d\u00e9saccord on passe devant le juge. J&rsquo;esp\u00e8re qu&rsquo;on arrivera \u00e0 dialoguer dans le cadre de la nouvelle proc\u00e9dure dans l\u2019int\u00e9r\u00eat g\u00e9n\u00e9ral notamment en reconsid\u00e9rant cette incongruit\u00e9 des fameux\u00a0 50 m\u00e8tres<\/em> de zonage\u00a0\u00bb<\/p>\n<p>R\u00e9ponse dans quelques mois !<\/p>\n<p>&nbsp;<\/p>\n","protected":false},"excerpt":{"rendered":"<p>C&rsquo;est un coup d&rsquo;arr\u00eat mais surtout un coup de tonnerre dans la vie g\u00e9r\u00f4moise. Par jugement du Tribunal Administratif notifi\u00e9 [&hellip;]<\/p>\n","protected":false},"author":1,"featured_media":0,"comment_status":"open","ping_status":"open","sticky":false,"template":"","format":"standard","meta":{"footnotes":""},"categories":[13,18],"tags":[],"class_list":["post-11913","post","type-post","status-publish","format-standard","hentry","category-societe","category-vosges"],"acf":[],"yoast_head":"<!-- This site is optimized with the Yoast SEO plugin v22.5 - https:\/\/yoast.com\/wordpress\/plugins\/seo\/ -->\n<title>Coup d&#039;arr\u00eat pour le Plan Local d&#039;Urbanisme - Gerardmer Info<\/title>\n<meta name=\"robots\" content=\"index, follow, max-snippet:-1, max-image-preview:large, max-video-preview:-1\" \/>\n<link rel=\"canonical\" href=\"https:\/\/vosgesinfo.fr\/gerardmerinfo\/2014\/11\/coup-darret-plan-local-durbanisme\/\" \/>\n<meta name=\"twitter:card\" content=\"summary_large_image\" \/>\n<meta name=\"twitter:title\" content=\"Coup d&#039;arr\u00eat pour le Plan Local d&#039;Urbanisme - Gerardmer Info\" \/>\n<meta name=\"twitter:description\" content=\"C&rsquo;est un coup d&rsquo;arr\u00eat mais surtout un coup de tonnerre dans la vie g\u00e9r\u00f4moise. Par jugement du Tribunal Administratif notifi\u00e9 [&hellip;]\" \/>\n<meta name=\"twitter:image\" content=\"http:\/\/gerardmerinfo.fr\" \/>\n<meta name=\"twitter:creator\" content=\"@VosgesInfo88\" \/>\n<meta name=\"twitter:site\" content=\"@VosgesInfo88\" \/>\n<meta name=\"twitter:label1\" content=\"\u00c9crit par\" \/>\n\t<meta name=\"twitter:data1\" content=\"qs_admin\" \/>\n\t<meta name=\"twitter:label2\" content=\"Dur\u00e9e de lecture estim\u00e9e\" \/>\n\t<meta name=\"twitter:data2\" content=\"3 minutes\" \/>\n<script type=\"application\/ld+json\" class=\"yoast-schema-graph\">{\"@context\":\"https:\/\/schema.org\",\"@graph\":[{\"@type\":\"Article\",\"@id\":\"https:\/\/vosgesinfo.fr\/gerardmerinfo\/2014\/11\/coup-darret-plan-local-durbanisme\/#article\",\"isPartOf\":{\"@id\":\"https:\/\/vosgesinfo.fr\/gerardmerinfo\/2014\/11\/coup-darret-plan-local-durbanisme\/\"},\"author\":{\"name\":\"qs_admin\",\"@id\":\"https:\/\/vosgesinfo.fr\/gerardmerinfo\/#\/schema\/person\/bc5d02d71e6932e81b6dadb7386667b1\"},\"headline\":\"Coup d&rsquo;arr\u00eat pour le Plan Local d&rsquo;Urbanisme\",\"datePublished\":\"2014-11-05T14:34:15+00:00\",\"dateModified\":\"2014-11-05T14:34:15+00:00\",\"mainEntityOfPage\":{\"@id\":\"https:\/\/vosgesinfo.fr\/gerardmerinfo\/2014\/11\/coup-darret-plan-local-durbanisme\/\"},\"wordCount\":628,\"commentCount\":0,\"publisher\":{\"@id\":\"https:\/\/vosgesinfo.fr\/gerardmerinfo\/#organization\"},\"image\":{\"@id\":\"https:\/\/vosgesinfo.fr\/gerardmerinfo\/2014\/11\/coup-darret-plan-local-durbanisme\/#primaryimage\"},\"thumbnailUrl\":\"http:\/\/gerardmerinfo.fr\",\"articleSection\":[\"Soci\u00e9t\u00e9\",\"Vosges\"],\"inLanguage\":\"fr-FR\",\"potentialAction\":[{\"@type\":\"CommentAction\",\"name\":\"Comment\",\"target\":[\"https:\/\/vosgesinfo.fr\/gerardmerinfo\/2014\/11\/coup-darret-plan-local-durbanisme\/#respond\"]}]},{\"@type\":\"WebPage\",\"@id\":\"https:\/\/vosgesinfo.fr\/gerardmerinfo\/2014\/11\/coup-darret-plan-local-durbanisme\/\",\"url\":\"https:\/\/vosgesinfo.fr\/gerardmerinfo\/2014\/11\/coup-darret-plan-local-durbanisme\/\",\"name\":\"Coup d'arr\u00eat pour le Plan Local d'Urbanisme - Gerardmer Info\",\"isPartOf\":{\"@id\":\"https:\/\/vosgesinfo.fr\/gerardmerinfo\/#website\"},\"primaryImageOfPage\":{\"@id\":\"https:\/\/vosgesinfo.fr\/gerardmerinfo\/2014\/11\/coup-darret-plan-local-durbanisme\/#primaryimage\"},\"image\":{\"@id\":\"https:\/\/vosgesinfo.fr\/gerardmerinfo\/2014\/11\/coup-darret-plan-local-durbanisme\/#primaryimage\"},\"thumbnailUrl\":\"http:\/\/gerardmerinfo.fr\",\"datePublished\":\"2014-11-05T14:34:15+00:00\",\"dateModified\":\"2014-11-05T14:34:15+00:00\",\"breadcrumb\":{\"@id\":\"https:\/\/vosgesinfo.fr\/gerardmerinfo\/2014\/11\/coup-darret-plan-local-durbanisme\/#breadcrumb\"},\"inLanguage\":\"fr-FR\",\"potentialAction\":[{\"@type\":\"ReadAction\",\"target\":[\"https:\/\/vosgesinfo.fr\/gerardmerinfo\/2014\/11\/coup-darret-plan-local-durbanisme\/\"]}]},{\"@type\":\"ImageObject\",\"inLanguage\":\"fr-FR\",\"@id\":\"https:\/\/vosgesinfo.fr\/gerardmerinfo\/2014\/11\/coup-darret-plan-local-durbanisme\/#primaryimage\",\"url\":\"http:\/\/gerardmerinfo.fr\",\"contentUrl\":\"http:\/\/gerardmerinfo.fr\"},{\"@type\":\"BreadcrumbList\",\"@id\":\"https:\/\/vosgesinfo.fr\/gerardmerinfo\/2014\/11\/coup-darret-plan-local-durbanisme\/#breadcrumb\",\"itemListElement\":[{\"@type\":\"ListItem\",\"position\":1,\"name\":\"Home\",\"item\":\"https:\/\/vosgesinfo.fr\/gerardmerinfo\/\"},{\"@type\":\"ListItem\",\"position\":2,\"name\":\"Coup d&rsquo;arr\u00eat pour le Plan Local d&rsquo;Urbanisme\"}]},{\"@type\":\"WebSite\",\"@id\":\"https:\/\/vosgesinfo.fr\/gerardmerinfo\/#website\",\"url\":\"https:\/\/vosgesinfo.fr\/gerardmerinfo\/\",\"name\":\"Gerardmer Info\",\"description\":\"Toute l&#039;actualit\u00e9 de G\u00e9rardmer\",\"publisher\":{\"@id\":\"https:\/\/vosgesinfo.fr\/gerardmerinfo\/#organization\"},\"alternateName\":\"Toute l'actualit\u00e9 de G\u00e9rardmer\",\"potentialAction\":[{\"@type\":\"SearchAction\",\"target\":{\"@type\":\"EntryPoint\",\"urlTemplate\":\"https:\/\/vosgesinfo.fr\/gerardmerinfo\/?s={search_term_string}\"},\"query-input\":\"required name=search_term_string\"}],\"inLanguage\":\"fr-FR\"},{\"@type\":\"Organization\",\"@id\":\"https:\/\/vosgesinfo.fr\/gerardmerinfo\/#organization\",\"name\":\"Gerardmer Info\",\"url\":\"https:\/\/vosgesinfo.fr\/gerardmerinfo\/\",\"logo\":{\"@type\":\"ImageObject\",\"inLanguage\":\"fr-FR\",\"@id\":\"https:\/\/vosgesinfo.fr\/gerardmerinfo\/#\/schema\/logo\/image\/\",\"url\":\"https:\/\/vosgesinfo.fr\/app\/uploads\/sites\/6\/2023\/08\/favicon-gerardmerinfo.png\",\"contentUrl\":\"https:\/\/vosgesinfo.fr\/app\/uploads\/sites\/6\/2023\/08\/favicon-gerardmerinfo.png\",\"width\":512,\"height\":512,\"caption\":\"Gerardmer Info\"},\"image\":{\"@id\":\"https:\/\/vosgesinfo.fr\/gerardmerinfo\/#\/schema\/logo\/image\/\"},\"sameAs\":[\"https:\/\/www.facebook.com\/profile.php?id=100049475262660\",\"https:\/\/x.com\/VosgesInfo88\",\"https:\/\/www.youtube.com\/@vosgesinfo\"]},{\"@type\":\"Person\",\"@id\":\"https:\/\/vosgesinfo.fr\/gerardmerinfo\/#\/schema\/person\/bc5d02d71e6932e81b6dadb7386667b1\",\"name\":\"qs_admin\",\"image\":{\"@type\":\"ImageObject\",\"inLanguage\":\"fr-FR\",\"@id\":\"https:\/\/vosgesinfo.fr\/gerardmerinfo\/#\/schema\/person\/image\/\",\"url\":\"https:\/\/secure.gravatar.com\/avatar\/94b18ee0ed79e4a42ea2f2931277b6841a8999fc6fde214600c78057cf1fe1de?s=96&d=mm&r=g\",\"contentUrl\":\"https:\/\/secure.gravatar.com\/avatar\/94b18ee0ed79e4a42ea2f2931277b6841a8999fc6fde214600c78057cf1fe1de?s=96&d=mm&r=g\",\"caption\":\"qs_admin\"},\"sameAs\":[\"https:\/\/vosgesinfo.fr\/wp\"],\"url\":\"https:\/\/vosgesinfo.fr\/gerardmerinfo\/author\/qs_admin\/\"}]}<\/script>\n<!-- \/ Yoast SEO plugin. -->","yoast_head_json":{"title":"Coup d'arr\u00eat pour le Plan Local d'Urbanisme - Gerardmer Info","robots":{"index":"index","follow":"follow","max-snippet":"max-snippet:-1","max-image-preview":"max-image-preview:large","max-video-preview":"max-video-preview:-1"},"canonical":"https:\/\/vosgesinfo.fr\/gerardmerinfo\/2014\/11\/coup-darret-plan-local-durbanisme\/","twitter_card":"summary_large_image","twitter_title":"Coup d'arr\u00eat pour le Plan Local d'Urbanisme - Gerardmer Info","twitter_description":"C&rsquo;est un coup d&rsquo;arr\u00eat mais surtout un coup de tonnerre dans la vie g\u00e9r\u00f4moise. Par jugement du Tribunal Administratif notifi\u00e9 [&hellip;]","twitter_image":"http:\/\/gerardmerinfo.fr","twitter_creator":"@VosgesInfo88","twitter_site":"@VosgesInfo88","twitter_misc":{"\u00c9crit par":"qs_admin","Dur\u00e9e de lecture estim\u00e9e":"3 minutes"},"schema":{"@context":"https:\/\/schema.org","@graph":[{"@type":"Article","@id":"https:\/\/vosgesinfo.fr\/gerardmerinfo\/2014\/11\/coup-darret-plan-local-durbanisme\/#article","isPartOf":{"@id":"https:\/\/vosgesinfo.fr\/gerardmerinfo\/2014\/11\/coup-darret-plan-local-durbanisme\/"},"author":{"name":"qs_admin","@id":"https:\/\/vosgesinfo.fr\/gerardmerinfo\/#\/schema\/person\/bc5d02d71e6932e81b6dadb7386667b1"},"headline":"Coup d&rsquo;arr\u00eat pour le Plan Local d&rsquo;Urbanisme","datePublished":"2014-11-05T14:34:15+00:00","dateModified":"2014-11-05T14:34:15+00:00","mainEntityOfPage":{"@id":"https:\/\/vosgesinfo.fr\/gerardmerinfo\/2014\/11\/coup-darret-plan-local-durbanisme\/"},"wordCount":628,"commentCount":0,"publisher":{"@id":"https:\/\/vosgesinfo.fr\/gerardmerinfo\/#organization"},"image":{"@id":"https:\/\/vosgesinfo.fr\/gerardmerinfo\/2014\/11\/coup-darret-plan-local-durbanisme\/#primaryimage"},"thumbnailUrl":"http:\/\/gerardmerinfo.fr","articleSection":["Soci\u00e9t\u00e9","Vosges"],"inLanguage":"fr-FR","potentialAction":[{"@type":"CommentAction","name":"Comment","target":["https:\/\/vosgesinfo.fr\/gerardmerinfo\/2014\/11\/coup-darret-plan-local-durbanisme\/#respond"]}]},{"@type":"WebPage","@id":"https:\/\/vosgesinfo.fr\/gerardmerinfo\/2014\/11\/coup-darret-plan-local-durbanisme\/","url":"https:\/\/vosgesinfo.fr\/gerardmerinfo\/2014\/11\/coup-darret-plan-local-durbanisme\/","name":"Coup d'arr\u00eat pour le Plan Local d'Urbanisme - Gerardmer Info","isPartOf":{"@id":"https:\/\/vosgesinfo.fr\/gerardmerinfo\/#website"},"primaryImageOfPage":{"@id":"https:\/\/vosgesinfo.fr\/gerardmerinfo\/2014\/11\/coup-darret-plan-local-durbanisme\/#primaryimage"},"image":{"@id":"https:\/\/vosgesinfo.fr\/gerardmerinfo\/2014\/11\/coup-darret-plan-local-durbanisme\/#primaryimage"},"thumbnailUrl":"http:\/\/gerardmerinfo.fr","datePublished":"2014-11-05T14:34:15+00:00","dateModified":"2014-11-05T14:34:15+00:00","breadcrumb":{"@id":"https:\/\/vosgesinfo.fr\/gerardmerinfo\/2014\/11\/coup-darret-plan-local-durbanisme\/#breadcrumb"},"inLanguage":"fr-FR","potentialAction":[{"@type":"ReadAction","target":["https:\/\/vosgesinfo.fr\/gerardmerinfo\/2014\/11\/coup-darret-plan-local-durbanisme\/"]}]},{"@type":"ImageObject","inLanguage":"fr-FR","@id":"https:\/\/vosgesinfo.fr\/gerardmerinfo\/2014\/11\/coup-darret-plan-local-durbanisme\/#primaryimage","url":"http:\/\/gerardmerinfo.fr","contentUrl":"http:\/\/gerardmerinfo.fr"},{"@type":"BreadcrumbList","@id":"https:\/\/vosgesinfo.fr\/gerardmerinfo\/2014\/11\/coup-darret-plan-local-durbanisme\/#breadcrumb","itemListElement":[{"@type":"ListItem","position":1,"name":"Home","item":"https:\/\/vosgesinfo.fr\/gerardmerinfo\/"},{"@type":"ListItem","position":2,"name":"Coup d&rsquo;arr\u00eat pour le Plan Local d&rsquo;Urbanisme"}]},{"@type":"WebSite","@id":"https:\/\/vosgesinfo.fr\/gerardmerinfo\/#website","url":"https:\/\/vosgesinfo.fr\/gerardmerinfo\/","name":"Gerardmer Info","description":"Toute l&#039;actualit\u00e9 de G\u00e9rardmer","publisher":{"@id":"https:\/\/vosgesinfo.fr\/gerardmerinfo\/#organization"},"alternateName":"Toute l'actualit\u00e9 de G\u00e9rardmer","potentialAction":[{"@type":"SearchAction","target":{"@type":"EntryPoint","urlTemplate":"https:\/\/vosgesinfo.fr\/gerardmerinfo\/?s={search_term_string}"},"query-input":"required name=search_term_string"}],"inLanguage":"fr-FR"},{"@type":"Organization","@id":"https:\/\/vosgesinfo.fr\/gerardmerinfo\/#organization","name":"Gerardmer Info","url":"https:\/\/vosgesinfo.fr\/gerardmerinfo\/","logo":{"@type":"ImageObject","inLanguage":"fr-FR","@id":"https:\/\/vosgesinfo.fr\/gerardmerinfo\/#\/schema\/logo\/image\/","url":"https:\/\/vosgesinfo.fr\/app\/uploads\/sites\/6\/2023\/08\/favicon-gerardmerinfo.png","contentUrl":"https:\/\/vosgesinfo.fr\/app\/uploads\/sites\/6\/2023\/08\/favicon-gerardmerinfo.png","width":512,"height":512,"caption":"Gerardmer Info"},"image":{"@id":"https:\/\/vosgesinfo.fr\/gerardmerinfo\/#\/schema\/logo\/image\/"},"sameAs":["https:\/\/www.facebook.com\/profile.php?id=100049475262660","https:\/\/x.com\/VosgesInfo88","https:\/\/www.youtube.com\/@vosgesinfo"]},{"@type":"Person","@id":"https:\/\/vosgesinfo.fr\/gerardmerinfo\/#\/schema\/person\/bc5d02d71e6932e81b6dadb7386667b1","name":"qs_admin","image":{"@type":"ImageObject","inLanguage":"fr-FR","@id":"https:\/\/vosgesinfo.fr\/gerardmerinfo\/#\/schema\/person\/image\/","url":"https:\/\/secure.gravatar.com\/avatar\/94b18ee0ed79e4a42ea2f2931277b6841a8999fc6fde214600c78057cf1fe1de?s=96&d=mm&r=g","contentUrl":"https:\/\/secure.gravatar.com\/avatar\/94b18ee0ed79e4a42ea2f2931277b6841a8999fc6fde214600c78057cf1fe1de?s=96&d=mm&r=g","caption":"qs_admin"},"sameAs":["https:\/\/vosgesinfo.fr\/wp"],"url":"https:\/\/vosgesinfo.fr\/gerardmerinfo\/author\/qs_admin\/"}]}},"_links":{"self":[{"href":"https:\/\/vosgesinfo.fr\/gerardmerinfo\/wp-json\/wp\/v2\/posts\/11913","targetHints":{"allow":["GET"]}}],"collection":[{"href":"https:\/\/vosgesinfo.fr\/gerardmerinfo\/wp-json\/wp\/v2\/posts"}],"about":[{"href":"https:\/\/vosgesinfo.fr\/gerardmerinfo\/wp-json\/wp\/v2\/types\/post"}],"author":[{"embeddable":true,"href":"https:\/\/vosgesinfo.fr\/gerardmerinfo\/wp-json\/wp\/v2\/users\/1"}],"replies":[{"embeddable":true,"href":"https:\/\/vosgesinfo.fr\/gerardmerinfo\/wp-json\/wp\/v2\/comments?post=11913"}],"version-history":[{"count":0,"href":"https:\/\/vosgesinfo.fr\/gerardmerinfo\/wp-json\/wp\/v2\/posts\/11913\/revisions"}],"wp:attachment":[{"href":"https:\/\/vosgesinfo.fr\/gerardmerinfo\/wp-json\/wp\/v2\/media?parent=11913"}],"wp:term":[{"taxonomy":"category","embeddable":true,"href":"https:\/\/vosgesinfo.fr\/gerardmerinfo\/wp-json\/wp\/v2\/categories?post=11913"},{"taxonomy":"post_tag","embeddable":true,"href":"https:\/\/vosgesinfo.fr\/gerardmerinfo\/wp-json\/wp\/v2\/tags?post=11913"}],"curies":[{"name":"wp","href":"https:\/\/api.w.org\/{rel}","templated":true}]}}