{"id":11914,"date":"2014-11-06T16:42:05","date_gmt":"2014-11-06T15:42:05","guid":{"rendered":"https:\/\/vosgesinfo.fr\/gerardmerinfo\/2014\/11\/voyage-au-coeur-litteratures-limaginaire\/"},"modified":"2014-11-06T16:42:05","modified_gmt":"2014-11-06T15:42:05","slug":"voyage-au-coeur-litteratures-limaginaire","status":"publish","type":"post","link":"https:\/\/vosgesinfo.fr\/gerardmerinfo\/2014\/11\/voyage-au-coeur-litteratures-limaginaire\/","title":{"rendered":"Voyage au c\u0153ur des litt\u00e9ratures de l&rsquo;imaginaire"},"content":{"rendered":"<p><a href=\"http:\/\/gerardmerinfo.fr\"><img decoding=\"async\" class=\"aligncenter wp-image-41848\" src=\"http:\/\/gerardmerinfo.fr\" alt=\"DSC_0330-WEB\" width=\"524\" height=\"295\" \/><\/a><\/p>\n<p><strong>19 lyc\u00e9ens de la Haie-Griselle vont se plonger dans l&rsquo;univers de 6 ouvrages litt\u00e9raires et participeront ainsi au Prix Imaginales Lyc\u00e9ens 2015.<\/strong><\/p>\n<p>Pour la premi\u00e8re fois de son histoire, l&rsquo;\u00e9tablissement de la Haie-Griselle voit donc une petite d\u00e9l\u00e9gation d&rsquo;\u00e9l\u00e8ves de seconde participer \u00e0 ce prix litt\u00e9raire d\u00e9cern\u00e9 chaque ann\u00e9e \u00e0 l&rsquo;occasion des Imaginales d\u2019\u00c9pinal. Il est important de pr\u00e9ciser que ces 19 lyc\u00e9ens ont choisi l&rsquo;option \u00ab\u00a0litt\u00e9rature et soci\u00e9t\u00e9\u00a0\u00bb et ont \u00e0 priori une certaine sensibilit\u00e9 et un certain attrait pour l&rsquo;univers de la litt\u00e9rature.<\/p>\n<p>C&rsquo;est donc sous la houlette de leur professeur de lettres ainsi que de la documentaliste Fran\u00e7oise Creusot que le petit groupe va se plonger dans une s\u00e9lection de romans que l&rsquo;on classera dans les \u00ab\u00a0litt\u00e9ratures de l&rsquo;imaginaire\u00a0\u00bb avec trois titres de fantasy, un de dystopie, un de space op\u00e9ra et un de fantastique&#8230; Si ces genres ne vous \u00e9voquent pas forc\u00e9ment tous quelque chose, une petite recherche s&rsquo;impose, c&rsquo;est d&rsquo;ailleurs ce qu&rsquo;ont fait les lyc\u00e9ens concern\u00e9s.<\/p>\n<p>Ces derniers auront donc jusqu&rsquo;\u00e0 fin avril 2015 pour lire les 6 titres propos\u00e9s. D\u00e9but mai, aura ensuite lieu la d\u00e9lib\u00e9ration du Jury Lyc\u00e9ens au lyc\u00e9e Louis Lapicque d\u2019\u00c9pinal et en pr\u00e9sence d&rsquo;un repr\u00e9sentant par classe participante. Le laur\u00e9at 2015 \u00e9lu, la remise du prix \u00e0 l&rsquo;auteur se fera fin mai \u00e0 l&rsquo;occasion du festival des Imaginales en pr\u00e9sence de l&rsquo;ensemble des \u00e9l\u00e8ves de chaque classe. Ces derniers pourront ainsi profiter d&rsquo;un moment d&rsquo;\u00e9change avec le laur\u00e9at du prix qu&rsquo;ils auront d\u00e9cern\u00e9.<\/p>\n<p>Pour ceux qui veulent vivre cette aventure avec les lyc\u00e9ens, voici la s\u00e9lection 2015\u00a0:<\/p>\n<p>-Fran\u00e7ois Baranger\u00a0: <i>Dominium Mundi. Livre 1<\/i> (Critic)<\/p>\n<p>-Fabuen Cerruti\u00a0: <i>Le B\u00e2tard de Kosigan\u00a0: l&rsquo;ombre du Pouvoir<\/i> ( Mn\u00e9mos)<\/p>\n<p>-Estelle Faye\u00a0: <i>La voie des Oracles<\/i> (Scrineo)<\/p>\n<p>-Jean-Luc Marcastel\u00a0: <i>Les Enfants d&rsquo;Erebus. Tom 1<\/i> (J&rsquo;ai lu)<\/p>\n<p>-Stefan Platteau\u00a0: <i>Les sentiers des astres. Tome 1\u00a0: Manesh<\/i> (Les moutons Electriques)<\/p>\n<p>-Carina Rozenfeld\u00a0: <i>La symphonie des abysses. Livre 1<\/i> (Robert Laffont)<\/p>\n\n\t\t<style type=\"text\/css\">\n\t\t\t#gallery-1 {\n\t\t\t\tmargin: auto;\n\t\t\t}\n\t\t\t#gallery-1 .gallery-item {\n\t\t\t\tfloat: left;\n\t\t\t\tmargin-top: 10px;\n\t\t\t\ttext-align: center;\n\t\t\t\twidth: 33%;\n\t\t\t}\n\t\t\t#gallery-1 img {\n\t\t\t\tborder: 2px solid #cfcfcf;\n\t\t\t}\n\t\t\t#gallery-1 .gallery-caption {\n\t\t\t\tmargin-left: 0;\n\t\t\t}\n\t\t\t\/* see gallery_shortcode() in wp-includes\/media.php *\/\n\t\t<\/style>\n\t\t<div id='gallery-1' class='gallery galleryid-11914 gallery-columns-3 gallery-size-thumbnail'><dl class='gallery-item'>\n\t\t\t<dt class='gallery-icon portrait'>\n\t\t\t\t<a href='https:\/\/vosgesinfo.fr\/gerardmerinfo\/2019\/05\/voile-renouveau-de-regate-laser-gerardmer\/2019-05-regate-laser-gerardmer-2\/'><img decoding=\"async\" width=\"150\" height=\"150\" src=\"https:\/\/vosgesinfo.fr\/app\/uploads\/sites\/6\/2024\/07\/201905regate-laser-gerardmer-2-150x150.jpg\" class=\"attachment-thumbnail size-thumbnail\" alt=\"\" \/><\/a>\n\t\t\t<\/dt><\/dl><dl class='gallery-item'>\n\t\t\t<dt class='gallery-icon portrait'>\n\t\t\t\t<a href='https:\/\/vosgesinfo.fr\/gerardmerinfo\/2019\/05\/voile-renouveau-de-regate-laser-gerardmer\/2019-05-regate-laser-gerardmer-1\/'><img decoding=\"async\" width=\"150\" height=\"150\" src=\"https:\/\/vosgesinfo.fr\/app\/uploads\/sites\/6\/2024\/07\/201905regate-laser-gerardmer-1-150x150.jpg\" class=\"attachment-thumbnail size-thumbnail\" alt=\"\" \/><\/a>\n\t\t\t<\/dt><\/dl>\n\t\t\t<br style='clear: both' \/>\n\t\t<\/div>\n\n","protected":false},"excerpt":{"rendered":"<p>19 lyc\u00e9ens de la Haie-Griselle vont se plonger dans l&rsquo;univers de 6 ouvrages litt\u00e9raires et participeront ainsi au Prix Imaginales [&hellip;]<\/p>\n","protected":false},"author":42,"featured_media":0,"comment_status":"open","ping_status":"open","sticky":false,"template":"","format":"standard","meta":{"footnotes":""},"categories":[4,64],"tags":[],"class_list":["post-11914","post","type-post","status-publish","format-standard","hentry","category-culture","category-litterature"],"acf":[],"yoast_head":"<!-- This site is optimized with the Yoast SEO plugin v22.5 - https:\/\/yoast.com\/wordpress\/plugins\/seo\/ -->\n<title>Voyage au c\u0153ur des litt\u00e9ratures de l&#039;imaginaire - Gerardmer Info<\/title>\n<meta name=\"robots\" content=\"index, follow, max-snippet:-1, max-image-preview:large, max-video-preview:-1\" \/>\n<link rel=\"canonical\" href=\"https:\/\/vosgesinfo.fr\/gerardmerinfo\/2014\/11\/voyage-au-coeur-litteratures-limaginaire\/\" \/>\n<meta name=\"twitter:card\" content=\"summary_large_image\" \/>\n<meta name=\"twitter:title\" content=\"Voyage au c\u0153ur des litt\u00e9ratures de l&#039;imaginaire - Gerardmer Info\" \/>\n<meta name=\"twitter:description\" content=\"19 lyc\u00e9ens de la Haie-Griselle vont se plonger dans l&rsquo;univers de 6 ouvrages litt\u00e9raires et participeront ainsi au Prix Imaginales [&hellip;]\" \/>\n<meta name=\"twitter:image\" content=\"http:\/\/gerardmerinfo.fr\" \/>\n<meta name=\"twitter:creator\" content=\"@VosgesInfo88\" \/>\n<meta name=\"twitter:site\" content=\"@VosgesInfo88\" \/>\n<meta name=\"twitter:label1\" content=\"\u00c9crit par\" \/>\n\t<meta name=\"twitter:data1\" content=\"QG\" \/>\n\t<meta name=\"twitter:label2\" content=\"Dur\u00e9e de lecture estim\u00e9e\" \/>\n\t<meta name=\"twitter:data2\" content=\"2 minutes\" \/>\n<script type=\"application\/ld+json\" class=\"yoast-schema-graph\">{\"@context\":\"https:\/\/schema.org\",\"@graph\":[{\"@type\":\"Article\",\"@id\":\"https:\/\/vosgesinfo.fr\/gerardmerinfo\/2014\/11\/voyage-au-coeur-litteratures-limaginaire\/#article\",\"isPartOf\":{\"@id\":\"https:\/\/vosgesinfo.fr\/gerardmerinfo\/2014\/11\/voyage-au-coeur-litteratures-limaginaire\/\"},\"author\":{\"name\":\"QG\",\"@id\":\"https:\/\/vosgesinfo.fr\/gerardmerinfo\/#\/schema\/person\/db5605779a843dad16b5368f3e7613a5\"},\"headline\":\"Voyage au c\u0153ur des litt\u00e9ratures de l&rsquo;imaginaire\",\"datePublished\":\"2014-11-06T15:42:05+00:00\",\"dateModified\":\"2014-11-06T15:42:05+00:00\",\"mainEntityOfPage\":{\"@id\":\"https:\/\/vosgesinfo.fr\/gerardmerinfo\/2014\/11\/voyage-au-coeur-litteratures-limaginaire\/\"},\"wordCount\":372,\"commentCount\":0,\"publisher\":{\"@id\":\"https:\/\/vosgesinfo.fr\/gerardmerinfo\/#organization\"},\"image\":{\"@id\":\"https:\/\/vosgesinfo.fr\/gerardmerinfo\/2014\/11\/voyage-au-coeur-litteratures-limaginaire\/#primaryimage\"},\"thumbnailUrl\":\"http:\/\/gerardmerinfo.fr\",\"articleSection\":[\"Culture\",\"Litt\u00e9rature\"],\"inLanguage\":\"fr-FR\",\"potentialAction\":[{\"@type\":\"CommentAction\",\"name\":\"Comment\",\"target\":[\"https:\/\/vosgesinfo.fr\/gerardmerinfo\/2014\/11\/voyage-au-coeur-litteratures-limaginaire\/#respond\"]}]},{\"@type\":\"WebPage\",\"@id\":\"https:\/\/vosgesinfo.fr\/gerardmerinfo\/2014\/11\/voyage-au-coeur-litteratures-limaginaire\/\",\"url\":\"https:\/\/vosgesinfo.fr\/gerardmerinfo\/2014\/11\/voyage-au-coeur-litteratures-limaginaire\/\",\"name\":\"Voyage au c\u0153ur des litt\u00e9ratures de l'imaginaire - Gerardmer Info\",\"isPartOf\":{\"@id\":\"https:\/\/vosgesinfo.fr\/gerardmerinfo\/#website\"},\"primaryImageOfPage\":{\"@id\":\"https:\/\/vosgesinfo.fr\/gerardmerinfo\/2014\/11\/voyage-au-coeur-litteratures-limaginaire\/#primaryimage\"},\"image\":{\"@id\":\"https:\/\/vosgesinfo.fr\/gerardmerinfo\/2014\/11\/voyage-au-coeur-litteratures-limaginaire\/#primaryimage\"},\"thumbnailUrl\":\"http:\/\/gerardmerinfo.fr\",\"datePublished\":\"2014-11-06T15:42:05+00:00\",\"dateModified\":\"2014-11-06T15:42:05+00:00\",\"breadcrumb\":{\"@id\":\"https:\/\/vosgesinfo.fr\/gerardmerinfo\/2014\/11\/voyage-au-coeur-litteratures-limaginaire\/#breadcrumb\"},\"inLanguage\":\"fr-FR\",\"potentialAction\":[{\"@type\":\"ReadAction\",\"target\":[\"https:\/\/vosgesinfo.fr\/gerardmerinfo\/2014\/11\/voyage-au-coeur-litteratures-limaginaire\/\"]}]},{\"@type\":\"ImageObject\",\"inLanguage\":\"fr-FR\",\"@id\":\"https:\/\/vosgesinfo.fr\/gerardmerinfo\/2014\/11\/voyage-au-coeur-litteratures-limaginaire\/#primaryimage\",\"url\":\"http:\/\/gerardmerinfo.fr\",\"contentUrl\":\"http:\/\/gerardmerinfo.fr\"},{\"@type\":\"BreadcrumbList\",\"@id\":\"https:\/\/vosgesinfo.fr\/gerardmerinfo\/2014\/11\/voyage-au-coeur-litteratures-limaginaire\/#breadcrumb\",\"itemListElement\":[{\"@type\":\"ListItem\",\"position\":1,\"name\":\"Home\",\"item\":\"https:\/\/vosgesinfo.fr\/gerardmerinfo\/\"},{\"@type\":\"ListItem\",\"position\":2,\"name\":\"Voyage au c\u0153ur des litt\u00e9ratures de l&rsquo;imaginaire\"}]},{\"@type\":\"WebSite\",\"@id\":\"https:\/\/vosgesinfo.fr\/gerardmerinfo\/#website\",\"url\":\"https:\/\/vosgesinfo.fr\/gerardmerinfo\/\",\"name\":\"Gerardmer Info\",\"description\":\"Toute l&#039;actualit\u00e9 de G\u00e9rardmer\",\"publisher\":{\"@id\":\"https:\/\/vosgesinfo.fr\/gerardmerinfo\/#organization\"},\"alternateName\":\"Toute l'actualit\u00e9 de G\u00e9rardmer\",\"potentialAction\":[{\"@type\":\"SearchAction\",\"target\":{\"@type\":\"EntryPoint\",\"urlTemplate\":\"https:\/\/vosgesinfo.fr\/gerardmerinfo\/?s={search_term_string}\"},\"query-input\":\"required name=search_term_string\"}],\"inLanguage\":\"fr-FR\"},{\"@type\":\"Organization\",\"@id\":\"https:\/\/vosgesinfo.fr\/gerardmerinfo\/#organization\",\"name\":\"Gerardmer Info\",\"url\":\"https:\/\/vosgesinfo.fr\/gerardmerinfo\/\",\"logo\":{\"@type\":\"ImageObject\",\"inLanguage\":\"fr-FR\",\"@id\":\"https:\/\/vosgesinfo.fr\/gerardmerinfo\/#\/schema\/logo\/image\/\",\"url\":\"https:\/\/vosgesinfo.fr\/app\/uploads\/sites\/6\/2023\/08\/favicon-gerardmerinfo.png\",\"contentUrl\":\"https:\/\/vosgesinfo.fr\/app\/uploads\/sites\/6\/2023\/08\/favicon-gerardmerinfo.png\",\"width\":512,\"height\":512,\"caption\":\"Gerardmer Info\"},\"image\":{\"@id\":\"https:\/\/vosgesinfo.fr\/gerardmerinfo\/#\/schema\/logo\/image\/\"},\"sameAs\":[\"https:\/\/www.facebook.com\/profile.php?id=100049475262660\",\"https:\/\/x.com\/VosgesInfo88\",\"https:\/\/www.youtube.com\/@vosgesinfo\"]},{\"@type\":\"Person\",\"@id\":\"https:\/\/vosgesinfo.fr\/gerardmerinfo\/#\/schema\/person\/db5605779a843dad16b5368f3e7613a5\",\"name\":\"QG\",\"image\":{\"@type\":\"ImageObject\",\"inLanguage\":\"fr-FR\",\"@id\":\"https:\/\/vosgesinfo.fr\/gerardmerinfo\/#\/schema\/person\/image\/\",\"url\":\"https:\/\/secure.gravatar.com\/avatar\/ea80c42c204b534408512832fde52504ecabb9706bcb6151cf6175e5b64e6793?s=96&d=mm&r=g\",\"contentUrl\":\"https:\/\/secure.gravatar.com\/avatar\/ea80c42c204b534408512832fde52504ecabb9706bcb6151cf6175e5b64e6793?s=96&d=mm&r=g\",\"caption\":\"QG\"},\"url\":\"https:\/\/vosgesinfo.fr\/gerardmerinfo\/author\/quentin88\/\"}]}<\/script>\n<!-- \/ Yoast SEO plugin. -->","yoast_head_json":{"title":"Voyage au c\u0153ur des litt\u00e9ratures de l'imaginaire - Gerardmer Info","robots":{"index":"index","follow":"follow","max-snippet":"max-snippet:-1","max-image-preview":"max-image-preview:large","max-video-preview":"max-video-preview:-1"},"canonical":"https:\/\/vosgesinfo.fr\/gerardmerinfo\/2014\/11\/voyage-au-coeur-litteratures-limaginaire\/","twitter_card":"summary_large_image","twitter_title":"Voyage au c\u0153ur des litt\u00e9ratures de l'imaginaire - Gerardmer Info","twitter_description":"19 lyc\u00e9ens de la Haie-Griselle vont se plonger dans l&rsquo;univers de 6 ouvrages litt\u00e9raires et participeront ainsi au Prix Imaginales [&hellip;]","twitter_image":"http:\/\/gerardmerinfo.fr","twitter_creator":"@VosgesInfo88","twitter_site":"@VosgesInfo88","twitter_misc":{"\u00c9crit par":"QG","Dur\u00e9e de lecture estim\u00e9e":"2 minutes"},"schema":{"@context":"https:\/\/schema.org","@graph":[{"@type":"Article","@id":"https:\/\/vosgesinfo.fr\/gerardmerinfo\/2014\/11\/voyage-au-coeur-litteratures-limaginaire\/#article","isPartOf":{"@id":"https:\/\/vosgesinfo.fr\/gerardmerinfo\/2014\/11\/voyage-au-coeur-litteratures-limaginaire\/"},"author":{"name":"QG","@id":"https:\/\/vosgesinfo.fr\/gerardmerinfo\/#\/schema\/person\/db5605779a843dad16b5368f3e7613a5"},"headline":"Voyage au c\u0153ur des litt\u00e9ratures de l&rsquo;imaginaire","datePublished":"2014-11-06T15:42:05+00:00","dateModified":"2014-11-06T15:42:05+00:00","mainEntityOfPage":{"@id":"https:\/\/vosgesinfo.fr\/gerardmerinfo\/2014\/11\/voyage-au-coeur-litteratures-limaginaire\/"},"wordCount":372,"commentCount":0,"publisher":{"@id":"https:\/\/vosgesinfo.fr\/gerardmerinfo\/#organization"},"image":{"@id":"https:\/\/vosgesinfo.fr\/gerardmerinfo\/2014\/11\/voyage-au-coeur-litteratures-limaginaire\/#primaryimage"},"thumbnailUrl":"http:\/\/gerardmerinfo.fr","articleSection":["Culture","Litt\u00e9rature"],"inLanguage":"fr-FR","potentialAction":[{"@type":"CommentAction","name":"Comment","target":["https:\/\/vosgesinfo.fr\/gerardmerinfo\/2014\/11\/voyage-au-coeur-litteratures-limaginaire\/#respond"]}]},{"@type":"WebPage","@id":"https:\/\/vosgesinfo.fr\/gerardmerinfo\/2014\/11\/voyage-au-coeur-litteratures-limaginaire\/","url":"https:\/\/vosgesinfo.fr\/gerardmerinfo\/2014\/11\/voyage-au-coeur-litteratures-limaginaire\/","name":"Voyage au c\u0153ur des litt\u00e9ratures de l'imaginaire - Gerardmer Info","isPartOf":{"@id":"https:\/\/vosgesinfo.fr\/gerardmerinfo\/#website"},"primaryImageOfPage":{"@id":"https:\/\/vosgesinfo.fr\/gerardmerinfo\/2014\/11\/voyage-au-coeur-litteratures-limaginaire\/#primaryimage"},"image":{"@id":"https:\/\/vosgesinfo.fr\/gerardmerinfo\/2014\/11\/voyage-au-coeur-litteratures-limaginaire\/#primaryimage"},"thumbnailUrl":"http:\/\/gerardmerinfo.fr","datePublished":"2014-11-06T15:42:05+00:00","dateModified":"2014-11-06T15:42:05+00:00","breadcrumb":{"@id":"https:\/\/vosgesinfo.fr\/gerardmerinfo\/2014\/11\/voyage-au-coeur-litteratures-limaginaire\/#breadcrumb"},"inLanguage":"fr-FR","potentialAction":[{"@type":"ReadAction","target":["https:\/\/vosgesinfo.fr\/gerardmerinfo\/2014\/11\/voyage-au-coeur-litteratures-limaginaire\/"]}]},{"@type":"ImageObject","inLanguage":"fr-FR","@id":"https:\/\/vosgesinfo.fr\/gerardmerinfo\/2014\/11\/voyage-au-coeur-litteratures-limaginaire\/#primaryimage","url":"http:\/\/gerardmerinfo.fr","contentUrl":"http:\/\/gerardmerinfo.fr"},{"@type":"BreadcrumbList","@id":"https:\/\/vosgesinfo.fr\/gerardmerinfo\/2014\/11\/voyage-au-coeur-litteratures-limaginaire\/#breadcrumb","itemListElement":[{"@type":"ListItem","position":1,"name":"Home","item":"https:\/\/vosgesinfo.fr\/gerardmerinfo\/"},{"@type":"ListItem","position":2,"name":"Voyage au c\u0153ur des litt\u00e9ratures de l&rsquo;imaginaire"}]},{"@type":"WebSite","@id":"https:\/\/vosgesinfo.fr\/gerardmerinfo\/#website","url":"https:\/\/vosgesinfo.fr\/gerardmerinfo\/","name":"Gerardmer Info","description":"Toute l&#039;actualit\u00e9 de G\u00e9rardmer","publisher":{"@id":"https:\/\/vosgesinfo.fr\/gerardmerinfo\/#organization"},"alternateName":"Toute l'actualit\u00e9 de G\u00e9rardmer","potentialAction":[{"@type":"SearchAction","target":{"@type":"EntryPoint","urlTemplate":"https:\/\/vosgesinfo.fr\/gerardmerinfo\/?s={search_term_string}"},"query-input":"required name=search_term_string"}],"inLanguage":"fr-FR"},{"@type":"Organization","@id":"https:\/\/vosgesinfo.fr\/gerardmerinfo\/#organization","name":"Gerardmer Info","url":"https:\/\/vosgesinfo.fr\/gerardmerinfo\/","logo":{"@type":"ImageObject","inLanguage":"fr-FR","@id":"https:\/\/vosgesinfo.fr\/gerardmerinfo\/#\/schema\/logo\/image\/","url":"https:\/\/vosgesinfo.fr\/app\/uploads\/sites\/6\/2023\/08\/favicon-gerardmerinfo.png","contentUrl":"https:\/\/vosgesinfo.fr\/app\/uploads\/sites\/6\/2023\/08\/favicon-gerardmerinfo.png","width":512,"height":512,"caption":"Gerardmer Info"},"image":{"@id":"https:\/\/vosgesinfo.fr\/gerardmerinfo\/#\/schema\/logo\/image\/"},"sameAs":["https:\/\/www.facebook.com\/profile.php?id=100049475262660","https:\/\/x.com\/VosgesInfo88","https:\/\/www.youtube.com\/@vosgesinfo"]},{"@type":"Person","@id":"https:\/\/vosgesinfo.fr\/gerardmerinfo\/#\/schema\/person\/db5605779a843dad16b5368f3e7613a5","name":"QG","image":{"@type":"ImageObject","inLanguage":"fr-FR","@id":"https:\/\/vosgesinfo.fr\/gerardmerinfo\/#\/schema\/person\/image\/","url":"https:\/\/secure.gravatar.com\/avatar\/ea80c42c204b534408512832fde52504ecabb9706bcb6151cf6175e5b64e6793?s=96&d=mm&r=g","contentUrl":"https:\/\/secure.gravatar.com\/avatar\/ea80c42c204b534408512832fde52504ecabb9706bcb6151cf6175e5b64e6793?s=96&d=mm&r=g","caption":"QG"},"url":"https:\/\/vosgesinfo.fr\/gerardmerinfo\/author\/quentin88\/"}]}},"_links":{"self":[{"href":"https:\/\/vosgesinfo.fr\/gerardmerinfo\/wp-json\/wp\/v2\/posts\/11914","targetHints":{"allow":["GET"]}}],"collection":[{"href":"https:\/\/vosgesinfo.fr\/gerardmerinfo\/wp-json\/wp\/v2\/posts"}],"about":[{"href":"https:\/\/vosgesinfo.fr\/gerardmerinfo\/wp-json\/wp\/v2\/types\/post"}],"author":[{"embeddable":true,"href":"https:\/\/vosgesinfo.fr\/gerardmerinfo\/wp-json\/wp\/v2\/users\/42"}],"replies":[{"embeddable":true,"href":"https:\/\/vosgesinfo.fr\/gerardmerinfo\/wp-json\/wp\/v2\/comments?post=11914"}],"version-history":[{"count":0,"href":"https:\/\/vosgesinfo.fr\/gerardmerinfo\/wp-json\/wp\/v2\/posts\/11914\/revisions"}],"wp:attachment":[{"href":"https:\/\/vosgesinfo.fr\/gerardmerinfo\/wp-json\/wp\/v2\/media?parent=11914"}],"wp:term":[{"taxonomy":"category","embeddable":true,"href":"https:\/\/vosgesinfo.fr\/gerardmerinfo\/wp-json\/wp\/v2\/categories?post=11914"},{"taxonomy":"post_tag","embeddable":true,"href":"https:\/\/vosgesinfo.fr\/gerardmerinfo\/wp-json\/wp\/v2\/tags?post=11914"}],"curies":[{"name":"wp","href":"https:\/\/api.w.org\/{rel}","templated":true}]}}