{"id":11915,"date":"2014-11-05T15:43:55","date_gmt":"2014-11-05T14:43:55","guid":{"rendered":"https:\/\/vosgesinfo.fr\/gerardmerinfo\/2014\/11\/tracteurs-contre-hypermarche-no-mans-land-en-zone-urbaine\/"},"modified":"2014-11-05T15:43:55","modified_gmt":"2014-11-05T14:43:55","slug":"tracteurs-contre-hypermarche-no-mans-land-en-zone-urbaine","status":"publish","type":"post","link":"https:\/\/vosgesinfo.fr\/gerardmerinfo\/2014\/11\/tracteurs-contre-hypermarche-no-mans-land-en-zone-urbaine\/","title":{"rendered":"Tracteurs contre hypermarch\u00e9 : no man\u2019s land en zone urbaine"},"content":{"rendered":"<div class=\"entry-content cf\">\n<p><strong><a href=\"http:\/\/epinalinfos.fr\" group=\"46866\" active=\"1\" internal=\"\"><img decoding=\"async\" class=\"alignleft size-medium wp-image-46868\" src=\"http:\/\/epinalinfos.fr\" alt=\"P1040760\" width=\"300\" height=\"225\" \/><\/a>Les agriculteurs vosgiens en col\u00e8re,\u00a0<a href=\"http:\/\/epinalinfos.fr\/2014\/11\/du-fumier-prefecture-les-agriculteurs-se-font-sentir\/\">dont vous parlions ici<\/a>,\u00a0sont entr\u00e9s en guerre contre\u00a0la grande distribution cet apr\u00e8s-midi. <\/strong><\/p>\n<p>L\u2019hypermarch\u00e9 Carrefour \u00e0 Jeuxey, un poids lourd des grandes\u00a0surfaces spinaliennes, \u00e9tait une\u00a0des cibles privil\u00e9gi\u00e9es des agriculteurs en ce 5 novembre.<\/p>\n<p>L\u2019hypermarch\u00e9 habituellement bond\u00e9 de monde \u00e9tait d\u00e9sert en ce\u00a0d\u00e9but d\u2019apr\u00e8s-midi. Et pour cause : une procession de tracteurs s\u2019\u00e9tait install\u00e9e durablement sur le parking. La gendarmerie s\u2019est occup\u00e9 de g\u00e9rer les files de voitures aux abords du grand magasin en bloquant l\u2019entr\u00e9e des voitures sur les deux acc\u00e8s possibles. L\u2019action coup de poing des agriculteurs en aura d\u00e9rout\u00e9 plus d\u2019un !<\/p>\n<p><a href=\"http:\/\/epinalinfos.fr\" group=\"46866\" active=\"1\" internal=\"\"><img decoding=\"async\" class=\"alignright size-medium wp-image-46869\" src=\"http:\/\/epinalinfos.fr\" alt=\"P1040762\" width=\"300\" height=\"225\" \/><\/a><\/p>\n<\/div>\n","protected":false},"excerpt":{"rendered":"<p>Les agriculteurs vosgiens en col\u00e8re,\u00a0dont vous parlions ici,\u00a0sont entr\u00e9s en guerre contre\u00a0la grande distribution cet apr\u00e8s-midi. L\u2019hypermarch\u00e9 Carrefour \u00e0 Jeuxey, [&hellip;]<\/p>\n","protected":false},"author":1,"featured_media":0,"comment_status":"open","ping_status":"open","sticky":false,"template":"","format":"standard","meta":{"footnotes":""},"categories":[10,13,18],"tags":[],"class_list":["post-11915","post","type-post","status-publish","format-standard","hentry","category-politique","category-societe","category-vosges"],"acf":[],"yoast_head":"<!-- This site is optimized with the Yoast SEO plugin v22.5 - https:\/\/yoast.com\/wordpress\/plugins\/seo\/ -->\n<title>Tracteurs contre hypermarch\u00e9 : no man\u2019s land en zone urbaine - Gerardmer Info<\/title>\n<meta name=\"robots\" content=\"index, follow, max-snippet:-1, max-image-preview:large, max-video-preview:-1\" \/>\n<link rel=\"canonical\" href=\"https:\/\/vosgesinfo.fr\/gerardmerinfo\/2014\/11\/tracteurs-contre-hypermarche-no-mans-land-en-zone-urbaine\/\" \/>\n<meta name=\"twitter:card\" content=\"summary_large_image\" \/>\n<meta name=\"twitter:title\" content=\"Tracteurs contre hypermarch\u00e9 : no man\u2019s land en zone urbaine - Gerardmer Info\" \/>\n<meta name=\"twitter:description\" content=\"Les agriculteurs vosgiens en col\u00e8re,\u00a0dont vous parlions ici,\u00a0sont entr\u00e9s en guerre contre\u00a0la grande distribution cet apr\u00e8s-midi. L\u2019hypermarch\u00e9 Carrefour \u00e0 Jeuxey, [&hellip;]\" \/>\n<meta name=\"twitter:image\" content=\"http:\/\/epinalinfos.fr\" \/>\n<meta name=\"twitter:creator\" content=\"@VosgesInfo88\" \/>\n<meta name=\"twitter:site\" content=\"@VosgesInfo88\" \/>\n<meta name=\"twitter:label1\" content=\"\u00c9crit par\" \/>\n\t<meta name=\"twitter:data1\" content=\"qs_admin\" \/>\n\t<meta name=\"twitter:label2\" content=\"Dur\u00e9e de lecture estim\u00e9e\" \/>\n\t<meta name=\"twitter:data2\" content=\"1 minute\" \/>\n<script type=\"application\/ld+json\" class=\"yoast-schema-graph\">{\"@context\":\"https:\/\/schema.org\",\"@graph\":[{\"@type\":\"Article\",\"@id\":\"https:\/\/vosgesinfo.fr\/gerardmerinfo\/2014\/11\/tracteurs-contre-hypermarche-no-mans-land-en-zone-urbaine\/#article\",\"isPartOf\":{\"@id\":\"https:\/\/vosgesinfo.fr\/gerardmerinfo\/2014\/11\/tracteurs-contre-hypermarche-no-mans-land-en-zone-urbaine\/\"},\"author\":{\"name\":\"qs_admin\",\"@id\":\"https:\/\/vosgesinfo.fr\/gerardmerinfo\/#\/schema\/person\/bc5d02d71e6932e81b6dadb7386667b1\"},\"headline\":\"Tracteurs contre hypermarch\u00e9 : no man\u2019s land en zone urbaine\",\"datePublished\":\"2014-11-05T14:43:55+00:00\",\"dateModified\":\"2014-11-05T14:43:55+00:00\",\"mainEntityOfPage\":{\"@id\":\"https:\/\/vosgesinfo.fr\/gerardmerinfo\/2014\/11\/tracteurs-contre-hypermarche-no-mans-land-en-zone-urbaine\/\"},\"wordCount\":130,\"commentCount\":0,\"publisher\":{\"@id\":\"https:\/\/vosgesinfo.fr\/gerardmerinfo\/#organization\"},\"image\":{\"@id\":\"https:\/\/vosgesinfo.fr\/gerardmerinfo\/2014\/11\/tracteurs-contre-hypermarche-no-mans-land-en-zone-urbaine\/#primaryimage\"},\"thumbnailUrl\":\"http:\/\/epinalinfos.fr\",\"articleSection\":[\"Politique\",\"Soci\u00e9t\u00e9\",\"Vosges\"],\"inLanguage\":\"fr-FR\",\"potentialAction\":[{\"@type\":\"CommentAction\",\"name\":\"Comment\",\"target\":[\"https:\/\/vosgesinfo.fr\/gerardmerinfo\/2014\/11\/tracteurs-contre-hypermarche-no-mans-land-en-zone-urbaine\/#respond\"]}]},{\"@type\":\"WebPage\",\"@id\":\"https:\/\/vosgesinfo.fr\/gerardmerinfo\/2014\/11\/tracteurs-contre-hypermarche-no-mans-land-en-zone-urbaine\/\",\"url\":\"https:\/\/vosgesinfo.fr\/gerardmerinfo\/2014\/11\/tracteurs-contre-hypermarche-no-mans-land-en-zone-urbaine\/\",\"name\":\"Tracteurs contre hypermarch\u00e9 : no man\u2019s land en zone urbaine - Gerardmer Info\",\"isPartOf\":{\"@id\":\"https:\/\/vosgesinfo.fr\/gerardmerinfo\/#website\"},\"primaryImageOfPage\":{\"@id\":\"https:\/\/vosgesinfo.fr\/gerardmerinfo\/2014\/11\/tracteurs-contre-hypermarche-no-mans-land-en-zone-urbaine\/#primaryimage\"},\"image\":{\"@id\":\"https:\/\/vosgesinfo.fr\/gerardmerinfo\/2014\/11\/tracteurs-contre-hypermarche-no-mans-land-en-zone-urbaine\/#primaryimage\"},\"thumbnailUrl\":\"http:\/\/epinalinfos.fr\",\"datePublished\":\"2014-11-05T14:43:55+00:00\",\"dateModified\":\"2014-11-05T14:43:55+00:00\",\"breadcrumb\":{\"@id\":\"https:\/\/vosgesinfo.fr\/gerardmerinfo\/2014\/11\/tracteurs-contre-hypermarche-no-mans-land-en-zone-urbaine\/#breadcrumb\"},\"inLanguage\":\"fr-FR\",\"potentialAction\":[{\"@type\":\"ReadAction\",\"target\":[\"https:\/\/vosgesinfo.fr\/gerardmerinfo\/2014\/11\/tracteurs-contre-hypermarche-no-mans-land-en-zone-urbaine\/\"]}]},{\"@type\":\"ImageObject\",\"inLanguage\":\"fr-FR\",\"@id\":\"https:\/\/vosgesinfo.fr\/gerardmerinfo\/2014\/11\/tracteurs-contre-hypermarche-no-mans-land-en-zone-urbaine\/#primaryimage\",\"url\":\"http:\/\/epinalinfos.fr\",\"contentUrl\":\"http:\/\/epinalinfos.fr\"},{\"@type\":\"BreadcrumbList\",\"@id\":\"https:\/\/vosgesinfo.fr\/gerardmerinfo\/2014\/11\/tracteurs-contre-hypermarche-no-mans-land-en-zone-urbaine\/#breadcrumb\",\"itemListElement\":[{\"@type\":\"ListItem\",\"position\":1,\"name\":\"Home\",\"item\":\"https:\/\/vosgesinfo.fr\/gerardmerinfo\/\"},{\"@type\":\"ListItem\",\"position\":2,\"name\":\"Tracteurs contre hypermarch\u00e9 : no man\u2019s land en zone urbaine\"}]},{\"@type\":\"WebSite\",\"@id\":\"https:\/\/vosgesinfo.fr\/gerardmerinfo\/#website\",\"url\":\"https:\/\/vosgesinfo.fr\/gerardmerinfo\/\",\"name\":\"Gerardmer Info\",\"description\":\"Toute l&#039;actualit\u00e9 de G\u00e9rardmer\",\"publisher\":{\"@id\":\"https:\/\/vosgesinfo.fr\/gerardmerinfo\/#organization\"},\"alternateName\":\"Toute l'actualit\u00e9 de G\u00e9rardmer\",\"potentialAction\":[{\"@type\":\"SearchAction\",\"target\":{\"@type\":\"EntryPoint\",\"urlTemplate\":\"https:\/\/vosgesinfo.fr\/gerardmerinfo\/?s={search_term_string}\"},\"query-input\":\"required name=search_term_string\"}],\"inLanguage\":\"fr-FR\"},{\"@type\":\"Organization\",\"@id\":\"https:\/\/vosgesinfo.fr\/gerardmerinfo\/#organization\",\"name\":\"Gerardmer Info\",\"url\":\"https:\/\/vosgesinfo.fr\/gerardmerinfo\/\",\"logo\":{\"@type\":\"ImageObject\",\"inLanguage\":\"fr-FR\",\"@id\":\"https:\/\/vosgesinfo.fr\/gerardmerinfo\/#\/schema\/logo\/image\/\",\"url\":\"https:\/\/vosgesinfo.fr\/app\/uploads\/sites\/6\/2023\/08\/favicon-gerardmerinfo.png\",\"contentUrl\":\"https:\/\/vosgesinfo.fr\/app\/uploads\/sites\/6\/2023\/08\/favicon-gerardmerinfo.png\",\"width\":512,\"height\":512,\"caption\":\"Gerardmer Info\"},\"image\":{\"@id\":\"https:\/\/vosgesinfo.fr\/gerardmerinfo\/#\/schema\/logo\/image\/\"},\"sameAs\":[\"https:\/\/www.facebook.com\/profile.php?id=100049475262660\",\"https:\/\/x.com\/VosgesInfo88\",\"https:\/\/www.youtube.com\/@vosgesinfo\"]},{\"@type\":\"Person\",\"@id\":\"https:\/\/vosgesinfo.fr\/gerardmerinfo\/#\/schema\/person\/bc5d02d71e6932e81b6dadb7386667b1\",\"name\":\"qs_admin\",\"image\":{\"@type\":\"ImageObject\",\"inLanguage\":\"fr-FR\",\"@id\":\"https:\/\/vosgesinfo.fr\/gerardmerinfo\/#\/schema\/person\/image\/\",\"url\":\"https:\/\/secure.gravatar.com\/avatar\/94b18ee0ed79e4a42ea2f2931277b6841a8999fc6fde214600c78057cf1fe1de?s=96&d=mm&r=g\",\"contentUrl\":\"https:\/\/secure.gravatar.com\/avatar\/94b18ee0ed79e4a42ea2f2931277b6841a8999fc6fde214600c78057cf1fe1de?s=96&d=mm&r=g\",\"caption\":\"qs_admin\"},\"sameAs\":[\"https:\/\/vosgesinfo.fr\/wp\"],\"url\":\"https:\/\/vosgesinfo.fr\/gerardmerinfo\/author\/qs_admin\/\"}]}<\/script>\n<!-- \/ Yoast SEO plugin. -->","yoast_head_json":{"title":"Tracteurs contre hypermarch\u00e9 : no man\u2019s land en zone urbaine - Gerardmer Info","robots":{"index":"index","follow":"follow","max-snippet":"max-snippet:-1","max-image-preview":"max-image-preview:large","max-video-preview":"max-video-preview:-1"},"canonical":"https:\/\/vosgesinfo.fr\/gerardmerinfo\/2014\/11\/tracteurs-contre-hypermarche-no-mans-land-en-zone-urbaine\/","twitter_card":"summary_large_image","twitter_title":"Tracteurs contre hypermarch\u00e9 : no man\u2019s land en zone urbaine - Gerardmer Info","twitter_description":"Les agriculteurs vosgiens en col\u00e8re,\u00a0dont vous parlions ici,\u00a0sont entr\u00e9s en guerre contre\u00a0la grande distribution cet apr\u00e8s-midi. L\u2019hypermarch\u00e9 Carrefour \u00e0 Jeuxey, [&hellip;]","twitter_image":"http:\/\/epinalinfos.fr","twitter_creator":"@VosgesInfo88","twitter_site":"@VosgesInfo88","twitter_misc":{"\u00c9crit par":"qs_admin","Dur\u00e9e de lecture estim\u00e9e":"1 minute"},"schema":{"@context":"https:\/\/schema.org","@graph":[{"@type":"Article","@id":"https:\/\/vosgesinfo.fr\/gerardmerinfo\/2014\/11\/tracteurs-contre-hypermarche-no-mans-land-en-zone-urbaine\/#article","isPartOf":{"@id":"https:\/\/vosgesinfo.fr\/gerardmerinfo\/2014\/11\/tracteurs-contre-hypermarche-no-mans-land-en-zone-urbaine\/"},"author":{"name":"qs_admin","@id":"https:\/\/vosgesinfo.fr\/gerardmerinfo\/#\/schema\/person\/bc5d02d71e6932e81b6dadb7386667b1"},"headline":"Tracteurs contre hypermarch\u00e9 : no man\u2019s land en zone urbaine","datePublished":"2014-11-05T14:43:55+00:00","dateModified":"2014-11-05T14:43:55+00:00","mainEntityOfPage":{"@id":"https:\/\/vosgesinfo.fr\/gerardmerinfo\/2014\/11\/tracteurs-contre-hypermarche-no-mans-land-en-zone-urbaine\/"},"wordCount":130,"commentCount":0,"publisher":{"@id":"https:\/\/vosgesinfo.fr\/gerardmerinfo\/#organization"},"image":{"@id":"https:\/\/vosgesinfo.fr\/gerardmerinfo\/2014\/11\/tracteurs-contre-hypermarche-no-mans-land-en-zone-urbaine\/#primaryimage"},"thumbnailUrl":"http:\/\/epinalinfos.fr","articleSection":["Politique","Soci\u00e9t\u00e9","Vosges"],"inLanguage":"fr-FR","potentialAction":[{"@type":"CommentAction","name":"Comment","target":["https:\/\/vosgesinfo.fr\/gerardmerinfo\/2014\/11\/tracteurs-contre-hypermarche-no-mans-land-en-zone-urbaine\/#respond"]}]},{"@type":"WebPage","@id":"https:\/\/vosgesinfo.fr\/gerardmerinfo\/2014\/11\/tracteurs-contre-hypermarche-no-mans-land-en-zone-urbaine\/","url":"https:\/\/vosgesinfo.fr\/gerardmerinfo\/2014\/11\/tracteurs-contre-hypermarche-no-mans-land-en-zone-urbaine\/","name":"Tracteurs contre hypermarch\u00e9 : no man\u2019s land en zone urbaine - Gerardmer Info","isPartOf":{"@id":"https:\/\/vosgesinfo.fr\/gerardmerinfo\/#website"},"primaryImageOfPage":{"@id":"https:\/\/vosgesinfo.fr\/gerardmerinfo\/2014\/11\/tracteurs-contre-hypermarche-no-mans-land-en-zone-urbaine\/#primaryimage"},"image":{"@id":"https:\/\/vosgesinfo.fr\/gerardmerinfo\/2014\/11\/tracteurs-contre-hypermarche-no-mans-land-en-zone-urbaine\/#primaryimage"},"thumbnailUrl":"http:\/\/epinalinfos.fr","datePublished":"2014-11-05T14:43:55+00:00","dateModified":"2014-11-05T14:43:55+00:00","breadcrumb":{"@id":"https:\/\/vosgesinfo.fr\/gerardmerinfo\/2014\/11\/tracteurs-contre-hypermarche-no-mans-land-en-zone-urbaine\/#breadcrumb"},"inLanguage":"fr-FR","potentialAction":[{"@type":"ReadAction","target":["https:\/\/vosgesinfo.fr\/gerardmerinfo\/2014\/11\/tracteurs-contre-hypermarche-no-mans-land-en-zone-urbaine\/"]}]},{"@type":"ImageObject","inLanguage":"fr-FR","@id":"https:\/\/vosgesinfo.fr\/gerardmerinfo\/2014\/11\/tracteurs-contre-hypermarche-no-mans-land-en-zone-urbaine\/#primaryimage","url":"http:\/\/epinalinfos.fr","contentUrl":"http:\/\/epinalinfos.fr"},{"@type":"BreadcrumbList","@id":"https:\/\/vosgesinfo.fr\/gerardmerinfo\/2014\/11\/tracteurs-contre-hypermarche-no-mans-land-en-zone-urbaine\/#breadcrumb","itemListElement":[{"@type":"ListItem","position":1,"name":"Home","item":"https:\/\/vosgesinfo.fr\/gerardmerinfo\/"},{"@type":"ListItem","position":2,"name":"Tracteurs contre hypermarch\u00e9 : no man\u2019s land en zone urbaine"}]},{"@type":"WebSite","@id":"https:\/\/vosgesinfo.fr\/gerardmerinfo\/#website","url":"https:\/\/vosgesinfo.fr\/gerardmerinfo\/","name":"Gerardmer Info","description":"Toute l&#039;actualit\u00e9 de G\u00e9rardmer","publisher":{"@id":"https:\/\/vosgesinfo.fr\/gerardmerinfo\/#organization"},"alternateName":"Toute l'actualit\u00e9 de G\u00e9rardmer","potentialAction":[{"@type":"SearchAction","target":{"@type":"EntryPoint","urlTemplate":"https:\/\/vosgesinfo.fr\/gerardmerinfo\/?s={search_term_string}"},"query-input":"required name=search_term_string"}],"inLanguage":"fr-FR"},{"@type":"Organization","@id":"https:\/\/vosgesinfo.fr\/gerardmerinfo\/#organization","name":"Gerardmer Info","url":"https:\/\/vosgesinfo.fr\/gerardmerinfo\/","logo":{"@type":"ImageObject","inLanguage":"fr-FR","@id":"https:\/\/vosgesinfo.fr\/gerardmerinfo\/#\/schema\/logo\/image\/","url":"https:\/\/vosgesinfo.fr\/app\/uploads\/sites\/6\/2023\/08\/favicon-gerardmerinfo.png","contentUrl":"https:\/\/vosgesinfo.fr\/app\/uploads\/sites\/6\/2023\/08\/favicon-gerardmerinfo.png","width":512,"height":512,"caption":"Gerardmer Info"},"image":{"@id":"https:\/\/vosgesinfo.fr\/gerardmerinfo\/#\/schema\/logo\/image\/"},"sameAs":["https:\/\/www.facebook.com\/profile.php?id=100049475262660","https:\/\/x.com\/VosgesInfo88","https:\/\/www.youtube.com\/@vosgesinfo"]},{"@type":"Person","@id":"https:\/\/vosgesinfo.fr\/gerardmerinfo\/#\/schema\/person\/bc5d02d71e6932e81b6dadb7386667b1","name":"qs_admin","image":{"@type":"ImageObject","inLanguage":"fr-FR","@id":"https:\/\/vosgesinfo.fr\/gerardmerinfo\/#\/schema\/person\/image\/","url":"https:\/\/secure.gravatar.com\/avatar\/94b18ee0ed79e4a42ea2f2931277b6841a8999fc6fde214600c78057cf1fe1de?s=96&d=mm&r=g","contentUrl":"https:\/\/secure.gravatar.com\/avatar\/94b18ee0ed79e4a42ea2f2931277b6841a8999fc6fde214600c78057cf1fe1de?s=96&d=mm&r=g","caption":"qs_admin"},"sameAs":["https:\/\/vosgesinfo.fr\/wp"],"url":"https:\/\/vosgesinfo.fr\/gerardmerinfo\/author\/qs_admin\/"}]}},"_links":{"self":[{"href":"https:\/\/vosgesinfo.fr\/gerardmerinfo\/wp-json\/wp\/v2\/posts\/11915","targetHints":{"allow":["GET"]}}],"collection":[{"href":"https:\/\/vosgesinfo.fr\/gerardmerinfo\/wp-json\/wp\/v2\/posts"}],"about":[{"href":"https:\/\/vosgesinfo.fr\/gerardmerinfo\/wp-json\/wp\/v2\/types\/post"}],"author":[{"embeddable":true,"href":"https:\/\/vosgesinfo.fr\/gerardmerinfo\/wp-json\/wp\/v2\/users\/1"}],"replies":[{"embeddable":true,"href":"https:\/\/vosgesinfo.fr\/gerardmerinfo\/wp-json\/wp\/v2\/comments?post=11915"}],"version-history":[{"count":0,"href":"https:\/\/vosgesinfo.fr\/gerardmerinfo\/wp-json\/wp\/v2\/posts\/11915\/revisions"}],"wp:attachment":[{"href":"https:\/\/vosgesinfo.fr\/gerardmerinfo\/wp-json\/wp\/v2\/media?parent=11915"}],"wp:term":[{"taxonomy":"category","embeddable":true,"href":"https:\/\/vosgesinfo.fr\/gerardmerinfo\/wp-json\/wp\/v2\/categories?post=11915"},{"taxonomy":"post_tag","embeddable":true,"href":"https:\/\/vosgesinfo.fr\/gerardmerinfo\/wp-json\/wp\/v2\/tags?post=11915"}],"curies":[{"name":"wp","href":"https:\/\/api.w.org\/{rel}","templated":true}]}}