{"id":11916,"date":"2014-11-05T15:46:43","date_gmt":"2014-11-05T14:46:43","guid":{"rendered":"https:\/\/vosgesinfo.fr\/gerardmerinfo\/2014\/11\/du-fumier-prefecture-les-agriculteurs-se-font-sentir-fort\/"},"modified":"2014-11-05T15:46:43","modified_gmt":"2014-11-05T14:46:43","slug":"du-fumier-prefecture-les-agriculteurs-se-font-sentir-fort","status":"publish","type":"post","link":"https:\/\/vosgesinfo.fr\/gerardmerinfo\/2014\/11\/du-fumier-prefecture-les-agriculteurs-se-font-sentir-fort\/","title":{"rendered":"Du fumier \u00e0 la pr\u00e9fecture : les agriculteurs se font sentir&#8230; fort"},"content":{"rendered":"<div id=\"attachment_41863\" style=\"width: 310px\" class=\"wp-caption alignleft\"><a href=\"http:\/\/gerardmerinfo.fr\" rel=\"attachment wp-att-41863\"><img decoding=\"async\" aria-describedby=\"caption-attachment-41863\" class=\"size-full wp-image-41863\" src=\"http:\/\/gerardmerinfo.fr\" alt=\"Pr\u00e9fecture des Vosges ce mercredi 5 novembre 2014\" width=\"300\" height=\"225\" \/><\/a><p id=\"caption-attachment-41863\" class=\"wp-caption-text\">Pr\u00e9fecture des Vosges ce mercredi 5 novembre 2014<\/p><\/div>\n<p><strong>\u00ab\u00a0Le feu dans nos campagnes\u00a0!\u00a0\u00bb, le slogan des agriculteurs est lanc\u00e9. Selon eux, le poids des r\u00e9glementations et des contr\u00f4les est insoutenable.<\/strong><\/p>\n<p><strong> Ce mercredi 5, comme partout en France, les syndicats des agriculteurs vosgiens (FDSEA et Jeunes Agriculteurs des Vosges notamment) ont rassembl\u00e9 leurs troupes et organis\u00e9 les repr\u00e9sailles.<\/strong><\/p>\n<p>Occasionnant des bouchons, les tracteurs sont venus de toutes les Vosges pour bloquer Epinal. Ce matin vers 11h30, un feu de pneus recouverts de fumier s\u2019embrasait devant la pr\u00e9fecture des Vosges. L\u2019\u00e9paisse fum\u00e9e noire qu\u2019il d\u00e9gageait \u00e9tait \u00e0 l\u2019image de la col\u00e8re des agriculteurs vosgiens. Contr\u00f4les et r\u00e9glementations nouvelles \u00ab\u00a0sont devenues des freins puissants pour\u00a0nos exploitations et engendre des surco\u00fbts \u00e9normes\u00a0\u00bb explique\u00a0l\u2019un d\u2019eux. Les tracteurs reprenaient leur route pour un blocus en ville.<\/p>\n<p><strong>La directive des nitrates<\/strong><\/p>\n<p>La coup de gr\u00e2ce fut certainement la directive nitrates pass\u00e9e cet \u00e9t\u00e9. Pr\u00e8s de 4.000 communes et 63.000 exploitations sont d\u00e9sormais dans l\u2019ill\u00e9galit\u00e9.\u00a0Les exploitants doivent d\u00e9sormais\u00a0investir\u00a0de fa\u00e7on\u00a0co\u00fbteuse pour limiter la pollution des eaux et une \u00e9ventuelle prolif\u00e9ration d\u2019algues vertes dans les eaux de surface.<\/p>\n<p><strong>Du boeuf fran\u00e7ais dans les cantines publiques<\/strong><\/p>\n<p>L\u2019os qui reste aussi en travers de la gorge des agriculteurs, c\u2019est la restauration collective, notamment celle du\u00a0march\u00e9 public. Il serait logique de retrouver de la viande fran\u00e7aise dans les assiettes des fonctionnaires. Pourtant, le march\u00e9 semble largement leur \u00e9chapper.<\/p>\n<p><strong>La pression des grandes surfaces<\/strong><\/p>\n<p>A tout ceci vient s\u2019ajouter la pression f\u00e9roce de la grande distribution. Proposant aux agriculteurs des prix d\u2019achats toujours moins chers, l\u2019\u00e9conomie agricole s\u2019en ressent. C\u2019est pourquoi les agriculteurs ont d\u00e9cid\u00e9 d\u2019investir les grandes surfaces cet apr\u00e8s-midi.<\/p>\n","protected":false},"excerpt":{"rendered":"<p>\u00ab\u00a0Le feu dans nos campagnes\u00a0!\u00a0\u00bb, le slogan des agriculteurs est lanc\u00e9. Selon eux, le poids des r\u00e9glementations et des contr\u00f4les [&hellip;]<\/p>\n","protected":false},"author":1,"featured_media":0,"comment_status":"open","ping_status":"open","sticky":false,"template":"","format":"standard","meta":{"footnotes":""},"categories":[10,13,18],"tags":[],"class_list":["post-11916","post","type-post","status-publish","format-standard","hentry","category-politique","category-societe","category-vosges"],"acf":[],"yoast_head":"<!-- This site is optimized with the Yoast SEO plugin v22.5 - https:\/\/yoast.com\/wordpress\/plugins\/seo\/ -->\n<title>Du fumier \u00e0 la pr\u00e9fecture : les agriculteurs se font sentir... fort - Gerardmer Info<\/title>\n<meta name=\"robots\" content=\"index, follow, max-snippet:-1, max-image-preview:large, max-video-preview:-1\" \/>\n<link rel=\"canonical\" href=\"https:\/\/vosgesinfo.fr\/gerardmerinfo\/2014\/11\/du-fumier-prefecture-les-agriculteurs-se-font-sentir-fort\/\" \/>\n<meta name=\"twitter:card\" content=\"summary_large_image\" \/>\n<meta name=\"twitter:title\" content=\"Du fumier \u00e0 la pr\u00e9fecture : les agriculteurs se font sentir... fort - Gerardmer Info\" \/>\n<meta name=\"twitter:description\" content=\"\u00ab\u00a0Le feu dans nos campagnes\u00a0!\u00a0\u00bb, le slogan des agriculteurs est lanc\u00e9. Selon eux, le poids des r\u00e9glementations et des contr\u00f4les [&hellip;]\" \/>\n<meta name=\"twitter:image\" content=\"http:\/\/gerardmerinfo.fr\" \/>\n<meta name=\"twitter:creator\" content=\"@VosgesInfo88\" \/>\n<meta name=\"twitter:site\" content=\"@VosgesInfo88\" \/>\n<meta name=\"twitter:label1\" content=\"\u00c9crit par\" \/>\n\t<meta name=\"twitter:data1\" content=\"qs_admin\" \/>\n\t<meta name=\"twitter:label2\" content=\"Dur\u00e9e de lecture estim\u00e9e\" \/>\n\t<meta name=\"twitter:data2\" content=\"2 minutes\" \/>\n<script type=\"application\/ld+json\" class=\"yoast-schema-graph\">{\"@context\":\"https:\/\/schema.org\",\"@graph\":[{\"@type\":\"Article\",\"@id\":\"https:\/\/vosgesinfo.fr\/gerardmerinfo\/2014\/11\/du-fumier-prefecture-les-agriculteurs-se-font-sentir-fort\/#article\",\"isPartOf\":{\"@id\":\"https:\/\/vosgesinfo.fr\/gerardmerinfo\/2014\/11\/du-fumier-prefecture-les-agriculteurs-se-font-sentir-fort\/\"},\"author\":{\"name\":\"qs_admin\",\"@id\":\"https:\/\/vosgesinfo.fr\/gerardmerinfo\/#\/schema\/person\/bc5d02d71e6932e81b6dadb7386667b1\"},\"headline\":\"Du fumier \u00e0 la pr\u00e9fecture : les agriculteurs se font sentir&#8230; fort\",\"datePublished\":\"2014-11-05T14:46:43+00:00\",\"dateModified\":\"2014-11-05T14:46:43+00:00\",\"mainEntityOfPage\":{\"@id\":\"https:\/\/vosgesinfo.fr\/gerardmerinfo\/2014\/11\/du-fumier-prefecture-les-agriculteurs-se-font-sentir-fort\/\"},\"wordCount\":327,\"commentCount\":0,\"publisher\":{\"@id\":\"https:\/\/vosgesinfo.fr\/gerardmerinfo\/#organization\"},\"image\":{\"@id\":\"https:\/\/vosgesinfo.fr\/gerardmerinfo\/2014\/11\/du-fumier-prefecture-les-agriculteurs-se-font-sentir-fort\/#primaryimage\"},\"thumbnailUrl\":\"http:\/\/gerardmerinfo.fr\",\"articleSection\":[\"Politique\",\"Soci\u00e9t\u00e9\",\"Vosges\"],\"inLanguage\":\"fr-FR\",\"potentialAction\":[{\"@type\":\"CommentAction\",\"name\":\"Comment\",\"target\":[\"https:\/\/vosgesinfo.fr\/gerardmerinfo\/2014\/11\/du-fumier-prefecture-les-agriculteurs-se-font-sentir-fort\/#respond\"]}]},{\"@type\":\"WebPage\",\"@id\":\"https:\/\/vosgesinfo.fr\/gerardmerinfo\/2014\/11\/du-fumier-prefecture-les-agriculteurs-se-font-sentir-fort\/\",\"url\":\"https:\/\/vosgesinfo.fr\/gerardmerinfo\/2014\/11\/du-fumier-prefecture-les-agriculteurs-se-font-sentir-fort\/\",\"name\":\"Du fumier \u00e0 la pr\u00e9fecture : les agriculteurs se font sentir... fort - Gerardmer Info\",\"isPartOf\":{\"@id\":\"https:\/\/vosgesinfo.fr\/gerardmerinfo\/#website\"},\"primaryImageOfPage\":{\"@id\":\"https:\/\/vosgesinfo.fr\/gerardmerinfo\/2014\/11\/du-fumier-prefecture-les-agriculteurs-se-font-sentir-fort\/#primaryimage\"},\"image\":{\"@id\":\"https:\/\/vosgesinfo.fr\/gerardmerinfo\/2014\/11\/du-fumier-prefecture-les-agriculteurs-se-font-sentir-fort\/#primaryimage\"},\"thumbnailUrl\":\"http:\/\/gerardmerinfo.fr\",\"datePublished\":\"2014-11-05T14:46:43+00:00\",\"dateModified\":\"2014-11-05T14:46:43+00:00\",\"breadcrumb\":{\"@id\":\"https:\/\/vosgesinfo.fr\/gerardmerinfo\/2014\/11\/du-fumier-prefecture-les-agriculteurs-se-font-sentir-fort\/#breadcrumb\"},\"inLanguage\":\"fr-FR\",\"potentialAction\":[{\"@type\":\"ReadAction\",\"target\":[\"https:\/\/vosgesinfo.fr\/gerardmerinfo\/2014\/11\/du-fumier-prefecture-les-agriculteurs-se-font-sentir-fort\/\"]}]},{\"@type\":\"ImageObject\",\"inLanguage\":\"fr-FR\",\"@id\":\"https:\/\/vosgesinfo.fr\/gerardmerinfo\/2014\/11\/du-fumier-prefecture-les-agriculteurs-se-font-sentir-fort\/#primaryimage\",\"url\":\"http:\/\/gerardmerinfo.fr\",\"contentUrl\":\"http:\/\/gerardmerinfo.fr\"},{\"@type\":\"BreadcrumbList\",\"@id\":\"https:\/\/vosgesinfo.fr\/gerardmerinfo\/2014\/11\/du-fumier-prefecture-les-agriculteurs-se-font-sentir-fort\/#breadcrumb\",\"itemListElement\":[{\"@type\":\"ListItem\",\"position\":1,\"name\":\"Home\",\"item\":\"https:\/\/vosgesinfo.fr\/gerardmerinfo\/\"},{\"@type\":\"ListItem\",\"position\":2,\"name\":\"Du fumier \u00e0 la pr\u00e9fecture : les agriculteurs se font sentir&#8230; fort\"}]},{\"@type\":\"WebSite\",\"@id\":\"https:\/\/vosgesinfo.fr\/gerardmerinfo\/#website\",\"url\":\"https:\/\/vosgesinfo.fr\/gerardmerinfo\/\",\"name\":\"Gerardmer Info\",\"description\":\"Toute l&#039;actualit\u00e9 de G\u00e9rardmer\",\"publisher\":{\"@id\":\"https:\/\/vosgesinfo.fr\/gerardmerinfo\/#organization\"},\"alternateName\":\"Toute l'actualit\u00e9 de G\u00e9rardmer\",\"potentialAction\":[{\"@type\":\"SearchAction\",\"target\":{\"@type\":\"EntryPoint\",\"urlTemplate\":\"https:\/\/vosgesinfo.fr\/gerardmerinfo\/?s={search_term_string}\"},\"query-input\":\"required name=search_term_string\"}],\"inLanguage\":\"fr-FR\"},{\"@type\":\"Organization\",\"@id\":\"https:\/\/vosgesinfo.fr\/gerardmerinfo\/#organization\",\"name\":\"Gerardmer Info\",\"url\":\"https:\/\/vosgesinfo.fr\/gerardmerinfo\/\",\"logo\":{\"@type\":\"ImageObject\",\"inLanguage\":\"fr-FR\",\"@id\":\"https:\/\/vosgesinfo.fr\/gerardmerinfo\/#\/schema\/logo\/image\/\",\"url\":\"https:\/\/vosgesinfo.fr\/app\/uploads\/sites\/6\/2023\/08\/favicon-gerardmerinfo.png\",\"contentUrl\":\"https:\/\/vosgesinfo.fr\/app\/uploads\/sites\/6\/2023\/08\/favicon-gerardmerinfo.png\",\"width\":512,\"height\":512,\"caption\":\"Gerardmer Info\"},\"image\":{\"@id\":\"https:\/\/vosgesinfo.fr\/gerardmerinfo\/#\/schema\/logo\/image\/\"},\"sameAs\":[\"https:\/\/www.facebook.com\/profile.php?id=100049475262660\",\"https:\/\/x.com\/VosgesInfo88\",\"https:\/\/www.youtube.com\/@vosgesinfo\"]},{\"@type\":\"Person\",\"@id\":\"https:\/\/vosgesinfo.fr\/gerardmerinfo\/#\/schema\/person\/bc5d02d71e6932e81b6dadb7386667b1\",\"name\":\"qs_admin\",\"image\":{\"@type\":\"ImageObject\",\"inLanguage\":\"fr-FR\",\"@id\":\"https:\/\/vosgesinfo.fr\/gerardmerinfo\/#\/schema\/person\/image\/\",\"url\":\"https:\/\/secure.gravatar.com\/avatar\/94b18ee0ed79e4a42ea2f2931277b6841a8999fc6fde214600c78057cf1fe1de?s=96&d=mm&r=g\",\"contentUrl\":\"https:\/\/secure.gravatar.com\/avatar\/94b18ee0ed79e4a42ea2f2931277b6841a8999fc6fde214600c78057cf1fe1de?s=96&d=mm&r=g\",\"caption\":\"qs_admin\"},\"sameAs\":[\"https:\/\/vosgesinfo.fr\/wp\"],\"url\":\"https:\/\/vosgesinfo.fr\/gerardmerinfo\/author\/qs_admin\/\"}]}<\/script>\n<!-- \/ Yoast SEO plugin. -->","yoast_head_json":{"title":"Du fumier \u00e0 la pr\u00e9fecture : les agriculteurs se font sentir... fort - Gerardmer Info","robots":{"index":"index","follow":"follow","max-snippet":"max-snippet:-1","max-image-preview":"max-image-preview:large","max-video-preview":"max-video-preview:-1"},"canonical":"https:\/\/vosgesinfo.fr\/gerardmerinfo\/2014\/11\/du-fumier-prefecture-les-agriculteurs-se-font-sentir-fort\/","twitter_card":"summary_large_image","twitter_title":"Du fumier \u00e0 la pr\u00e9fecture : les agriculteurs se font sentir... fort - Gerardmer Info","twitter_description":"\u00ab\u00a0Le feu dans nos campagnes\u00a0!\u00a0\u00bb, le slogan des agriculteurs est lanc\u00e9. Selon eux, le poids des r\u00e9glementations et des contr\u00f4les [&hellip;]","twitter_image":"http:\/\/gerardmerinfo.fr","twitter_creator":"@VosgesInfo88","twitter_site":"@VosgesInfo88","twitter_misc":{"\u00c9crit par":"qs_admin","Dur\u00e9e de lecture estim\u00e9e":"2 minutes"},"schema":{"@context":"https:\/\/schema.org","@graph":[{"@type":"Article","@id":"https:\/\/vosgesinfo.fr\/gerardmerinfo\/2014\/11\/du-fumier-prefecture-les-agriculteurs-se-font-sentir-fort\/#article","isPartOf":{"@id":"https:\/\/vosgesinfo.fr\/gerardmerinfo\/2014\/11\/du-fumier-prefecture-les-agriculteurs-se-font-sentir-fort\/"},"author":{"name":"qs_admin","@id":"https:\/\/vosgesinfo.fr\/gerardmerinfo\/#\/schema\/person\/bc5d02d71e6932e81b6dadb7386667b1"},"headline":"Du fumier \u00e0 la pr\u00e9fecture : les agriculteurs se font sentir&#8230; fort","datePublished":"2014-11-05T14:46:43+00:00","dateModified":"2014-11-05T14:46:43+00:00","mainEntityOfPage":{"@id":"https:\/\/vosgesinfo.fr\/gerardmerinfo\/2014\/11\/du-fumier-prefecture-les-agriculteurs-se-font-sentir-fort\/"},"wordCount":327,"commentCount":0,"publisher":{"@id":"https:\/\/vosgesinfo.fr\/gerardmerinfo\/#organization"},"image":{"@id":"https:\/\/vosgesinfo.fr\/gerardmerinfo\/2014\/11\/du-fumier-prefecture-les-agriculteurs-se-font-sentir-fort\/#primaryimage"},"thumbnailUrl":"http:\/\/gerardmerinfo.fr","articleSection":["Politique","Soci\u00e9t\u00e9","Vosges"],"inLanguage":"fr-FR","potentialAction":[{"@type":"CommentAction","name":"Comment","target":["https:\/\/vosgesinfo.fr\/gerardmerinfo\/2014\/11\/du-fumier-prefecture-les-agriculteurs-se-font-sentir-fort\/#respond"]}]},{"@type":"WebPage","@id":"https:\/\/vosgesinfo.fr\/gerardmerinfo\/2014\/11\/du-fumier-prefecture-les-agriculteurs-se-font-sentir-fort\/","url":"https:\/\/vosgesinfo.fr\/gerardmerinfo\/2014\/11\/du-fumier-prefecture-les-agriculteurs-se-font-sentir-fort\/","name":"Du fumier \u00e0 la pr\u00e9fecture : les agriculteurs se font sentir... fort - Gerardmer Info","isPartOf":{"@id":"https:\/\/vosgesinfo.fr\/gerardmerinfo\/#website"},"primaryImageOfPage":{"@id":"https:\/\/vosgesinfo.fr\/gerardmerinfo\/2014\/11\/du-fumier-prefecture-les-agriculteurs-se-font-sentir-fort\/#primaryimage"},"image":{"@id":"https:\/\/vosgesinfo.fr\/gerardmerinfo\/2014\/11\/du-fumier-prefecture-les-agriculteurs-se-font-sentir-fort\/#primaryimage"},"thumbnailUrl":"http:\/\/gerardmerinfo.fr","datePublished":"2014-11-05T14:46:43+00:00","dateModified":"2014-11-05T14:46:43+00:00","breadcrumb":{"@id":"https:\/\/vosgesinfo.fr\/gerardmerinfo\/2014\/11\/du-fumier-prefecture-les-agriculteurs-se-font-sentir-fort\/#breadcrumb"},"inLanguage":"fr-FR","potentialAction":[{"@type":"ReadAction","target":["https:\/\/vosgesinfo.fr\/gerardmerinfo\/2014\/11\/du-fumier-prefecture-les-agriculteurs-se-font-sentir-fort\/"]}]},{"@type":"ImageObject","inLanguage":"fr-FR","@id":"https:\/\/vosgesinfo.fr\/gerardmerinfo\/2014\/11\/du-fumier-prefecture-les-agriculteurs-se-font-sentir-fort\/#primaryimage","url":"http:\/\/gerardmerinfo.fr","contentUrl":"http:\/\/gerardmerinfo.fr"},{"@type":"BreadcrumbList","@id":"https:\/\/vosgesinfo.fr\/gerardmerinfo\/2014\/11\/du-fumier-prefecture-les-agriculteurs-se-font-sentir-fort\/#breadcrumb","itemListElement":[{"@type":"ListItem","position":1,"name":"Home","item":"https:\/\/vosgesinfo.fr\/gerardmerinfo\/"},{"@type":"ListItem","position":2,"name":"Du fumier \u00e0 la pr\u00e9fecture : les agriculteurs se font sentir&#8230; fort"}]},{"@type":"WebSite","@id":"https:\/\/vosgesinfo.fr\/gerardmerinfo\/#website","url":"https:\/\/vosgesinfo.fr\/gerardmerinfo\/","name":"Gerardmer Info","description":"Toute l&#039;actualit\u00e9 de G\u00e9rardmer","publisher":{"@id":"https:\/\/vosgesinfo.fr\/gerardmerinfo\/#organization"},"alternateName":"Toute l'actualit\u00e9 de G\u00e9rardmer","potentialAction":[{"@type":"SearchAction","target":{"@type":"EntryPoint","urlTemplate":"https:\/\/vosgesinfo.fr\/gerardmerinfo\/?s={search_term_string}"},"query-input":"required name=search_term_string"}],"inLanguage":"fr-FR"},{"@type":"Organization","@id":"https:\/\/vosgesinfo.fr\/gerardmerinfo\/#organization","name":"Gerardmer Info","url":"https:\/\/vosgesinfo.fr\/gerardmerinfo\/","logo":{"@type":"ImageObject","inLanguage":"fr-FR","@id":"https:\/\/vosgesinfo.fr\/gerardmerinfo\/#\/schema\/logo\/image\/","url":"https:\/\/vosgesinfo.fr\/app\/uploads\/sites\/6\/2023\/08\/favicon-gerardmerinfo.png","contentUrl":"https:\/\/vosgesinfo.fr\/app\/uploads\/sites\/6\/2023\/08\/favicon-gerardmerinfo.png","width":512,"height":512,"caption":"Gerardmer Info"},"image":{"@id":"https:\/\/vosgesinfo.fr\/gerardmerinfo\/#\/schema\/logo\/image\/"},"sameAs":["https:\/\/www.facebook.com\/profile.php?id=100049475262660","https:\/\/x.com\/VosgesInfo88","https:\/\/www.youtube.com\/@vosgesinfo"]},{"@type":"Person","@id":"https:\/\/vosgesinfo.fr\/gerardmerinfo\/#\/schema\/person\/bc5d02d71e6932e81b6dadb7386667b1","name":"qs_admin","image":{"@type":"ImageObject","inLanguage":"fr-FR","@id":"https:\/\/vosgesinfo.fr\/gerardmerinfo\/#\/schema\/person\/image\/","url":"https:\/\/secure.gravatar.com\/avatar\/94b18ee0ed79e4a42ea2f2931277b6841a8999fc6fde214600c78057cf1fe1de?s=96&d=mm&r=g","contentUrl":"https:\/\/secure.gravatar.com\/avatar\/94b18ee0ed79e4a42ea2f2931277b6841a8999fc6fde214600c78057cf1fe1de?s=96&d=mm&r=g","caption":"qs_admin"},"sameAs":["https:\/\/vosgesinfo.fr\/wp"],"url":"https:\/\/vosgesinfo.fr\/gerardmerinfo\/author\/qs_admin\/"}]}},"_links":{"self":[{"href":"https:\/\/vosgesinfo.fr\/gerardmerinfo\/wp-json\/wp\/v2\/posts\/11916","targetHints":{"allow":["GET"]}}],"collection":[{"href":"https:\/\/vosgesinfo.fr\/gerardmerinfo\/wp-json\/wp\/v2\/posts"}],"about":[{"href":"https:\/\/vosgesinfo.fr\/gerardmerinfo\/wp-json\/wp\/v2\/types\/post"}],"author":[{"embeddable":true,"href":"https:\/\/vosgesinfo.fr\/gerardmerinfo\/wp-json\/wp\/v2\/users\/1"}],"replies":[{"embeddable":true,"href":"https:\/\/vosgesinfo.fr\/gerardmerinfo\/wp-json\/wp\/v2\/comments?post=11916"}],"version-history":[{"count":0,"href":"https:\/\/vosgesinfo.fr\/gerardmerinfo\/wp-json\/wp\/v2\/posts\/11916\/revisions"}],"wp:attachment":[{"href":"https:\/\/vosgesinfo.fr\/gerardmerinfo\/wp-json\/wp\/v2\/media?parent=11916"}],"wp:term":[{"taxonomy":"category","embeddable":true,"href":"https:\/\/vosgesinfo.fr\/gerardmerinfo\/wp-json\/wp\/v2\/categories?post=11916"},{"taxonomy":"post_tag","embeddable":true,"href":"https:\/\/vosgesinfo.fr\/gerardmerinfo\/wp-json\/wp\/v2\/tags?post=11916"}],"curies":[{"name":"wp","href":"https:\/\/api.w.org\/{rel}","templated":true}]}}