{"id":11918,"date":"2014-11-06T16:40:33","date_gmt":"2014-11-06T15:40:33","guid":{"rendered":"https:\/\/vosgesinfo.fr\/gerardmerinfo\/2014\/11\/supplique-messieurs-les-senateurs-vosgiens\/"},"modified":"2014-11-06T16:40:33","modified_gmt":"2014-11-06T15:40:33","slug":"supplique-messieurs-les-senateurs-vosgiens","status":"publish","type":"post","link":"https:\/\/vosgesinfo.fr\/gerardmerinfo\/2014\/11\/supplique-messieurs-les-senateurs-vosgiens\/","title":{"rendered":"Supplique \u00e0 Messieurs les S\u00e9nateurs Vosgiens"},"content":{"rendered":"<p>A l&rsquo;attention des S\u00e9nateurs du d\u00e9partement des Vosges<\/p>\n<p><em><span style=\"color: #000000;\"><span style=\"font-family: 'Times New Roman', serif;\"><span style=\"font-size: medium;\"><i><a href=\"http:\/\/gerardmerinfo.fr\"><img decoding=\"async\" class=\"alignleft wp-image-41867\" src=\"http:\/\/gerardmerinfo.fr\" alt=\"Dsb\" width=\"205\" height=\"208\" \/><\/a>\u00ab\u00a0Vous allez commencer l&rsquo;examen du PLFSS.\u00a0<\/i><\/span><\/span><\/span><\/em><em><span style=\"color: #000000;\"><span style=\"font-family: 'Times New Roman', serif;\"><span style=\"font-size: medium;\"><i>Nous souhaitons attirer votre attention sur la r\u00e9daction de l&rsquo;article 51 cr\u00e9ant une nouvelle cat\u00e9gorie de m\u00e9dicament dont la production serait r\u00e9alis\u00e9e \u00e0 partir de plasma humain collect\u00e9 aupr\u00e8s de donneurs \u00ab\u00a0r\u00e9mun\u00e9r\u00e9s\u00a0\u00bb \u00e0 l&rsquo;\u00e9tranger puis conserv\u00e9s et distribu\u00e9s par l&rsquo;\u00c9tablissement Fran\u00e7ais du Sang (EFS) dont l&rsquo;une des principales missions d\u00e9volue par la loi du 1er juillet 1998 est d&rsquo;\u00eatre le garant de la promotion et de la sauvegarde de l&rsquo;\u00c9thique du don voulue par nos dirigeants politiques imm\u00e9diatement apr\u00e8s guerre et toujours r\u00e9affirm\u00e9e par la suite par\u00a0tous nos dirigeants (quel que soit leur appartenance politique) : B\u00e9n\u00e9volat \/ Anonymat \/ Volontariat et Non profit ; principes \u00e9thiques bas\u00e9s sur la solidarit\u00e9 et l&rsquo;altruisme.<\/i><\/span><\/span><\/span><\/em><\/p>\n<p><em><span style=\"color: #000000;\"><span style=\"font-family: 'Times New Roman', serif;\"><span style=\"font-size: medium;\"><i>Vous le savez, nous sommes visc\u00e9ralement attach\u00e9s \u00e0 ces principes \u00e9thiques et ne pouvons envisager que notre pays puisse ouvrir la porte \u00e0 des marchands avides de profits pour lesquels le plasma n&rsquo;est rien d&rsquo;autre qu&rsquo;une mati\u00e8re premi\u00e8re industrielle qu&rsquo;ils obtiennent en r\u00e9mun\u00e9rant les pr\u00e9l\u00e8vements de personnes transform\u00e9es ainsi en b\u00e9tail humain trait pour son plasma.<\/i><\/span><\/span><\/span><\/em><\/p>\n<p><em><span style=\"color: #000000;\"><span style=\"font-family: 'Times New Roman', serif;\"><span style=\"font-size: medium;\"><i>Nous vous supplions d&rsquo;obtenir le retrait de cet article du PLFSS afin de donner le temps de la r\u00e9flexion et de la r\u00e9daction d&rsquo;un texte autorisant la transcription des d\u00e9cisions de la Cour de Justice de l&rsquo;Union Europ\u00e9enne et du Conseil d&rsquo;\u00c9tat tout en sauvegardant le syst\u00e8me \u00e9thique qui a fait ses preuves et qui est un mod\u00e8le pour toutes les organisations internationales : OMS \/ Conseil de l&rsquo;Europe \/ Croix Rouge et Croissant Rouge.\u00a0\u00bb<\/i><\/span><\/span><\/span><\/em><\/p>\n<p><em><span style=\"color: #000000;\"><span style=\"font-family: 'Times New Roman', serif;\"><span style=\"font-size: medium;\">Fran\u00e7oise DIDIER, Pr\u00e9sident de l&rsquo;Amicale DSB GXL et de l&rsquo;UR DSB LC<\/span><\/span><\/span><\/em><\/p>\n","protected":false},"excerpt":{"rendered":"<p>A l&rsquo;attention des S\u00e9nateurs du d\u00e9partement des Vosges \u00ab\u00a0Vous allez commencer l&rsquo;examen du PLFSS.\u00a0Nous souhaitons attirer votre attention sur la [&hellip;]<\/p>\n","protected":false},"author":135,"featured_media":0,"comment_status":"open","ping_status":"open","sticky":false,"template":"","format":"standard","meta":{"footnotes":""},"categories":[25,10,17,18,40],"tags":[],"class_list":["post-11918","post","type-post","status-publish","format-standard","hentry","category-gerardmer","category-politique","category-vie-associative","category-vosges","category-xonrupt-liezey"],"acf":[],"yoast_head":"<!-- This site is optimized with the Yoast SEO plugin v22.5 - https:\/\/yoast.com\/wordpress\/plugins\/seo\/ -->\n<title>Supplique \u00e0 Messieurs les S\u00e9nateurs Vosgiens - Gerardmer Info<\/title>\n<meta name=\"robots\" content=\"index, follow, max-snippet:-1, max-image-preview:large, max-video-preview:-1\" \/>\n<link rel=\"canonical\" href=\"https:\/\/vosgesinfo.fr\/gerardmerinfo\/2014\/11\/supplique-messieurs-les-senateurs-vosgiens\/\" \/>\n<meta name=\"twitter:card\" content=\"summary_large_image\" \/>\n<meta name=\"twitter:title\" content=\"Supplique \u00e0 Messieurs les S\u00e9nateurs Vosgiens - Gerardmer Info\" \/>\n<meta name=\"twitter:description\" content=\"A l&rsquo;attention des S\u00e9nateurs du d\u00e9partement des Vosges \u00ab\u00a0Vous allez commencer l&rsquo;examen du PLFSS.\u00a0Nous souhaitons attirer votre attention sur la [&hellip;]\" \/>\n<meta name=\"twitter:image\" content=\"http:\/\/gerardmerinfo.fr\" \/>\n<meta name=\"twitter:creator\" content=\"@VosgesInfo88\" \/>\n<meta name=\"twitter:site\" content=\"@VosgesInfo88\" \/>\n<meta name=\"twitter:label1\" content=\"\u00c9crit par\" \/>\n\t<meta name=\"twitter:data1\" content=\"Amicale Donneurs de Sang B\u00e9n\u00e9voles G\u00e9rardmer-Xonrupt-Li\u00e9zey\" \/>\n\t<meta name=\"twitter:label2\" content=\"Dur\u00e9e de lecture estim\u00e9e\" \/>\n\t<meta name=\"twitter:data2\" content=\"2 minutes\" \/>\n<script type=\"application\/ld+json\" class=\"yoast-schema-graph\">{\"@context\":\"https:\/\/schema.org\",\"@graph\":[{\"@type\":\"Article\",\"@id\":\"https:\/\/vosgesinfo.fr\/gerardmerinfo\/2014\/11\/supplique-messieurs-les-senateurs-vosgiens\/#article\",\"isPartOf\":{\"@id\":\"https:\/\/vosgesinfo.fr\/gerardmerinfo\/2014\/11\/supplique-messieurs-les-senateurs-vosgiens\/\"},\"author\":{\"name\":\"Amicale Donneurs de Sang B\u00e9n\u00e9voles G\u00e9rardmer-Xonrupt-Li\u00e9zey\",\"@id\":\"https:\/\/vosgesinfo.fr\/gerardmerinfo\/#\/schema\/person\/085bbc06ef933802c61f0d37bee72fb2\"},\"headline\":\"Supplique \u00e0 Messieurs les S\u00e9nateurs Vosgiens\",\"datePublished\":\"2014-11-06T15:40:33+00:00\",\"dateModified\":\"2014-11-06T15:40:33+00:00\",\"mainEntityOfPage\":{\"@id\":\"https:\/\/vosgesinfo.fr\/gerardmerinfo\/2014\/11\/supplique-messieurs-les-senateurs-vosgiens\/\"},\"wordCount\":325,\"commentCount\":0,\"publisher\":{\"@id\":\"https:\/\/vosgesinfo.fr\/gerardmerinfo\/#organization\"},\"image\":{\"@id\":\"https:\/\/vosgesinfo.fr\/gerardmerinfo\/2014\/11\/supplique-messieurs-les-senateurs-vosgiens\/#primaryimage\"},\"thumbnailUrl\":\"http:\/\/gerardmerinfo.fr\",\"articleSection\":[\"G\u00e9rardmer\",\"Politique\",\"Vie Associative\",\"Vosges\",\"Xonrupt\/Liezey\"],\"inLanguage\":\"fr-FR\",\"potentialAction\":[{\"@type\":\"CommentAction\",\"name\":\"Comment\",\"target\":[\"https:\/\/vosgesinfo.fr\/gerardmerinfo\/2014\/11\/supplique-messieurs-les-senateurs-vosgiens\/#respond\"]}]},{\"@type\":\"WebPage\",\"@id\":\"https:\/\/vosgesinfo.fr\/gerardmerinfo\/2014\/11\/supplique-messieurs-les-senateurs-vosgiens\/\",\"url\":\"https:\/\/vosgesinfo.fr\/gerardmerinfo\/2014\/11\/supplique-messieurs-les-senateurs-vosgiens\/\",\"name\":\"Supplique \u00e0 Messieurs les S\u00e9nateurs Vosgiens - Gerardmer Info\",\"isPartOf\":{\"@id\":\"https:\/\/vosgesinfo.fr\/gerardmerinfo\/#website\"},\"primaryImageOfPage\":{\"@id\":\"https:\/\/vosgesinfo.fr\/gerardmerinfo\/2014\/11\/supplique-messieurs-les-senateurs-vosgiens\/#primaryimage\"},\"image\":{\"@id\":\"https:\/\/vosgesinfo.fr\/gerardmerinfo\/2014\/11\/supplique-messieurs-les-senateurs-vosgiens\/#primaryimage\"},\"thumbnailUrl\":\"http:\/\/gerardmerinfo.fr\",\"datePublished\":\"2014-11-06T15:40:33+00:00\",\"dateModified\":\"2014-11-06T15:40:33+00:00\",\"breadcrumb\":{\"@id\":\"https:\/\/vosgesinfo.fr\/gerardmerinfo\/2014\/11\/supplique-messieurs-les-senateurs-vosgiens\/#breadcrumb\"},\"inLanguage\":\"fr-FR\",\"potentialAction\":[{\"@type\":\"ReadAction\",\"target\":[\"https:\/\/vosgesinfo.fr\/gerardmerinfo\/2014\/11\/supplique-messieurs-les-senateurs-vosgiens\/\"]}]},{\"@type\":\"ImageObject\",\"inLanguage\":\"fr-FR\",\"@id\":\"https:\/\/vosgesinfo.fr\/gerardmerinfo\/2014\/11\/supplique-messieurs-les-senateurs-vosgiens\/#primaryimage\",\"url\":\"http:\/\/gerardmerinfo.fr\",\"contentUrl\":\"http:\/\/gerardmerinfo.fr\"},{\"@type\":\"BreadcrumbList\",\"@id\":\"https:\/\/vosgesinfo.fr\/gerardmerinfo\/2014\/11\/supplique-messieurs-les-senateurs-vosgiens\/#breadcrumb\",\"itemListElement\":[{\"@type\":\"ListItem\",\"position\":1,\"name\":\"Home\",\"item\":\"https:\/\/vosgesinfo.fr\/gerardmerinfo\/\"},{\"@type\":\"ListItem\",\"position\":2,\"name\":\"Supplique \u00e0 Messieurs les S\u00e9nateurs Vosgiens\"}]},{\"@type\":\"WebSite\",\"@id\":\"https:\/\/vosgesinfo.fr\/gerardmerinfo\/#website\",\"url\":\"https:\/\/vosgesinfo.fr\/gerardmerinfo\/\",\"name\":\"Gerardmer Info\",\"description\":\"Toute l&#039;actualit\u00e9 de G\u00e9rardmer\",\"publisher\":{\"@id\":\"https:\/\/vosgesinfo.fr\/gerardmerinfo\/#organization\"},\"alternateName\":\"Toute l'actualit\u00e9 de G\u00e9rardmer\",\"potentialAction\":[{\"@type\":\"SearchAction\",\"target\":{\"@type\":\"EntryPoint\",\"urlTemplate\":\"https:\/\/vosgesinfo.fr\/gerardmerinfo\/?s={search_term_string}\"},\"query-input\":\"required name=search_term_string\"}],\"inLanguage\":\"fr-FR\"},{\"@type\":\"Organization\",\"@id\":\"https:\/\/vosgesinfo.fr\/gerardmerinfo\/#organization\",\"name\":\"Gerardmer Info\",\"url\":\"https:\/\/vosgesinfo.fr\/gerardmerinfo\/\",\"logo\":{\"@type\":\"ImageObject\",\"inLanguage\":\"fr-FR\",\"@id\":\"https:\/\/vosgesinfo.fr\/gerardmerinfo\/#\/schema\/logo\/image\/\",\"url\":\"https:\/\/vosgesinfo.fr\/app\/uploads\/sites\/6\/2023\/08\/favicon-gerardmerinfo.png\",\"contentUrl\":\"https:\/\/vosgesinfo.fr\/app\/uploads\/sites\/6\/2023\/08\/favicon-gerardmerinfo.png\",\"width\":512,\"height\":512,\"caption\":\"Gerardmer Info\"},\"image\":{\"@id\":\"https:\/\/vosgesinfo.fr\/gerardmerinfo\/#\/schema\/logo\/image\/\"},\"sameAs\":[\"https:\/\/www.facebook.com\/profile.php?id=100049475262660\",\"https:\/\/x.com\/VosgesInfo88\",\"https:\/\/www.youtube.com\/@vosgesinfo\"]},{\"@type\":\"Person\",\"@id\":\"https:\/\/vosgesinfo.fr\/gerardmerinfo\/#\/schema\/person\/085bbc06ef933802c61f0d37bee72fb2\",\"name\":\"Amicale Donneurs de Sang B\u00e9n\u00e9voles G\u00e9rardmer-Xonrupt-Li\u00e9zey\",\"image\":{\"@type\":\"ImageObject\",\"inLanguage\":\"fr-FR\",\"@id\":\"https:\/\/vosgesinfo.fr\/gerardmerinfo\/#\/schema\/person\/image\/\",\"url\":\"https:\/\/secure.gravatar.com\/avatar\/342c0762847c6cae763c7832093aa8dac2211f46d2cf8d24cd012526583dbbb5?s=96&d=mm&r=g\",\"contentUrl\":\"https:\/\/secure.gravatar.com\/avatar\/342c0762847c6cae763c7832093aa8dac2211f46d2cf8d24cd012526583dbbb5?s=96&d=mm&r=g\",\"caption\":\"Amicale Donneurs de Sang B\u00e9n\u00e9voles G\u00e9rardmer-Xonrupt-Li\u00e9zey\"},\"url\":\"https:\/\/vosgesinfo.fr\/gerardmerinfo\/author\/adsbgxl\/\"}]}<\/script>\n<!-- \/ Yoast SEO plugin. -->","yoast_head_json":{"title":"Supplique \u00e0 Messieurs les S\u00e9nateurs Vosgiens - Gerardmer Info","robots":{"index":"index","follow":"follow","max-snippet":"max-snippet:-1","max-image-preview":"max-image-preview:large","max-video-preview":"max-video-preview:-1"},"canonical":"https:\/\/vosgesinfo.fr\/gerardmerinfo\/2014\/11\/supplique-messieurs-les-senateurs-vosgiens\/","twitter_card":"summary_large_image","twitter_title":"Supplique \u00e0 Messieurs les S\u00e9nateurs Vosgiens - Gerardmer Info","twitter_description":"A l&rsquo;attention des S\u00e9nateurs du d\u00e9partement des Vosges \u00ab\u00a0Vous allez commencer l&rsquo;examen du PLFSS.\u00a0Nous souhaitons attirer votre attention sur la [&hellip;]","twitter_image":"http:\/\/gerardmerinfo.fr","twitter_creator":"@VosgesInfo88","twitter_site":"@VosgesInfo88","twitter_misc":{"\u00c9crit par":"Amicale Donneurs de Sang B\u00e9n\u00e9voles G\u00e9rardmer-Xonrupt-Li\u00e9zey","Dur\u00e9e de lecture estim\u00e9e":"2 minutes"},"schema":{"@context":"https:\/\/schema.org","@graph":[{"@type":"Article","@id":"https:\/\/vosgesinfo.fr\/gerardmerinfo\/2014\/11\/supplique-messieurs-les-senateurs-vosgiens\/#article","isPartOf":{"@id":"https:\/\/vosgesinfo.fr\/gerardmerinfo\/2014\/11\/supplique-messieurs-les-senateurs-vosgiens\/"},"author":{"name":"Amicale Donneurs de Sang B\u00e9n\u00e9voles G\u00e9rardmer-Xonrupt-Li\u00e9zey","@id":"https:\/\/vosgesinfo.fr\/gerardmerinfo\/#\/schema\/person\/085bbc06ef933802c61f0d37bee72fb2"},"headline":"Supplique \u00e0 Messieurs les S\u00e9nateurs Vosgiens","datePublished":"2014-11-06T15:40:33+00:00","dateModified":"2014-11-06T15:40:33+00:00","mainEntityOfPage":{"@id":"https:\/\/vosgesinfo.fr\/gerardmerinfo\/2014\/11\/supplique-messieurs-les-senateurs-vosgiens\/"},"wordCount":325,"commentCount":0,"publisher":{"@id":"https:\/\/vosgesinfo.fr\/gerardmerinfo\/#organization"},"image":{"@id":"https:\/\/vosgesinfo.fr\/gerardmerinfo\/2014\/11\/supplique-messieurs-les-senateurs-vosgiens\/#primaryimage"},"thumbnailUrl":"http:\/\/gerardmerinfo.fr","articleSection":["G\u00e9rardmer","Politique","Vie Associative","Vosges","Xonrupt\/Liezey"],"inLanguage":"fr-FR","potentialAction":[{"@type":"CommentAction","name":"Comment","target":["https:\/\/vosgesinfo.fr\/gerardmerinfo\/2014\/11\/supplique-messieurs-les-senateurs-vosgiens\/#respond"]}]},{"@type":"WebPage","@id":"https:\/\/vosgesinfo.fr\/gerardmerinfo\/2014\/11\/supplique-messieurs-les-senateurs-vosgiens\/","url":"https:\/\/vosgesinfo.fr\/gerardmerinfo\/2014\/11\/supplique-messieurs-les-senateurs-vosgiens\/","name":"Supplique \u00e0 Messieurs les S\u00e9nateurs Vosgiens - Gerardmer Info","isPartOf":{"@id":"https:\/\/vosgesinfo.fr\/gerardmerinfo\/#website"},"primaryImageOfPage":{"@id":"https:\/\/vosgesinfo.fr\/gerardmerinfo\/2014\/11\/supplique-messieurs-les-senateurs-vosgiens\/#primaryimage"},"image":{"@id":"https:\/\/vosgesinfo.fr\/gerardmerinfo\/2014\/11\/supplique-messieurs-les-senateurs-vosgiens\/#primaryimage"},"thumbnailUrl":"http:\/\/gerardmerinfo.fr","datePublished":"2014-11-06T15:40:33+00:00","dateModified":"2014-11-06T15:40:33+00:00","breadcrumb":{"@id":"https:\/\/vosgesinfo.fr\/gerardmerinfo\/2014\/11\/supplique-messieurs-les-senateurs-vosgiens\/#breadcrumb"},"inLanguage":"fr-FR","potentialAction":[{"@type":"ReadAction","target":["https:\/\/vosgesinfo.fr\/gerardmerinfo\/2014\/11\/supplique-messieurs-les-senateurs-vosgiens\/"]}]},{"@type":"ImageObject","inLanguage":"fr-FR","@id":"https:\/\/vosgesinfo.fr\/gerardmerinfo\/2014\/11\/supplique-messieurs-les-senateurs-vosgiens\/#primaryimage","url":"http:\/\/gerardmerinfo.fr","contentUrl":"http:\/\/gerardmerinfo.fr"},{"@type":"BreadcrumbList","@id":"https:\/\/vosgesinfo.fr\/gerardmerinfo\/2014\/11\/supplique-messieurs-les-senateurs-vosgiens\/#breadcrumb","itemListElement":[{"@type":"ListItem","position":1,"name":"Home","item":"https:\/\/vosgesinfo.fr\/gerardmerinfo\/"},{"@type":"ListItem","position":2,"name":"Supplique \u00e0 Messieurs les S\u00e9nateurs Vosgiens"}]},{"@type":"WebSite","@id":"https:\/\/vosgesinfo.fr\/gerardmerinfo\/#website","url":"https:\/\/vosgesinfo.fr\/gerardmerinfo\/","name":"Gerardmer Info","description":"Toute l&#039;actualit\u00e9 de G\u00e9rardmer","publisher":{"@id":"https:\/\/vosgesinfo.fr\/gerardmerinfo\/#organization"},"alternateName":"Toute l'actualit\u00e9 de G\u00e9rardmer","potentialAction":[{"@type":"SearchAction","target":{"@type":"EntryPoint","urlTemplate":"https:\/\/vosgesinfo.fr\/gerardmerinfo\/?s={search_term_string}"},"query-input":"required name=search_term_string"}],"inLanguage":"fr-FR"},{"@type":"Organization","@id":"https:\/\/vosgesinfo.fr\/gerardmerinfo\/#organization","name":"Gerardmer Info","url":"https:\/\/vosgesinfo.fr\/gerardmerinfo\/","logo":{"@type":"ImageObject","inLanguage":"fr-FR","@id":"https:\/\/vosgesinfo.fr\/gerardmerinfo\/#\/schema\/logo\/image\/","url":"https:\/\/vosgesinfo.fr\/app\/uploads\/sites\/6\/2023\/08\/favicon-gerardmerinfo.png","contentUrl":"https:\/\/vosgesinfo.fr\/app\/uploads\/sites\/6\/2023\/08\/favicon-gerardmerinfo.png","width":512,"height":512,"caption":"Gerardmer Info"},"image":{"@id":"https:\/\/vosgesinfo.fr\/gerardmerinfo\/#\/schema\/logo\/image\/"},"sameAs":["https:\/\/www.facebook.com\/profile.php?id=100049475262660","https:\/\/x.com\/VosgesInfo88","https:\/\/www.youtube.com\/@vosgesinfo"]},{"@type":"Person","@id":"https:\/\/vosgesinfo.fr\/gerardmerinfo\/#\/schema\/person\/085bbc06ef933802c61f0d37bee72fb2","name":"Amicale Donneurs de Sang B\u00e9n\u00e9voles G\u00e9rardmer-Xonrupt-Li\u00e9zey","image":{"@type":"ImageObject","inLanguage":"fr-FR","@id":"https:\/\/vosgesinfo.fr\/gerardmerinfo\/#\/schema\/person\/image\/","url":"https:\/\/secure.gravatar.com\/avatar\/342c0762847c6cae763c7832093aa8dac2211f46d2cf8d24cd012526583dbbb5?s=96&d=mm&r=g","contentUrl":"https:\/\/secure.gravatar.com\/avatar\/342c0762847c6cae763c7832093aa8dac2211f46d2cf8d24cd012526583dbbb5?s=96&d=mm&r=g","caption":"Amicale Donneurs de Sang B\u00e9n\u00e9voles G\u00e9rardmer-Xonrupt-Li\u00e9zey"},"url":"https:\/\/vosgesinfo.fr\/gerardmerinfo\/author\/adsbgxl\/"}]}},"_links":{"self":[{"href":"https:\/\/vosgesinfo.fr\/gerardmerinfo\/wp-json\/wp\/v2\/posts\/11918","targetHints":{"allow":["GET"]}}],"collection":[{"href":"https:\/\/vosgesinfo.fr\/gerardmerinfo\/wp-json\/wp\/v2\/posts"}],"about":[{"href":"https:\/\/vosgesinfo.fr\/gerardmerinfo\/wp-json\/wp\/v2\/types\/post"}],"author":[{"embeddable":true,"href":"https:\/\/vosgesinfo.fr\/gerardmerinfo\/wp-json\/wp\/v2\/users\/135"}],"replies":[{"embeddable":true,"href":"https:\/\/vosgesinfo.fr\/gerardmerinfo\/wp-json\/wp\/v2\/comments?post=11918"}],"version-history":[{"count":0,"href":"https:\/\/vosgesinfo.fr\/gerardmerinfo\/wp-json\/wp\/v2\/posts\/11918\/revisions"}],"wp:attachment":[{"href":"https:\/\/vosgesinfo.fr\/gerardmerinfo\/wp-json\/wp\/v2\/media?parent=11918"}],"wp:term":[{"taxonomy":"category","embeddable":true,"href":"https:\/\/vosgesinfo.fr\/gerardmerinfo\/wp-json\/wp\/v2\/categories?post=11918"},{"taxonomy":"post_tag","embeddable":true,"href":"https:\/\/vosgesinfo.fr\/gerardmerinfo\/wp-json\/wp\/v2\/tags?post=11918"}],"curies":[{"name":"wp","href":"https:\/\/api.w.org\/{rel}","templated":true}]}}