{"id":11919,"date":"2014-11-07T17:24:28","date_gmt":"2014-11-07T16:24:28","guid":{"rendered":"https:\/\/vosgesinfo.fr\/gerardmerinfo\/2014\/11\/festival-kichompre-concours-retour\/"},"modified":"2014-11-07T17:24:28","modified_gmt":"2014-11-07T16:24:28","slug":"festival-kichompre-concours-retour","status":"publish","type":"post","link":"https:\/\/vosgesinfo.fr\/gerardmerinfo\/2014\/11\/festival-kichompre-concours-retour\/","title":{"rendered":"Festival de Kichompr\u00e9 : le concours est de retour !"},"content":{"rendered":"<p>&nbsp;<\/p>\n<p><b>Il y aura bien un 13\u00e8me Concours de Cordes au programme du 26\u00e8me Festival de Kichompr\u00e9 qui se d\u00e9roulera du 14 juillet au 11 ao\u00fbt 2015 en l&rsquo;\u00e9glise Saint \u00c9tienne. Un rendez-vous que l&rsquo;organisation envisage de p\u00e9renniser afin de pouvoir l&rsquo;offrir chaque ann\u00e9e au public.<\/b><\/p>\n<div id=\"attachment_41896\" style=\"width: 310px\" class=\"wp-caption alignleft\"><a href=\"http:\/\/gerardmerinfo.fr\"><img decoding=\"async\" aria-describedby=\"caption-attachment-41896\" class=\"size-medium wp-image-41896\" src=\"http:\/\/gerardmerinfo.fr\" alt=\"Le festival de Kichompr\u00e9 : un travail d'\u00e9quipe orchestr\u00e9 par Eric Lemarquis\" width=\"300\" height=\"225\" \/><\/a><p id=\"caption-attachment-41896\" class=\"wp-caption-text\">Le festival de Kichompr\u00e9 : un travail d&rsquo;\u00e9quipe orchestr\u00e9 par Eric Lemarquis<\/p><\/div>\n<p>Les assises annuelles de l&rsquo;association du festival de Kichompr\u00e9 ont eu lieu le mardi 4 novembre dans l&rsquo;ancienne \u00e9cole du hameau et en pr\u00e9sence de nombreux officiels \u00e0 l&rsquo;image du Sous-Pr\u00e9fet des Vosges Yves Camier, ou encore du maire de G\u00e9rardmer Stessy Speissmann pour ne citer qu&rsquo;eux. \u00ab\u00a0C&rsquo;est la premi\u00e8re fois que notre assembl\u00e9e g\u00e9n\u00e9rale se d\u00e9roule en pr\u00e9sence du maire et nous appr\u00e9cions cette attention \u00e0 sa juste valeur\u00a0\u00bb, pr\u00e9cisera ainsi Eric Lemarquis, chef d&rsquo;orchestre du festival.<\/p>\n<div id=\"attachment_41897\" style=\"width: 310px\" class=\"wp-caption alignright\"><a href=\"http:\/\/gerardmerinfo.fr\"><img decoding=\"async\" aria-describedby=\"caption-attachment-41897\" class=\"size-medium wp-image-41897\" src=\"http:\/\/gerardmerinfo.fr\" alt=\"2014 : un bon cru pour le pr\u00e9sident Gonzague Retrournez\" width=\"300\" height=\"225\" \/><\/a><p id=\"caption-attachment-41897\" class=\"wp-caption-text\">2014 : un bon cru pour le pr\u00e9sident Gonzague Retrournay<\/p><\/div>\n<p>Une r\u00e9union qui a d\u00e9but\u00e9 par l&rsquo;intervention du pr\u00e9sident Gonzague Retournay qui a f\u00e9licit\u00e9 Eric Lemarquis et son \u00e9quipe et pour qui 2014 aura \u00e9t\u00e9 un bon cru, le nombre d&rsquo;entr\u00e9es ayant fr\u00f4l\u00e9 le record absolu de la manifestation \u00e0 12 Euros pr\u00e8s\u00a0! Un r\u00e9sultat d&rsquo;autant plus remarquable qu&rsquo;il n&rsquo;y avait pas de concours de cordes en 2014, mais surtout un bilan qui implique le retour de ce dernier en 2015. \u00ab\u00a0C&rsquo;est la 2\u00e8me ann\u00e9e que nous r\u00e9alisons un b\u00e9n\u00e9fice aussi important, ce qui nous permet d&rsquo;avoir constitu\u00e9 un petit matelas confortable pour voir venir\u00a0\u00bb, ajoutera le pr\u00e9sident du festival.<\/p>\n<p><a href=\"http:\/\/gerardmerinfo.fr\"><img decoding=\"async\" class=\"alignright size-medium wp-image-41898\" src=\"http:\/\/gerardmerinfo.fr\" alt=\"IMG_8394-WEB\" width=\"300\" height=\"225\" \/><\/a>En chiffre, cela donne un b\u00e9n\u00e9fice d&rsquo;un peu plus de 2 500 Euros avec un budget de 21 500 Euros et des recettes s&rsquo;\u00e9levant \u00e0 24 100 Euros. Appr\u00e9ciable pour Eric Lemarquis qui a rappel\u00e9 que la programmation \u00e9tait ambitieuse car tourn\u00e9e vers F\u00e9lix Mendelssohn avec 7 soir\u00e9es \u00e0 l&rsquo;agenda et une intensit\u00e9 allant crescendo, le nombre de musiciens sur sc\u00e8ne augmentant \u00e0 chaque repr\u00e9sentation. Eric Lemarquis avait ouvert les r\u00e9jouissances en solo au piano avant que le festival ne s&rsquo;ach\u00e8ve en octuor et concerto avec le Brahms Chamber Ensemble. Un feu d&rsquo;artifice musical m\u00e9morable, comme toujours.<\/p>\n<p><a href=\"http:\/\/gerardmerinfo.fr\"><img decoding=\"async\" class=\"alignleft size-full wp-image-41899\" src=\"http:\/\/gerardmerinfo.fr\" alt=\"IMG_7072-WEB-300x225\" width=\"300\" height=\"225\" \/><\/a>Notez que deux concerts de jazz avaient \u00e9t\u00e9 intercal\u00e9s dans cette progression \u00ab\u00a0classique\u00a0\u00bb et ils ont eux aussi remport\u00e9 un franc succ\u00e8s\u00a0: celui du trio \u00ab\u00a03 for Swing\u00a0\u00bb autour de Nat King Cole, et l&rsquo;hommage \u00e0 Sydney Bechet par le jazz quartet New Orleans \u00ab\u00a0Maman n&rsquo;veut pas\u00a0\u00bb, sans doute le moment fort de cette \u00e9dition 20<span style=\"color: #000000;\"><span style=\"font-family: 'Times New Roman', serif;\"><span style=\"font-size: medium;\">14. M\u00eame si ce n&rsquo;\u00e9tait pas la premi\u00e8re fois \u00ab\u00a0on a chant\u00e9 \u00e0 Kichompr\u00e9\u00a0\u00bb, soulignera Eric Lemarquis avec un sourire aux l\u00e8vres qui en disait long. <\/span><\/span><\/span><\/p>\n<p><span style=\"color: #000000;\"><span style=\"font-family: 'Times New Roman', serif;\"><span style=\"font-size: medium;\">Pas \u00e9tonnant, d\u00e8s lors, que ce dernier f\u00e9licite et remercie chaleureusement toute l&rsquo;\u00e9quipe du festival \u00e0 l&rsquo;occasion de cette assembl\u00e9e g\u00e9n\u00e9rale. Car Kicompr\u00e9, c&rsquo;est bien une \u00e9quipe avant tout\u00a0: de la communication \u00e0 l&rsquo;h\u00e9bergement en passant par la manutention, de la technique \u00e0 la comptabilit\u00e9, le tout sans oublier les chauffeurs ou encore les m\u00e9c\u00e8nes, eux aussi tr\u00e8s pr\u00e9cieux, forc\u00e9ment. Une \u00e9quipe soud\u00e9e d&rsquo;environ 45 membres actifs qui font chaque ann\u00e9e de ce rendez-vous une r\u00e9ussite.<\/span><\/span><\/span><\/p>\n<p><span style=\"color: #000000;\"><span style=\"font-family: 'Times New Roman', serif;\"><span style=\"font-size: medium;\">Une \u00e9quipe qui sera encore pr\u00e9sente en 2015 pour mettre en musique le 26\u00e8me Festival de Kichompr\u00e9 qui aura pour th\u00e8me la Musique Fran\u00e7aise, p\u00e9riode \u00e0 laquelle Paris \u00e9tait LA capitale artistique et donc musicale de l&rsquo;Europe avec des compositeurs comme Ravel ou Debussy. Cela d\u00e9butera le mardi 14 juillet \u00e0 16 h avec une fois de plus Eric Lemarquis au piano accompagn\u00e9 d&rsquo;un trio \u00e0 cordes. Les autres concerts auront ensuite tous lieu le mardi en soir\u00e9e.<\/span><\/span><\/span><\/p>\n<p><span style=\"color: #000000;\"><span style=\"font-family: 'Times New Roman', serif;\"><span style=\"font-size: medium;\">Le 21 juillet aura lieu la finale tant attendue du Concours de Cordes dont le 1er prix sera attribu\u00e9 par le vote du public. Le(s) gagnants repartira ou repartiront avec une somme de 2 000 Euros. Le concours sera en effet ouvert aux duos et trios. Le 28 juillet, vous aurez rendez-vous avec une nouvelle soir\u00e9e jazz New Orleans. Suivra un quatuor \u00e0 cordes le 4 ao\u00fbt avec Benjamin Beck, ancien laur\u00e9at du concours accompagn\u00e9 de trois artistes allemandes. Le gala de cl\u00f4ture est, quant \u00e0 lui, pr\u00e9vu pour le 11 ao\u00fbt avec l&rsquo;incontournable Brahms Chamber Ensemble dirig\u00e9 par Nicolas Risler. Bref, on s&rsquo;en d\u00e9lecte d&rsquo;avance, comme le maire de la Perle des g\u00e2teaux de Josiane&#8230;<\/span><\/span><\/span><\/p>\n<p>&nbsp;<\/p>\n<p>Souvenir de 2014 :<\/p>\n<p>[youtube]http:\/\/youtu.be\/D-3q8jDHYU0[\/youtube]<\/p>\n","protected":false},"excerpt":{"rendered":"<p>&nbsp; Il y aura bien un 13\u00e8me Concours de Cordes au programme du 26\u00e8me Festival de Kichompr\u00e9 qui se d\u00e9roulera [&hellip;]<\/p>\n","protected":false},"author":42,"featured_media":0,"comment_status":"open","ping_status":"open","sticky":false,"template":"","format":"standard","meta":{"footnotes":""},"categories":[34,4,17],"tags":[],"class_list":["post-11919","post","type-post","status-publish","format-standard","hentry","category-concert","category-culture","category-vie-associative"],"acf":[],"yoast_head":"<!-- This site is optimized with the Yoast SEO plugin v22.5 - https:\/\/yoast.com\/wordpress\/plugins\/seo\/ -->\n<title>Festival de Kichompr\u00e9 : le concours est de retour ! - Gerardmer Info<\/title>\n<meta name=\"robots\" content=\"index, follow, max-snippet:-1, max-image-preview:large, max-video-preview:-1\" \/>\n<link rel=\"canonical\" href=\"https:\/\/vosgesinfo.fr\/gerardmerinfo\/2014\/11\/festival-kichompre-concours-retour\/\" \/>\n<meta name=\"twitter:card\" content=\"summary_large_image\" \/>\n<meta name=\"twitter:title\" content=\"Festival de Kichompr\u00e9 : le concours est de retour ! - Gerardmer Info\" \/>\n<meta name=\"twitter:description\" content=\"&nbsp; Il y aura bien un 13\u00e8me Concours de Cordes au programme du 26\u00e8me Festival de Kichompr\u00e9 qui se d\u00e9roulera [&hellip;]\" \/>\n<meta name=\"twitter:image\" content=\"http:\/\/gerardmerinfo.fr\" \/>\n<meta name=\"twitter:creator\" content=\"@VosgesInfo88\" \/>\n<meta name=\"twitter:site\" content=\"@VosgesInfo88\" \/>\n<meta name=\"twitter:label1\" content=\"\u00c9crit par\" \/>\n\t<meta name=\"twitter:data1\" content=\"QG\" \/>\n\t<meta name=\"twitter:label2\" content=\"Dur\u00e9e de lecture estim\u00e9e\" \/>\n\t<meta name=\"twitter:data2\" content=\"4 minutes\" \/>\n<script type=\"application\/ld+json\" class=\"yoast-schema-graph\">{\"@context\":\"https:\/\/schema.org\",\"@graph\":[{\"@type\":\"Article\",\"@id\":\"https:\/\/vosgesinfo.fr\/gerardmerinfo\/2014\/11\/festival-kichompre-concours-retour\/#article\",\"isPartOf\":{\"@id\":\"https:\/\/vosgesinfo.fr\/gerardmerinfo\/2014\/11\/festival-kichompre-concours-retour\/\"},\"author\":{\"name\":\"QG\",\"@id\":\"https:\/\/vosgesinfo.fr\/gerardmerinfo\/#\/schema\/person\/db5605779a843dad16b5368f3e7613a5\"},\"headline\":\"Festival de Kichompr\u00e9 : le concours est de retour !\",\"datePublished\":\"2014-11-07T16:24:28+00:00\",\"dateModified\":\"2014-11-07T16:24:28+00:00\",\"mainEntityOfPage\":{\"@id\":\"https:\/\/vosgesinfo.fr\/gerardmerinfo\/2014\/11\/festival-kichompre-concours-retour\/\"},\"wordCount\":790,\"commentCount\":0,\"publisher\":{\"@id\":\"https:\/\/vosgesinfo.fr\/gerardmerinfo\/#organization\"},\"image\":{\"@id\":\"https:\/\/vosgesinfo.fr\/gerardmerinfo\/2014\/11\/festival-kichompre-concours-retour\/#primaryimage\"},\"thumbnailUrl\":\"http:\/\/gerardmerinfo.fr\",\"articleSection\":[\"Concert\",\"Culture\",\"Vie Associative\"],\"inLanguage\":\"fr-FR\",\"potentialAction\":[{\"@type\":\"CommentAction\",\"name\":\"Comment\",\"target\":[\"https:\/\/vosgesinfo.fr\/gerardmerinfo\/2014\/11\/festival-kichompre-concours-retour\/#respond\"]}]},{\"@type\":\"WebPage\",\"@id\":\"https:\/\/vosgesinfo.fr\/gerardmerinfo\/2014\/11\/festival-kichompre-concours-retour\/\",\"url\":\"https:\/\/vosgesinfo.fr\/gerardmerinfo\/2014\/11\/festival-kichompre-concours-retour\/\",\"name\":\"Festival de Kichompr\u00e9 : le concours est de retour ! - Gerardmer Info\",\"isPartOf\":{\"@id\":\"https:\/\/vosgesinfo.fr\/gerardmerinfo\/#website\"},\"primaryImageOfPage\":{\"@id\":\"https:\/\/vosgesinfo.fr\/gerardmerinfo\/2014\/11\/festival-kichompre-concours-retour\/#primaryimage\"},\"image\":{\"@id\":\"https:\/\/vosgesinfo.fr\/gerardmerinfo\/2014\/11\/festival-kichompre-concours-retour\/#primaryimage\"},\"thumbnailUrl\":\"http:\/\/gerardmerinfo.fr\",\"datePublished\":\"2014-11-07T16:24:28+00:00\",\"dateModified\":\"2014-11-07T16:24:28+00:00\",\"breadcrumb\":{\"@id\":\"https:\/\/vosgesinfo.fr\/gerardmerinfo\/2014\/11\/festival-kichompre-concours-retour\/#breadcrumb\"},\"inLanguage\":\"fr-FR\",\"potentialAction\":[{\"@type\":\"ReadAction\",\"target\":[\"https:\/\/vosgesinfo.fr\/gerardmerinfo\/2014\/11\/festival-kichompre-concours-retour\/\"]}]},{\"@type\":\"ImageObject\",\"inLanguage\":\"fr-FR\",\"@id\":\"https:\/\/vosgesinfo.fr\/gerardmerinfo\/2014\/11\/festival-kichompre-concours-retour\/#primaryimage\",\"url\":\"http:\/\/gerardmerinfo.fr\",\"contentUrl\":\"http:\/\/gerardmerinfo.fr\"},{\"@type\":\"BreadcrumbList\",\"@id\":\"https:\/\/vosgesinfo.fr\/gerardmerinfo\/2014\/11\/festival-kichompre-concours-retour\/#breadcrumb\",\"itemListElement\":[{\"@type\":\"ListItem\",\"position\":1,\"name\":\"Home\",\"item\":\"https:\/\/vosgesinfo.fr\/gerardmerinfo\/\"},{\"@type\":\"ListItem\",\"position\":2,\"name\":\"Festival de Kichompr\u00e9 : le concours est de retour !\"}]},{\"@type\":\"WebSite\",\"@id\":\"https:\/\/vosgesinfo.fr\/gerardmerinfo\/#website\",\"url\":\"https:\/\/vosgesinfo.fr\/gerardmerinfo\/\",\"name\":\"Gerardmer Info\",\"description\":\"Toute l&#039;actualit\u00e9 de G\u00e9rardmer\",\"publisher\":{\"@id\":\"https:\/\/vosgesinfo.fr\/gerardmerinfo\/#organization\"},\"alternateName\":\"Toute l'actualit\u00e9 de G\u00e9rardmer\",\"potentialAction\":[{\"@type\":\"SearchAction\",\"target\":{\"@type\":\"EntryPoint\",\"urlTemplate\":\"https:\/\/vosgesinfo.fr\/gerardmerinfo\/?s={search_term_string}\"},\"query-input\":\"required name=search_term_string\"}],\"inLanguage\":\"fr-FR\"},{\"@type\":\"Organization\",\"@id\":\"https:\/\/vosgesinfo.fr\/gerardmerinfo\/#organization\",\"name\":\"Gerardmer Info\",\"url\":\"https:\/\/vosgesinfo.fr\/gerardmerinfo\/\",\"logo\":{\"@type\":\"ImageObject\",\"inLanguage\":\"fr-FR\",\"@id\":\"https:\/\/vosgesinfo.fr\/gerardmerinfo\/#\/schema\/logo\/image\/\",\"url\":\"https:\/\/vosgesinfo.fr\/app\/uploads\/sites\/6\/2023\/08\/favicon-gerardmerinfo.png\",\"contentUrl\":\"https:\/\/vosgesinfo.fr\/app\/uploads\/sites\/6\/2023\/08\/favicon-gerardmerinfo.png\",\"width\":512,\"height\":512,\"caption\":\"Gerardmer Info\"},\"image\":{\"@id\":\"https:\/\/vosgesinfo.fr\/gerardmerinfo\/#\/schema\/logo\/image\/\"},\"sameAs\":[\"https:\/\/www.facebook.com\/profile.php?id=100049475262660\",\"https:\/\/x.com\/VosgesInfo88\",\"https:\/\/www.youtube.com\/@vosgesinfo\"]},{\"@type\":\"Person\",\"@id\":\"https:\/\/vosgesinfo.fr\/gerardmerinfo\/#\/schema\/person\/db5605779a843dad16b5368f3e7613a5\",\"name\":\"QG\",\"image\":{\"@type\":\"ImageObject\",\"inLanguage\":\"fr-FR\",\"@id\":\"https:\/\/vosgesinfo.fr\/gerardmerinfo\/#\/schema\/person\/image\/\",\"url\":\"https:\/\/secure.gravatar.com\/avatar\/ea80c42c204b534408512832fde52504ecabb9706bcb6151cf6175e5b64e6793?s=96&d=mm&r=g\",\"contentUrl\":\"https:\/\/secure.gravatar.com\/avatar\/ea80c42c204b534408512832fde52504ecabb9706bcb6151cf6175e5b64e6793?s=96&d=mm&r=g\",\"caption\":\"QG\"},\"url\":\"https:\/\/vosgesinfo.fr\/gerardmerinfo\/author\/quentin88\/\"}]}<\/script>\n<!-- \/ Yoast SEO plugin. -->","yoast_head_json":{"title":"Festival de Kichompr\u00e9 : le concours est de retour ! - Gerardmer Info","robots":{"index":"index","follow":"follow","max-snippet":"max-snippet:-1","max-image-preview":"max-image-preview:large","max-video-preview":"max-video-preview:-1"},"canonical":"https:\/\/vosgesinfo.fr\/gerardmerinfo\/2014\/11\/festival-kichompre-concours-retour\/","twitter_card":"summary_large_image","twitter_title":"Festival de Kichompr\u00e9 : le concours est de retour ! - Gerardmer Info","twitter_description":"&nbsp; Il y aura bien un 13\u00e8me Concours de Cordes au programme du 26\u00e8me Festival de Kichompr\u00e9 qui se d\u00e9roulera [&hellip;]","twitter_image":"http:\/\/gerardmerinfo.fr","twitter_creator":"@VosgesInfo88","twitter_site":"@VosgesInfo88","twitter_misc":{"\u00c9crit par":"QG","Dur\u00e9e de lecture estim\u00e9e":"4 minutes"},"schema":{"@context":"https:\/\/schema.org","@graph":[{"@type":"Article","@id":"https:\/\/vosgesinfo.fr\/gerardmerinfo\/2014\/11\/festival-kichompre-concours-retour\/#article","isPartOf":{"@id":"https:\/\/vosgesinfo.fr\/gerardmerinfo\/2014\/11\/festival-kichompre-concours-retour\/"},"author":{"name":"QG","@id":"https:\/\/vosgesinfo.fr\/gerardmerinfo\/#\/schema\/person\/db5605779a843dad16b5368f3e7613a5"},"headline":"Festival de Kichompr\u00e9 : le concours est de retour !","datePublished":"2014-11-07T16:24:28+00:00","dateModified":"2014-11-07T16:24:28+00:00","mainEntityOfPage":{"@id":"https:\/\/vosgesinfo.fr\/gerardmerinfo\/2014\/11\/festival-kichompre-concours-retour\/"},"wordCount":790,"commentCount":0,"publisher":{"@id":"https:\/\/vosgesinfo.fr\/gerardmerinfo\/#organization"},"image":{"@id":"https:\/\/vosgesinfo.fr\/gerardmerinfo\/2014\/11\/festival-kichompre-concours-retour\/#primaryimage"},"thumbnailUrl":"http:\/\/gerardmerinfo.fr","articleSection":["Concert","Culture","Vie Associative"],"inLanguage":"fr-FR","potentialAction":[{"@type":"CommentAction","name":"Comment","target":["https:\/\/vosgesinfo.fr\/gerardmerinfo\/2014\/11\/festival-kichompre-concours-retour\/#respond"]}]},{"@type":"WebPage","@id":"https:\/\/vosgesinfo.fr\/gerardmerinfo\/2014\/11\/festival-kichompre-concours-retour\/","url":"https:\/\/vosgesinfo.fr\/gerardmerinfo\/2014\/11\/festival-kichompre-concours-retour\/","name":"Festival de Kichompr\u00e9 : le concours est de retour ! - Gerardmer Info","isPartOf":{"@id":"https:\/\/vosgesinfo.fr\/gerardmerinfo\/#website"},"primaryImageOfPage":{"@id":"https:\/\/vosgesinfo.fr\/gerardmerinfo\/2014\/11\/festival-kichompre-concours-retour\/#primaryimage"},"image":{"@id":"https:\/\/vosgesinfo.fr\/gerardmerinfo\/2014\/11\/festival-kichompre-concours-retour\/#primaryimage"},"thumbnailUrl":"http:\/\/gerardmerinfo.fr","datePublished":"2014-11-07T16:24:28+00:00","dateModified":"2014-11-07T16:24:28+00:00","breadcrumb":{"@id":"https:\/\/vosgesinfo.fr\/gerardmerinfo\/2014\/11\/festival-kichompre-concours-retour\/#breadcrumb"},"inLanguage":"fr-FR","potentialAction":[{"@type":"ReadAction","target":["https:\/\/vosgesinfo.fr\/gerardmerinfo\/2014\/11\/festival-kichompre-concours-retour\/"]}]},{"@type":"ImageObject","inLanguage":"fr-FR","@id":"https:\/\/vosgesinfo.fr\/gerardmerinfo\/2014\/11\/festival-kichompre-concours-retour\/#primaryimage","url":"http:\/\/gerardmerinfo.fr","contentUrl":"http:\/\/gerardmerinfo.fr"},{"@type":"BreadcrumbList","@id":"https:\/\/vosgesinfo.fr\/gerardmerinfo\/2014\/11\/festival-kichompre-concours-retour\/#breadcrumb","itemListElement":[{"@type":"ListItem","position":1,"name":"Home","item":"https:\/\/vosgesinfo.fr\/gerardmerinfo\/"},{"@type":"ListItem","position":2,"name":"Festival de Kichompr\u00e9 : le concours est de retour !"}]},{"@type":"WebSite","@id":"https:\/\/vosgesinfo.fr\/gerardmerinfo\/#website","url":"https:\/\/vosgesinfo.fr\/gerardmerinfo\/","name":"Gerardmer Info","description":"Toute l&#039;actualit\u00e9 de G\u00e9rardmer","publisher":{"@id":"https:\/\/vosgesinfo.fr\/gerardmerinfo\/#organization"},"alternateName":"Toute l'actualit\u00e9 de G\u00e9rardmer","potentialAction":[{"@type":"SearchAction","target":{"@type":"EntryPoint","urlTemplate":"https:\/\/vosgesinfo.fr\/gerardmerinfo\/?s={search_term_string}"},"query-input":"required name=search_term_string"}],"inLanguage":"fr-FR"},{"@type":"Organization","@id":"https:\/\/vosgesinfo.fr\/gerardmerinfo\/#organization","name":"Gerardmer Info","url":"https:\/\/vosgesinfo.fr\/gerardmerinfo\/","logo":{"@type":"ImageObject","inLanguage":"fr-FR","@id":"https:\/\/vosgesinfo.fr\/gerardmerinfo\/#\/schema\/logo\/image\/","url":"https:\/\/vosgesinfo.fr\/app\/uploads\/sites\/6\/2023\/08\/favicon-gerardmerinfo.png","contentUrl":"https:\/\/vosgesinfo.fr\/app\/uploads\/sites\/6\/2023\/08\/favicon-gerardmerinfo.png","width":512,"height":512,"caption":"Gerardmer Info"},"image":{"@id":"https:\/\/vosgesinfo.fr\/gerardmerinfo\/#\/schema\/logo\/image\/"},"sameAs":["https:\/\/www.facebook.com\/profile.php?id=100049475262660","https:\/\/x.com\/VosgesInfo88","https:\/\/www.youtube.com\/@vosgesinfo"]},{"@type":"Person","@id":"https:\/\/vosgesinfo.fr\/gerardmerinfo\/#\/schema\/person\/db5605779a843dad16b5368f3e7613a5","name":"QG","image":{"@type":"ImageObject","inLanguage":"fr-FR","@id":"https:\/\/vosgesinfo.fr\/gerardmerinfo\/#\/schema\/person\/image\/","url":"https:\/\/secure.gravatar.com\/avatar\/ea80c42c204b534408512832fde52504ecabb9706bcb6151cf6175e5b64e6793?s=96&d=mm&r=g","contentUrl":"https:\/\/secure.gravatar.com\/avatar\/ea80c42c204b534408512832fde52504ecabb9706bcb6151cf6175e5b64e6793?s=96&d=mm&r=g","caption":"QG"},"url":"https:\/\/vosgesinfo.fr\/gerardmerinfo\/author\/quentin88\/"}]}},"_links":{"self":[{"href":"https:\/\/vosgesinfo.fr\/gerardmerinfo\/wp-json\/wp\/v2\/posts\/11919","targetHints":{"allow":["GET"]}}],"collection":[{"href":"https:\/\/vosgesinfo.fr\/gerardmerinfo\/wp-json\/wp\/v2\/posts"}],"about":[{"href":"https:\/\/vosgesinfo.fr\/gerardmerinfo\/wp-json\/wp\/v2\/types\/post"}],"author":[{"embeddable":true,"href":"https:\/\/vosgesinfo.fr\/gerardmerinfo\/wp-json\/wp\/v2\/users\/42"}],"replies":[{"embeddable":true,"href":"https:\/\/vosgesinfo.fr\/gerardmerinfo\/wp-json\/wp\/v2\/comments?post=11919"}],"version-history":[{"count":0,"href":"https:\/\/vosgesinfo.fr\/gerardmerinfo\/wp-json\/wp\/v2\/posts\/11919\/revisions"}],"wp:attachment":[{"href":"https:\/\/vosgesinfo.fr\/gerardmerinfo\/wp-json\/wp\/v2\/media?parent=11919"}],"wp:term":[{"taxonomy":"category","embeddable":true,"href":"https:\/\/vosgesinfo.fr\/gerardmerinfo\/wp-json\/wp\/v2\/categories?post=11919"},{"taxonomy":"post_tag","embeddable":true,"href":"https:\/\/vosgesinfo.fr\/gerardmerinfo\/wp-json\/wp\/v2\/tags?post=11919"}],"curies":[{"name":"wp","href":"https:\/\/api.w.org\/{rel}","templated":true}]}}