{"id":11923,"date":"2014-11-07T17:24:35","date_gmt":"2014-11-07T16:24:35","guid":{"rendered":"https:\/\/vosgesinfo.fr\/gerardmerinfo\/2014\/11\/les-toits-autre-oeil-milieu-carceral\/"},"modified":"2014-11-07T17:24:35","modified_gmt":"2014-11-07T16:24:35","slug":"les-toits-autre-oeil-milieu-carceral","status":"publish","type":"post","link":"https:\/\/vosgesinfo.fr\/gerardmerinfo\/2014\/11\/les-toits-autre-oeil-milieu-carceral\/","title":{"rendered":"\u00ab Sur les toits \u00bb : un autre \u0153il sur le milieu carc\u00e9ral"},"content":{"rendered":"<p>[vimeo]http:\/\/vimeo.com\/60335006[\/vimeo]<\/p>\n<p><b>La MCL a r\u00e9cemment projet\u00e9 le film de Nicolas Drolc \u00ab\u00a0Sur les toits\u00a0\u00bb qui explore le th\u00e8me des mutineries en milieu carc\u00e9ral du d\u00e9but des ann\u00e9es 70. Un film de classes ni militant ni donneur de le\u00e7on mais qui va vous faire s\u00e9rieusement r\u00e9fl\u00e9chir sur la question. <\/b><\/p>\n<p><a href=\"http:\/\/gerardmerinfo.fr\"><img decoding=\"async\" class=\"alignleft size-medium wp-image-41966\" src=\"http:\/\/gerardmerinfo.fr\" alt=\"SUR_LES_TOITS_-_affiche-1\" width=\"209\" height=\"300\" \/><\/a>Jeune Nanc\u00e9ien de 27 ans, Nicolas Drolc aurait eu bien tort de se priver en ne r\u00e9alisant pas ce passionnant et turbulent documentaire sur la r\u00e9volte des prisonniers de l&rsquo;hexagone. Mouvement \u00a0qui avait d\u00e9but\u00e9 en d\u00e9cembre 71 \u00e0 Toul et s&rsquo;\u00e9tait propag\u00e9 \u00e0 Nancy, puis au reste du pays. En effet, photographe de profession, le p\u00e8re du r\u00e9alisateur de \u00ab\u00a0Sur les Toits\u00a0\u00bb a offici\u00e9 \u00a0pour le quotidien r\u00e9gional du secteur de 1969 \u00e0 2009. Il disposait donc de nombreux clich\u00e9s sur les \u00e9v\u00e9nements en question qui furent la base de travail de Nicolas Drolc.<\/p>\n<p>Avec une bobine de Super 8 fournie par un quidam, voici donc un excellent point de d\u00e9part d\u00e9velopp\u00e9 par un non moins excellent travail de recherche, d&rsquo;interview, de montage et de r\u00e9alisation. Un travail qui a donn\u00e9 naissance au documentaire projet\u00e9 un peu partout en France et \u00e0 la MCL de G\u00e9rardmer. \u00ab\u00a0Il y a des images et des t\u00e9moignages. Je donne la parole \u00e0 un \u00e9crivain, un sociologue, un avocat, mais aussi \u00e0 trois anciens d\u00e9tenus et \u00e0 un ancien surveillant de prison. Je voulais vraiment donner la parole \u00e0 ceux qui ne l&rsquo;ont pas habituellement\u00a0\u00bb, pr\u00e9cise Nicolas Drolc.<\/p>\n<div id=\"attachment_41967\" style=\"width: 310px\" class=\"wp-caption alignright\"><a href=\"http:\/\/gerardmerinfo.fr\"><img decoding=\"async\" aria-describedby=\"caption-attachment-41967\" class=\"size-medium wp-image-41967\" src=\"http:\/\/gerardmerinfo.fr\" alt=\"Nicolas Drolc (\u00e0 gauche)\" width=\"300\" height=\"239\" \/><\/a><p id=\"caption-attachment-41967\" class=\"wp-caption-text\">Nicolas Drolc (\u00e0 gauche)<\/p><\/div>\n<p>Des interviews souvent \u00e9difiantes, sans chichis, illustr\u00e9es d&rsquo;images d&rsquo;archives et actuelles, d&rsquo;archives sonores, de documents divers et vari\u00e9s. \u00ab\u00a0Il y a un aspect local \u00e0 ce documentaire car la premi\u00e8re mutinerie a eu lieu \u00e0 Toul et la seconde \u00e0 Nancy qui a sans doute \u00e9t\u00e9 la plus importante et la plus expos\u00e9e, notamment car la prison de Charles III \u00e9tait au centre ville. Impossible de passer \u00e0 c\u00f4t\u00e9. Ce documentaire part donc du local pour \u00e9voquer un th\u00e8me et un probl\u00e8me plus universels \u00bb, souligne le r\u00e9alisateur.<\/p>\n<p><a href=\"http:\/\/gerardmerinfo.fr\"><img decoding=\"async\" class=\"alignleft size-medium wp-image-41968\" src=\"http:\/\/gerardmerinfo.fr\" alt=\"ur-les-toits-.jpeg\" width=\"300\" height=\"202\" \/><\/a>Et de poursuivre\u00a0: \u00ab\u00a0C&rsquo;est un film qui actualise le d\u00e9bat sur la prison et son \u00e9chec depuis sa cr\u00e9ation en \u00e9voquant un pan de l&rsquo;histoire qui a \u00e9tait un peu gomm\u00e9\u00a0: la lutte des d\u00e9tenus apr\u00e8s mai 68. C&rsquo;est un film de classes, de d\u00e9terminisme social. Pour autant, ce n&rsquo;est pas un film donneur de le\u00e7ons m\u00eame si j&rsquo;ai de la sympathie pour certains mouvements. La d\u00e9marche n&rsquo;est pas militante. C&rsquo;est un film qui invite modestement \u00e0 la r\u00e9flexion sur le milieu carc\u00e9ral et cette aventure humaine du d\u00e9but des ann\u00e9es 70 \u00bb.<\/p>\n<p>C&rsquo;est un film \u00e0 visage humain qui vous attend donc, mais surtout un v\u00e9ritable petit tr\u00e9sor agr\u00e9ment\u00e9 en bonus d&rsquo;une interview de <span style=\"color: #000000;\"><span style=\"font-family: 'Times New Roman', serif;\"><span style=\"font-size: medium;\"><b>Serge Livrozet<\/b><\/span><\/span><\/span><span style=\"color: #000000;\"><span style=\"font-family: 'Times New Roman', serif;\"><span style=\"font-size: medium;\">, ancien d\u00e9tenu \u00e0 Melun, \u00e9crivain et militant<\/span><\/span><\/span><span style=\"color: #000000;\"><span style=\"font-family: 'Times New Roman', serif;\"><span style=\"font-size: medium;\"> qui devrait d&rsquo;ailleurs faire l&rsquo;objet d&rsquo;un prochain film de la part de Nicolas Drolc. Ce dernier est \u00e9galement en pleine \u00e9laboration d&rsquo;un projet sur la sc\u00e8ne alternative rock de Nancy dans les ann\u00e9es 80-90&#8230; A suivre de tr\u00e8s pr\u00e8s !!<\/span><\/span><\/span><\/p>\n<p>&nbsp;<\/p>\n<p><strong>\u00ab\u00a0Sur les toits\u00a0\u00bb<\/strong><\/p>\n<p><strong>Chercheur\/auteur(s) : NICOLAS DROLC<br \/>\nR\u00e9alisateur(s) : NICOLAS DROLC<br \/>\nProducteur(s) : NICOLAS DROLC<br \/>\n<span class=\"numerique\">2013<\/span> \/ FRANCE \/ <span class=\"numerique\">95<\/span> minutes<\/strong><\/p>\n","protected":false},"excerpt":{"rendered":"<p>[vimeo]http:\/\/vimeo.com\/60335006[\/vimeo] La MCL a r\u00e9cemment projet\u00e9 le film de Nicolas Drolc \u00ab\u00a0Sur les toits\u00a0\u00bb qui explore le th\u00e8me des mutineries [&hellip;]<\/p>\n","protected":false},"author":42,"featured_media":0,"comment_status":"open","ping_status":"open","sticky":false,"template":"","format":"standard","meta":{"footnotes":""},"categories":[4,18],"tags":[],"class_list":["post-11923","post","type-post","status-publish","format-standard","hentry","category-culture","category-vosges"],"acf":[],"yoast_head":"<!-- This site is optimized with the Yoast SEO plugin v22.5 - https:\/\/yoast.com\/wordpress\/plugins\/seo\/ -->\n<title>\u00ab Sur les toits \u00bb : un autre \u0153il sur le milieu carc\u00e9ral - Gerardmer Info<\/title>\n<meta name=\"robots\" content=\"index, follow, max-snippet:-1, max-image-preview:large, max-video-preview:-1\" \/>\n<link rel=\"canonical\" href=\"https:\/\/vosgesinfo.fr\/gerardmerinfo\/2014\/11\/les-toits-autre-oeil-milieu-carceral\/\" \/>\n<meta name=\"twitter:card\" content=\"summary_large_image\" \/>\n<meta name=\"twitter:title\" content=\"\u00ab Sur les toits \u00bb : un autre \u0153il sur le milieu carc\u00e9ral - Gerardmer Info\" \/>\n<meta name=\"twitter:description\" content=\"[vimeo]http:\/\/vimeo.com\/60335006[\/vimeo] La MCL a r\u00e9cemment projet\u00e9 le film de Nicolas Drolc \u00ab\u00a0Sur les toits\u00a0\u00bb qui explore le th\u00e8me des mutineries [&hellip;]\" \/>\n<meta name=\"twitter:image\" content=\"http:\/\/gerardmerinfo.fr\" \/>\n<meta name=\"twitter:creator\" content=\"@VosgesInfo88\" \/>\n<meta name=\"twitter:site\" content=\"@VosgesInfo88\" \/>\n<meta name=\"twitter:label1\" content=\"\u00c9crit par\" \/>\n\t<meta name=\"twitter:data1\" content=\"QG\" \/>\n\t<meta name=\"twitter:label2\" content=\"Dur\u00e9e de lecture estim\u00e9e\" \/>\n\t<meta name=\"twitter:data2\" content=\"3 minutes\" \/>\n<script type=\"application\/ld+json\" class=\"yoast-schema-graph\">{\"@context\":\"https:\/\/schema.org\",\"@graph\":[{\"@type\":\"Article\",\"@id\":\"https:\/\/vosgesinfo.fr\/gerardmerinfo\/2014\/11\/les-toits-autre-oeil-milieu-carceral\/#article\",\"isPartOf\":{\"@id\":\"https:\/\/vosgesinfo.fr\/gerardmerinfo\/2014\/11\/les-toits-autre-oeil-milieu-carceral\/\"},\"author\":{\"name\":\"QG\",\"@id\":\"https:\/\/vosgesinfo.fr\/gerardmerinfo\/#\/schema\/person\/db5605779a843dad16b5368f3e7613a5\"},\"headline\":\"\u00ab Sur les toits \u00bb : un autre \u0153il sur le milieu carc\u00e9ral\",\"datePublished\":\"2014-11-07T16:24:35+00:00\",\"dateModified\":\"2014-11-07T16:24:35+00:00\",\"mainEntityOfPage\":{\"@id\":\"https:\/\/vosgesinfo.fr\/gerardmerinfo\/2014\/11\/les-toits-autre-oeil-milieu-carceral\/\"},\"wordCount\":587,\"commentCount\":0,\"publisher\":{\"@id\":\"https:\/\/vosgesinfo.fr\/gerardmerinfo\/#organization\"},\"image\":{\"@id\":\"https:\/\/vosgesinfo.fr\/gerardmerinfo\/2014\/11\/les-toits-autre-oeil-milieu-carceral\/#primaryimage\"},\"thumbnailUrl\":\"http:\/\/gerardmerinfo.fr\",\"articleSection\":[\"Culture\",\"Vosges\"],\"inLanguage\":\"fr-FR\",\"potentialAction\":[{\"@type\":\"CommentAction\",\"name\":\"Comment\",\"target\":[\"https:\/\/vosgesinfo.fr\/gerardmerinfo\/2014\/11\/les-toits-autre-oeil-milieu-carceral\/#respond\"]}]},{\"@type\":\"WebPage\",\"@id\":\"https:\/\/vosgesinfo.fr\/gerardmerinfo\/2014\/11\/les-toits-autre-oeil-milieu-carceral\/\",\"url\":\"https:\/\/vosgesinfo.fr\/gerardmerinfo\/2014\/11\/les-toits-autre-oeil-milieu-carceral\/\",\"name\":\"\u00ab Sur les toits \u00bb : un autre \u0153il sur le milieu carc\u00e9ral - Gerardmer Info\",\"isPartOf\":{\"@id\":\"https:\/\/vosgesinfo.fr\/gerardmerinfo\/#website\"},\"primaryImageOfPage\":{\"@id\":\"https:\/\/vosgesinfo.fr\/gerardmerinfo\/2014\/11\/les-toits-autre-oeil-milieu-carceral\/#primaryimage\"},\"image\":{\"@id\":\"https:\/\/vosgesinfo.fr\/gerardmerinfo\/2014\/11\/les-toits-autre-oeil-milieu-carceral\/#primaryimage\"},\"thumbnailUrl\":\"http:\/\/gerardmerinfo.fr\",\"datePublished\":\"2014-11-07T16:24:35+00:00\",\"dateModified\":\"2014-11-07T16:24:35+00:00\",\"breadcrumb\":{\"@id\":\"https:\/\/vosgesinfo.fr\/gerardmerinfo\/2014\/11\/les-toits-autre-oeil-milieu-carceral\/#breadcrumb\"},\"inLanguage\":\"fr-FR\",\"potentialAction\":[{\"@type\":\"ReadAction\",\"target\":[\"https:\/\/vosgesinfo.fr\/gerardmerinfo\/2014\/11\/les-toits-autre-oeil-milieu-carceral\/\"]}]},{\"@type\":\"ImageObject\",\"inLanguage\":\"fr-FR\",\"@id\":\"https:\/\/vosgesinfo.fr\/gerardmerinfo\/2014\/11\/les-toits-autre-oeil-milieu-carceral\/#primaryimage\",\"url\":\"http:\/\/gerardmerinfo.fr\",\"contentUrl\":\"http:\/\/gerardmerinfo.fr\"},{\"@type\":\"BreadcrumbList\",\"@id\":\"https:\/\/vosgesinfo.fr\/gerardmerinfo\/2014\/11\/les-toits-autre-oeil-milieu-carceral\/#breadcrumb\",\"itemListElement\":[{\"@type\":\"ListItem\",\"position\":1,\"name\":\"Home\",\"item\":\"https:\/\/vosgesinfo.fr\/gerardmerinfo\/\"},{\"@type\":\"ListItem\",\"position\":2,\"name\":\"\u00ab Sur les toits \u00bb : un autre \u0153il sur le milieu carc\u00e9ral\"}]},{\"@type\":\"WebSite\",\"@id\":\"https:\/\/vosgesinfo.fr\/gerardmerinfo\/#website\",\"url\":\"https:\/\/vosgesinfo.fr\/gerardmerinfo\/\",\"name\":\"Gerardmer Info\",\"description\":\"Toute l&#039;actualit\u00e9 de G\u00e9rardmer\",\"publisher\":{\"@id\":\"https:\/\/vosgesinfo.fr\/gerardmerinfo\/#organization\"},\"alternateName\":\"Toute l'actualit\u00e9 de G\u00e9rardmer\",\"potentialAction\":[{\"@type\":\"SearchAction\",\"target\":{\"@type\":\"EntryPoint\",\"urlTemplate\":\"https:\/\/vosgesinfo.fr\/gerardmerinfo\/?s={search_term_string}\"},\"query-input\":\"required name=search_term_string\"}],\"inLanguage\":\"fr-FR\"},{\"@type\":\"Organization\",\"@id\":\"https:\/\/vosgesinfo.fr\/gerardmerinfo\/#organization\",\"name\":\"Gerardmer Info\",\"url\":\"https:\/\/vosgesinfo.fr\/gerardmerinfo\/\",\"logo\":{\"@type\":\"ImageObject\",\"inLanguage\":\"fr-FR\",\"@id\":\"https:\/\/vosgesinfo.fr\/gerardmerinfo\/#\/schema\/logo\/image\/\",\"url\":\"https:\/\/vosgesinfo.fr\/app\/uploads\/sites\/6\/2023\/08\/favicon-gerardmerinfo.png\",\"contentUrl\":\"https:\/\/vosgesinfo.fr\/app\/uploads\/sites\/6\/2023\/08\/favicon-gerardmerinfo.png\",\"width\":512,\"height\":512,\"caption\":\"Gerardmer Info\"},\"image\":{\"@id\":\"https:\/\/vosgesinfo.fr\/gerardmerinfo\/#\/schema\/logo\/image\/\"},\"sameAs\":[\"https:\/\/www.facebook.com\/profile.php?id=100049475262660\",\"https:\/\/x.com\/VosgesInfo88\",\"https:\/\/www.youtube.com\/@vosgesinfo\"]},{\"@type\":\"Person\",\"@id\":\"https:\/\/vosgesinfo.fr\/gerardmerinfo\/#\/schema\/person\/db5605779a843dad16b5368f3e7613a5\",\"name\":\"QG\",\"image\":{\"@type\":\"ImageObject\",\"inLanguage\":\"fr-FR\",\"@id\":\"https:\/\/vosgesinfo.fr\/gerardmerinfo\/#\/schema\/person\/image\/\",\"url\":\"https:\/\/secure.gravatar.com\/avatar\/ea80c42c204b534408512832fde52504ecabb9706bcb6151cf6175e5b64e6793?s=96&d=mm&r=g\",\"contentUrl\":\"https:\/\/secure.gravatar.com\/avatar\/ea80c42c204b534408512832fde52504ecabb9706bcb6151cf6175e5b64e6793?s=96&d=mm&r=g\",\"caption\":\"QG\"},\"url\":\"https:\/\/vosgesinfo.fr\/gerardmerinfo\/author\/quentin88\/\"}]}<\/script>\n<!-- \/ Yoast SEO plugin. -->","yoast_head_json":{"title":"\u00ab Sur les toits \u00bb : un autre \u0153il sur le milieu carc\u00e9ral - Gerardmer Info","robots":{"index":"index","follow":"follow","max-snippet":"max-snippet:-1","max-image-preview":"max-image-preview:large","max-video-preview":"max-video-preview:-1"},"canonical":"https:\/\/vosgesinfo.fr\/gerardmerinfo\/2014\/11\/les-toits-autre-oeil-milieu-carceral\/","twitter_card":"summary_large_image","twitter_title":"\u00ab Sur les toits \u00bb : un autre \u0153il sur le milieu carc\u00e9ral - Gerardmer Info","twitter_description":"[vimeo]http:\/\/vimeo.com\/60335006[\/vimeo] La MCL a r\u00e9cemment projet\u00e9 le film de Nicolas Drolc \u00ab\u00a0Sur les toits\u00a0\u00bb qui explore le th\u00e8me des mutineries [&hellip;]","twitter_image":"http:\/\/gerardmerinfo.fr","twitter_creator":"@VosgesInfo88","twitter_site":"@VosgesInfo88","twitter_misc":{"\u00c9crit par":"QG","Dur\u00e9e de lecture estim\u00e9e":"3 minutes"},"schema":{"@context":"https:\/\/schema.org","@graph":[{"@type":"Article","@id":"https:\/\/vosgesinfo.fr\/gerardmerinfo\/2014\/11\/les-toits-autre-oeil-milieu-carceral\/#article","isPartOf":{"@id":"https:\/\/vosgesinfo.fr\/gerardmerinfo\/2014\/11\/les-toits-autre-oeil-milieu-carceral\/"},"author":{"name":"QG","@id":"https:\/\/vosgesinfo.fr\/gerardmerinfo\/#\/schema\/person\/db5605779a843dad16b5368f3e7613a5"},"headline":"\u00ab Sur les toits \u00bb : un autre \u0153il sur le milieu carc\u00e9ral","datePublished":"2014-11-07T16:24:35+00:00","dateModified":"2014-11-07T16:24:35+00:00","mainEntityOfPage":{"@id":"https:\/\/vosgesinfo.fr\/gerardmerinfo\/2014\/11\/les-toits-autre-oeil-milieu-carceral\/"},"wordCount":587,"commentCount":0,"publisher":{"@id":"https:\/\/vosgesinfo.fr\/gerardmerinfo\/#organization"},"image":{"@id":"https:\/\/vosgesinfo.fr\/gerardmerinfo\/2014\/11\/les-toits-autre-oeil-milieu-carceral\/#primaryimage"},"thumbnailUrl":"http:\/\/gerardmerinfo.fr","articleSection":["Culture","Vosges"],"inLanguage":"fr-FR","potentialAction":[{"@type":"CommentAction","name":"Comment","target":["https:\/\/vosgesinfo.fr\/gerardmerinfo\/2014\/11\/les-toits-autre-oeil-milieu-carceral\/#respond"]}]},{"@type":"WebPage","@id":"https:\/\/vosgesinfo.fr\/gerardmerinfo\/2014\/11\/les-toits-autre-oeil-milieu-carceral\/","url":"https:\/\/vosgesinfo.fr\/gerardmerinfo\/2014\/11\/les-toits-autre-oeil-milieu-carceral\/","name":"\u00ab Sur les toits \u00bb : un autre \u0153il sur le milieu carc\u00e9ral - Gerardmer Info","isPartOf":{"@id":"https:\/\/vosgesinfo.fr\/gerardmerinfo\/#website"},"primaryImageOfPage":{"@id":"https:\/\/vosgesinfo.fr\/gerardmerinfo\/2014\/11\/les-toits-autre-oeil-milieu-carceral\/#primaryimage"},"image":{"@id":"https:\/\/vosgesinfo.fr\/gerardmerinfo\/2014\/11\/les-toits-autre-oeil-milieu-carceral\/#primaryimage"},"thumbnailUrl":"http:\/\/gerardmerinfo.fr","datePublished":"2014-11-07T16:24:35+00:00","dateModified":"2014-11-07T16:24:35+00:00","breadcrumb":{"@id":"https:\/\/vosgesinfo.fr\/gerardmerinfo\/2014\/11\/les-toits-autre-oeil-milieu-carceral\/#breadcrumb"},"inLanguage":"fr-FR","potentialAction":[{"@type":"ReadAction","target":["https:\/\/vosgesinfo.fr\/gerardmerinfo\/2014\/11\/les-toits-autre-oeil-milieu-carceral\/"]}]},{"@type":"ImageObject","inLanguage":"fr-FR","@id":"https:\/\/vosgesinfo.fr\/gerardmerinfo\/2014\/11\/les-toits-autre-oeil-milieu-carceral\/#primaryimage","url":"http:\/\/gerardmerinfo.fr","contentUrl":"http:\/\/gerardmerinfo.fr"},{"@type":"BreadcrumbList","@id":"https:\/\/vosgesinfo.fr\/gerardmerinfo\/2014\/11\/les-toits-autre-oeil-milieu-carceral\/#breadcrumb","itemListElement":[{"@type":"ListItem","position":1,"name":"Home","item":"https:\/\/vosgesinfo.fr\/gerardmerinfo\/"},{"@type":"ListItem","position":2,"name":"\u00ab Sur les toits \u00bb : un autre \u0153il sur le milieu carc\u00e9ral"}]},{"@type":"WebSite","@id":"https:\/\/vosgesinfo.fr\/gerardmerinfo\/#website","url":"https:\/\/vosgesinfo.fr\/gerardmerinfo\/","name":"Gerardmer Info","description":"Toute l&#039;actualit\u00e9 de G\u00e9rardmer","publisher":{"@id":"https:\/\/vosgesinfo.fr\/gerardmerinfo\/#organization"},"alternateName":"Toute l'actualit\u00e9 de G\u00e9rardmer","potentialAction":[{"@type":"SearchAction","target":{"@type":"EntryPoint","urlTemplate":"https:\/\/vosgesinfo.fr\/gerardmerinfo\/?s={search_term_string}"},"query-input":"required name=search_term_string"}],"inLanguage":"fr-FR"},{"@type":"Organization","@id":"https:\/\/vosgesinfo.fr\/gerardmerinfo\/#organization","name":"Gerardmer Info","url":"https:\/\/vosgesinfo.fr\/gerardmerinfo\/","logo":{"@type":"ImageObject","inLanguage":"fr-FR","@id":"https:\/\/vosgesinfo.fr\/gerardmerinfo\/#\/schema\/logo\/image\/","url":"https:\/\/vosgesinfo.fr\/app\/uploads\/sites\/6\/2023\/08\/favicon-gerardmerinfo.png","contentUrl":"https:\/\/vosgesinfo.fr\/app\/uploads\/sites\/6\/2023\/08\/favicon-gerardmerinfo.png","width":512,"height":512,"caption":"Gerardmer Info"},"image":{"@id":"https:\/\/vosgesinfo.fr\/gerardmerinfo\/#\/schema\/logo\/image\/"},"sameAs":["https:\/\/www.facebook.com\/profile.php?id=100049475262660","https:\/\/x.com\/VosgesInfo88","https:\/\/www.youtube.com\/@vosgesinfo"]},{"@type":"Person","@id":"https:\/\/vosgesinfo.fr\/gerardmerinfo\/#\/schema\/person\/db5605779a843dad16b5368f3e7613a5","name":"QG","image":{"@type":"ImageObject","inLanguage":"fr-FR","@id":"https:\/\/vosgesinfo.fr\/gerardmerinfo\/#\/schema\/person\/image\/","url":"https:\/\/secure.gravatar.com\/avatar\/ea80c42c204b534408512832fde52504ecabb9706bcb6151cf6175e5b64e6793?s=96&d=mm&r=g","contentUrl":"https:\/\/secure.gravatar.com\/avatar\/ea80c42c204b534408512832fde52504ecabb9706bcb6151cf6175e5b64e6793?s=96&d=mm&r=g","caption":"QG"},"url":"https:\/\/vosgesinfo.fr\/gerardmerinfo\/author\/quentin88\/"}]}},"_links":{"self":[{"href":"https:\/\/vosgesinfo.fr\/gerardmerinfo\/wp-json\/wp\/v2\/posts\/11923","targetHints":{"allow":["GET"]}}],"collection":[{"href":"https:\/\/vosgesinfo.fr\/gerardmerinfo\/wp-json\/wp\/v2\/posts"}],"about":[{"href":"https:\/\/vosgesinfo.fr\/gerardmerinfo\/wp-json\/wp\/v2\/types\/post"}],"author":[{"embeddable":true,"href":"https:\/\/vosgesinfo.fr\/gerardmerinfo\/wp-json\/wp\/v2\/users\/42"}],"replies":[{"embeddable":true,"href":"https:\/\/vosgesinfo.fr\/gerardmerinfo\/wp-json\/wp\/v2\/comments?post=11923"}],"version-history":[{"count":0,"href":"https:\/\/vosgesinfo.fr\/gerardmerinfo\/wp-json\/wp\/v2\/posts\/11923\/revisions"}],"wp:attachment":[{"href":"https:\/\/vosgesinfo.fr\/gerardmerinfo\/wp-json\/wp\/v2\/media?parent=11923"}],"wp:term":[{"taxonomy":"category","embeddable":true,"href":"https:\/\/vosgesinfo.fr\/gerardmerinfo\/wp-json\/wp\/v2\/categories?post=11923"},{"taxonomy":"post_tag","embeddable":true,"href":"https:\/\/vosgesinfo.fr\/gerardmerinfo\/wp-json\/wp\/v2\/tags?post=11923"}],"curies":[{"name":"wp","href":"https:\/\/api.w.org\/{rel}","templated":true}]}}