{"id":11926,"date":"2014-11-08T21:18:07","date_gmt":"2014-11-08T20:18:07","guid":{"rendered":"https:\/\/vosgesinfo.fr\/gerardmerinfo\/2014\/11\/tennis-derniere-christian-aubry\/"},"modified":"2014-11-08T21:18:07","modified_gmt":"2014-11-08T20:18:07","slug":"tennis-derniere-christian-aubry","status":"publish","type":"post","link":"https:\/\/vosgesinfo.fr\/gerardmerinfo\/2014\/11\/tennis-derniere-christian-aubry\/","title":{"rendered":"Tennis : la derni\u00e8re de Christian Aubry"},"content":{"rendered":"<p>&nbsp;<\/p>\n<p><b>Le pr\u00e9sident du TCG a tir\u00e9 sa r\u00e9v\u00e9rence \u00e0 l&rsquo;occasion de l&rsquo;assembl\u00e9e g\u00e9n\u00e9rale ordinaire du vendredi 6 novembre dernier. Il laisse les cl\u00e9s du camion \u00e0 un comit\u00e9 qui alliera exp\u00e9rience et jeunesse pour conduire un club o\u00f9 il reste encore beaucoup \u00e0 faire.<\/b><\/p>\n<div id=\"attachment_42008\" style=\"width: 310px\" class=\"wp-caption alignright\"><a href=\"http:\/\/gerardmerinfo.fr\"><img decoding=\"async\" aria-describedby=\"caption-attachment-42008\" class=\"size-medium wp-image-42008\" src=\"http:\/\/gerardmerinfo.fr\" alt=\"Christian Aubry laisse un club en bonne sant\u00e9 avec un bel avenir devant lui\" width=\"300\" height=\"225\" \/><\/a><p id=\"caption-attachment-42008\" class=\"wp-caption-text\">Christian Aubry laisse un club en bonne sant\u00e9 avec un bel avenir devant lui<\/p><\/div>\n<p>Apr\u00e8s 4 ans de bons et loyaux service, Christian Aubry a donc quitt\u00e9 ses fonctions au sein du Tennis Club de G\u00e9rardmer. \u00c9loign\u00e9 de la Perle des Vosges pour des raisons familiales, il a pr\u00e9f\u00e9r\u00e9 c\u00e9der sa place \u00e0 un successeur plus disponible. Il aura \u00e9t\u00e9 le pr\u00e9sident du changement, celui qui aura fait basculer le tennis d&rsquo;un statut priv\u00e9 \u00e0 un statut municipal pour pouvoir le lib\u00e9rer de certaines charges financi\u00e8res devenues trop lourdes et ainsi pouvoir consacrer plus d&rsquo;attention et de moyens \u00ab\u00a0\u00e0 l&rsquo;humain\u00a0\u00bb. \u00ab\u00a0D\u00e9sormais, le TCG a les moyens de ses ambitions\u00a0\u00bb, annon\u00e7ait ainsi le futur ex-pr\u00e9sident.<\/p>\n<p><b>Les moyens de ses ambitions<\/b><\/p>\n<p>Les r\u00e9sultats de l&rsquo;op\u00e9ration commencent d\u00e9j\u00e0 \u00e0 se faire sentir avec un nombre de comp\u00e9titeurs en augmentation et un nombre d&rsquo;adh\u00e9rents lui aussi en tr\u00e8s l\u00e9g\u00e8re hausse ce qui est assez rare dans le d\u00e9partement pour \u00eatre signal\u00e9. On notera \u00e9galement plus d&rsquo;inscriptions \u00e0 l&rsquo;ann\u00e9e avec en moyenne 80% d&rsquo;abonnements annuels (sur l&rsquo;ensemble des souscriptions prises au club) depuis l&rsquo;an dernier 2013 contre 60 les ann\u00e9es pr\u00e9c\u00e9dentes.<\/p>\n<p>Les jeunes devaient \u00e9galement faire l&rsquo;objet d&rsquo;une attention particuli\u00e8re. Participation au dispositif Acti&rsquo;vacances de la Municipalit\u00e9, plus d&rsquo;entra\u00eenements, un tournoi qui leur est consacr\u00e9, bient\u00f4t des stages suppl\u00e9mentaires et bien s\u00fbr des r\u00e9sultats sportifs forc\u00e9ment plus que flatteurs, l\u00e0 aussi le TCG semble avoir pris la bonne direction. Il y a encore du pain sur la planche dans le secteur, mais le nouveau comit\u00e9 est pr\u00eat \u00e0 poursuivre la marche en avant entam\u00e9e ces derni\u00e8res ann\u00e9es.<\/p>\n<p><b>Un troisi\u00e8me court couvert<\/b><\/p>\n<p>L&rsquo;autre gros chantier concernait les infrastructures du TCG avec un projet ambitieux de d\u00e9veloppement et r\u00e9fection des courts et du site de mani\u00e8re global. Le rendre plus accueillant et fonctionnel, l&#8217;embellir, mais aussi et surtout cr\u00e9er un 3\u00e8me court couvert pour augmenter la capacit\u00e9 du TCG durant la saison hivernale. En effet, si les terres battues restent la vitrine du club, il \u00e9tait imp\u00e9ratif de prendre en compte les r\u00e9alit\u00e9s du terrain, comprenez de la m\u00e9t\u00e9o.<\/p>\n<p><a href=\"http:\/\/gerardmerinfo.fr\"><img decoding=\"async\" class=\"alignright size-medium wp-image-42009\" src=\"http:\/\/gerardmerinfo.fr\" alt=\"IMG_8481-WEB\" width=\"300\" height=\"225\" \/><\/a>Avec cette hausse de fr\u00e9quentation en mati\u00e8re de comp\u00e9titions et d&rsquo;entra\u00eenements, l&rsquo;aspect loisir pourrait rapidement en p\u00e2tir lorsque la nuit, la neige et la pluie se mettent \u00e0 tomber&#8230; Ce qui arrive plut\u00f4t souvent dans le secteur\u00a0! Le d\u00e9veloppement du TCG ne doit pas se faire au d\u00e9triment des non-comp\u00e9titeurs qui font partie int\u00e9grante de l&rsquo;ossature de la structure compos\u00e9e de 156 adh\u00e9rents en 2014. Un nouveau club house pour les accueillir, mais aussi pour recevoir les adversaires et amis des clubs voisins avec plus de convivialit\u00e9 est aussi indispensable.<\/p>\n<p>Le comit\u00e9 va donc se pencher sur un projet bien pr\u00e9cis \u00e0 ce sujet avant d&rsquo;en discuter s\u00e9rieusement avec la Municipalit\u00e9. Avoir les moyens de ses ambitions, \u00e0 savoir devenir un club au rayonnement non plus d\u00e9partemental mais r\u00e9gional, cela passera \u00e9galement par des travaux qui seront bient\u00f4t incontournables. L\u00e0 encore, il y a du travail\u00a0!<\/p>\n<p><b>Un club en bonne sant\u00e9<\/b><\/p>\n<p>Mais le TCG est en bonne sant\u00e9. En bonne sant\u00e9 financi\u00e8re et sportive. Les comptes sont sains, comme mentionn\u00e9 pr\u00e9c\u00e9demment, il n&rsquo;y a pas de baisse d&rsquo;effectifs et les r\u00e9sultats sportifs sont bons, notamment chez les jeunes m\u00eame si les adultes ne sont pas en reste. Ainsi, on citera entre autre le maintien en pr\u00e9-\u00e9lite de l&rsquo;\u00e9quipe 1 masculine et la mont\u00e9e en \u00e9lite de l&rsquo;\u00e9quipe 1 f\u00e9minine qui termine en t\u00eate du Championnat des Vosges hiver. Cette m\u00eame \u00e9quipe termine \u00e9galement en t\u00eate du Troph\u00e9e A. Chalumeau et monte en D4. Au Championnat de Lorraine \u00e9t\u00e9, les filles du TCG termine 1re sans d\u00e9faite et montent en R2, une premi\u00e8re au club\u00a0! Belle victoire du club enfin au Championnat des Vosges mixte NC\/4\u00e9me s\u00e9rie avec une finale remport\u00e9e face \u00e0 Saulxures.<\/p>\n<p>Individuellement, rappelons simplement que les jeunes loups du TCG ont ramen\u00e9 pr\u00e8s d&rsquo;une trentaine de titres au club (tournois et championnats confondus), se hissant parmi les meilleurs Vosgiens et parfois m\u00eame Lorrains. Pour les adultes, coup de chapeau \u00e0 Malick N&rsquo;Doye Champion des Vosges chez les plus de 50 ans, et H\u00e9l\u00e8ne Castet Championne des Vosges 3\u00e8me s\u00e9rie\u00a0!<\/p>\n<p>Pour conclure, notez que le nouveau comit\u00e9 va se r\u00e9unir rapidement pour \u00e9lire pr\u00e9sident et bureau du TCG dont la composition sera prochainement communiqu\u00e9e.<\/p>\n","protected":false},"excerpt":{"rendered":"<p>&nbsp; Le pr\u00e9sident du TCG a tir\u00e9 sa r\u00e9v\u00e9rence \u00e0 l&rsquo;occasion de l&rsquo;assembl\u00e9e g\u00e9n\u00e9rale ordinaire du vendredi 6 novembre dernier. [&hellip;]<\/p>\n","protected":false},"author":42,"featured_media":0,"comment_status":"open","ping_status":"open","sticky":false,"template":"","format":"standard","meta":{"footnotes":""},"categories":[14],"tags":[],"class_list":["post-11926","post","type-post","status-publish","format-standard","hentry","category-sport"],"acf":[],"yoast_head":"<!-- This site is optimized with the Yoast SEO plugin v22.5 - https:\/\/yoast.com\/wordpress\/plugins\/seo\/ -->\n<title>Tennis : la derni\u00e8re de Christian Aubry - Gerardmer Info<\/title>\n<meta name=\"robots\" content=\"index, follow, max-snippet:-1, max-image-preview:large, max-video-preview:-1\" \/>\n<link rel=\"canonical\" href=\"https:\/\/vosgesinfo.fr\/gerardmerinfo\/2014\/11\/tennis-derniere-christian-aubry\/\" \/>\n<meta name=\"twitter:card\" content=\"summary_large_image\" \/>\n<meta name=\"twitter:title\" content=\"Tennis : la derni\u00e8re de Christian Aubry - Gerardmer Info\" \/>\n<meta name=\"twitter:description\" content=\"&nbsp; Le pr\u00e9sident du TCG a tir\u00e9 sa r\u00e9v\u00e9rence \u00e0 l&rsquo;occasion de l&rsquo;assembl\u00e9e g\u00e9n\u00e9rale ordinaire du vendredi 6 novembre dernier. [&hellip;]\" \/>\n<meta name=\"twitter:image\" content=\"http:\/\/gerardmerinfo.fr\" \/>\n<meta name=\"twitter:creator\" content=\"@VosgesInfo88\" \/>\n<meta name=\"twitter:site\" content=\"@VosgesInfo88\" \/>\n<meta name=\"twitter:label1\" content=\"\u00c9crit par\" \/>\n\t<meta name=\"twitter:data1\" content=\"QG\" \/>\n\t<meta name=\"twitter:label2\" content=\"Dur\u00e9e de lecture estim\u00e9e\" \/>\n\t<meta name=\"twitter:data2\" content=\"4 minutes\" \/>\n<script type=\"application\/ld+json\" class=\"yoast-schema-graph\">{\"@context\":\"https:\/\/schema.org\",\"@graph\":[{\"@type\":\"Article\",\"@id\":\"https:\/\/vosgesinfo.fr\/gerardmerinfo\/2014\/11\/tennis-derniere-christian-aubry\/#article\",\"isPartOf\":{\"@id\":\"https:\/\/vosgesinfo.fr\/gerardmerinfo\/2014\/11\/tennis-derniere-christian-aubry\/\"},\"author\":{\"name\":\"QG\",\"@id\":\"https:\/\/vosgesinfo.fr\/gerardmerinfo\/#\/schema\/person\/db5605779a843dad16b5368f3e7613a5\"},\"headline\":\"Tennis : la derni\u00e8re de Christian Aubry\",\"datePublished\":\"2014-11-08T20:18:07+00:00\",\"dateModified\":\"2014-11-08T20:18:07+00:00\",\"mainEntityOfPage\":{\"@id\":\"https:\/\/vosgesinfo.fr\/gerardmerinfo\/2014\/11\/tennis-derniere-christian-aubry\/\"},\"wordCount\":866,\"commentCount\":0,\"publisher\":{\"@id\":\"https:\/\/vosgesinfo.fr\/gerardmerinfo\/#organization\"},\"image\":{\"@id\":\"https:\/\/vosgesinfo.fr\/gerardmerinfo\/2014\/11\/tennis-derniere-christian-aubry\/#primaryimage\"},\"thumbnailUrl\":\"http:\/\/gerardmerinfo.fr\",\"articleSection\":[\"Sport\"],\"inLanguage\":\"fr-FR\",\"potentialAction\":[{\"@type\":\"CommentAction\",\"name\":\"Comment\",\"target\":[\"https:\/\/vosgesinfo.fr\/gerardmerinfo\/2014\/11\/tennis-derniere-christian-aubry\/#respond\"]}]},{\"@type\":\"WebPage\",\"@id\":\"https:\/\/vosgesinfo.fr\/gerardmerinfo\/2014\/11\/tennis-derniere-christian-aubry\/\",\"url\":\"https:\/\/vosgesinfo.fr\/gerardmerinfo\/2014\/11\/tennis-derniere-christian-aubry\/\",\"name\":\"Tennis : la derni\u00e8re de Christian Aubry - Gerardmer Info\",\"isPartOf\":{\"@id\":\"https:\/\/vosgesinfo.fr\/gerardmerinfo\/#website\"},\"primaryImageOfPage\":{\"@id\":\"https:\/\/vosgesinfo.fr\/gerardmerinfo\/2014\/11\/tennis-derniere-christian-aubry\/#primaryimage\"},\"image\":{\"@id\":\"https:\/\/vosgesinfo.fr\/gerardmerinfo\/2014\/11\/tennis-derniere-christian-aubry\/#primaryimage\"},\"thumbnailUrl\":\"http:\/\/gerardmerinfo.fr\",\"datePublished\":\"2014-11-08T20:18:07+00:00\",\"dateModified\":\"2014-11-08T20:18:07+00:00\",\"breadcrumb\":{\"@id\":\"https:\/\/vosgesinfo.fr\/gerardmerinfo\/2014\/11\/tennis-derniere-christian-aubry\/#breadcrumb\"},\"inLanguage\":\"fr-FR\",\"potentialAction\":[{\"@type\":\"ReadAction\",\"target\":[\"https:\/\/vosgesinfo.fr\/gerardmerinfo\/2014\/11\/tennis-derniere-christian-aubry\/\"]}]},{\"@type\":\"ImageObject\",\"inLanguage\":\"fr-FR\",\"@id\":\"https:\/\/vosgesinfo.fr\/gerardmerinfo\/2014\/11\/tennis-derniere-christian-aubry\/#primaryimage\",\"url\":\"http:\/\/gerardmerinfo.fr\",\"contentUrl\":\"http:\/\/gerardmerinfo.fr\"},{\"@type\":\"BreadcrumbList\",\"@id\":\"https:\/\/vosgesinfo.fr\/gerardmerinfo\/2014\/11\/tennis-derniere-christian-aubry\/#breadcrumb\",\"itemListElement\":[{\"@type\":\"ListItem\",\"position\":1,\"name\":\"Home\",\"item\":\"https:\/\/vosgesinfo.fr\/gerardmerinfo\/\"},{\"@type\":\"ListItem\",\"position\":2,\"name\":\"Tennis : la derni\u00e8re de Christian Aubry\"}]},{\"@type\":\"WebSite\",\"@id\":\"https:\/\/vosgesinfo.fr\/gerardmerinfo\/#website\",\"url\":\"https:\/\/vosgesinfo.fr\/gerardmerinfo\/\",\"name\":\"Gerardmer Info\",\"description\":\"Toute l&#039;actualit\u00e9 de G\u00e9rardmer\",\"publisher\":{\"@id\":\"https:\/\/vosgesinfo.fr\/gerardmerinfo\/#organization\"},\"alternateName\":\"Toute l'actualit\u00e9 de G\u00e9rardmer\",\"potentialAction\":[{\"@type\":\"SearchAction\",\"target\":{\"@type\":\"EntryPoint\",\"urlTemplate\":\"https:\/\/vosgesinfo.fr\/gerardmerinfo\/?s={search_term_string}\"},\"query-input\":\"required name=search_term_string\"}],\"inLanguage\":\"fr-FR\"},{\"@type\":\"Organization\",\"@id\":\"https:\/\/vosgesinfo.fr\/gerardmerinfo\/#organization\",\"name\":\"Gerardmer Info\",\"url\":\"https:\/\/vosgesinfo.fr\/gerardmerinfo\/\",\"logo\":{\"@type\":\"ImageObject\",\"inLanguage\":\"fr-FR\",\"@id\":\"https:\/\/vosgesinfo.fr\/gerardmerinfo\/#\/schema\/logo\/image\/\",\"url\":\"https:\/\/vosgesinfo.fr\/app\/uploads\/sites\/6\/2023\/08\/favicon-gerardmerinfo.png\",\"contentUrl\":\"https:\/\/vosgesinfo.fr\/app\/uploads\/sites\/6\/2023\/08\/favicon-gerardmerinfo.png\",\"width\":512,\"height\":512,\"caption\":\"Gerardmer Info\"},\"image\":{\"@id\":\"https:\/\/vosgesinfo.fr\/gerardmerinfo\/#\/schema\/logo\/image\/\"},\"sameAs\":[\"https:\/\/www.facebook.com\/profile.php?id=100049475262660\",\"https:\/\/x.com\/VosgesInfo88\",\"https:\/\/www.youtube.com\/@vosgesinfo\"]},{\"@type\":\"Person\",\"@id\":\"https:\/\/vosgesinfo.fr\/gerardmerinfo\/#\/schema\/person\/db5605779a843dad16b5368f3e7613a5\",\"name\":\"QG\",\"image\":{\"@type\":\"ImageObject\",\"inLanguage\":\"fr-FR\",\"@id\":\"https:\/\/vosgesinfo.fr\/gerardmerinfo\/#\/schema\/person\/image\/\",\"url\":\"https:\/\/secure.gravatar.com\/avatar\/ea80c42c204b534408512832fde52504ecabb9706bcb6151cf6175e5b64e6793?s=96&d=mm&r=g\",\"contentUrl\":\"https:\/\/secure.gravatar.com\/avatar\/ea80c42c204b534408512832fde52504ecabb9706bcb6151cf6175e5b64e6793?s=96&d=mm&r=g\",\"caption\":\"QG\"},\"url\":\"https:\/\/vosgesinfo.fr\/gerardmerinfo\/author\/quentin88\/\"}]}<\/script>\n<!-- \/ Yoast SEO plugin. -->","yoast_head_json":{"title":"Tennis : la derni\u00e8re de Christian Aubry - Gerardmer Info","robots":{"index":"index","follow":"follow","max-snippet":"max-snippet:-1","max-image-preview":"max-image-preview:large","max-video-preview":"max-video-preview:-1"},"canonical":"https:\/\/vosgesinfo.fr\/gerardmerinfo\/2014\/11\/tennis-derniere-christian-aubry\/","twitter_card":"summary_large_image","twitter_title":"Tennis : la derni\u00e8re de Christian Aubry - Gerardmer Info","twitter_description":"&nbsp; Le pr\u00e9sident du TCG a tir\u00e9 sa r\u00e9v\u00e9rence \u00e0 l&rsquo;occasion de l&rsquo;assembl\u00e9e g\u00e9n\u00e9rale ordinaire du vendredi 6 novembre dernier. [&hellip;]","twitter_image":"http:\/\/gerardmerinfo.fr","twitter_creator":"@VosgesInfo88","twitter_site":"@VosgesInfo88","twitter_misc":{"\u00c9crit par":"QG","Dur\u00e9e de lecture estim\u00e9e":"4 minutes"},"schema":{"@context":"https:\/\/schema.org","@graph":[{"@type":"Article","@id":"https:\/\/vosgesinfo.fr\/gerardmerinfo\/2014\/11\/tennis-derniere-christian-aubry\/#article","isPartOf":{"@id":"https:\/\/vosgesinfo.fr\/gerardmerinfo\/2014\/11\/tennis-derniere-christian-aubry\/"},"author":{"name":"QG","@id":"https:\/\/vosgesinfo.fr\/gerardmerinfo\/#\/schema\/person\/db5605779a843dad16b5368f3e7613a5"},"headline":"Tennis : la derni\u00e8re de Christian Aubry","datePublished":"2014-11-08T20:18:07+00:00","dateModified":"2014-11-08T20:18:07+00:00","mainEntityOfPage":{"@id":"https:\/\/vosgesinfo.fr\/gerardmerinfo\/2014\/11\/tennis-derniere-christian-aubry\/"},"wordCount":866,"commentCount":0,"publisher":{"@id":"https:\/\/vosgesinfo.fr\/gerardmerinfo\/#organization"},"image":{"@id":"https:\/\/vosgesinfo.fr\/gerardmerinfo\/2014\/11\/tennis-derniere-christian-aubry\/#primaryimage"},"thumbnailUrl":"http:\/\/gerardmerinfo.fr","articleSection":["Sport"],"inLanguage":"fr-FR","potentialAction":[{"@type":"CommentAction","name":"Comment","target":["https:\/\/vosgesinfo.fr\/gerardmerinfo\/2014\/11\/tennis-derniere-christian-aubry\/#respond"]}]},{"@type":"WebPage","@id":"https:\/\/vosgesinfo.fr\/gerardmerinfo\/2014\/11\/tennis-derniere-christian-aubry\/","url":"https:\/\/vosgesinfo.fr\/gerardmerinfo\/2014\/11\/tennis-derniere-christian-aubry\/","name":"Tennis : la derni\u00e8re de Christian Aubry - Gerardmer Info","isPartOf":{"@id":"https:\/\/vosgesinfo.fr\/gerardmerinfo\/#website"},"primaryImageOfPage":{"@id":"https:\/\/vosgesinfo.fr\/gerardmerinfo\/2014\/11\/tennis-derniere-christian-aubry\/#primaryimage"},"image":{"@id":"https:\/\/vosgesinfo.fr\/gerardmerinfo\/2014\/11\/tennis-derniere-christian-aubry\/#primaryimage"},"thumbnailUrl":"http:\/\/gerardmerinfo.fr","datePublished":"2014-11-08T20:18:07+00:00","dateModified":"2014-11-08T20:18:07+00:00","breadcrumb":{"@id":"https:\/\/vosgesinfo.fr\/gerardmerinfo\/2014\/11\/tennis-derniere-christian-aubry\/#breadcrumb"},"inLanguage":"fr-FR","potentialAction":[{"@type":"ReadAction","target":["https:\/\/vosgesinfo.fr\/gerardmerinfo\/2014\/11\/tennis-derniere-christian-aubry\/"]}]},{"@type":"ImageObject","inLanguage":"fr-FR","@id":"https:\/\/vosgesinfo.fr\/gerardmerinfo\/2014\/11\/tennis-derniere-christian-aubry\/#primaryimage","url":"http:\/\/gerardmerinfo.fr","contentUrl":"http:\/\/gerardmerinfo.fr"},{"@type":"BreadcrumbList","@id":"https:\/\/vosgesinfo.fr\/gerardmerinfo\/2014\/11\/tennis-derniere-christian-aubry\/#breadcrumb","itemListElement":[{"@type":"ListItem","position":1,"name":"Home","item":"https:\/\/vosgesinfo.fr\/gerardmerinfo\/"},{"@type":"ListItem","position":2,"name":"Tennis : la derni\u00e8re de Christian Aubry"}]},{"@type":"WebSite","@id":"https:\/\/vosgesinfo.fr\/gerardmerinfo\/#website","url":"https:\/\/vosgesinfo.fr\/gerardmerinfo\/","name":"Gerardmer Info","description":"Toute l&#039;actualit\u00e9 de G\u00e9rardmer","publisher":{"@id":"https:\/\/vosgesinfo.fr\/gerardmerinfo\/#organization"},"alternateName":"Toute l'actualit\u00e9 de G\u00e9rardmer","potentialAction":[{"@type":"SearchAction","target":{"@type":"EntryPoint","urlTemplate":"https:\/\/vosgesinfo.fr\/gerardmerinfo\/?s={search_term_string}"},"query-input":"required name=search_term_string"}],"inLanguage":"fr-FR"},{"@type":"Organization","@id":"https:\/\/vosgesinfo.fr\/gerardmerinfo\/#organization","name":"Gerardmer Info","url":"https:\/\/vosgesinfo.fr\/gerardmerinfo\/","logo":{"@type":"ImageObject","inLanguage":"fr-FR","@id":"https:\/\/vosgesinfo.fr\/gerardmerinfo\/#\/schema\/logo\/image\/","url":"https:\/\/vosgesinfo.fr\/app\/uploads\/sites\/6\/2023\/08\/favicon-gerardmerinfo.png","contentUrl":"https:\/\/vosgesinfo.fr\/app\/uploads\/sites\/6\/2023\/08\/favicon-gerardmerinfo.png","width":512,"height":512,"caption":"Gerardmer Info"},"image":{"@id":"https:\/\/vosgesinfo.fr\/gerardmerinfo\/#\/schema\/logo\/image\/"},"sameAs":["https:\/\/www.facebook.com\/profile.php?id=100049475262660","https:\/\/x.com\/VosgesInfo88","https:\/\/www.youtube.com\/@vosgesinfo"]},{"@type":"Person","@id":"https:\/\/vosgesinfo.fr\/gerardmerinfo\/#\/schema\/person\/db5605779a843dad16b5368f3e7613a5","name":"QG","image":{"@type":"ImageObject","inLanguage":"fr-FR","@id":"https:\/\/vosgesinfo.fr\/gerardmerinfo\/#\/schema\/person\/image\/","url":"https:\/\/secure.gravatar.com\/avatar\/ea80c42c204b534408512832fde52504ecabb9706bcb6151cf6175e5b64e6793?s=96&d=mm&r=g","contentUrl":"https:\/\/secure.gravatar.com\/avatar\/ea80c42c204b534408512832fde52504ecabb9706bcb6151cf6175e5b64e6793?s=96&d=mm&r=g","caption":"QG"},"url":"https:\/\/vosgesinfo.fr\/gerardmerinfo\/author\/quentin88\/"}]}},"_links":{"self":[{"href":"https:\/\/vosgesinfo.fr\/gerardmerinfo\/wp-json\/wp\/v2\/posts\/11926","targetHints":{"allow":["GET"]}}],"collection":[{"href":"https:\/\/vosgesinfo.fr\/gerardmerinfo\/wp-json\/wp\/v2\/posts"}],"about":[{"href":"https:\/\/vosgesinfo.fr\/gerardmerinfo\/wp-json\/wp\/v2\/types\/post"}],"author":[{"embeddable":true,"href":"https:\/\/vosgesinfo.fr\/gerardmerinfo\/wp-json\/wp\/v2\/users\/42"}],"replies":[{"embeddable":true,"href":"https:\/\/vosgesinfo.fr\/gerardmerinfo\/wp-json\/wp\/v2\/comments?post=11926"}],"version-history":[{"count":0,"href":"https:\/\/vosgesinfo.fr\/gerardmerinfo\/wp-json\/wp\/v2\/posts\/11926\/revisions"}],"wp:attachment":[{"href":"https:\/\/vosgesinfo.fr\/gerardmerinfo\/wp-json\/wp\/v2\/media?parent=11926"}],"wp:term":[{"taxonomy":"category","embeddable":true,"href":"https:\/\/vosgesinfo.fr\/gerardmerinfo\/wp-json\/wp\/v2\/categories?post=11926"},{"taxonomy":"post_tag","embeddable":true,"href":"https:\/\/vosgesinfo.fr\/gerardmerinfo\/wp-json\/wp\/v2\/tags?post=11926"}],"curies":[{"name":"wp","href":"https:\/\/api.w.org\/{rel}","templated":true}]}}