{"id":12052,"date":"2014-12-16T17:59:45","date_gmt":"2014-12-16T16:59:45","guid":{"rendered":"https:\/\/vosgesinfo.fr\/gerardmerinfo\/2014\/12\/saison-culturelle-chaque-mois-un-spectacle\/"},"modified":"2014-12-16T17:59:45","modified_gmt":"2014-12-16T16:59:45","slug":"saison-culturelle-chaque-mois-un-spectacle","status":"publish","type":"post","link":"https:\/\/vosgesinfo.fr\/gerardmerinfo\/2014\/12\/saison-culturelle-chaque-mois-un-spectacle\/","title":{"rendered":"Saison Culturelle : chaque mois un spectacle !"},"content":{"rendered":"<p>[youtube]http:\/\/youtu.be\/0hClBJGwhgQ[\/youtube]<\/p>\n<p><strong>Samedi soir, \u00e0 l&rsquo;occasion de la derni\u00e8re repr\u00e9sentation de l&rsquo;ann\u00e9e dans le cadre de la Saison Culturelle 2014, le public pr\u00e9sent a eu le droit \u00e0 un petit avant-go\u00fbt de ce qui l&rsquo;attend en 2015. Une mise en bouche lanc\u00e9e par l&rsquo;intervention de l&rsquo;adjointe \u00e0 la Culture Anne Chwaliszewski (voir vid\u00e9o).<\/strong><\/p>\n<div id=\"attachment_44002\" style=\"width: 310px\" class=\"wp-caption alignright\"><a href=\"http:\/\/gerardmerinfo.fr\"><img decoding=\"async\" aria-describedby=\"caption-attachment-44002\" class=\"size-medium wp-image-44002\" src=\"http:\/\/gerardmerinfo.fr\" alt=\"Une Saison qui s'annonce palpitante, le directeur de la MCL St\u00e9phane Lepoil et la commission charg\u00e9e de la programmation n'en doutent pas une seconde\" width=\"300\" height=\"225\" \/><\/a><p id=\"caption-attachment-44002\" class=\"wp-caption-text\">Une Saison qui s&rsquo;annonce palpitante, le directeur de la MCL St\u00e9phane Lepoil et la commission charg\u00e9e de la programmation n&rsquo;en doutent pas une seconde<\/p><\/div>\n<p>Et vous n&rsquo;aurez pas \u00e0 attendre bien longtemps avant d&rsquo;entrer dans le vif du sujet de cette nouvelle \u00e9dition de la Saison Culturelle de la Ville de G\u00e9rardmer puisque le premier rendez-vous est fix\u00e9 au 4 janvier prochain avec une retransmission du \u00ab\u00a0Barbier de S\u00e9ville\u00a0\u00bb depuis l&rsquo;Op\u00e9ra de Paris, rien de moins\u00a0! Car, comme l&rsquo;a rappel\u00e9 le directeur de la MCL St\u00e9phane Lepoil, le premier mois de l&rsquo;ann\u00e9e 2015 sera plac\u00e9 sous le signe de l&rsquo;op\u00e9ra.<\/p>\n<p>Quoi de mieux que de d\u00e9marrer en fanfare avec l&rsquo;une des \u00ab\u00a0Op\u00e9ras bouffes\u00a0\u00bb les plus c\u00e9l\u00e8bres\u00a0? De plus, la Saison Culturelle vous proposera un entracte comme \u00e0 l&rsquo;Op\u00e9ra histoire de vous d\u00e9gourdir les jambes et profiter d&rsquo;un buffet autour de la galette des rois, ce sera de saison&#8230; Franchement, que demandez de plus\u00a0? H\u00e9 bien d&rsquo;autres rendez-vous sur le th\u00e8me de l&rsquo;op\u00e9ra bien entendu, sans oublier la formule op\u00e9ra-bus \u00e0 d\u00e9couvrir sur le site de la MCL.<\/p>\n<div id=\"attachment_44003\" style=\"width: 310px\" class=\"wp-caption alignleft\"><a href=\"http:\/\/gerardmerinfo.fr\"><img decoding=\"async\" aria-describedby=\"caption-attachment-44003\" class=\"size-medium wp-image-44003\" src=\"http:\/\/gerardmerinfo.fr\" alt=\"Le public a d\u00e9couvert ce qu'i l'attende en 2015 \u00e0 travers une petit &quot;teaser&quot; et une \u00e9change avec la commission de programmation et les partenaires de la Saison culturelle\" width=\"300\" height=\"225\" \/><\/a><p id=\"caption-attachment-44003\" class=\"wp-caption-text\">Le public a d\u00e9couvert ce qui l&rsquo;attend en 2015 \u00e0 travers une petit \u00ab\u00a0teaser\u00a0\u00bb et un \u00e9change avec la commission de programmation et les partenaires de la Saison culturelle<\/p><\/div>\n<p>La saison Culturelle, c&rsquo;est aussi de la musique comme vous le savez sans doute. Musique avec l\u2019\u00c9cole de Musique, partenaire de la saison qui vous proposera de tr\u00e8s nombreux rendez-vous tout au long de l&rsquo;ann\u00e9e, et musique avec des artistes de renomm\u00e9e nationale voir internationale qui qui se produisent \u00e0 G\u00e9rardmer et dans le secteur. En 2015, vous aurez le plaisir d&rsquo;aller acclamer Daran et Vincent Delerm, le second se produisant \u00e0 la Rotonde de Thaon.<\/p>\n<p>Pour Daran, ce sera donc un retour en perle des Vosges apr\u00e8s un concert m\u00e9morable au Caf&rsquo;Conc&rsquo; de la MCL il y a un peu plus d&rsquo;un an. Cette fois, il sera simplement accompagn\u00e9 de sa guitare, son harmonica et une dessinatrice faisant de ce show un \u00ab\u00a0concert-anim\u00e9\u00a0\u00bb en inter-agissant \u00e0 l&rsquo;aide d&rsquo;\u00e9l\u00e9ments film\u00e9s&#8230; Cerise sur le g\u00e2teau,<span style=\"color: #000000;\"><span style=\"font-family: 'Times New Roman', serif;\"><span style=\"font-size: medium;\"> e<\/span><\/span><\/span><span style=\"color: #000000;\"><span style=\"font-family: 'Times New Roman', serif;\"><span style=\"font-size: medium;\">n amorce du spectacle de Daran, la MCL vous propose une rencontre \u00e0 la m\u00e9diath\u00e8que avec Pierre-Yves Lebert, auteur des chansons de Daran (mais \u00e9galement auteur pour Maurane, Johnny Hallyday, Axel Bauer\u2026).<\/span><\/span><\/span><\/p>\n<p>La MCL sait s&rsquo;entourer. S&rsquo;entourer de valeureux partenaires dont fait entre autre partie la Ludoth\u00e8que de G\u00e9rardmer. De plus en plus active, cette derni\u00e8re vous proposera deux soir\u00e9es jeux exceptionnelles avec notamment une petite \u00ab\u00a0Murder Party\u00a0\u00bb. Comprenez une sorte de Cluedo G\u00e9ant, de jeux de r\u00f4le grandeur nature o\u00f9 il vous faudra r\u00e9soudre une \u00e9nigme en incarnant l&rsquo;un des <span style=\"font-size: medium;\">protagonistes de l&rsquo;histoire\/enqu\u00eate&#8230; Laissez-vous tenter\u00a0!<\/span><\/p>\n<p><span style=\"font-size: medium;\">Au rayon des nouveaut\u00e9s toujours, notez bien la date du 6 juin 2015 avec une premi\u00e8re Sc\u00e8ne Ouverte One Man Show \u00e0 la MC<\/span><span style=\"color: #000000;\"><span style=\"font-family: 'Times New Roman', serif;\"><span style=\"font-size: medium;\">L qui <\/span><\/span><\/span><span style=\"color: #000000;\"><span style=\"font-family: 'Times New Roman', serif;\"><span style=\"font-size: medium;\">vous proposera de d\u00e9couvrir les neuf meilleurs jeunes talents lorrains et alsaciens du Stand-Up et du One Man Show. Au fil de ce spectacle en deux parties, ces artistes vous amusent et vous divertissent. Il y en aura pour tous les go\u00fbts, tous les humours, tous les d\u00e9lires\u2026 Remportant les suffrages d\u2019un jury de professionnels et du public, le meilleur artiste se verra r\u00e9compens\u00e9 et assurera la premi\u00e8re partie du dernier spectacle de la saison \u00ab\u00a0Monologue avec Valise\u00a0\u00bb, en d\u00e9cembre 2015.<\/span><\/span><\/span><\/p>\n<p><span style=\"color: #000000;\"><span style=\"font-family: 'Times New Roman', serif;\"><span style=\"font-size: medium;\">Ceci n&rsquo;est bien entendu qu&rsquo;un petit aper\u00e7u de ce qui va se tramer tout au long de l&rsquo;ann\u00e9e. Pour en savoir plus, vous pouvez aller faire un petit tour sur le site de la MCL de G\u00e9rardmer, rubrique \u00ab\u00a0saison culturelle\u00a0\u00bb, ou vous procurer le petit livret qui vient tout juste d&rsquo;\u00eatre \u00e9dit\u00e9. Il est gratuit et disponible \u00e0 la MCL, l&rsquo;Office de Tourisme, la mairie de G\u00e9rardmer etc&#8230;\u00a0<\/span><\/span><\/span><\/p>\n","protected":false},"excerpt":{"rendered":"<p>[youtube]http:\/\/youtu.be\/0hClBJGwhgQ[\/youtube] Samedi soir, \u00e0 l&rsquo;occasion de la derni\u00e8re repr\u00e9sentation de l&rsquo;ann\u00e9e dans le cadre de la Saison Culturelle 2014, le [&hellip;]<\/p>\n","protected":false},"author":42,"featured_media":0,"comment_status":"open","ping_status":"open","sticky":false,"template":"","format":"standard","meta":{"footnotes":""},"categories":[34,4],"tags":[],"class_list":["post-12052","post","type-post","status-publish","format-standard","hentry","category-concert","category-culture"],"acf":[],"yoast_head":"<!-- This site is optimized with the Yoast SEO plugin v22.5 - https:\/\/yoast.com\/wordpress\/plugins\/seo\/ -->\n<title>Saison Culturelle : chaque mois un spectacle ! - Gerardmer Info<\/title>\n<meta name=\"robots\" content=\"index, follow, max-snippet:-1, max-image-preview:large, max-video-preview:-1\" \/>\n<link rel=\"canonical\" href=\"https:\/\/vosgesinfo.fr\/gerardmerinfo\/2014\/12\/saison-culturelle-chaque-mois-un-spectacle\/\" \/>\n<meta name=\"twitter:card\" content=\"summary_large_image\" \/>\n<meta name=\"twitter:title\" content=\"Saison Culturelle : chaque mois un spectacle ! - Gerardmer Info\" \/>\n<meta name=\"twitter:description\" content=\"[youtube]http:\/\/youtu.be\/0hClBJGwhgQ[\/youtube] Samedi soir, \u00e0 l&rsquo;occasion de la derni\u00e8re repr\u00e9sentation de l&rsquo;ann\u00e9e dans le cadre de la Saison Culturelle 2014, le [&hellip;]\" \/>\n<meta name=\"twitter:image\" content=\"http:\/\/gerardmerinfo.fr\" \/>\n<meta name=\"twitter:creator\" content=\"@VosgesInfo88\" \/>\n<meta name=\"twitter:site\" content=\"@VosgesInfo88\" \/>\n<meta name=\"twitter:label1\" content=\"\u00c9crit par\" \/>\n\t<meta name=\"twitter:data1\" content=\"QG\" \/>\n\t<meta name=\"twitter:label2\" content=\"Dur\u00e9e de lecture estim\u00e9e\" \/>\n\t<meta name=\"twitter:data2\" content=\"4 minutes\" \/>\n<script type=\"application\/ld+json\" class=\"yoast-schema-graph\">{\"@context\":\"https:\/\/schema.org\",\"@graph\":[{\"@type\":\"Article\",\"@id\":\"https:\/\/vosgesinfo.fr\/gerardmerinfo\/2014\/12\/saison-culturelle-chaque-mois-un-spectacle\/#article\",\"isPartOf\":{\"@id\":\"https:\/\/vosgesinfo.fr\/gerardmerinfo\/2014\/12\/saison-culturelle-chaque-mois-un-spectacle\/\"},\"author\":{\"name\":\"QG\",\"@id\":\"https:\/\/vosgesinfo.fr\/gerardmerinfo\/#\/schema\/person\/db5605779a843dad16b5368f3e7613a5\"},\"headline\":\"Saison Culturelle : chaque mois un spectacle !\",\"datePublished\":\"2014-12-16T16:59:45+00:00\",\"dateModified\":\"2014-12-16T16:59:45+00:00\",\"mainEntityOfPage\":{\"@id\":\"https:\/\/vosgesinfo.fr\/gerardmerinfo\/2014\/12\/saison-culturelle-chaque-mois-un-spectacle\/\"},\"wordCount\":763,\"commentCount\":0,\"publisher\":{\"@id\":\"https:\/\/vosgesinfo.fr\/gerardmerinfo\/#organization\"},\"image\":{\"@id\":\"https:\/\/vosgesinfo.fr\/gerardmerinfo\/2014\/12\/saison-culturelle-chaque-mois-un-spectacle\/#primaryimage\"},\"thumbnailUrl\":\"http:\/\/gerardmerinfo.fr\",\"articleSection\":[\"Concert\",\"Culture\"],\"inLanguage\":\"fr-FR\",\"potentialAction\":[{\"@type\":\"CommentAction\",\"name\":\"Comment\",\"target\":[\"https:\/\/vosgesinfo.fr\/gerardmerinfo\/2014\/12\/saison-culturelle-chaque-mois-un-spectacle\/#respond\"]}]},{\"@type\":\"WebPage\",\"@id\":\"https:\/\/vosgesinfo.fr\/gerardmerinfo\/2014\/12\/saison-culturelle-chaque-mois-un-spectacle\/\",\"url\":\"https:\/\/vosgesinfo.fr\/gerardmerinfo\/2014\/12\/saison-culturelle-chaque-mois-un-spectacle\/\",\"name\":\"Saison Culturelle : chaque mois un spectacle ! - Gerardmer Info\",\"isPartOf\":{\"@id\":\"https:\/\/vosgesinfo.fr\/gerardmerinfo\/#website\"},\"primaryImageOfPage\":{\"@id\":\"https:\/\/vosgesinfo.fr\/gerardmerinfo\/2014\/12\/saison-culturelle-chaque-mois-un-spectacle\/#primaryimage\"},\"image\":{\"@id\":\"https:\/\/vosgesinfo.fr\/gerardmerinfo\/2014\/12\/saison-culturelle-chaque-mois-un-spectacle\/#primaryimage\"},\"thumbnailUrl\":\"http:\/\/gerardmerinfo.fr\",\"datePublished\":\"2014-12-16T16:59:45+00:00\",\"dateModified\":\"2014-12-16T16:59:45+00:00\",\"breadcrumb\":{\"@id\":\"https:\/\/vosgesinfo.fr\/gerardmerinfo\/2014\/12\/saison-culturelle-chaque-mois-un-spectacle\/#breadcrumb\"},\"inLanguage\":\"fr-FR\",\"potentialAction\":[{\"@type\":\"ReadAction\",\"target\":[\"https:\/\/vosgesinfo.fr\/gerardmerinfo\/2014\/12\/saison-culturelle-chaque-mois-un-spectacle\/\"]}]},{\"@type\":\"ImageObject\",\"inLanguage\":\"fr-FR\",\"@id\":\"https:\/\/vosgesinfo.fr\/gerardmerinfo\/2014\/12\/saison-culturelle-chaque-mois-un-spectacle\/#primaryimage\",\"url\":\"http:\/\/gerardmerinfo.fr\",\"contentUrl\":\"http:\/\/gerardmerinfo.fr\"},{\"@type\":\"BreadcrumbList\",\"@id\":\"https:\/\/vosgesinfo.fr\/gerardmerinfo\/2014\/12\/saison-culturelle-chaque-mois-un-spectacle\/#breadcrumb\",\"itemListElement\":[{\"@type\":\"ListItem\",\"position\":1,\"name\":\"Home\",\"item\":\"https:\/\/vosgesinfo.fr\/gerardmerinfo\/\"},{\"@type\":\"ListItem\",\"position\":2,\"name\":\"Saison Culturelle : chaque mois un spectacle !\"}]},{\"@type\":\"WebSite\",\"@id\":\"https:\/\/vosgesinfo.fr\/gerardmerinfo\/#website\",\"url\":\"https:\/\/vosgesinfo.fr\/gerardmerinfo\/\",\"name\":\"Gerardmer Info\",\"description\":\"Toute l&#039;actualit\u00e9 de G\u00e9rardmer\",\"publisher\":{\"@id\":\"https:\/\/vosgesinfo.fr\/gerardmerinfo\/#organization\"},\"alternateName\":\"Toute l'actualit\u00e9 de G\u00e9rardmer\",\"potentialAction\":[{\"@type\":\"SearchAction\",\"target\":{\"@type\":\"EntryPoint\",\"urlTemplate\":\"https:\/\/vosgesinfo.fr\/gerardmerinfo\/?s={search_term_string}\"},\"query-input\":\"required name=search_term_string\"}],\"inLanguage\":\"fr-FR\"},{\"@type\":\"Organization\",\"@id\":\"https:\/\/vosgesinfo.fr\/gerardmerinfo\/#organization\",\"name\":\"Gerardmer Info\",\"url\":\"https:\/\/vosgesinfo.fr\/gerardmerinfo\/\",\"logo\":{\"@type\":\"ImageObject\",\"inLanguage\":\"fr-FR\",\"@id\":\"https:\/\/vosgesinfo.fr\/gerardmerinfo\/#\/schema\/logo\/image\/\",\"url\":\"https:\/\/vosgesinfo.fr\/app\/uploads\/sites\/6\/2023\/08\/favicon-gerardmerinfo.png\",\"contentUrl\":\"https:\/\/vosgesinfo.fr\/app\/uploads\/sites\/6\/2023\/08\/favicon-gerardmerinfo.png\",\"width\":512,\"height\":512,\"caption\":\"Gerardmer Info\"},\"image\":{\"@id\":\"https:\/\/vosgesinfo.fr\/gerardmerinfo\/#\/schema\/logo\/image\/\"},\"sameAs\":[\"https:\/\/www.facebook.com\/profile.php?id=100049475262660\",\"https:\/\/x.com\/VosgesInfo88\",\"https:\/\/www.youtube.com\/@vosgesinfo\"]},{\"@type\":\"Person\",\"@id\":\"https:\/\/vosgesinfo.fr\/gerardmerinfo\/#\/schema\/person\/db5605779a843dad16b5368f3e7613a5\",\"name\":\"QG\",\"image\":{\"@type\":\"ImageObject\",\"inLanguage\":\"fr-FR\",\"@id\":\"https:\/\/vosgesinfo.fr\/gerardmerinfo\/#\/schema\/person\/image\/\",\"url\":\"https:\/\/secure.gravatar.com\/avatar\/ea80c42c204b534408512832fde52504ecabb9706bcb6151cf6175e5b64e6793?s=96&d=mm&r=g\",\"contentUrl\":\"https:\/\/secure.gravatar.com\/avatar\/ea80c42c204b534408512832fde52504ecabb9706bcb6151cf6175e5b64e6793?s=96&d=mm&r=g\",\"caption\":\"QG\"},\"url\":\"https:\/\/vosgesinfo.fr\/gerardmerinfo\/author\/quentin88\/\"}]}<\/script>\n<!-- \/ Yoast SEO plugin. -->","yoast_head_json":{"title":"Saison Culturelle : chaque mois un spectacle ! - Gerardmer Info","robots":{"index":"index","follow":"follow","max-snippet":"max-snippet:-1","max-image-preview":"max-image-preview:large","max-video-preview":"max-video-preview:-1"},"canonical":"https:\/\/vosgesinfo.fr\/gerardmerinfo\/2014\/12\/saison-culturelle-chaque-mois-un-spectacle\/","twitter_card":"summary_large_image","twitter_title":"Saison Culturelle : chaque mois un spectacle ! - Gerardmer Info","twitter_description":"[youtube]http:\/\/youtu.be\/0hClBJGwhgQ[\/youtube] Samedi soir, \u00e0 l&rsquo;occasion de la derni\u00e8re repr\u00e9sentation de l&rsquo;ann\u00e9e dans le cadre de la Saison Culturelle 2014, le [&hellip;]","twitter_image":"http:\/\/gerardmerinfo.fr","twitter_creator":"@VosgesInfo88","twitter_site":"@VosgesInfo88","twitter_misc":{"\u00c9crit par":"QG","Dur\u00e9e de lecture estim\u00e9e":"4 minutes"},"schema":{"@context":"https:\/\/schema.org","@graph":[{"@type":"Article","@id":"https:\/\/vosgesinfo.fr\/gerardmerinfo\/2014\/12\/saison-culturelle-chaque-mois-un-spectacle\/#article","isPartOf":{"@id":"https:\/\/vosgesinfo.fr\/gerardmerinfo\/2014\/12\/saison-culturelle-chaque-mois-un-spectacle\/"},"author":{"name":"QG","@id":"https:\/\/vosgesinfo.fr\/gerardmerinfo\/#\/schema\/person\/db5605779a843dad16b5368f3e7613a5"},"headline":"Saison Culturelle : chaque mois un spectacle !","datePublished":"2014-12-16T16:59:45+00:00","dateModified":"2014-12-16T16:59:45+00:00","mainEntityOfPage":{"@id":"https:\/\/vosgesinfo.fr\/gerardmerinfo\/2014\/12\/saison-culturelle-chaque-mois-un-spectacle\/"},"wordCount":763,"commentCount":0,"publisher":{"@id":"https:\/\/vosgesinfo.fr\/gerardmerinfo\/#organization"},"image":{"@id":"https:\/\/vosgesinfo.fr\/gerardmerinfo\/2014\/12\/saison-culturelle-chaque-mois-un-spectacle\/#primaryimage"},"thumbnailUrl":"http:\/\/gerardmerinfo.fr","articleSection":["Concert","Culture"],"inLanguage":"fr-FR","potentialAction":[{"@type":"CommentAction","name":"Comment","target":["https:\/\/vosgesinfo.fr\/gerardmerinfo\/2014\/12\/saison-culturelle-chaque-mois-un-spectacle\/#respond"]}]},{"@type":"WebPage","@id":"https:\/\/vosgesinfo.fr\/gerardmerinfo\/2014\/12\/saison-culturelle-chaque-mois-un-spectacle\/","url":"https:\/\/vosgesinfo.fr\/gerardmerinfo\/2014\/12\/saison-culturelle-chaque-mois-un-spectacle\/","name":"Saison Culturelle : chaque mois un spectacle ! - Gerardmer Info","isPartOf":{"@id":"https:\/\/vosgesinfo.fr\/gerardmerinfo\/#website"},"primaryImageOfPage":{"@id":"https:\/\/vosgesinfo.fr\/gerardmerinfo\/2014\/12\/saison-culturelle-chaque-mois-un-spectacle\/#primaryimage"},"image":{"@id":"https:\/\/vosgesinfo.fr\/gerardmerinfo\/2014\/12\/saison-culturelle-chaque-mois-un-spectacle\/#primaryimage"},"thumbnailUrl":"http:\/\/gerardmerinfo.fr","datePublished":"2014-12-16T16:59:45+00:00","dateModified":"2014-12-16T16:59:45+00:00","breadcrumb":{"@id":"https:\/\/vosgesinfo.fr\/gerardmerinfo\/2014\/12\/saison-culturelle-chaque-mois-un-spectacle\/#breadcrumb"},"inLanguage":"fr-FR","potentialAction":[{"@type":"ReadAction","target":["https:\/\/vosgesinfo.fr\/gerardmerinfo\/2014\/12\/saison-culturelle-chaque-mois-un-spectacle\/"]}]},{"@type":"ImageObject","inLanguage":"fr-FR","@id":"https:\/\/vosgesinfo.fr\/gerardmerinfo\/2014\/12\/saison-culturelle-chaque-mois-un-spectacle\/#primaryimage","url":"http:\/\/gerardmerinfo.fr","contentUrl":"http:\/\/gerardmerinfo.fr"},{"@type":"BreadcrumbList","@id":"https:\/\/vosgesinfo.fr\/gerardmerinfo\/2014\/12\/saison-culturelle-chaque-mois-un-spectacle\/#breadcrumb","itemListElement":[{"@type":"ListItem","position":1,"name":"Home","item":"https:\/\/vosgesinfo.fr\/gerardmerinfo\/"},{"@type":"ListItem","position":2,"name":"Saison Culturelle : chaque mois un spectacle !"}]},{"@type":"WebSite","@id":"https:\/\/vosgesinfo.fr\/gerardmerinfo\/#website","url":"https:\/\/vosgesinfo.fr\/gerardmerinfo\/","name":"Gerardmer Info","description":"Toute l&#039;actualit\u00e9 de G\u00e9rardmer","publisher":{"@id":"https:\/\/vosgesinfo.fr\/gerardmerinfo\/#organization"},"alternateName":"Toute l'actualit\u00e9 de G\u00e9rardmer","potentialAction":[{"@type":"SearchAction","target":{"@type":"EntryPoint","urlTemplate":"https:\/\/vosgesinfo.fr\/gerardmerinfo\/?s={search_term_string}"},"query-input":"required name=search_term_string"}],"inLanguage":"fr-FR"},{"@type":"Organization","@id":"https:\/\/vosgesinfo.fr\/gerardmerinfo\/#organization","name":"Gerardmer Info","url":"https:\/\/vosgesinfo.fr\/gerardmerinfo\/","logo":{"@type":"ImageObject","inLanguage":"fr-FR","@id":"https:\/\/vosgesinfo.fr\/gerardmerinfo\/#\/schema\/logo\/image\/","url":"https:\/\/vosgesinfo.fr\/app\/uploads\/sites\/6\/2023\/08\/favicon-gerardmerinfo.png","contentUrl":"https:\/\/vosgesinfo.fr\/app\/uploads\/sites\/6\/2023\/08\/favicon-gerardmerinfo.png","width":512,"height":512,"caption":"Gerardmer Info"},"image":{"@id":"https:\/\/vosgesinfo.fr\/gerardmerinfo\/#\/schema\/logo\/image\/"},"sameAs":["https:\/\/www.facebook.com\/profile.php?id=100049475262660","https:\/\/x.com\/VosgesInfo88","https:\/\/www.youtube.com\/@vosgesinfo"]},{"@type":"Person","@id":"https:\/\/vosgesinfo.fr\/gerardmerinfo\/#\/schema\/person\/db5605779a843dad16b5368f3e7613a5","name":"QG","image":{"@type":"ImageObject","inLanguage":"fr-FR","@id":"https:\/\/vosgesinfo.fr\/gerardmerinfo\/#\/schema\/person\/image\/","url":"https:\/\/secure.gravatar.com\/avatar\/ea80c42c204b534408512832fde52504ecabb9706bcb6151cf6175e5b64e6793?s=96&d=mm&r=g","contentUrl":"https:\/\/secure.gravatar.com\/avatar\/ea80c42c204b534408512832fde52504ecabb9706bcb6151cf6175e5b64e6793?s=96&d=mm&r=g","caption":"QG"},"url":"https:\/\/vosgesinfo.fr\/gerardmerinfo\/author\/quentin88\/"}]}},"_links":{"self":[{"href":"https:\/\/vosgesinfo.fr\/gerardmerinfo\/wp-json\/wp\/v2\/posts\/12052","targetHints":{"allow":["GET"]}}],"collection":[{"href":"https:\/\/vosgesinfo.fr\/gerardmerinfo\/wp-json\/wp\/v2\/posts"}],"about":[{"href":"https:\/\/vosgesinfo.fr\/gerardmerinfo\/wp-json\/wp\/v2\/types\/post"}],"author":[{"embeddable":true,"href":"https:\/\/vosgesinfo.fr\/gerardmerinfo\/wp-json\/wp\/v2\/users\/42"}],"replies":[{"embeddable":true,"href":"https:\/\/vosgesinfo.fr\/gerardmerinfo\/wp-json\/wp\/v2\/comments?post=12052"}],"version-history":[{"count":0,"href":"https:\/\/vosgesinfo.fr\/gerardmerinfo\/wp-json\/wp\/v2\/posts\/12052\/revisions"}],"wp:attachment":[{"href":"https:\/\/vosgesinfo.fr\/gerardmerinfo\/wp-json\/wp\/v2\/media?parent=12052"}],"wp:term":[{"taxonomy":"category","embeddable":true,"href":"https:\/\/vosgesinfo.fr\/gerardmerinfo\/wp-json\/wp\/v2\/categories?post=12052"},{"taxonomy":"post_tag","embeddable":true,"href":"https:\/\/vosgesinfo.fr\/gerardmerinfo\/wp-json\/wp\/v2\/tags?post=12052"}],"curies":[{"name":"wp","href":"https:\/\/api.w.org\/{rel}","templated":true}]}}