{"id":12092,"date":"2014-12-30T18:42:57","date_gmt":"2014-12-30T17:42:57","guid":{"rendered":"https:\/\/vosgesinfo.fr\/gerardmerinfo\/2014\/12\/concert-memorable-st-barthelemy-video\/"},"modified":"2014-12-30T18:42:57","modified_gmt":"2014-12-30T17:42:57","slug":"concert-memorable-st-barthelemy-video","status":"publish","type":"post","link":"https:\/\/vosgesinfo.fr\/gerardmerinfo\/2014\/12\/concert-memorable-st-barthelemy-video\/","title":{"rendered":"Concert m\u00e9morable \u00e0 St Barth\u00e9l\u00e9my (vid\u00e9o)"},"content":{"rendered":"<p>[youtube]http:\/\/youtu.be\/5zeuxz94nhA[\/youtube]<\/p>\n<p><b>Samedi soir, l&rsquo;\u00e9glise Saint Barth\u00e9l\u00e9my avait le plaisir d&rsquo;accueillir le Ch\u0153ur de la Soci\u00e9t\u00e9 Philharmonique de Saint-P\u00e9tersbourg dirig\u00e9 par Yulia Khutoretskaya. Un concert de tr\u00e8s haute vol\u00e9e qui aurait m\u00e9rit\u00e9 une audience un peu plus cons\u00e9quente&#8230; Mais il fallait bien que la neige arrive un jour\u00a0!<\/b><\/p>\n<p><a href=\"http:\/\/gerardmerinfo.fr\"><img decoding=\"async\" class=\"alignright size-medium wp-image-44644\" src=\"http:\/\/gerardmerinfo.fr\" alt=\"IMG_9106-WEB\" width=\"300\" height=\"225\" \/><\/a>En effet, l&rsquo;association des Concerts Saint Barth\u00e9l\u00e9my avait d\u00e9cid\u00e9 de mettre les petits plats dans les grands pour proposer un concert de No\u00ebl original et surtout de qualit\u00e9. Cette ann\u00e9e encore, le pr\u00e9sident Philippe Fondard et ses amis n&rsquo;ont pas h\u00e9sit\u00e9 \u00e0 faire confiance \u00e0 la Toison d&rsquo;Art qui a <span style=\"font-size: medium;\">l&rsquo;habitude faire tourner dans l&rsquo;hexagone des formations sp\u00e9cialis\u00e9es dans la<\/span> <span style=\"color: #000000;\"><span style=\"font-family: 'Times New Roman', serif;\"><span style=\"font-size: medium;\">musique vocale et plus particuli\u00e8rement la musique sacr\u00e9e.<\/span><\/span><\/span><\/p>\n<p><span style=\"color: #000000;\"><span style=\"font-family: 'Times New Roman', serif;\"><span style=\"font-size: medium;\"><a href=\"http:\/\/gerardmerinfo.fr\"><img decoding=\"async\" class=\"alignright size-medium wp-image-44645\" src=\"http:\/\/gerardmerinfo.fr\" alt=\"IMG_9117-WEB\" width=\"300\" height=\"225\" \/><\/a>Samedi soir, apr\u00e8s avoir d\u00e9j\u00e0 assur\u00e9 plusieurs dates en France (Paris, Annecy, Strasbourg, Metz etc&#8230;), le Ch\u0153ur de la Soci\u00e9t\u00e9 Philharmonique de Saint-P\u00e9tersbourg se pr\u00e9sentait ainsi \u00e0 l&rsquo;\u00e9glise de la Perle des Vosges avec, comme toujours, la ferme intention de donner le meilleur de lui-m\u00eame, la pl\u00e9nitude de son talent. Et ce fut pr\u00e9cis\u00e9ment le cas, et ce en d\u00e9pit d&rsquo;un public forc\u00e9ment un peu restreint en raison des importantes chutes de neige qui se sont abattues samedi soir dans le secteur.<\/span><\/span><\/span><\/p>\n<p><span style=\"color: #000000;\"><span style=\"font-family: 'Times New Roman', serif;\"><span style=\"font-size: medium;\">Une centaine d&rsquo;amateurs avait n\u00e9anmoins brav\u00e9 les intemp\u00e9ries, et autant dire qu&rsquo;ils ne l&rsquo;ont pas regrett\u00e9. Avec un programme riche, vari\u00e9 et articul\u00e9 en deux parties, les choristes ont litt\u00e9ralement transport\u00e9 les personnes pr\u00e9sentes, alternant les genres, les rythmes et les intensit\u00e9s, les extraits plus graves et plus l\u00e9gers. Du \u00ab\u00a0Tabernacle d&rsquo;or\u00a0\u00bb au \u00ab\u00a0All\u00e9luia\u00a0\u00bb,, de \u00ab\u00a0Beau J\u00e9sus\u00a0\u00bb \u00e0 \u00ab\u00a0Oh, toi hiver\u00a0!\u00a0\u00bb de circonstance, , l&rsquo;Ukraine \u00e0 la L\u00e9tonie en passant par la Bi\u00e9lorussie et m\u00eame une petite berceuse tzigane avec \u00ab\u00a0Dors, cher petit fils\u00a0\u00bb, le bonheur \u00e9tait total pour les oreilles et pour les yeux.<\/span><\/span><\/span><\/p>\n<p><span style=\"color: #000000;\"><span style=\"font-family: 'Times New Roman', serif;\"><span style=\"font-size: medium;\">Car ce ch\u0153ur, en plus d&rsquo;un talent ind\u00e9niable, poss\u00e8de \u00e9galement une pr\u00e9sence et une prestance qui fait de chacune de ses repr\u00e9sentations un grand moment. Qu&rsquo;il s&rsquo;agisse du premier acte religieux ou du second consacr\u00e9 aux chants traditionnels de No\u00ebl, cette soir\u00e9e fut exquise et sera sans aucun doute m\u00e9morable pour tous ceux qui pourront dire\u00a0: \u00ab\u00a0J&rsquo;y \u00e9tais\u00a0!\u00a0\u00bb.<\/span><\/span><\/span><\/p>\n<p>&nbsp;<\/p>\n\n\t\t<style type=\"text\/css\">\n\t\t\t#gallery-1 {\n\t\t\t\tmargin: auto;\n\t\t\t}\n\t\t\t#gallery-1 .gallery-item {\n\t\t\t\tfloat: left;\n\t\t\t\tmargin-top: 10px;\n\t\t\t\ttext-align: center;\n\t\t\t\twidth: 33%;\n\t\t\t}\n\t\t\t#gallery-1 img {\n\t\t\t\tborder: 2px solid #cfcfcf;\n\t\t\t}\n\t\t\t#gallery-1 .gallery-caption {\n\t\t\t\tmargin-left: 0;\n\t\t\t}\n\t\t\t\/* see gallery_shortcode() in wp-includes\/media.php *\/\n\t\t<\/style>\n\t\t<div id='gallery-1' class='gallery galleryid-12092 gallery-columns-3 gallery-size-thumbnail'><dl class='gallery-item'>\n\t\t\t<dt class='gallery-icon landscape'>\n\t\t\t\t<a href='https:\/\/vosgesinfo.fr\/gerardmerinfo\/2019\/10\/promenade-de-sante-amateurs-de-cine\/2019-10-balade-graines-des-toiles-club-vosgien-5\/'><img decoding=\"async\" width=\"150\" height=\"150\" src=\"https:\/\/vosgesinfo.fr\/app\/uploads\/sites\/6\/2024\/07\/201910balade-graines-des-toiles-club-vosgien-5-150x150.jpg\" class=\"attachment-thumbnail size-thumbnail\" alt=\"\" \/><\/a>\n\t\t\t<\/dt><\/dl><dl class='gallery-item'>\n\t\t\t<dt class='gallery-icon landscape'>\n\t\t\t\t<a href='https:\/\/vosgesinfo.fr\/gerardmerinfo\/2019\/10\/promenade-de-sante-amateurs-de-cine\/2019-10-balade-graines-des-toiles-club-vosgien-1\/'><img decoding=\"async\" width=\"150\" height=\"150\" src=\"https:\/\/vosgesinfo.fr\/app\/uploads\/sites\/6\/2024\/07\/201910balade-graines-des-toiles-club-vosgien-1-150x150.jpg\" class=\"attachment-thumbnail size-thumbnail\" alt=\"\" \/><\/a>\n\t\t\t<\/dt><\/dl>\n\t\t\t<br style='clear: both' \/>\n\t\t<\/div>\n\n","protected":false},"excerpt":{"rendered":"<p>[youtube]http:\/\/youtu.be\/5zeuxz94nhA[\/youtube] Samedi soir, l&rsquo;\u00e9glise Saint Barth\u00e9l\u00e9my avait le plaisir d&rsquo;accueillir le Ch\u0153ur de la Soci\u00e9t\u00e9 Philharmonique de Saint-P\u00e9tersbourg dirig\u00e9 par [&hellip;]<\/p>\n","protected":false},"author":42,"featured_media":0,"comment_status":"open","ping_status":"open","sticky":false,"template":"","format":"standard","meta":{"footnotes":""},"categories":[4],"tags":[],"class_list":["post-12092","post","type-post","status-publish","format-standard","hentry","category-culture"],"acf":[],"yoast_head":"<!-- This site is optimized with the Yoast SEO plugin v22.5 - https:\/\/yoast.com\/wordpress\/plugins\/seo\/ -->\n<title>Concert m\u00e9morable \u00e0 St Barth\u00e9l\u00e9my (vid\u00e9o) - Gerardmer Info<\/title>\n<meta name=\"robots\" content=\"index, follow, max-snippet:-1, max-image-preview:large, max-video-preview:-1\" \/>\n<link rel=\"canonical\" href=\"https:\/\/vosgesinfo.fr\/gerardmerinfo\/2014\/12\/concert-memorable-st-barthelemy-video\/\" \/>\n<meta name=\"twitter:card\" content=\"summary_large_image\" \/>\n<meta name=\"twitter:title\" content=\"Concert m\u00e9morable \u00e0 St Barth\u00e9l\u00e9my (vid\u00e9o) - Gerardmer Info\" \/>\n<meta name=\"twitter:description\" content=\"[youtube]http:\/\/youtu.be\/5zeuxz94nhA[\/youtube] Samedi soir, l&rsquo;\u00e9glise Saint Barth\u00e9l\u00e9my avait le plaisir d&rsquo;accueillir le Ch\u0153ur de la Soci\u00e9t\u00e9 Philharmonique de Saint-P\u00e9tersbourg dirig\u00e9 par [&hellip;]\" \/>\n<meta name=\"twitter:image\" content=\"http:\/\/gerardmerinfo.fr\" \/>\n<meta name=\"twitter:creator\" content=\"@VosgesInfo88\" \/>\n<meta name=\"twitter:site\" content=\"@VosgesInfo88\" \/>\n<meta name=\"twitter:label1\" content=\"\u00c9crit par\" \/>\n\t<meta name=\"twitter:data1\" content=\"QG\" \/>\n\t<meta name=\"twitter:label2\" content=\"Dur\u00e9e de lecture estim\u00e9e\" \/>\n\t<meta name=\"twitter:data2\" content=\"2 minutes\" \/>\n<script type=\"application\/ld+json\" class=\"yoast-schema-graph\">{\"@context\":\"https:\/\/schema.org\",\"@graph\":[{\"@type\":\"Article\",\"@id\":\"https:\/\/vosgesinfo.fr\/gerardmerinfo\/2014\/12\/concert-memorable-st-barthelemy-video\/#article\",\"isPartOf\":{\"@id\":\"https:\/\/vosgesinfo.fr\/gerardmerinfo\/2014\/12\/concert-memorable-st-barthelemy-video\/\"},\"author\":{\"name\":\"QG\",\"@id\":\"https:\/\/vosgesinfo.fr\/gerardmerinfo\/#\/schema\/person\/db5605779a843dad16b5368f3e7613a5\"},\"headline\":\"Concert m\u00e9morable \u00e0 St Barth\u00e9l\u00e9my (vid\u00e9o)\",\"datePublished\":\"2014-12-30T17:42:57+00:00\",\"dateModified\":\"2014-12-30T17:42:57+00:00\",\"mainEntityOfPage\":{\"@id\":\"https:\/\/vosgesinfo.fr\/gerardmerinfo\/2014\/12\/concert-memorable-st-barthelemy-video\/\"},\"wordCount\":431,\"commentCount\":0,\"publisher\":{\"@id\":\"https:\/\/vosgesinfo.fr\/gerardmerinfo\/#organization\"},\"image\":{\"@id\":\"https:\/\/vosgesinfo.fr\/gerardmerinfo\/2014\/12\/concert-memorable-st-barthelemy-video\/#primaryimage\"},\"thumbnailUrl\":\"http:\/\/gerardmerinfo.fr\",\"articleSection\":[\"Culture\"],\"inLanguage\":\"fr-FR\",\"potentialAction\":[{\"@type\":\"CommentAction\",\"name\":\"Comment\",\"target\":[\"https:\/\/vosgesinfo.fr\/gerardmerinfo\/2014\/12\/concert-memorable-st-barthelemy-video\/#respond\"]}]},{\"@type\":\"WebPage\",\"@id\":\"https:\/\/vosgesinfo.fr\/gerardmerinfo\/2014\/12\/concert-memorable-st-barthelemy-video\/\",\"url\":\"https:\/\/vosgesinfo.fr\/gerardmerinfo\/2014\/12\/concert-memorable-st-barthelemy-video\/\",\"name\":\"Concert m\u00e9morable \u00e0 St Barth\u00e9l\u00e9my (vid\u00e9o) - Gerardmer Info\",\"isPartOf\":{\"@id\":\"https:\/\/vosgesinfo.fr\/gerardmerinfo\/#website\"},\"primaryImageOfPage\":{\"@id\":\"https:\/\/vosgesinfo.fr\/gerardmerinfo\/2014\/12\/concert-memorable-st-barthelemy-video\/#primaryimage\"},\"image\":{\"@id\":\"https:\/\/vosgesinfo.fr\/gerardmerinfo\/2014\/12\/concert-memorable-st-barthelemy-video\/#primaryimage\"},\"thumbnailUrl\":\"http:\/\/gerardmerinfo.fr\",\"datePublished\":\"2014-12-30T17:42:57+00:00\",\"dateModified\":\"2014-12-30T17:42:57+00:00\",\"breadcrumb\":{\"@id\":\"https:\/\/vosgesinfo.fr\/gerardmerinfo\/2014\/12\/concert-memorable-st-barthelemy-video\/#breadcrumb\"},\"inLanguage\":\"fr-FR\",\"potentialAction\":[{\"@type\":\"ReadAction\",\"target\":[\"https:\/\/vosgesinfo.fr\/gerardmerinfo\/2014\/12\/concert-memorable-st-barthelemy-video\/\"]}]},{\"@type\":\"ImageObject\",\"inLanguage\":\"fr-FR\",\"@id\":\"https:\/\/vosgesinfo.fr\/gerardmerinfo\/2014\/12\/concert-memorable-st-barthelemy-video\/#primaryimage\",\"url\":\"http:\/\/gerardmerinfo.fr\",\"contentUrl\":\"http:\/\/gerardmerinfo.fr\"},{\"@type\":\"BreadcrumbList\",\"@id\":\"https:\/\/vosgesinfo.fr\/gerardmerinfo\/2014\/12\/concert-memorable-st-barthelemy-video\/#breadcrumb\",\"itemListElement\":[{\"@type\":\"ListItem\",\"position\":1,\"name\":\"Home\",\"item\":\"https:\/\/vosgesinfo.fr\/gerardmerinfo\/\"},{\"@type\":\"ListItem\",\"position\":2,\"name\":\"Concert m\u00e9morable \u00e0 St Barth\u00e9l\u00e9my (vid\u00e9o)\"}]},{\"@type\":\"WebSite\",\"@id\":\"https:\/\/vosgesinfo.fr\/gerardmerinfo\/#website\",\"url\":\"https:\/\/vosgesinfo.fr\/gerardmerinfo\/\",\"name\":\"Gerardmer Info\",\"description\":\"Toute l&#039;actualit\u00e9 de G\u00e9rardmer\",\"publisher\":{\"@id\":\"https:\/\/vosgesinfo.fr\/gerardmerinfo\/#organization\"},\"alternateName\":\"Toute l'actualit\u00e9 de G\u00e9rardmer\",\"potentialAction\":[{\"@type\":\"SearchAction\",\"target\":{\"@type\":\"EntryPoint\",\"urlTemplate\":\"https:\/\/vosgesinfo.fr\/gerardmerinfo\/?s={search_term_string}\"},\"query-input\":\"required name=search_term_string\"}],\"inLanguage\":\"fr-FR\"},{\"@type\":\"Organization\",\"@id\":\"https:\/\/vosgesinfo.fr\/gerardmerinfo\/#organization\",\"name\":\"Gerardmer Info\",\"url\":\"https:\/\/vosgesinfo.fr\/gerardmerinfo\/\",\"logo\":{\"@type\":\"ImageObject\",\"inLanguage\":\"fr-FR\",\"@id\":\"https:\/\/vosgesinfo.fr\/gerardmerinfo\/#\/schema\/logo\/image\/\",\"url\":\"https:\/\/vosgesinfo.fr\/app\/uploads\/sites\/6\/2023\/08\/favicon-gerardmerinfo.png\",\"contentUrl\":\"https:\/\/vosgesinfo.fr\/app\/uploads\/sites\/6\/2023\/08\/favicon-gerardmerinfo.png\",\"width\":512,\"height\":512,\"caption\":\"Gerardmer Info\"},\"image\":{\"@id\":\"https:\/\/vosgesinfo.fr\/gerardmerinfo\/#\/schema\/logo\/image\/\"},\"sameAs\":[\"https:\/\/www.facebook.com\/profile.php?id=100049475262660\",\"https:\/\/x.com\/VosgesInfo88\",\"https:\/\/www.youtube.com\/@vosgesinfo\"]},{\"@type\":\"Person\",\"@id\":\"https:\/\/vosgesinfo.fr\/gerardmerinfo\/#\/schema\/person\/db5605779a843dad16b5368f3e7613a5\",\"name\":\"QG\",\"image\":{\"@type\":\"ImageObject\",\"inLanguage\":\"fr-FR\",\"@id\":\"https:\/\/vosgesinfo.fr\/gerardmerinfo\/#\/schema\/person\/image\/\",\"url\":\"https:\/\/secure.gravatar.com\/avatar\/ea80c42c204b534408512832fde52504ecabb9706bcb6151cf6175e5b64e6793?s=96&d=mm&r=g\",\"contentUrl\":\"https:\/\/secure.gravatar.com\/avatar\/ea80c42c204b534408512832fde52504ecabb9706bcb6151cf6175e5b64e6793?s=96&d=mm&r=g\",\"caption\":\"QG\"},\"url\":\"https:\/\/vosgesinfo.fr\/gerardmerinfo\/author\/quentin88\/\"}]}<\/script>\n<!-- \/ Yoast SEO plugin. -->","yoast_head_json":{"title":"Concert m\u00e9morable \u00e0 St Barth\u00e9l\u00e9my (vid\u00e9o) - Gerardmer Info","robots":{"index":"index","follow":"follow","max-snippet":"max-snippet:-1","max-image-preview":"max-image-preview:large","max-video-preview":"max-video-preview:-1"},"canonical":"https:\/\/vosgesinfo.fr\/gerardmerinfo\/2014\/12\/concert-memorable-st-barthelemy-video\/","twitter_card":"summary_large_image","twitter_title":"Concert m\u00e9morable \u00e0 St Barth\u00e9l\u00e9my (vid\u00e9o) - Gerardmer Info","twitter_description":"[youtube]http:\/\/youtu.be\/5zeuxz94nhA[\/youtube] Samedi soir, l&rsquo;\u00e9glise Saint Barth\u00e9l\u00e9my avait le plaisir d&rsquo;accueillir le Ch\u0153ur de la Soci\u00e9t\u00e9 Philharmonique de Saint-P\u00e9tersbourg dirig\u00e9 par [&hellip;]","twitter_image":"http:\/\/gerardmerinfo.fr","twitter_creator":"@VosgesInfo88","twitter_site":"@VosgesInfo88","twitter_misc":{"\u00c9crit par":"QG","Dur\u00e9e de lecture estim\u00e9e":"2 minutes"},"schema":{"@context":"https:\/\/schema.org","@graph":[{"@type":"Article","@id":"https:\/\/vosgesinfo.fr\/gerardmerinfo\/2014\/12\/concert-memorable-st-barthelemy-video\/#article","isPartOf":{"@id":"https:\/\/vosgesinfo.fr\/gerardmerinfo\/2014\/12\/concert-memorable-st-barthelemy-video\/"},"author":{"name":"QG","@id":"https:\/\/vosgesinfo.fr\/gerardmerinfo\/#\/schema\/person\/db5605779a843dad16b5368f3e7613a5"},"headline":"Concert m\u00e9morable \u00e0 St Barth\u00e9l\u00e9my (vid\u00e9o)","datePublished":"2014-12-30T17:42:57+00:00","dateModified":"2014-12-30T17:42:57+00:00","mainEntityOfPage":{"@id":"https:\/\/vosgesinfo.fr\/gerardmerinfo\/2014\/12\/concert-memorable-st-barthelemy-video\/"},"wordCount":431,"commentCount":0,"publisher":{"@id":"https:\/\/vosgesinfo.fr\/gerardmerinfo\/#organization"},"image":{"@id":"https:\/\/vosgesinfo.fr\/gerardmerinfo\/2014\/12\/concert-memorable-st-barthelemy-video\/#primaryimage"},"thumbnailUrl":"http:\/\/gerardmerinfo.fr","articleSection":["Culture"],"inLanguage":"fr-FR","potentialAction":[{"@type":"CommentAction","name":"Comment","target":["https:\/\/vosgesinfo.fr\/gerardmerinfo\/2014\/12\/concert-memorable-st-barthelemy-video\/#respond"]}]},{"@type":"WebPage","@id":"https:\/\/vosgesinfo.fr\/gerardmerinfo\/2014\/12\/concert-memorable-st-barthelemy-video\/","url":"https:\/\/vosgesinfo.fr\/gerardmerinfo\/2014\/12\/concert-memorable-st-barthelemy-video\/","name":"Concert m\u00e9morable \u00e0 St Barth\u00e9l\u00e9my (vid\u00e9o) - Gerardmer Info","isPartOf":{"@id":"https:\/\/vosgesinfo.fr\/gerardmerinfo\/#website"},"primaryImageOfPage":{"@id":"https:\/\/vosgesinfo.fr\/gerardmerinfo\/2014\/12\/concert-memorable-st-barthelemy-video\/#primaryimage"},"image":{"@id":"https:\/\/vosgesinfo.fr\/gerardmerinfo\/2014\/12\/concert-memorable-st-barthelemy-video\/#primaryimage"},"thumbnailUrl":"http:\/\/gerardmerinfo.fr","datePublished":"2014-12-30T17:42:57+00:00","dateModified":"2014-12-30T17:42:57+00:00","breadcrumb":{"@id":"https:\/\/vosgesinfo.fr\/gerardmerinfo\/2014\/12\/concert-memorable-st-barthelemy-video\/#breadcrumb"},"inLanguage":"fr-FR","potentialAction":[{"@type":"ReadAction","target":["https:\/\/vosgesinfo.fr\/gerardmerinfo\/2014\/12\/concert-memorable-st-barthelemy-video\/"]}]},{"@type":"ImageObject","inLanguage":"fr-FR","@id":"https:\/\/vosgesinfo.fr\/gerardmerinfo\/2014\/12\/concert-memorable-st-barthelemy-video\/#primaryimage","url":"http:\/\/gerardmerinfo.fr","contentUrl":"http:\/\/gerardmerinfo.fr"},{"@type":"BreadcrumbList","@id":"https:\/\/vosgesinfo.fr\/gerardmerinfo\/2014\/12\/concert-memorable-st-barthelemy-video\/#breadcrumb","itemListElement":[{"@type":"ListItem","position":1,"name":"Home","item":"https:\/\/vosgesinfo.fr\/gerardmerinfo\/"},{"@type":"ListItem","position":2,"name":"Concert m\u00e9morable \u00e0 St Barth\u00e9l\u00e9my (vid\u00e9o)"}]},{"@type":"WebSite","@id":"https:\/\/vosgesinfo.fr\/gerardmerinfo\/#website","url":"https:\/\/vosgesinfo.fr\/gerardmerinfo\/","name":"Gerardmer Info","description":"Toute l&#039;actualit\u00e9 de G\u00e9rardmer","publisher":{"@id":"https:\/\/vosgesinfo.fr\/gerardmerinfo\/#organization"},"alternateName":"Toute l'actualit\u00e9 de G\u00e9rardmer","potentialAction":[{"@type":"SearchAction","target":{"@type":"EntryPoint","urlTemplate":"https:\/\/vosgesinfo.fr\/gerardmerinfo\/?s={search_term_string}"},"query-input":"required name=search_term_string"}],"inLanguage":"fr-FR"},{"@type":"Organization","@id":"https:\/\/vosgesinfo.fr\/gerardmerinfo\/#organization","name":"Gerardmer Info","url":"https:\/\/vosgesinfo.fr\/gerardmerinfo\/","logo":{"@type":"ImageObject","inLanguage":"fr-FR","@id":"https:\/\/vosgesinfo.fr\/gerardmerinfo\/#\/schema\/logo\/image\/","url":"https:\/\/vosgesinfo.fr\/app\/uploads\/sites\/6\/2023\/08\/favicon-gerardmerinfo.png","contentUrl":"https:\/\/vosgesinfo.fr\/app\/uploads\/sites\/6\/2023\/08\/favicon-gerardmerinfo.png","width":512,"height":512,"caption":"Gerardmer Info"},"image":{"@id":"https:\/\/vosgesinfo.fr\/gerardmerinfo\/#\/schema\/logo\/image\/"},"sameAs":["https:\/\/www.facebook.com\/profile.php?id=100049475262660","https:\/\/x.com\/VosgesInfo88","https:\/\/www.youtube.com\/@vosgesinfo"]},{"@type":"Person","@id":"https:\/\/vosgesinfo.fr\/gerardmerinfo\/#\/schema\/person\/db5605779a843dad16b5368f3e7613a5","name":"QG","image":{"@type":"ImageObject","inLanguage":"fr-FR","@id":"https:\/\/vosgesinfo.fr\/gerardmerinfo\/#\/schema\/person\/image\/","url":"https:\/\/secure.gravatar.com\/avatar\/ea80c42c204b534408512832fde52504ecabb9706bcb6151cf6175e5b64e6793?s=96&d=mm&r=g","contentUrl":"https:\/\/secure.gravatar.com\/avatar\/ea80c42c204b534408512832fde52504ecabb9706bcb6151cf6175e5b64e6793?s=96&d=mm&r=g","caption":"QG"},"url":"https:\/\/vosgesinfo.fr\/gerardmerinfo\/author\/quentin88\/"}]}},"_links":{"self":[{"href":"https:\/\/vosgesinfo.fr\/gerardmerinfo\/wp-json\/wp\/v2\/posts\/12092","targetHints":{"allow":["GET"]}}],"collection":[{"href":"https:\/\/vosgesinfo.fr\/gerardmerinfo\/wp-json\/wp\/v2\/posts"}],"about":[{"href":"https:\/\/vosgesinfo.fr\/gerardmerinfo\/wp-json\/wp\/v2\/types\/post"}],"author":[{"embeddable":true,"href":"https:\/\/vosgesinfo.fr\/gerardmerinfo\/wp-json\/wp\/v2\/users\/42"}],"replies":[{"embeddable":true,"href":"https:\/\/vosgesinfo.fr\/gerardmerinfo\/wp-json\/wp\/v2\/comments?post=12092"}],"version-history":[{"count":0,"href":"https:\/\/vosgesinfo.fr\/gerardmerinfo\/wp-json\/wp\/v2\/posts\/12092\/revisions"}],"wp:attachment":[{"href":"https:\/\/vosgesinfo.fr\/gerardmerinfo\/wp-json\/wp\/v2\/media?parent=12092"}],"wp:term":[{"taxonomy":"category","embeddable":true,"href":"https:\/\/vosgesinfo.fr\/gerardmerinfo\/wp-json\/wp\/v2\/categories?post=12092"},{"taxonomy":"post_tag","embeddable":true,"href":"https:\/\/vosgesinfo.fr\/gerardmerinfo\/wp-json\/wp\/v2\/tags?post=12092"}],"curies":[{"name":"wp","href":"https:\/\/api.w.org\/{rel}","templated":true}]}}