{"id":12112,"date":"2015-01-05T09:58:53","date_gmt":"2015-01-05T08:58:53","guid":{"rendered":"https:\/\/vosgesinfo.fr\/gerardmerinfo\/2015\/01\/nicole-vazart-nous-quittes\/"},"modified":"2015-01-05T09:58:53","modified_gmt":"2015-01-05T08:58:53","slug":"nicole-vazart-nous-quittes","status":"publish","type":"post","link":"https:\/\/vosgesinfo.fr\/gerardmerinfo\/2015\/01\/nicole-vazart-nous-quittes\/","title":{"rendered":"Nicole Vazart nous a quitt\u00e9s"},"content":{"rendered":"<p>&nbsp;<\/p>\n<p><span style=\"color: #000000;\"><span style=\"font-family: 'Times New Roman', serif;\"><span style=\"font-size: large;\"><b>C&rsquo;est avec tristesse que nous avons appris le d\u00e9c\u00e8s de Nicole Vazart, survenu le samedi 3 janvier \u00e0 l&rsquo;h\u00f4pital de Remiremont o\u00f9 elle avait \u00e9t\u00e9 admise il y a peu. <\/b><\/span><\/span><\/span><\/p>\n<p><span style=\"color: #000000;\"><span style=\"font-family: 'Times New Roman', serif;\"><span style=\"font-size: large;\">N\u00e9e G\u00e9nin le 17 d\u00e9cembre 1938 \u00e0 G\u00e9rardmer, elle avait pris pour \u00e9poux Ren\u00e9 Vazart, originaire d&rsquo;Epernay. Une union c\u00e9l\u00e9br\u00e9e en ao\u00fbt 1967 en Perle des Vosges et dont sont n\u00e9s deux enfants : Isabelle, \u00e9pouse Ladousse, assistante dentaire r\u00e9sidant \u00e0 G\u00e9rardmer, et Jean-Pascal, \u0153nologue, r\u00e9sidant \u00e0 Saint-Emilion (33). Nicole \u00e9tait \u00e9galement une grand-m\u00e8re combl\u00e9e qui avait accueilli avec bonheur l&rsquo;arriv\u00e9e de quatre petits-enfants pr\u00e9nomm\u00e9s Victor, Mathilde, Ambre et Sarah. <\/span><\/span><\/span><\/p>\n<p><span style=\"color: #000000;\"><span style=\"font-family: 'Times New Roman', serif;\"><span style=\"font-size: large;\">Domicili\u00e9s \u00e0 Epernay, Ren\u00e9 et Nicole \u00e9taient venus s&rsquo;installer \u00e0 G\u00e9rardmer en 1963, Rue des Vosges puis Place des D\u00e9port\u00e9s. Tout d&rsquo;abord m\u00e9canographe chez Linvosges, o\u00f9 son \u00e9poux occupait la fonction de responsable de la vente \u00e0 domicile, Nicole Vazart avait ensuite exerc\u00e9 le m\u00e9tier de secr\u00e9taire m\u00e9dicale au cabinet de biologie Couturier bien connu en Perle des Vosges.<\/span><\/span><\/span><\/p>\n<p><span style=\"color: #000000;\"><span style=\"font-family: 'Times New Roman', serif;\"><span style=\"font-size: large;\">Un poste qu&rsquo;elle occupera jusqu&rsquo;\u00e0 l&rsquo;\u00e2ge de la retraite dont elle profitait avec son \u00e9poux, partageant son temps entre G\u00e9rardmer et Chouilly (51) o\u00f9 le couple poss\u00e9dait une r\u00e9sidence. Femme simple et discr\u00e8te qui occupait son temps libre \u00e0 la lecture et au tricot, Nicole \u00e9tait tr\u00e8s attach\u00e9e \u00e0 sa famille. Elle s&rsquo;est \u00e9teinte brutalement \u00e0 l&rsquo;\u00e2ge de 76 ans.<br \/>\n<\/span><\/span><\/span><\/p>\n<p><span style=\"color: #000000;\"><span style=\"font-family: 'Times New Roman', serif;\"><span style=\"font-size: large;\">Ses obs\u00e8ques religieuses seront c\u00e9l\u00e9br\u00e9es le mercredi 7 d\u00e9cembre \u00e0 14 h 30 en l&rsquo;\u00e9glise de G\u00e9rardmer, suivies de l&rsquo;inhumation au cimeti\u00e8re de la localit\u00e9. <\/span><\/span><\/span><\/p>\n<p><span style=\"color: #000000;\"><span style=\"font-family: 'Times New Roman', serif;\"><span style=\"font-size: large;\">Nos sinc\u00e8res condol\u00e9ances \u00e0 la famille. <\/span><\/span><\/span><\/p>\n","protected":false},"excerpt":{"rendered":"<p>&nbsp; C&rsquo;est avec tristesse que nous avons appris le d\u00e9c\u00e8s de Nicole Vazart, survenu le samedi 3 janvier \u00e0 l&rsquo;h\u00f4pital [&hellip;]<\/p>\n","protected":false},"author":42,"featured_media":0,"comment_status":"open","ping_status":"open","sticky":false,"template":"","format":"standard","meta":{"footnotes":""},"categories":[43],"tags":[],"class_list":["post-12112","post","type-post","status-publish","format-standard","hentry","category-necrologie"],"acf":[],"yoast_head":"<!-- This site is optimized with the Yoast SEO plugin v22.5 - https:\/\/yoast.com\/wordpress\/plugins\/seo\/ -->\n<title>Nicole Vazart nous a quitt\u00e9s - Gerardmer Info<\/title>\n<meta name=\"robots\" content=\"index, follow, max-snippet:-1, max-image-preview:large, max-video-preview:-1\" \/>\n<link rel=\"canonical\" href=\"https:\/\/vosgesinfo.fr\/gerardmerinfo\/2015\/01\/nicole-vazart-nous-quittes\/\" \/>\n<meta name=\"twitter:card\" content=\"summary_large_image\" \/>\n<meta name=\"twitter:title\" content=\"Nicole Vazart nous a quitt\u00e9s - Gerardmer Info\" \/>\n<meta name=\"twitter:description\" content=\"&nbsp; C&rsquo;est avec tristesse que nous avons appris le d\u00e9c\u00e8s de Nicole Vazart, survenu le samedi 3 janvier \u00e0 l&rsquo;h\u00f4pital [&hellip;]\" \/>\n<meta name=\"twitter:creator\" content=\"@VosgesInfo88\" \/>\n<meta name=\"twitter:site\" content=\"@VosgesInfo88\" \/>\n<meta name=\"twitter:label1\" content=\"\u00c9crit par\" \/>\n\t<meta name=\"twitter:data1\" content=\"QG\" \/>\n\t<meta name=\"twitter:label2\" content=\"Dur\u00e9e de lecture estim\u00e9e\" \/>\n\t<meta name=\"twitter:data2\" content=\"1 minute\" \/>\n<script type=\"application\/ld+json\" class=\"yoast-schema-graph\">{\"@context\":\"https:\/\/schema.org\",\"@graph\":[{\"@type\":\"Article\",\"@id\":\"https:\/\/vosgesinfo.fr\/gerardmerinfo\/2015\/01\/nicole-vazart-nous-quittes\/#article\",\"isPartOf\":{\"@id\":\"https:\/\/vosgesinfo.fr\/gerardmerinfo\/2015\/01\/nicole-vazart-nous-quittes\/\"},\"author\":{\"name\":\"QG\",\"@id\":\"https:\/\/vosgesinfo.fr\/gerardmerinfo\/#\/schema\/person\/db5605779a843dad16b5368f3e7613a5\"},\"headline\":\"Nicole Vazart nous a quitt\u00e9s\",\"datePublished\":\"2015-01-05T08:58:53+00:00\",\"dateModified\":\"2015-01-05T08:58:53+00:00\",\"mainEntityOfPage\":{\"@id\":\"https:\/\/vosgesinfo.fr\/gerardmerinfo\/2015\/01\/nicole-vazart-nous-quittes\/\"},\"wordCount\":288,\"commentCount\":0,\"publisher\":{\"@id\":\"https:\/\/vosgesinfo.fr\/gerardmerinfo\/#organization\"},\"articleSection\":[\"N\u00e9crologie\"],\"inLanguage\":\"fr-FR\",\"potentialAction\":[{\"@type\":\"CommentAction\",\"name\":\"Comment\",\"target\":[\"https:\/\/vosgesinfo.fr\/gerardmerinfo\/2015\/01\/nicole-vazart-nous-quittes\/#respond\"]}]},{\"@type\":\"WebPage\",\"@id\":\"https:\/\/vosgesinfo.fr\/gerardmerinfo\/2015\/01\/nicole-vazart-nous-quittes\/\",\"url\":\"https:\/\/vosgesinfo.fr\/gerardmerinfo\/2015\/01\/nicole-vazart-nous-quittes\/\",\"name\":\"Nicole Vazart nous a quitt\u00e9s - Gerardmer Info\",\"isPartOf\":{\"@id\":\"https:\/\/vosgesinfo.fr\/gerardmerinfo\/#website\"},\"datePublished\":\"2015-01-05T08:58:53+00:00\",\"dateModified\":\"2015-01-05T08:58:53+00:00\",\"breadcrumb\":{\"@id\":\"https:\/\/vosgesinfo.fr\/gerardmerinfo\/2015\/01\/nicole-vazart-nous-quittes\/#breadcrumb\"},\"inLanguage\":\"fr-FR\",\"potentialAction\":[{\"@type\":\"ReadAction\",\"target\":[\"https:\/\/vosgesinfo.fr\/gerardmerinfo\/2015\/01\/nicole-vazart-nous-quittes\/\"]}]},{\"@type\":\"BreadcrumbList\",\"@id\":\"https:\/\/vosgesinfo.fr\/gerardmerinfo\/2015\/01\/nicole-vazart-nous-quittes\/#breadcrumb\",\"itemListElement\":[{\"@type\":\"ListItem\",\"position\":1,\"name\":\"Home\",\"item\":\"https:\/\/vosgesinfo.fr\/gerardmerinfo\/\"},{\"@type\":\"ListItem\",\"position\":2,\"name\":\"Nicole Vazart nous a quitt\u00e9s\"}]},{\"@type\":\"WebSite\",\"@id\":\"https:\/\/vosgesinfo.fr\/gerardmerinfo\/#website\",\"url\":\"https:\/\/vosgesinfo.fr\/gerardmerinfo\/\",\"name\":\"Gerardmer Info\",\"description\":\"Toute l&#039;actualit\u00e9 de G\u00e9rardmer\",\"publisher\":{\"@id\":\"https:\/\/vosgesinfo.fr\/gerardmerinfo\/#organization\"},\"alternateName\":\"Toute l'actualit\u00e9 de G\u00e9rardmer\",\"potentialAction\":[{\"@type\":\"SearchAction\",\"target\":{\"@type\":\"EntryPoint\",\"urlTemplate\":\"https:\/\/vosgesinfo.fr\/gerardmerinfo\/?s={search_term_string}\"},\"query-input\":\"required name=search_term_string\"}],\"inLanguage\":\"fr-FR\"},{\"@type\":\"Organization\",\"@id\":\"https:\/\/vosgesinfo.fr\/gerardmerinfo\/#organization\",\"name\":\"Gerardmer Info\",\"url\":\"https:\/\/vosgesinfo.fr\/gerardmerinfo\/\",\"logo\":{\"@type\":\"ImageObject\",\"inLanguage\":\"fr-FR\",\"@id\":\"https:\/\/vosgesinfo.fr\/gerardmerinfo\/#\/schema\/logo\/image\/\",\"url\":\"https:\/\/vosgesinfo.fr\/app\/uploads\/sites\/6\/2023\/08\/favicon-gerardmerinfo.png\",\"contentUrl\":\"https:\/\/vosgesinfo.fr\/app\/uploads\/sites\/6\/2023\/08\/favicon-gerardmerinfo.png\",\"width\":512,\"height\":512,\"caption\":\"Gerardmer Info\"},\"image\":{\"@id\":\"https:\/\/vosgesinfo.fr\/gerardmerinfo\/#\/schema\/logo\/image\/\"},\"sameAs\":[\"https:\/\/www.facebook.com\/profile.php?id=100049475262660\",\"https:\/\/x.com\/VosgesInfo88\",\"https:\/\/www.youtube.com\/@vosgesinfo\"]},{\"@type\":\"Person\",\"@id\":\"https:\/\/vosgesinfo.fr\/gerardmerinfo\/#\/schema\/person\/db5605779a843dad16b5368f3e7613a5\",\"name\":\"QG\",\"image\":{\"@type\":\"ImageObject\",\"inLanguage\":\"fr-FR\",\"@id\":\"https:\/\/vosgesinfo.fr\/gerardmerinfo\/#\/schema\/person\/image\/\",\"url\":\"https:\/\/secure.gravatar.com\/avatar\/ea80c42c204b534408512832fde52504ecabb9706bcb6151cf6175e5b64e6793?s=96&d=mm&r=g\",\"contentUrl\":\"https:\/\/secure.gravatar.com\/avatar\/ea80c42c204b534408512832fde52504ecabb9706bcb6151cf6175e5b64e6793?s=96&d=mm&r=g\",\"caption\":\"QG\"},\"url\":\"https:\/\/vosgesinfo.fr\/gerardmerinfo\/author\/quentin88\/\"}]}<\/script>\n<!-- \/ Yoast SEO plugin. -->","yoast_head_json":{"title":"Nicole Vazart nous a quitt\u00e9s - Gerardmer Info","robots":{"index":"index","follow":"follow","max-snippet":"max-snippet:-1","max-image-preview":"max-image-preview:large","max-video-preview":"max-video-preview:-1"},"canonical":"https:\/\/vosgesinfo.fr\/gerardmerinfo\/2015\/01\/nicole-vazart-nous-quittes\/","twitter_card":"summary_large_image","twitter_title":"Nicole Vazart nous a quitt\u00e9s - Gerardmer Info","twitter_description":"&nbsp; C&rsquo;est avec tristesse que nous avons appris le d\u00e9c\u00e8s de Nicole Vazart, survenu le samedi 3 janvier \u00e0 l&rsquo;h\u00f4pital [&hellip;]","twitter_creator":"@VosgesInfo88","twitter_site":"@VosgesInfo88","twitter_misc":{"\u00c9crit par":"QG","Dur\u00e9e de lecture estim\u00e9e":"1 minute"},"schema":{"@context":"https:\/\/schema.org","@graph":[{"@type":"Article","@id":"https:\/\/vosgesinfo.fr\/gerardmerinfo\/2015\/01\/nicole-vazart-nous-quittes\/#article","isPartOf":{"@id":"https:\/\/vosgesinfo.fr\/gerardmerinfo\/2015\/01\/nicole-vazart-nous-quittes\/"},"author":{"name":"QG","@id":"https:\/\/vosgesinfo.fr\/gerardmerinfo\/#\/schema\/person\/db5605779a843dad16b5368f3e7613a5"},"headline":"Nicole Vazart nous a quitt\u00e9s","datePublished":"2015-01-05T08:58:53+00:00","dateModified":"2015-01-05T08:58:53+00:00","mainEntityOfPage":{"@id":"https:\/\/vosgesinfo.fr\/gerardmerinfo\/2015\/01\/nicole-vazart-nous-quittes\/"},"wordCount":288,"commentCount":0,"publisher":{"@id":"https:\/\/vosgesinfo.fr\/gerardmerinfo\/#organization"},"articleSection":["N\u00e9crologie"],"inLanguage":"fr-FR","potentialAction":[{"@type":"CommentAction","name":"Comment","target":["https:\/\/vosgesinfo.fr\/gerardmerinfo\/2015\/01\/nicole-vazart-nous-quittes\/#respond"]}]},{"@type":"WebPage","@id":"https:\/\/vosgesinfo.fr\/gerardmerinfo\/2015\/01\/nicole-vazart-nous-quittes\/","url":"https:\/\/vosgesinfo.fr\/gerardmerinfo\/2015\/01\/nicole-vazart-nous-quittes\/","name":"Nicole Vazart nous a quitt\u00e9s - Gerardmer Info","isPartOf":{"@id":"https:\/\/vosgesinfo.fr\/gerardmerinfo\/#website"},"datePublished":"2015-01-05T08:58:53+00:00","dateModified":"2015-01-05T08:58:53+00:00","breadcrumb":{"@id":"https:\/\/vosgesinfo.fr\/gerardmerinfo\/2015\/01\/nicole-vazart-nous-quittes\/#breadcrumb"},"inLanguage":"fr-FR","potentialAction":[{"@type":"ReadAction","target":["https:\/\/vosgesinfo.fr\/gerardmerinfo\/2015\/01\/nicole-vazart-nous-quittes\/"]}]},{"@type":"BreadcrumbList","@id":"https:\/\/vosgesinfo.fr\/gerardmerinfo\/2015\/01\/nicole-vazart-nous-quittes\/#breadcrumb","itemListElement":[{"@type":"ListItem","position":1,"name":"Home","item":"https:\/\/vosgesinfo.fr\/gerardmerinfo\/"},{"@type":"ListItem","position":2,"name":"Nicole Vazart nous a quitt\u00e9s"}]},{"@type":"WebSite","@id":"https:\/\/vosgesinfo.fr\/gerardmerinfo\/#website","url":"https:\/\/vosgesinfo.fr\/gerardmerinfo\/","name":"Gerardmer Info","description":"Toute l&#039;actualit\u00e9 de G\u00e9rardmer","publisher":{"@id":"https:\/\/vosgesinfo.fr\/gerardmerinfo\/#organization"},"alternateName":"Toute l'actualit\u00e9 de G\u00e9rardmer","potentialAction":[{"@type":"SearchAction","target":{"@type":"EntryPoint","urlTemplate":"https:\/\/vosgesinfo.fr\/gerardmerinfo\/?s={search_term_string}"},"query-input":"required name=search_term_string"}],"inLanguage":"fr-FR"},{"@type":"Organization","@id":"https:\/\/vosgesinfo.fr\/gerardmerinfo\/#organization","name":"Gerardmer Info","url":"https:\/\/vosgesinfo.fr\/gerardmerinfo\/","logo":{"@type":"ImageObject","inLanguage":"fr-FR","@id":"https:\/\/vosgesinfo.fr\/gerardmerinfo\/#\/schema\/logo\/image\/","url":"https:\/\/vosgesinfo.fr\/app\/uploads\/sites\/6\/2023\/08\/favicon-gerardmerinfo.png","contentUrl":"https:\/\/vosgesinfo.fr\/app\/uploads\/sites\/6\/2023\/08\/favicon-gerardmerinfo.png","width":512,"height":512,"caption":"Gerardmer Info"},"image":{"@id":"https:\/\/vosgesinfo.fr\/gerardmerinfo\/#\/schema\/logo\/image\/"},"sameAs":["https:\/\/www.facebook.com\/profile.php?id=100049475262660","https:\/\/x.com\/VosgesInfo88","https:\/\/www.youtube.com\/@vosgesinfo"]},{"@type":"Person","@id":"https:\/\/vosgesinfo.fr\/gerardmerinfo\/#\/schema\/person\/db5605779a843dad16b5368f3e7613a5","name":"QG","image":{"@type":"ImageObject","inLanguage":"fr-FR","@id":"https:\/\/vosgesinfo.fr\/gerardmerinfo\/#\/schema\/person\/image\/","url":"https:\/\/secure.gravatar.com\/avatar\/ea80c42c204b534408512832fde52504ecabb9706bcb6151cf6175e5b64e6793?s=96&d=mm&r=g","contentUrl":"https:\/\/secure.gravatar.com\/avatar\/ea80c42c204b534408512832fde52504ecabb9706bcb6151cf6175e5b64e6793?s=96&d=mm&r=g","caption":"QG"},"url":"https:\/\/vosgesinfo.fr\/gerardmerinfo\/author\/quentin88\/"}]}},"_links":{"self":[{"href":"https:\/\/vosgesinfo.fr\/gerardmerinfo\/wp-json\/wp\/v2\/posts\/12112","targetHints":{"allow":["GET"]}}],"collection":[{"href":"https:\/\/vosgesinfo.fr\/gerardmerinfo\/wp-json\/wp\/v2\/posts"}],"about":[{"href":"https:\/\/vosgesinfo.fr\/gerardmerinfo\/wp-json\/wp\/v2\/types\/post"}],"author":[{"embeddable":true,"href":"https:\/\/vosgesinfo.fr\/gerardmerinfo\/wp-json\/wp\/v2\/users\/42"}],"replies":[{"embeddable":true,"href":"https:\/\/vosgesinfo.fr\/gerardmerinfo\/wp-json\/wp\/v2\/comments?post=12112"}],"version-history":[{"count":0,"href":"https:\/\/vosgesinfo.fr\/gerardmerinfo\/wp-json\/wp\/v2\/posts\/12112\/revisions"}],"wp:attachment":[{"href":"https:\/\/vosgesinfo.fr\/gerardmerinfo\/wp-json\/wp\/v2\/media?parent=12112"}],"wp:term":[{"taxonomy":"category","embeddable":true,"href":"https:\/\/vosgesinfo.fr\/gerardmerinfo\/wp-json\/wp\/v2\/categories?post=12112"},{"taxonomy":"post_tag","embeddable":true,"href":"https:\/\/vosgesinfo.fr\/gerardmerinfo\/wp-json\/wp\/v2\/tags?post=12112"}],"curies":[{"name":"wp","href":"https:\/\/api.w.org\/{rel}","templated":true}]}}