{"id":12138,"date":"2015-01-10T17:40:32","date_gmt":"2015-01-10T16:40:32","guid":{"rendered":"https:\/\/vosgesinfo.fr\/gerardmerinfo\/2015\/01\/petit-deviendra-grand-marnier\/"},"modified":"2015-01-10T17:40:32","modified_gmt":"2015-01-10T16:40:32","slug":"petit-deviendra-grand-marnier","status":"publish","type":"post","link":"https:\/\/vosgesinfo.fr\/gerardmerinfo\/2015\/01\/petit-deviendra-grand-marnier\/","title":{"rendered":"\u00ab Petit deviendra grand \u00bb&#8230; Marnier !"},"content":{"rendered":"<p>&nbsp;<\/p>\n Mathias (\u00e0 droite) ira d\u00e9fendre les couleurs du lyc\u00e9e Chardin en finale du Troph\u00e9e Espoirs Grand Marnier\n<p><strong>Chaque ann\u00e9e, le traditionnel Troph\u00e9e Espoirs Grand Marnier ainsi que son fid\u00e8le ambassadeur Serge Sevaux font \u00e9tape au lyc\u00e9e des m\u00e9tiers de l&rsquo;h\u00f4tellerie et de la restauration jean-Baptiste Sim\u00e9on Chardin.<\/strong><\/p>\n Kevin Touz\u00e9, 2\u00e9me de l&rsquo;\u00e9tape G\u00e9r\u00f4moise\n<p>Pour les novices, rappelons qu&rsquo;il s&rsquo;agit d&rsquo;un concours de cocktail r\u00e9serv\u00e9 aux \u00e9l\u00e8ves de mention compl\u00e9mentaire barman de la France enti\u00e8re. Pour cette nouvelle \u00e9dition, ce sont plus de 30 \u00e9tablissements qui ont r\u00e9pondu pr\u00e9sents et qui seront donc repr\u00e9sent\u00e9s \u00e0 la grande finale du troph\u00e9e pr\u00e9vue le 18 mai 2015 \u00e0 paris.<\/p>\n Un jury d\u00e9gustation tr\u00e8s attentif aux saveurs, \u00e0 la pr\u00e9sentation et aux couleurs des cocktails pr\u00e9sent\u00e9s\n<p>Le lyc\u00e9e Chardin ne fera pas exception, lui qui est d&rsquo;ailleurs le seul \u00e0 proposer la mention barman dans l&rsquo;acad\u00e9mie de Nancy-Metz. Et pour cette \u00e9preuve qualificative, ils \u00e9taient 15 \u00e9l\u00e8ves \u00e0 s&rsquo;affronter derri\u00e8re le bar, soit une bonne promotion encadr\u00e9e par les professeurs Alain Bootz et Dominique Deparis. <span style=\"font-family: 'Times New Roman', serif;\">L&rsquo;objectif\u00a0:<span style=\"color: #333333;\">\u00a0<\/span><\/span><span style=\"color: #333333;\"><span style=\"font-family: 'Times New Roman', serif;\">propo<\/span><span style=\"font-family: 'Times New Roman', serif;\"><span style=\"font-size: medium;\">ser le meilleur cocktail long drink de leur cr\u00e9ation sans oublier l&rsquo;aspect visuel et une technique irr\u00e9prochable dans la r\u00e9alisation de leur boisson.<\/span><\/span><\/span><\/p>\n<p><span style=\"color: #333333;\"><span style=\"font-family: 'Times New Roman', serif;\"><span style=\"font-size: medium;\">Car s&rsquo;il y a un jury d\u00e9gustation compos\u00e9 g\u00e9n\u00e9ralement en interne au sein du lyc\u00e9e Chardin, il y a aussi un jury technique qui ne laisse rien passer. Cette ann\u00e9e, il s&rsquo;agissait de Christophe Centlivre du bar Le R\u00e9tro et de Jean-Philippe Miclo qui officie pour sa part au grand H\u00f4tel. Et comme c\u2019est un concours Grand Marnier, le cocktail doit comporter \u00e9galement un minimum de 3 cl de la fameuse liqueur \u00ab\u00a0Cordon rouge\u00a0\u00bb pour un maximum de 7 cl d\u2019alcool car l\u2019abus en est dangereux pour la sant\u00e9\u2026 <\/span><\/span><\/span><\/p>\n<p><span style=\"color: #333333;\"><span style=\"font-family: 'Times New Roman', serif;\"><span style=\"font-size: medium;\">Enfin, n&rsquo;oublions pas la derni\u00e8re petite contrainte pour les candidats, le nom de leur cocktail doit comporter le nom \u00ab\u00a0Grand\u00a0\u00bb.<\/span><\/span><span style=\"font-family: 'Times New Roman', serif;\"> C&rsquo;est donc le \u00ab\u00a0Petit deviendra grand\u00a0\u00bb de Mathias Gabnel qui l&rsquo;a emport\u00e9. Le jeune homme aura donc l&rsquo;honneur de repr\u00e9senter son lyc\u00e9e \u00e0 Paris au printemps prochain. Il devance Kevin Touz\u00e9 et Lolita Chaise. Mention sp\u00e9ciale \u00e0 C\u00e9line Bonnot, meilleure note technique de l&rsquo;\u00e9preuve. Chapeau \u00e0 tous\u00a0!<\/span><\/span><\/p>\n","protected":false},"excerpt":{"rendered":"<p>&nbsp; Chaque ann\u00e9e, le traditionnel Troph\u00e9e Espoirs Grand Marnier ainsi que son fid\u00e8le ambassadeur Serge Sevaux font \u00e9tape au lyc\u00e9e [&hellip;]<\/p>\n","protected":false},"author":42,"featured_media":0,"comment_status":"open","ping_status":"open","sticky":false,"template":"","format":"standard","meta":{"footnotes":""},"categories":[24,25],"tags":[],"class_list":["post-12138","post","type-post","status-publish","format-standard","hentry","category-evenements","category-gerardmer"],"acf":[],"yoast_head":"<!-- This site is optimized with the Yoast SEO plugin v22.5 - https:\/\/yoast.com\/wordpress\/plugins\/seo\/ -->\n<title>\u00ab Petit deviendra grand \u00bb... Marnier ! - Gerardmer Info<\/title>\n<meta name=\"robots\" content=\"index, follow, max-snippet:-1, max-image-preview:large, max-video-preview:-1\" \/>\n<link rel=\"canonical\" href=\"https:\/\/vosgesinfo.fr\/gerardmerinfo\/2015\/01\/petit-deviendra-grand-marnier\/\" \/>\n<meta name=\"twitter:card\" content=\"summary_large_image\" \/>\n<meta name=\"twitter:title\" content=\"\u00ab Petit deviendra grand \u00bb... Marnier ! - Gerardmer Info\" \/>\n<meta name=\"twitter:description\" content=\"&nbsp; Chaque ann\u00e9e, le traditionnel Troph\u00e9e Espoirs Grand Marnier ainsi que son fid\u00e8le ambassadeur Serge Sevaux font \u00e9tape au lyc\u00e9e [&hellip;]\" \/>\n<meta name=\"twitter:creator\" content=\"@VosgesInfo88\" \/>\n<meta name=\"twitter:site\" content=\"@VosgesInfo88\" \/>\n<meta name=\"twitter:label1\" content=\"\u00c9crit par\" \/>\n\t<meta name=\"twitter:data1\" content=\"QG\" \/>\n\t<meta name=\"twitter:label2\" content=\"Dur\u00e9e de lecture estim\u00e9e\" \/>\n\t<meta name=\"twitter:data2\" content=\"2 minutes\" \/>\n<script type=\"application\/ld+json\" class=\"yoast-schema-graph\">{\"@context\":\"https:\/\/schema.org\",\"@graph\":[{\"@type\":\"Article\",\"@id\":\"https:\/\/vosgesinfo.fr\/gerardmerinfo\/2015\/01\/petit-deviendra-grand-marnier\/#article\",\"isPartOf\":{\"@id\":\"https:\/\/vosgesinfo.fr\/gerardmerinfo\/2015\/01\/petit-deviendra-grand-marnier\/\"},\"author\":{\"name\":\"QG\",\"@id\":\"https:\/\/vosgesinfo.fr\/gerardmerinfo\/#\/schema\/person\/db5605779a843dad16b5368f3e7613a5\"},\"headline\":\"\u00ab Petit deviendra grand \u00bb&#8230; Marnier !\",\"datePublished\":\"2015-01-10T16:40:32+00:00\",\"dateModified\":\"2015-01-10T16:40:32+00:00\",\"mainEntityOfPage\":{\"@id\":\"https:\/\/vosgesinfo.fr\/gerardmerinfo\/2015\/01\/petit-deviendra-grand-marnier\/\"},\"wordCount\":430,\"commentCount\":0,\"publisher\":{\"@id\":\"https:\/\/vosgesinfo.fr\/gerardmerinfo\/#organization\"},\"articleSection\":[\"Ev\u00e8nements\",\"G\u00e9rardmer\"],\"inLanguage\":\"fr-FR\",\"potentialAction\":[{\"@type\":\"CommentAction\",\"name\":\"Comment\",\"target\":[\"https:\/\/vosgesinfo.fr\/gerardmerinfo\/2015\/01\/petit-deviendra-grand-marnier\/#respond\"]}]},{\"@type\":\"WebPage\",\"@id\":\"https:\/\/vosgesinfo.fr\/gerardmerinfo\/2015\/01\/petit-deviendra-grand-marnier\/\",\"url\":\"https:\/\/vosgesinfo.fr\/gerardmerinfo\/2015\/01\/petit-deviendra-grand-marnier\/\",\"name\":\"\u00ab Petit deviendra grand \u00bb... Marnier ! - Gerardmer Info\",\"isPartOf\":{\"@id\":\"https:\/\/vosgesinfo.fr\/gerardmerinfo\/#website\"},\"datePublished\":\"2015-01-10T16:40:32+00:00\",\"dateModified\":\"2015-01-10T16:40:32+00:00\",\"breadcrumb\":{\"@id\":\"https:\/\/vosgesinfo.fr\/gerardmerinfo\/2015\/01\/petit-deviendra-grand-marnier\/#breadcrumb\"},\"inLanguage\":\"fr-FR\",\"potentialAction\":[{\"@type\":\"ReadAction\",\"target\":[\"https:\/\/vosgesinfo.fr\/gerardmerinfo\/2015\/01\/petit-deviendra-grand-marnier\/\"]}]},{\"@type\":\"BreadcrumbList\",\"@id\":\"https:\/\/vosgesinfo.fr\/gerardmerinfo\/2015\/01\/petit-deviendra-grand-marnier\/#breadcrumb\",\"itemListElement\":[{\"@type\":\"ListItem\",\"position\":1,\"name\":\"Home\",\"item\":\"https:\/\/vosgesinfo.fr\/gerardmerinfo\/\"},{\"@type\":\"ListItem\",\"position\":2,\"name\":\"\u00ab Petit deviendra grand \u00bb&#8230; Marnier !\"}]},{\"@type\":\"WebSite\",\"@id\":\"https:\/\/vosgesinfo.fr\/gerardmerinfo\/#website\",\"url\":\"https:\/\/vosgesinfo.fr\/gerardmerinfo\/\",\"name\":\"Gerardmer Info\",\"description\":\"Toute l&#039;actualit\u00e9 de G\u00e9rardmer\",\"publisher\":{\"@id\":\"https:\/\/vosgesinfo.fr\/gerardmerinfo\/#organization\"},\"alternateName\":\"Toute l'actualit\u00e9 de G\u00e9rardmer\",\"potentialAction\":[{\"@type\":\"SearchAction\",\"target\":{\"@type\":\"EntryPoint\",\"urlTemplate\":\"https:\/\/vosgesinfo.fr\/gerardmerinfo\/?s={search_term_string}\"},\"query-input\":\"required name=search_term_string\"}],\"inLanguage\":\"fr-FR\"},{\"@type\":\"Organization\",\"@id\":\"https:\/\/vosgesinfo.fr\/gerardmerinfo\/#organization\",\"name\":\"Gerardmer Info\",\"url\":\"https:\/\/vosgesinfo.fr\/gerardmerinfo\/\",\"logo\":{\"@type\":\"ImageObject\",\"inLanguage\":\"fr-FR\",\"@id\":\"https:\/\/vosgesinfo.fr\/gerardmerinfo\/#\/schema\/logo\/image\/\",\"url\":\"https:\/\/vosgesinfo.fr\/app\/uploads\/sites\/6\/2023\/08\/favicon-gerardmerinfo.png\",\"contentUrl\":\"https:\/\/vosgesinfo.fr\/app\/uploads\/sites\/6\/2023\/08\/favicon-gerardmerinfo.png\",\"width\":512,\"height\":512,\"caption\":\"Gerardmer Info\"},\"image\":{\"@id\":\"https:\/\/vosgesinfo.fr\/gerardmerinfo\/#\/schema\/logo\/image\/\"},\"sameAs\":[\"https:\/\/www.facebook.com\/profile.php?id=100049475262660\",\"https:\/\/x.com\/VosgesInfo88\",\"https:\/\/www.youtube.com\/@vosgesinfo\"]},{\"@type\":\"Person\",\"@id\":\"https:\/\/vosgesinfo.fr\/gerardmerinfo\/#\/schema\/person\/db5605779a843dad16b5368f3e7613a5\",\"name\":\"QG\",\"image\":{\"@type\":\"ImageObject\",\"inLanguage\":\"fr-FR\",\"@id\":\"https:\/\/vosgesinfo.fr\/gerardmerinfo\/#\/schema\/person\/image\/\",\"url\":\"https:\/\/secure.gravatar.com\/avatar\/ea80c42c204b534408512832fde52504ecabb9706bcb6151cf6175e5b64e6793?s=96&d=mm&r=g\",\"contentUrl\":\"https:\/\/secure.gravatar.com\/avatar\/ea80c42c204b534408512832fde52504ecabb9706bcb6151cf6175e5b64e6793?s=96&d=mm&r=g\",\"caption\":\"QG\"},\"url\":\"https:\/\/vosgesinfo.fr\/gerardmerinfo\/author\/quentin88\/\"}]}<\/script>\n<!-- \/ Yoast SEO plugin. -->","yoast_head_json":{"title":"\u00ab Petit deviendra grand \u00bb... Marnier ! - Gerardmer Info","robots":{"index":"index","follow":"follow","max-snippet":"max-snippet:-1","max-image-preview":"max-image-preview:large","max-video-preview":"max-video-preview:-1"},"canonical":"https:\/\/vosgesinfo.fr\/gerardmerinfo\/2015\/01\/petit-deviendra-grand-marnier\/","twitter_card":"summary_large_image","twitter_title":"\u00ab Petit deviendra grand \u00bb... Marnier ! - Gerardmer Info","twitter_description":"&nbsp; Chaque ann\u00e9e, le traditionnel Troph\u00e9e Espoirs Grand Marnier ainsi que son fid\u00e8le ambassadeur Serge Sevaux font \u00e9tape au lyc\u00e9e [&hellip;]","twitter_creator":"@VosgesInfo88","twitter_site":"@VosgesInfo88","twitter_misc":{"\u00c9crit par":"QG","Dur\u00e9e de lecture estim\u00e9e":"2 minutes"},"schema":{"@context":"https:\/\/schema.org","@graph":[{"@type":"Article","@id":"https:\/\/vosgesinfo.fr\/gerardmerinfo\/2015\/01\/petit-deviendra-grand-marnier\/#article","isPartOf":{"@id":"https:\/\/vosgesinfo.fr\/gerardmerinfo\/2015\/01\/petit-deviendra-grand-marnier\/"},"author":{"name":"QG","@id":"https:\/\/vosgesinfo.fr\/gerardmerinfo\/#\/schema\/person\/db5605779a843dad16b5368f3e7613a5"},"headline":"\u00ab Petit deviendra grand \u00bb&#8230; Marnier !","datePublished":"2015-01-10T16:40:32+00:00","dateModified":"2015-01-10T16:40:32+00:00","mainEntityOfPage":{"@id":"https:\/\/vosgesinfo.fr\/gerardmerinfo\/2015\/01\/petit-deviendra-grand-marnier\/"},"wordCount":430,"commentCount":0,"publisher":{"@id":"https:\/\/vosgesinfo.fr\/gerardmerinfo\/#organization"},"articleSection":["Ev\u00e8nements","G\u00e9rardmer"],"inLanguage":"fr-FR","potentialAction":[{"@type":"CommentAction","name":"Comment","target":["https:\/\/vosgesinfo.fr\/gerardmerinfo\/2015\/01\/petit-deviendra-grand-marnier\/#respond"]}]},{"@type":"WebPage","@id":"https:\/\/vosgesinfo.fr\/gerardmerinfo\/2015\/01\/petit-deviendra-grand-marnier\/","url":"https:\/\/vosgesinfo.fr\/gerardmerinfo\/2015\/01\/petit-deviendra-grand-marnier\/","name":"\u00ab Petit deviendra grand \u00bb... Marnier ! - Gerardmer Info","isPartOf":{"@id":"https:\/\/vosgesinfo.fr\/gerardmerinfo\/#website"},"datePublished":"2015-01-10T16:40:32+00:00","dateModified":"2015-01-10T16:40:32+00:00","breadcrumb":{"@id":"https:\/\/vosgesinfo.fr\/gerardmerinfo\/2015\/01\/petit-deviendra-grand-marnier\/#breadcrumb"},"inLanguage":"fr-FR","potentialAction":[{"@type":"ReadAction","target":["https:\/\/vosgesinfo.fr\/gerardmerinfo\/2015\/01\/petit-deviendra-grand-marnier\/"]}]},{"@type":"BreadcrumbList","@id":"https:\/\/vosgesinfo.fr\/gerardmerinfo\/2015\/01\/petit-deviendra-grand-marnier\/#breadcrumb","itemListElement":[{"@type":"ListItem","position":1,"name":"Home","item":"https:\/\/vosgesinfo.fr\/gerardmerinfo\/"},{"@type":"ListItem","position":2,"name":"\u00ab Petit deviendra grand \u00bb&#8230; Marnier !"}]},{"@type":"WebSite","@id":"https:\/\/vosgesinfo.fr\/gerardmerinfo\/#website","url":"https:\/\/vosgesinfo.fr\/gerardmerinfo\/","name":"Gerardmer Info","description":"Toute l&#039;actualit\u00e9 de G\u00e9rardmer","publisher":{"@id":"https:\/\/vosgesinfo.fr\/gerardmerinfo\/#organization"},"alternateName":"Toute l'actualit\u00e9 de G\u00e9rardmer","potentialAction":[{"@type":"SearchAction","target":{"@type":"EntryPoint","urlTemplate":"https:\/\/vosgesinfo.fr\/gerardmerinfo\/?s={search_term_string}"},"query-input":"required name=search_term_string"}],"inLanguage":"fr-FR"},{"@type":"Organization","@id":"https:\/\/vosgesinfo.fr\/gerardmerinfo\/#organization","name":"Gerardmer Info","url":"https:\/\/vosgesinfo.fr\/gerardmerinfo\/","logo":{"@type":"ImageObject","inLanguage":"fr-FR","@id":"https:\/\/vosgesinfo.fr\/gerardmerinfo\/#\/schema\/logo\/image\/","url":"https:\/\/vosgesinfo.fr\/app\/uploads\/sites\/6\/2023\/08\/favicon-gerardmerinfo.png","contentUrl":"https:\/\/vosgesinfo.fr\/app\/uploads\/sites\/6\/2023\/08\/favicon-gerardmerinfo.png","width":512,"height":512,"caption":"Gerardmer Info"},"image":{"@id":"https:\/\/vosgesinfo.fr\/gerardmerinfo\/#\/schema\/logo\/image\/"},"sameAs":["https:\/\/www.facebook.com\/profile.php?id=100049475262660","https:\/\/x.com\/VosgesInfo88","https:\/\/www.youtube.com\/@vosgesinfo"]},{"@type":"Person","@id":"https:\/\/vosgesinfo.fr\/gerardmerinfo\/#\/schema\/person\/db5605779a843dad16b5368f3e7613a5","name":"QG","image":{"@type":"ImageObject","inLanguage":"fr-FR","@id":"https:\/\/vosgesinfo.fr\/gerardmerinfo\/#\/schema\/person\/image\/","url":"https:\/\/secure.gravatar.com\/avatar\/ea80c42c204b534408512832fde52504ecabb9706bcb6151cf6175e5b64e6793?s=96&d=mm&r=g","contentUrl":"https:\/\/secure.gravatar.com\/avatar\/ea80c42c204b534408512832fde52504ecabb9706bcb6151cf6175e5b64e6793?s=96&d=mm&r=g","caption":"QG"},"url":"https:\/\/vosgesinfo.fr\/gerardmerinfo\/author\/quentin88\/"}]}},"_links":{"self":[{"href":"https:\/\/vosgesinfo.fr\/gerardmerinfo\/wp-json\/wp\/v2\/posts\/12138","targetHints":{"allow":["GET"]}}],"collection":[{"href":"https:\/\/vosgesinfo.fr\/gerardmerinfo\/wp-json\/wp\/v2\/posts"}],"about":[{"href":"https:\/\/vosgesinfo.fr\/gerardmerinfo\/wp-json\/wp\/v2\/types\/post"}],"author":[{"embeddable":true,"href":"https:\/\/vosgesinfo.fr\/gerardmerinfo\/wp-json\/wp\/v2\/users\/42"}],"replies":[{"embeddable":true,"href":"https:\/\/vosgesinfo.fr\/gerardmerinfo\/wp-json\/wp\/v2\/comments?post=12138"}],"version-history":[{"count":0,"href":"https:\/\/vosgesinfo.fr\/gerardmerinfo\/wp-json\/wp\/v2\/posts\/12138\/revisions"}],"wp:attachment":[{"href":"https:\/\/vosgesinfo.fr\/gerardmerinfo\/wp-json\/wp\/v2\/media?parent=12138"}],"wp:term":[{"taxonomy":"category","embeddable":true,"href":"https:\/\/vosgesinfo.fr\/gerardmerinfo\/wp-json\/wp\/v2\/categories?post=12138"},{"taxonomy":"post_tag","embeddable":true,"href":"https:\/\/vosgesinfo.fr\/gerardmerinfo\/wp-json\/wp\/v2\/tags?post=12138"}],"curies":[{"name":"wp","href":"https:\/\/api.w.org\/{rel}","templated":true}]}}