{"id":12143,"date":"2015-01-10T17:40:29","date_gmt":"2015-01-10T16:40:29","guid":{"rendered":"https:\/\/vosgesinfo.fr\/gerardmerinfo\/2015\/01\/gerardmelectric-cest-reparti-pour-un-tour-de-platine\/"},"modified":"2015-01-10T17:40:29","modified_gmt":"2015-01-10T16:40:29","slug":"gerardmelectric-cest-reparti-pour-un-tour-de-platine","status":"publish","type":"post","link":"https:\/\/vosgesinfo.fr\/gerardmerinfo\/2015\/01\/gerardmelectric-cest-reparti-pour-un-tour-de-platine\/","title":{"rendered":"G\u00e9rardm&rsquo;Electric : c&rsquo;est reparti pour un tour (de platine !)"},"content":{"rendered":"<p>&nbsp;<\/p>\n<p>[youtube]http:\/\/youtu.be\/-cXwLlwcWBo[\/youtube]<\/p>\n<p><span style=\"color: #444444;\"><span style=\"font-family: 'Times New Roman', serif;\"><span style=\"font-size: medium;\"><b>Apr\u00e8s une premi\u00e8re \u00e9dition aur\u00e9ol\u00e9e d&rsquo;un joli succ\u00e8s, le festival G\u00e9rardm&rsquo;Electric revient avec une programmation toujours aussi ambitieuse\u00a0: cela d\u00e9butera par un concert sur le domaine de la Mauselaine et se finira avec le groupe Mars Red Sky pour le show de cl\u00f4ture \u00e0 la MCL.<\/b><\/span><\/span><\/span><\/p>\n<p><span style=\"color: #444444;\"><span style=\"font-family: 'Times New Roman', serif;\"><span style=\"font-size: medium;\">La commission Musiques Actuelles de la Maison de la Culture et des Loisirs de G\u00e9rardmer a donc d\u00e9cid\u00e9 de remettre le couvert en 2015. Il faut dire que le galop d&rsquo;essai r\u00e9alis\u00e9 l&rsquo;an dernier avait confort\u00e9 l&rsquo;organisation dans la formule propos\u00e9e qui a donc \u00e9t\u00e9 reconduite en f\u00e9vrier prochain.<\/span><\/span><\/span><\/p>\n<p><span style=\"color: #444444;\"><span style=\"font-family: 'Times New Roman', serif;\"><span style=\"font-size: medium;\">L&rsquo;id\u00e9e \u00e9tait en effet de proposer un programme sympa ax\u00e9 sur les musiques amplifi\u00e9es avec des concerts et animations dans diff\u00e9rents lieux de la Perle des Vosges.<\/span><\/span><\/span><\/p>\n<p><span style=\"color: #444444;\"><span style=\"font-family: 'Times New Roman', serif;\"><span style=\"font-size: medium;\">En cette p\u00e9riode hivernale, l&rsquo;id\u00e9e d&rsquo;un concert d&rsquo;ouverture aux pieds des pistes de la Mauselaine s&rsquo;\u00e9tait donc vite impos\u00e9e. C&rsquo;est donc la formation nanc\u00e9ienne Dirty Work Of Soul Brothers qui succ\u00e9dera \u00e0 Minimal Quartet et aura ainsi le privil\u00e8ge de lancer les r\u00e9jouissances musicales avec son \u00e9lectro-rock tr\u00e8s bluesy. Un premier show gratuit juste avant la retraite aux flambeaux et le feu d&rsquo;artifice \u00e0 la Mauselaine. <\/span><\/span><\/span><\/p>\n<p><span style=\"color: #444444;\"><span style=\"font-family: 'Times New Roman', serif;\"><span style=\"font-size: medium;\">Le Grattoir est devenu un haut lieu de la musique \u00e0 G\u00e9rardmer et m\u00eame dans tout le d\u00e9partement des Vosges&#8230; et peut-\u00eatre m\u00eame plus encore, ce n&rsquo;est plus un secret pour grand monde. G\u00e9rardm&rsquo;Electric n&rsquo;a donc pas h\u00e9sit\u00e9 longtemps a faire \u00e9tape du c\u00f4t\u00e9 du Boulevard Kelsch et proposera un joli plateau de groupes locaux le vendredi 20 f\u00e9vrier avec les l\u00e9gendaires Flying Donuts, mais aussi Dead Shall Rise et les tr\u00e8s barr\u00e9s Streptocok&#8230; \u00c7a promet\u00a0! <\/span><\/span><\/span><\/p>\n<p><span style=\"color: #444444;\"><span style=\"font-family: 'Times New Roman', serif;\"><span style=\"font-size: medium;\">Pour mettre la note finale \u00e0 cette 2\u00e9me \u00e9dition, la commission Musiques Actuelles a invit\u00e9 un des meilleurs groupes de rock de l&rsquo;hexagone et un des plus fiers repr\u00e9sentants du stoner made in Europe en la personne de Mars Red Sky. Est-il encore n\u00e9cessaire de pr\u00e9senter le trio venu du pays bordelais\u00a0? Apr\u00e8s 3 albums excellentissimes, ils repartent pour une tourn\u00e9e d&rsquo;hiver qui fera escale pr\u00e8s de chez vous. \u00c7a ne se manque sous aucun pr\u00e9texte, chacune de leur prestation est un r\u00e9gal. Mars Red Sky sera pour l&rsquo;occasion accompagn\u00e9 des noise-rockeurs Das Modell qui feraient presque rena\u00eetre Shellac&#8230; \u00c7a vous parle\u00a0?!<\/span><\/span><\/span><\/p>\n Le directeur de la MCL St\u00e9phane Lepoil et le responsable de la commission musiques actuelles Marc Genatio ont officiellement pr\u00e9sent\u00e9 cette 2\u00e8me \u00e9dition \u00e0 la presse\n<p><span style=\"color: #444444;\"><span style=\"font-family: 'Times New Roman', serif;\"><span style=\"font-size: medium;\">La surprise du chef\u00a0? Ce sera des hapenings surprises du groupe Krupuck tout au long du festival et dans des lieux encore gard\u00e9s secrets, gnahaha&#8230;<span style=\"font-family: 'Times New Roman', serif;\"> \u00ab\u00a0M\u00e9diums libres utilisant un Battare &amp; une Guiterie, Mamousse et Magoule t\u00e9l\u00e9pathes de 3\u00e9me degr\u00e9s, invoqueront les forces telluriques en pr\u00e9sence pour une tentative impossible et inutile, c\u00e9r\u00e9monie dissonante de l\u2019instant bient\u00f4t perdu, une performance aux limites de la bote, de la laideur, une fusion cosmique absolue de leurs \u00eatres, un orgasme a l\u2019agonie,une approximation post li-fi noise avant-garde free exp\u00e9rimentale.\u00a0\u00bb \u00c7a promet&#8230;.<\/span><\/span><\/span><\/span><\/p>\n<p><span style=\"color: #444444;\"><span style=\"font-family: 'Times New Roman', serif;\"><span style=\"font-size: medium;\">Enfin, G\u00e9rardm&rsquo;Electric, ce n&rsquo;est pas que des concerts. Au menu, vous aurez donc le droit \u00e0 une conf\u00e9rence des plus int\u00e9ressante sur le th\u00e8me du rock ind\u00e9 avec Christophe Brault ainsi que la projection PARALL7LE, un projet d\u2019art contemporain port\u00e9e par S\u00e9bastien Lacroix. PARALL7LE est une installation d\u2019art contemporain qui inclut la projection en boucle sur grand \u00e9cran d\u2019un film d\u2019art vid\u00e9o d\u2019une dur\u00e9e de 20 minutes, la diffusion sur petits \u00e9crans de \u00ab pi\u00e8ces filmiques \u00bb d\u2019une dur\u00e9e de quelques minutes chacune. <\/span><\/span><\/span><\/p>\n<p><span style=\"color: #444444;\"><span style=\"font-family: 'Times New Roman', serif;\"><span style=\"font-size: medium;\">La pr\u00e9sentation en int\u00e9rieur est compl\u00e9t\u00e9e d\u2019une s\u00e9rie de 21 tirages photographiques grand format,<\/span><\/span><\/span><\/p>\n<p><span style=\"color: #444444;\"><span style=\"font-family: 'Times New Roman', serif;\"><span style=\"font-size: medium;\">extraits du film. Les s\u00e9quences film\u00e9es sont une interpr\u00e9tation, \u00e0 caract\u00e8re fictionnel, du r\u00e9el et du quotidien forestier. A travers ce documentaire-fiction, l\u2019artiste nanc\u00e9ien S\u00e9bastien Lacroix, plasticien, photographe et vid\u00e9aste, pose un regard original sur l\u2019univers forestier et incite le spectateur \u00e0 une perception nouvelle. Imaginant une situation o\u00f9 les for\u00eats n\u2019existeraient plus, S\u00e9bastien Lacroix s\u2019est pos\u00e9 les questions suivantes : de quelle mani\u00e8re cette absence affecterait-elle notre cr\u00e9ativit\u00e9, notre imagination, nos r\u00eaves ?<\/span><\/span><\/span><\/p>\n<p>&nbsp;<\/p>\n<p>Plus d&rsquo;info et billetterie sur le\u00a0http:\/\/mclgerardmer.fr\/zikact\/gerardmelectric\/<\/p>\n<p><span style=\"color: #444444;\"><span style=\"font-family: 'Times New Roman', serif;\"><span style=\"font-size: medium;\"><b>Festival G\u00e9rardm&rsquo;Electric \u2013 2\u00e9me \u00e9dition<\/b><\/span><\/span><\/span><\/p>\n<p><span style=\"color: #444444;\"><span style=\"font-family: 'Times New Roman', serif;\"><span style=\"font-size: medium;\"><b>Du 19 au 21 f\u00e9vrier 2015 \u00e0 G\u00e9rardmer<\/b><\/span><\/span><\/span><\/p>\n<p><span style=\"color: #444444;\"><span style=\"font-family: 'Times New Roman', serif;\"><span style=\"font-size: medium;\"><b>Pass Festival 10 \u20ac<\/b><\/span><\/span><\/span><\/p>\n<p><span style=\"color: #444444;\"><span style=\"font-family: 'Times New Roman', serif;\"><span style=\"font-size: medium;\"><b>Soir\u00e9e 6 \u20ac<\/b><\/span><\/span><\/span><\/p>\n<p><span style=\"color: #444444;\"><span style=\"font-family: 'Times New Roman', serif;\"><span style=\"font-size: large;\"><b>Au programme\u00a0: <\/b><\/span><\/span><\/span><\/p>\n<p><span style=\"color: #444444;\"><span style=\"font-family: 'Times New Roman', serif;\"><span style=\"font-size: medium;\"><i><b>Krupuk\u00a0: la surprise du chef du festival, la cerise sur la g\u00e2teau, la petite scie sur la b\u00fbche de No\u00ebl, la f\u00e8ve dans la galette, la cr\u00e8me avec l&rsquo;Apfelstrudel &#8211; 13 minutes de Arch &#8211; Noise !\u00a0<\/b><\/i><\/span><\/span><\/span><\/p>\n<p><span style=\"color: #444444;\"><span style=\"font-family: 'Times New Roman', serif;\"><span style=\"font-size: medium;\"><b>*Jeudi 19 f\u00e9vrier\u00a0: <\/b><\/span><\/span><\/span><\/p>\n<p><span style=\"color: #444444;\"><span style=\"font-family: 'Times New Roman', serif;\"><span style=\"font-size: medium;\">17 H 30\u00a0: <\/span><\/span><\/span><span style=\"color: #444444;\"><span style=\"font-family: 'Times New Roman', serif;\"><span style=\"font-size: medium;\"><b>DIRTY WORK OF SOUL BROTHERS<\/b><\/span><\/span><\/span><span style=\"color: #444444;\"><span style=\"font-family: 'Times New Roman', serif;\"><span style=\"font-size: medium;\">\u00a0<\/span><\/span><\/span><\/p>\n<p><span style=\"color: #444444;\"><span style=\"font-family: 'Times New Roman', serif;\"><span style=\"font-size: medium;\">Au domaine Skiable de la Mauselaine<\/span><\/span><\/span><\/p>\n<p><span style=\"color: #444444;\"><span style=\"font-family: 'Times New Roman', serif;\"><span style=\"font-size: medium;\">Attention\u00a0: concert gratuit\u00a0!<\/span><\/span><\/span><\/p>\n<p><span style=\"color: #444444;\"><span style=\"font-family: 'Times New Roman', serif;\"><span style=\"font-size: medium;\">20 H 30\u00a0: Conf\u00e9rence \u00ab\u00a040 ANS DE ROCK IND\u00c9 (1974 \u2013 2014)\u00a0\u00bb par CHRISTOPHE BRAULT<\/span><\/span><\/span><\/p>\n<p><span style=\"color: #444444;\"><span style=\"font-family: 'Times New Roman', serif;\"><span style=\"font-size: medium;\">M\u00e9diath\u00e8que du Tilleul \u00e0 G\u00e9rardmer- Gratuit<\/span><\/span><\/span><\/p>\n<p><span style=\"color: #444444;\"><span style=\"font-family: 'Times New Roman', serif;\"><span style=\"font-size: medium;\"><b>*Vendredi 20 f\u00e9vrier\u00a0: <\/b><\/span><\/span><\/span><\/p>\n<p><span style=\"color: #444444;\"><span style=\"font-family: 'Times New Roman', serif;\"><span style=\"font-size: medium;\">Au caf\u00e9 concert le Grattoir \u2013 21 H 30\u00a0<\/span><\/span><\/span><\/p>\n<p><span style=\"color: #444444;\"><span style=\"font-family: 'Times New Roman', serif;\"><span style=\"font-size: medium;\"><b>STREPTOCOK\u00a0<\/b><\/span><\/span><\/span><\/p>\n<p><span style=\"color: #444444;\"><span style=\"font-family: 'Times New Roman', serif;\"><span style=\"font-size: medium;\"><b>FLYING DONUTS<\/b><\/span><\/span><\/span><\/p>\n<p><span style=\"color: #444444;\"><span style=\"font-family: 'Times New Roman', serif;\"><span style=\"font-size: medium;\"><b>DEAD SHALL RISE<\/b><\/span><\/span><\/span><\/p>\n<p><span style=\"color: #444444;\"><span style=\"font-family: 'Times New Roman', serif;\"><span style=\"font-size: medium;\">Tarif\u00a0: 6 \u20ac<\/span><\/span><\/span><\/p>\n<p><span style=\"color: #444444;\"><span style=\"font-family: 'Times New Roman', serif;\"><span style=\"font-size: medium;\"><b>*Samedi 21 F\u00e9vrier\u00a0: <\/b><\/span><\/span><\/span><\/p>\n<p><span style=\"color: #444444;\"><span style=\"font-family: 'Times New Roman', serif;\"><span style=\"font-size: medium;\">A la M\u00e9diath\u00e8que de G\u00e9rardmer &#8211; Section audiovisuelle \u2013 17 H 00<\/span><\/span><\/span><\/p>\n<p><span style=\"color: #444444;\"><span style=\"font-family: 'Times New Roman', serif;\"><span style=\"font-size: medium;\"><b>Projection PARALL7LE\u00a0: <\/b><\/span><\/span><\/span><span style=\"color: #444444;\"><span style=\"font-family: 'Times New Roman', serif;\"><span style=\"font-size: medium;\">projet d\u2019art contemporain port\u00e9e par S\u00e9bastien Lacroix.<\/span><\/span><\/span><\/p>\n<p><span style=\"color: #444444;\"><span style=\"font-family: 'Times New Roman', serif;\"><span style=\"font-size: medium;\">Projet soutenu par la MCL, le Parc des Ballons des Vosges et la R\u00e9gion Lorraine en 2008.<\/span><\/span><\/span><\/p>\n<p><span style=\"color: #444444;\"><span style=\"font-family: 'Times New Roman', serif;\"><span style=\"font-size: medium;\">A la MCL de G\u00e9rardmer \u2013 21 H 30<\/span><\/span><\/span><\/p>\n<p><span style=\"color: #444444;\"><span style=\"font-family: 'Times New Roman', serif;\"><span style=\"font-size: medium;\"><b>Das MODELL<\/b><\/span><\/span><\/span><\/p>\n<p><span style=\"color: #444444;\"><span style=\"font-family: 'Times New Roman', serif;\"><span style=\"font-size: medium;\"><b>Mars Red Sky\u00a0<\/b><\/span><\/span><\/span><span style=\"color: #444444;\"><span style=\"font-family: 'Times New Roman', serif;\"><span style=\"font-size: medium;\">\u00a0<\/span><\/span><\/span><\/p>\n<p><span style=\"color: #444444;\"><span style=\"font-family: 'Times New Roman', serif;\"><span style=\"font-size: medium;\">Tarif\u00a0: 6 \u20ac<\/span><\/span><\/span><\/p>\n<p>[youtube]http:\/\/youtu.be\/vQp2MKJ5vwo[\/youtube]<\/p>\n","protected":false},"excerpt":{"rendered":"<p>&nbsp; [youtube]http:\/\/youtu.be\/-cXwLlwcWBo[\/youtube] Apr\u00e8s une premi\u00e8re \u00e9dition aur\u00e9ol\u00e9e d&rsquo;un joli succ\u00e8s, le festival G\u00e9rardm&rsquo;Electric revient avec une programmation toujours aussi ambitieuse\u00a0: [&hellip;]<\/p>\n","protected":false},"author":42,"featured_media":0,"comment_status":"open","ping_status":"open","sticky":false,"template":"","format":"standard","meta":{"footnotes":""},"categories":[34,4,8,31],"tags":[],"class_list":["post-12143","post","type-post","status-publish","format-standard","hentry","category-concert","category-culture","category-faits-divers","category-vosges-faits-divers"],"acf":[],"yoast_head":"<!-- This site is optimized with the Yoast SEO plugin v22.5 - https:\/\/yoast.com\/wordpress\/plugins\/seo\/ -->\n<title>G\u00e9rardm&#039;Electric : c&#039;est reparti pour un tour (de platine !) - Gerardmer Info<\/title>\n<meta name=\"robots\" content=\"index, follow, max-snippet:-1, max-image-preview:large, max-video-preview:-1\" \/>\n<link rel=\"canonical\" href=\"https:\/\/vosgesinfo.fr\/gerardmerinfo\/2015\/01\/gerardmelectric-cest-reparti-pour-un-tour-de-platine\/\" \/>\n<meta name=\"twitter:card\" content=\"summary_large_image\" \/>\n<meta name=\"twitter:title\" content=\"G\u00e9rardm&#039;Electric : c&#039;est reparti pour un tour (de platine !) - Gerardmer Info\" \/>\n<meta name=\"twitter:description\" content=\"&nbsp; [youtube]http:\/\/youtu.be\/-cXwLlwcWBo[\/youtube] Apr\u00e8s une premi\u00e8re \u00e9dition aur\u00e9ol\u00e9e d&rsquo;un joli succ\u00e8s, le festival G\u00e9rardm&rsquo;Electric revient avec une programmation toujours aussi ambitieuse\u00a0: [&hellip;]\" \/>\n<meta name=\"twitter:creator\" content=\"@VosgesInfo88\" \/>\n<meta name=\"twitter:site\" content=\"@VosgesInfo88\" \/>\n<meta name=\"twitter:label1\" content=\"\u00c9crit par\" \/>\n\t<meta name=\"twitter:data1\" content=\"QG\" \/>\n\t<meta name=\"twitter:label2\" content=\"Dur\u00e9e de lecture estim\u00e9e\" \/>\n\t<meta name=\"twitter:data2\" content=\"5 minutes\" \/>\n<script type=\"application\/ld+json\" class=\"yoast-schema-graph\">{\"@context\":\"https:\/\/schema.org\",\"@graph\":[{\"@type\":\"Article\",\"@id\":\"https:\/\/vosgesinfo.fr\/gerardmerinfo\/2015\/01\/gerardmelectric-cest-reparti-pour-un-tour-de-platine\/#article\",\"isPartOf\":{\"@id\":\"https:\/\/vosgesinfo.fr\/gerardmerinfo\/2015\/01\/gerardmelectric-cest-reparti-pour-un-tour-de-platine\/\"},\"author\":{\"name\":\"QG\",\"@id\":\"https:\/\/vosgesinfo.fr\/gerardmerinfo\/#\/schema\/person\/db5605779a843dad16b5368f3e7613a5\"},\"headline\":\"G\u00e9rardm&rsquo;Electric : c&rsquo;est reparti pour un tour (de platine !)\",\"datePublished\":\"2015-01-10T16:40:29+00:00\",\"dateModified\":\"2015-01-10T16:40:29+00:00\",\"mainEntityOfPage\":{\"@id\":\"https:\/\/vosgesinfo.fr\/gerardmerinfo\/2015\/01\/gerardmelectric-cest-reparti-pour-un-tour-de-platine\/\"},\"wordCount\":969,\"commentCount\":0,\"publisher\":{\"@id\":\"https:\/\/vosgesinfo.fr\/gerardmerinfo\/#organization\"},\"articleSection\":[\"Concert\",\"Culture\",\"Faits-divers\",\"Vosges\"],\"inLanguage\":\"fr-FR\",\"potentialAction\":[{\"@type\":\"CommentAction\",\"name\":\"Comment\",\"target\":[\"https:\/\/vosgesinfo.fr\/gerardmerinfo\/2015\/01\/gerardmelectric-cest-reparti-pour-un-tour-de-platine\/#respond\"]}]},{\"@type\":\"WebPage\",\"@id\":\"https:\/\/vosgesinfo.fr\/gerardmerinfo\/2015\/01\/gerardmelectric-cest-reparti-pour-un-tour-de-platine\/\",\"url\":\"https:\/\/vosgesinfo.fr\/gerardmerinfo\/2015\/01\/gerardmelectric-cest-reparti-pour-un-tour-de-platine\/\",\"name\":\"G\u00e9rardm'Electric : c'est reparti pour un tour (de platine !) - Gerardmer Info\",\"isPartOf\":{\"@id\":\"https:\/\/vosgesinfo.fr\/gerardmerinfo\/#website\"},\"datePublished\":\"2015-01-10T16:40:29+00:00\",\"dateModified\":\"2015-01-10T16:40:29+00:00\",\"breadcrumb\":{\"@id\":\"https:\/\/vosgesinfo.fr\/gerardmerinfo\/2015\/01\/gerardmelectric-cest-reparti-pour-un-tour-de-platine\/#breadcrumb\"},\"inLanguage\":\"fr-FR\",\"potentialAction\":[{\"@type\":\"ReadAction\",\"target\":[\"https:\/\/vosgesinfo.fr\/gerardmerinfo\/2015\/01\/gerardmelectric-cest-reparti-pour-un-tour-de-platine\/\"]}]},{\"@type\":\"BreadcrumbList\",\"@id\":\"https:\/\/vosgesinfo.fr\/gerardmerinfo\/2015\/01\/gerardmelectric-cest-reparti-pour-un-tour-de-platine\/#breadcrumb\",\"itemListElement\":[{\"@type\":\"ListItem\",\"position\":1,\"name\":\"Home\",\"item\":\"https:\/\/vosgesinfo.fr\/gerardmerinfo\/\"},{\"@type\":\"ListItem\",\"position\":2,\"name\":\"G\u00e9rardm&rsquo;Electric : c&rsquo;est reparti pour un tour (de platine !)\"}]},{\"@type\":\"WebSite\",\"@id\":\"https:\/\/vosgesinfo.fr\/gerardmerinfo\/#website\",\"url\":\"https:\/\/vosgesinfo.fr\/gerardmerinfo\/\",\"name\":\"Gerardmer Info\",\"description\":\"Toute l&#039;actualit\u00e9 de G\u00e9rardmer\",\"publisher\":{\"@id\":\"https:\/\/vosgesinfo.fr\/gerardmerinfo\/#organization\"},\"alternateName\":\"Toute l'actualit\u00e9 de G\u00e9rardmer\",\"potentialAction\":[{\"@type\":\"SearchAction\",\"target\":{\"@type\":\"EntryPoint\",\"urlTemplate\":\"https:\/\/vosgesinfo.fr\/gerardmerinfo\/?s={search_term_string}\"},\"query-input\":\"required name=search_term_string\"}],\"inLanguage\":\"fr-FR\"},{\"@type\":\"Organization\",\"@id\":\"https:\/\/vosgesinfo.fr\/gerardmerinfo\/#organization\",\"name\":\"Gerardmer Info\",\"url\":\"https:\/\/vosgesinfo.fr\/gerardmerinfo\/\",\"logo\":{\"@type\":\"ImageObject\",\"inLanguage\":\"fr-FR\",\"@id\":\"https:\/\/vosgesinfo.fr\/gerardmerinfo\/#\/schema\/logo\/image\/\",\"url\":\"https:\/\/vosgesinfo.fr\/app\/uploads\/sites\/6\/2023\/08\/favicon-gerardmerinfo.png\",\"contentUrl\":\"https:\/\/vosgesinfo.fr\/app\/uploads\/sites\/6\/2023\/08\/favicon-gerardmerinfo.png\",\"width\":512,\"height\":512,\"caption\":\"Gerardmer Info\"},\"image\":{\"@id\":\"https:\/\/vosgesinfo.fr\/gerardmerinfo\/#\/schema\/logo\/image\/\"},\"sameAs\":[\"https:\/\/www.facebook.com\/profile.php?id=100049475262660\",\"https:\/\/x.com\/VosgesInfo88\",\"https:\/\/www.youtube.com\/@vosgesinfo\"]},{\"@type\":\"Person\",\"@id\":\"https:\/\/vosgesinfo.fr\/gerardmerinfo\/#\/schema\/person\/db5605779a843dad16b5368f3e7613a5\",\"name\":\"QG\",\"image\":{\"@type\":\"ImageObject\",\"inLanguage\":\"fr-FR\",\"@id\":\"https:\/\/vosgesinfo.fr\/gerardmerinfo\/#\/schema\/person\/image\/\",\"url\":\"https:\/\/secure.gravatar.com\/avatar\/ea80c42c204b534408512832fde52504ecabb9706bcb6151cf6175e5b64e6793?s=96&d=mm&r=g\",\"contentUrl\":\"https:\/\/secure.gravatar.com\/avatar\/ea80c42c204b534408512832fde52504ecabb9706bcb6151cf6175e5b64e6793?s=96&d=mm&r=g\",\"caption\":\"QG\"},\"url\":\"https:\/\/vosgesinfo.fr\/gerardmerinfo\/author\/quentin88\/\"}]}<\/script>\n<!-- \/ Yoast SEO plugin. -->","yoast_head_json":{"title":"G\u00e9rardm'Electric : c'est reparti pour un tour (de platine !) - Gerardmer Info","robots":{"index":"index","follow":"follow","max-snippet":"max-snippet:-1","max-image-preview":"max-image-preview:large","max-video-preview":"max-video-preview:-1"},"canonical":"https:\/\/vosgesinfo.fr\/gerardmerinfo\/2015\/01\/gerardmelectric-cest-reparti-pour-un-tour-de-platine\/","twitter_card":"summary_large_image","twitter_title":"G\u00e9rardm'Electric : c'est reparti pour un tour (de platine !) - Gerardmer Info","twitter_description":"&nbsp; [youtube]http:\/\/youtu.be\/-cXwLlwcWBo[\/youtube] Apr\u00e8s une premi\u00e8re \u00e9dition aur\u00e9ol\u00e9e d&rsquo;un joli succ\u00e8s, le festival G\u00e9rardm&rsquo;Electric revient avec une programmation toujours aussi ambitieuse\u00a0: [&hellip;]","twitter_creator":"@VosgesInfo88","twitter_site":"@VosgesInfo88","twitter_misc":{"\u00c9crit par":"QG","Dur\u00e9e de lecture estim\u00e9e":"5 minutes"},"schema":{"@context":"https:\/\/schema.org","@graph":[{"@type":"Article","@id":"https:\/\/vosgesinfo.fr\/gerardmerinfo\/2015\/01\/gerardmelectric-cest-reparti-pour-un-tour-de-platine\/#article","isPartOf":{"@id":"https:\/\/vosgesinfo.fr\/gerardmerinfo\/2015\/01\/gerardmelectric-cest-reparti-pour-un-tour-de-platine\/"},"author":{"name":"QG","@id":"https:\/\/vosgesinfo.fr\/gerardmerinfo\/#\/schema\/person\/db5605779a843dad16b5368f3e7613a5"},"headline":"G\u00e9rardm&rsquo;Electric : c&rsquo;est reparti pour un tour (de platine !)","datePublished":"2015-01-10T16:40:29+00:00","dateModified":"2015-01-10T16:40:29+00:00","mainEntityOfPage":{"@id":"https:\/\/vosgesinfo.fr\/gerardmerinfo\/2015\/01\/gerardmelectric-cest-reparti-pour-un-tour-de-platine\/"},"wordCount":969,"commentCount":0,"publisher":{"@id":"https:\/\/vosgesinfo.fr\/gerardmerinfo\/#organization"},"articleSection":["Concert","Culture","Faits-divers","Vosges"],"inLanguage":"fr-FR","potentialAction":[{"@type":"CommentAction","name":"Comment","target":["https:\/\/vosgesinfo.fr\/gerardmerinfo\/2015\/01\/gerardmelectric-cest-reparti-pour-un-tour-de-platine\/#respond"]}]},{"@type":"WebPage","@id":"https:\/\/vosgesinfo.fr\/gerardmerinfo\/2015\/01\/gerardmelectric-cest-reparti-pour-un-tour-de-platine\/","url":"https:\/\/vosgesinfo.fr\/gerardmerinfo\/2015\/01\/gerardmelectric-cest-reparti-pour-un-tour-de-platine\/","name":"G\u00e9rardm'Electric : c'est reparti pour un tour (de platine !) - Gerardmer Info","isPartOf":{"@id":"https:\/\/vosgesinfo.fr\/gerardmerinfo\/#website"},"datePublished":"2015-01-10T16:40:29+00:00","dateModified":"2015-01-10T16:40:29+00:00","breadcrumb":{"@id":"https:\/\/vosgesinfo.fr\/gerardmerinfo\/2015\/01\/gerardmelectric-cest-reparti-pour-un-tour-de-platine\/#breadcrumb"},"inLanguage":"fr-FR","potentialAction":[{"@type":"ReadAction","target":["https:\/\/vosgesinfo.fr\/gerardmerinfo\/2015\/01\/gerardmelectric-cest-reparti-pour-un-tour-de-platine\/"]}]},{"@type":"BreadcrumbList","@id":"https:\/\/vosgesinfo.fr\/gerardmerinfo\/2015\/01\/gerardmelectric-cest-reparti-pour-un-tour-de-platine\/#breadcrumb","itemListElement":[{"@type":"ListItem","position":1,"name":"Home","item":"https:\/\/vosgesinfo.fr\/gerardmerinfo\/"},{"@type":"ListItem","position":2,"name":"G\u00e9rardm&rsquo;Electric : c&rsquo;est reparti pour un tour (de platine !)"}]},{"@type":"WebSite","@id":"https:\/\/vosgesinfo.fr\/gerardmerinfo\/#website","url":"https:\/\/vosgesinfo.fr\/gerardmerinfo\/","name":"Gerardmer Info","description":"Toute l&#039;actualit\u00e9 de G\u00e9rardmer","publisher":{"@id":"https:\/\/vosgesinfo.fr\/gerardmerinfo\/#organization"},"alternateName":"Toute l'actualit\u00e9 de G\u00e9rardmer","potentialAction":[{"@type":"SearchAction","target":{"@type":"EntryPoint","urlTemplate":"https:\/\/vosgesinfo.fr\/gerardmerinfo\/?s={search_term_string}"},"query-input":"required name=search_term_string"}],"inLanguage":"fr-FR"},{"@type":"Organization","@id":"https:\/\/vosgesinfo.fr\/gerardmerinfo\/#organization","name":"Gerardmer Info","url":"https:\/\/vosgesinfo.fr\/gerardmerinfo\/","logo":{"@type":"ImageObject","inLanguage":"fr-FR","@id":"https:\/\/vosgesinfo.fr\/gerardmerinfo\/#\/schema\/logo\/image\/","url":"https:\/\/vosgesinfo.fr\/app\/uploads\/sites\/6\/2023\/08\/favicon-gerardmerinfo.png","contentUrl":"https:\/\/vosgesinfo.fr\/app\/uploads\/sites\/6\/2023\/08\/favicon-gerardmerinfo.png","width":512,"height":512,"caption":"Gerardmer Info"},"image":{"@id":"https:\/\/vosgesinfo.fr\/gerardmerinfo\/#\/schema\/logo\/image\/"},"sameAs":["https:\/\/www.facebook.com\/profile.php?id=100049475262660","https:\/\/x.com\/VosgesInfo88","https:\/\/www.youtube.com\/@vosgesinfo"]},{"@type":"Person","@id":"https:\/\/vosgesinfo.fr\/gerardmerinfo\/#\/schema\/person\/db5605779a843dad16b5368f3e7613a5","name":"QG","image":{"@type":"ImageObject","inLanguage":"fr-FR","@id":"https:\/\/vosgesinfo.fr\/gerardmerinfo\/#\/schema\/person\/image\/","url":"https:\/\/secure.gravatar.com\/avatar\/ea80c42c204b534408512832fde52504ecabb9706bcb6151cf6175e5b64e6793?s=96&d=mm&r=g","contentUrl":"https:\/\/secure.gravatar.com\/avatar\/ea80c42c204b534408512832fde52504ecabb9706bcb6151cf6175e5b64e6793?s=96&d=mm&r=g","caption":"QG"},"url":"https:\/\/vosgesinfo.fr\/gerardmerinfo\/author\/quentin88\/"}]}},"_links":{"self":[{"href":"https:\/\/vosgesinfo.fr\/gerardmerinfo\/wp-json\/wp\/v2\/posts\/12143","targetHints":{"allow":["GET"]}}],"collection":[{"href":"https:\/\/vosgesinfo.fr\/gerardmerinfo\/wp-json\/wp\/v2\/posts"}],"about":[{"href":"https:\/\/vosgesinfo.fr\/gerardmerinfo\/wp-json\/wp\/v2\/types\/post"}],"author":[{"embeddable":true,"href":"https:\/\/vosgesinfo.fr\/gerardmerinfo\/wp-json\/wp\/v2\/users\/42"}],"replies":[{"embeddable":true,"href":"https:\/\/vosgesinfo.fr\/gerardmerinfo\/wp-json\/wp\/v2\/comments?post=12143"}],"version-history":[{"count":0,"href":"https:\/\/vosgesinfo.fr\/gerardmerinfo\/wp-json\/wp\/v2\/posts\/12143\/revisions"}],"wp:attachment":[{"href":"https:\/\/vosgesinfo.fr\/gerardmerinfo\/wp-json\/wp\/v2\/media?parent=12143"}],"wp:term":[{"taxonomy":"category","embeddable":true,"href":"https:\/\/vosgesinfo.fr\/gerardmerinfo\/wp-json\/wp\/v2\/categories?post=12143"},{"taxonomy":"post_tag","embeddable":true,"href":"https:\/\/vosgesinfo.fr\/gerardmerinfo\/wp-json\/wp\/v2\/tags?post=12143"}],"curies":[{"name":"wp","href":"https:\/\/api.w.org\/{rel}","templated":true}]}}