{"id":12158,"date":"2015-01-14T19:01:35","date_gmt":"2015-01-14T18:01:35","guid":{"rendered":"https:\/\/vosgesinfo.fr\/gerardmerinfo\/2015\/01\/les-rencontres-du-fantastique-la-fnac-de-nancy-en-janvier\/"},"modified":"2015-01-14T19:01:35","modified_gmt":"2015-01-14T18:01:35","slug":"les-rencontres-du-fantastique-la-fnac-de-nancy-en-janvier","status":"publish","type":"post","link":"https:\/\/vosgesinfo.fr\/gerardmerinfo\/2015\/01\/les-rencontres-du-fantastique-la-fnac-de-nancy-en-janvier\/","title":{"rendered":"Les Rencontres du Fantastique \u00e0 la FNAC de Nancy en janvier"},"content":{"rendered":"<p><span style=\"color: #000000;\"><span style=\"font-family: 'Times New Roman', serif;\"><span style=\"font-size: large;\"><br \/>\n<\/span><\/span><\/span><\/p>\n<p><span style=\"color: #000000;\"><span style=\"font-family: 'Times New Roman', serif;\"><span style=\"font-size: large;\">La Fnac apporte depuis plusieurs ann\u00e9es son soutien au Festival de G\u00e9rardmer. Une collaboration qui se traduit cette ann\u00e9e par la tenue de 3 forums en amont de la manifestation au magasin de Nancy.<\/span><\/span><\/span><\/p>\n<p><span style=\"color: #000000;\"><span style=\"font-family: 'Times New Roman', serif;\"><span style=\"font-size: large;\">La Fnac Nancy et le Festival International du film fantastique de G\u00e9rardmer vous proposent \u00ab Les Rencontres du Fantastique \u00bb , \u00e9v\u00e9nement unique du 17 au 24 janvier qui accueillera les auteurs : Henri Loevenbruck, Pierre Pevel et Nicolas Stanzick<\/span><\/span><\/span><\/p>\n<p><span style=\"color: #000000;\"><span style=\"font-family: 'Times New Roman', serif;\"><span style=\"font-size: large;\">.<\/span><\/span><\/span><\/p>\n<p><span style=\"color: #000000;\"><span style=\"font-family: 'Times New Roman', serif;\"><span style=\"font-size: large;\">Qualifi\u00e9 de \u00ab\u00a0nouveau ma\u00eetre du thriller fran\u00e7ais \u00a0\u00bb par le Nouvel Observateur, Henri LOEVENBURCK est traduit dans quinze pays. En 2012 il est le co-auteur (avec Fabrice Mazza) d&rsquo;une s\u00e9rie intitul\u00e9e S\u00e9rum et comportant \u00e0 ce jour 6 \u00e9pisodes. La m\u00eame ann\u00e9e, son roman L&rsquo;Apothicaire (paru en 2011) re\u00e7oit le prix Fulbert, r\u00e9compensant une \u0153uvre relative au Moyen-\u00e2ge.<\/span><\/span><\/span><\/p>\n<p><span style=\"color: #000000;\"><span style=\"font-family: 'Times New Roman', serif;\"><span style=\"font-size: large;\">Pierre PEVEL, n\u00e9 en 1968, est l\u2019un des fleurons de la Fantasy fran\u00e7aise. Il a obtenu le Grand Prix de l\u2019Imaginaire en 2002 et le prix Imaginales 2005. La trilogie des Lames du Cardinal est un \u00e9clatant succ\u00e8s d\u00e9j\u00e0 traduit en sept langues y compris. Le premier volume a par ailleurs remport\u00e9 le David Gemmell Morningstar Award du meilleur premier roman, en 2010.<\/span><\/span><\/span><\/p>\n<p><span style=\"color: #000000;\"><span style=\"font-family: 'Times New Roman', serif;\"><span style=\"font-size: large;\">Nicolas STANZICK, grand sp\u00e9cialiste du cin\u00e9ma fantastique fait revivre la l\u00e9gende autour de l\u2019exploitation du film Massacre \u00e0 la Tron\u00e7onneuse et globalement l\u2019apparition dans les ann\u00e9es 1960 de la cin\u00e9philie fantastique fran\u00e7aise \u00e0 travers la direction de l\u2019int\u00e9grale augment\u00e9e de la revue mythique Midi-Minuit Fantastique.<\/span><\/span><\/span><\/p>\n<p><span style=\"color: #000000;\"><span style=\"font-family: 'Times New Roman', serif;\"><span style=\"font-size: large;\">Th\u00e9matique de la rencontre : &#8211; \u00ab MIDI-MINUIT FANTASTIQUE, DE LA<\/span><\/span><\/span><\/p>\n<p><span style=\"color: #000000;\"><span style=\"font-family: 'Times New Roman', serif;\"><span style=\"font-size: large;\">HAMMER A MASSACRE A LA TRON\u00c7ONNEUSE \u00bb<\/span><\/span><\/span><\/p>\n<p><span style=\"color: #000000;\"><span style=\"font-family: 'Times New Roman', serif;\"><span style=\"font-size: large;\">Ces \u00e9v\u00e9nements sont gratuits et en entr\u00e9e libre, selon la capacit\u00e9 d\u2019accueil du lieu.<\/span><\/span><\/span><\/p>\n<p><span style=\"color: #000000;\"><span style=\"font-family: 'Times New Roman', serif;\"><span style=\"font-size: large;\">* 2 avenue Foch, Nancy 54000 &#8211; Forum des rencontres <\/span><\/span><\/span><\/p>\n<p><span style=\"color: #000000;\"><span style=\"font-family: 'Times New Roman', serif;\"><span style=\"font-size: large;\">. SAMEDI 17\/01\/15 \u00e0 15h00 : Rencontre avec l&rsquo;auteur Henri Loevenbruck<br \/>\n<\/span><\/span><\/span><a href=\"http:\/\/www.henriloevenbruck.com\/\" target=\"_blank\" rel=\"noopener\"><span style=\"color: #000000;\"><span style=\"font-family: 'Times New Roman', serif;\"><span style=\"font-size: large;\"><span style=\"text-decoration: underline;\">http:\/\/www.henriloevenbruck.com<\/span><\/span><\/span><\/span><\/a><\/p>\n<p><span style=\"color: #000000;\"><span style=\"font-family: 'Times New Roman', serif;\"><span style=\"font-size: large;\">. VENDREDI 23\/01\/15 \u00e0 17h30 : Rencontre avec l&rsquo;auteur Pierre Pevel<br \/>\n<\/span><\/span><\/span><a href=\"http:\/\/www.bragelonne.fr\/auteurs\/view\/pierre-pevel\" target=\"_blank\" rel=\"noopener\"><span style=\"color: #000000;\"><span style=\"font-family: 'Times New Roman', serif;\"><span style=\"font-size: large;\"><span style=\"text-decoration: underline;\">http:\/\/www.bragelonne.fr\/auteurs\/view\/pierre-pevel<\/span><\/span><\/span><\/span><\/a><\/p>\n<p><span style=\"color: #000000;\"><span style=\"font-family: 'Times New Roman', serif;\"><span style=\"font-size: large;\">. SAMEDI 24\/01\/15 \u00e0 15h00 : \u00ab\u00a0Midi-minuit fantastique, de la Hammer Films \u00e0 Massacre \u00e0 la tron\u00e7onneuse\u00a0\u00bb avec Nicolas Stanzick, directeur de Midi-Minuit Fantastique : l&rsquo;int\u00e9grale<br \/>\n<\/span><\/span><\/span><span style=\"color: #000000;\"><span style=\"font-family: 'Times New Roman', serif;\"><span style=\"font-size: large;\"><span style=\"text-decoration: underline;\">http:\/\/midiminuitfantastique.com\/<\/span><\/span><\/span><\/span><\/p>\n<p>Entr\u00e9e libre et gratuite.<\/p>\n<p><span style=\"color: #000000;\"><span style=\"font-family: 'Times New Roman', serif;\"><span style=\"font-size: large;\">FNAC Nancy, 2 avenue Foch.<\/span><\/span><\/span><\/p>\n","protected":false},"excerpt":{"rendered":"<p>La Fnac apporte depuis plusieurs ann\u00e9es son soutien au Festival de G\u00e9rardmer. Une collaboration qui se traduit cette ann\u00e9e par [&hellip;]<\/p>\n","protected":false},"author":42,"featured_media":0,"comment_status":"open","ping_status":"open","sticky":false,"template":"","format":"standard","meta":{"footnotes":""},"categories":[4,1459,18],"tags":[],"class_list":["post-12158","post","type-post","status-publish","format-standard","hentry","category-culture","category-lorraine","category-vosges"],"acf":[],"yoast_head":"<!-- This site is optimized with the Yoast SEO plugin v22.5 - https:\/\/yoast.com\/wordpress\/plugins\/seo\/ -->\n<title>Les Rencontres du Fantastique \u00e0 la FNAC de Nancy en janvier - Gerardmer Info<\/title>\n<meta name=\"robots\" content=\"index, follow, max-snippet:-1, max-image-preview:large, max-video-preview:-1\" \/>\n<link rel=\"canonical\" href=\"https:\/\/vosgesinfo.fr\/gerardmerinfo\/2015\/01\/les-rencontres-du-fantastique-la-fnac-de-nancy-en-janvier\/\" \/>\n<meta name=\"twitter:card\" content=\"summary_large_image\" \/>\n<meta name=\"twitter:title\" content=\"Les Rencontres du Fantastique \u00e0 la FNAC de Nancy en janvier - Gerardmer Info\" \/>\n<meta name=\"twitter:description\" content=\"La Fnac apporte depuis plusieurs ann\u00e9es son soutien au Festival de G\u00e9rardmer. Une collaboration qui se traduit cette ann\u00e9e par [&hellip;]\" \/>\n<meta name=\"twitter:creator\" content=\"@VosgesInfo88\" \/>\n<meta name=\"twitter:site\" content=\"@VosgesInfo88\" \/>\n<meta name=\"twitter:label1\" content=\"\u00c9crit par\" \/>\n\t<meta name=\"twitter:data1\" content=\"QG\" \/>\n\t<meta name=\"twitter:label2\" content=\"Dur\u00e9e de lecture estim\u00e9e\" \/>\n\t<meta name=\"twitter:data2\" content=\"2 minutes\" \/>\n<script type=\"application\/ld+json\" class=\"yoast-schema-graph\">{\"@context\":\"https:\/\/schema.org\",\"@graph\":[{\"@type\":\"Article\",\"@id\":\"https:\/\/vosgesinfo.fr\/gerardmerinfo\/2015\/01\/les-rencontres-du-fantastique-la-fnac-de-nancy-en-janvier\/#article\",\"isPartOf\":{\"@id\":\"https:\/\/vosgesinfo.fr\/gerardmerinfo\/2015\/01\/les-rencontres-du-fantastique-la-fnac-de-nancy-en-janvier\/\"},\"author\":{\"name\":\"QG\",\"@id\":\"https:\/\/vosgesinfo.fr\/gerardmerinfo\/#\/schema\/person\/db5605779a843dad16b5368f3e7613a5\"},\"headline\":\"Les Rencontres du Fantastique \u00e0 la FNAC de Nancy en janvier\",\"datePublished\":\"2015-01-14T18:01:35+00:00\",\"dateModified\":\"2015-01-14T18:01:35+00:00\",\"mainEntityOfPage\":{\"@id\":\"https:\/\/vosgesinfo.fr\/gerardmerinfo\/2015\/01\/les-rencontres-du-fantastique-la-fnac-de-nancy-en-janvier\/\"},\"wordCount\":367,\"commentCount\":0,\"publisher\":{\"@id\":\"https:\/\/vosgesinfo.fr\/gerardmerinfo\/#organization\"},\"articleSection\":[\"Culture\",\"Lorraine\",\"Vosges\"],\"inLanguage\":\"fr-FR\",\"potentialAction\":[{\"@type\":\"CommentAction\",\"name\":\"Comment\",\"target\":[\"https:\/\/vosgesinfo.fr\/gerardmerinfo\/2015\/01\/les-rencontres-du-fantastique-la-fnac-de-nancy-en-janvier\/#respond\"]}]},{\"@type\":\"WebPage\",\"@id\":\"https:\/\/vosgesinfo.fr\/gerardmerinfo\/2015\/01\/les-rencontres-du-fantastique-la-fnac-de-nancy-en-janvier\/\",\"url\":\"https:\/\/vosgesinfo.fr\/gerardmerinfo\/2015\/01\/les-rencontres-du-fantastique-la-fnac-de-nancy-en-janvier\/\",\"name\":\"Les Rencontres du Fantastique \u00e0 la FNAC de Nancy en janvier - Gerardmer Info\",\"isPartOf\":{\"@id\":\"https:\/\/vosgesinfo.fr\/gerardmerinfo\/#website\"},\"datePublished\":\"2015-01-14T18:01:35+00:00\",\"dateModified\":\"2015-01-14T18:01:35+00:00\",\"breadcrumb\":{\"@id\":\"https:\/\/vosgesinfo.fr\/gerardmerinfo\/2015\/01\/les-rencontres-du-fantastique-la-fnac-de-nancy-en-janvier\/#breadcrumb\"},\"inLanguage\":\"fr-FR\",\"potentialAction\":[{\"@type\":\"ReadAction\",\"target\":[\"https:\/\/vosgesinfo.fr\/gerardmerinfo\/2015\/01\/les-rencontres-du-fantastique-la-fnac-de-nancy-en-janvier\/\"]}]},{\"@type\":\"BreadcrumbList\",\"@id\":\"https:\/\/vosgesinfo.fr\/gerardmerinfo\/2015\/01\/les-rencontres-du-fantastique-la-fnac-de-nancy-en-janvier\/#breadcrumb\",\"itemListElement\":[{\"@type\":\"ListItem\",\"position\":1,\"name\":\"Home\",\"item\":\"https:\/\/vosgesinfo.fr\/gerardmerinfo\/\"},{\"@type\":\"ListItem\",\"position\":2,\"name\":\"Les Rencontres du Fantastique \u00e0 la FNAC de Nancy en janvier\"}]},{\"@type\":\"WebSite\",\"@id\":\"https:\/\/vosgesinfo.fr\/gerardmerinfo\/#website\",\"url\":\"https:\/\/vosgesinfo.fr\/gerardmerinfo\/\",\"name\":\"Gerardmer Info\",\"description\":\"Toute l&#039;actualit\u00e9 de G\u00e9rardmer\",\"publisher\":{\"@id\":\"https:\/\/vosgesinfo.fr\/gerardmerinfo\/#organization\"},\"alternateName\":\"Toute l'actualit\u00e9 de G\u00e9rardmer\",\"potentialAction\":[{\"@type\":\"SearchAction\",\"target\":{\"@type\":\"EntryPoint\",\"urlTemplate\":\"https:\/\/vosgesinfo.fr\/gerardmerinfo\/?s={search_term_string}\"},\"query-input\":\"required name=search_term_string\"}],\"inLanguage\":\"fr-FR\"},{\"@type\":\"Organization\",\"@id\":\"https:\/\/vosgesinfo.fr\/gerardmerinfo\/#organization\",\"name\":\"Gerardmer Info\",\"url\":\"https:\/\/vosgesinfo.fr\/gerardmerinfo\/\",\"logo\":{\"@type\":\"ImageObject\",\"inLanguage\":\"fr-FR\",\"@id\":\"https:\/\/vosgesinfo.fr\/gerardmerinfo\/#\/schema\/logo\/image\/\",\"url\":\"https:\/\/vosgesinfo.fr\/app\/uploads\/sites\/6\/2023\/08\/favicon-gerardmerinfo.png\",\"contentUrl\":\"https:\/\/vosgesinfo.fr\/app\/uploads\/sites\/6\/2023\/08\/favicon-gerardmerinfo.png\",\"width\":512,\"height\":512,\"caption\":\"Gerardmer Info\"},\"image\":{\"@id\":\"https:\/\/vosgesinfo.fr\/gerardmerinfo\/#\/schema\/logo\/image\/\"},\"sameAs\":[\"https:\/\/www.facebook.com\/profile.php?id=100049475262660\",\"https:\/\/x.com\/VosgesInfo88\",\"https:\/\/www.youtube.com\/@vosgesinfo\"]},{\"@type\":\"Person\",\"@id\":\"https:\/\/vosgesinfo.fr\/gerardmerinfo\/#\/schema\/person\/db5605779a843dad16b5368f3e7613a5\",\"name\":\"QG\",\"image\":{\"@type\":\"ImageObject\",\"inLanguage\":\"fr-FR\",\"@id\":\"https:\/\/vosgesinfo.fr\/gerardmerinfo\/#\/schema\/person\/image\/\",\"url\":\"https:\/\/secure.gravatar.com\/avatar\/ea80c42c204b534408512832fde52504ecabb9706bcb6151cf6175e5b64e6793?s=96&d=mm&r=g\",\"contentUrl\":\"https:\/\/secure.gravatar.com\/avatar\/ea80c42c204b534408512832fde52504ecabb9706bcb6151cf6175e5b64e6793?s=96&d=mm&r=g\",\"caption\":\"QG\"},\"url\":\"https:\/\/vosgesinfo.fr\/gerardmerinfo\/author\/quentin88\/\"}]}<\/script>\n<!-- \/ Yoast SEO plugin. -->","yoast_head_json":{"title":"Les Rencontres du Fantastique \u00e0 la FNAC de Nancy en janvier - Gerardmer Info","robots":{"index":"index","follow":"follow","max-snippet":"max-snippet:-1","max-image-preview":"max-image-preview:large","max-video-preview":"max-video-preview:-1"},"canonical":"https:\/\/vosgesinfo.fr\/gerardmerinfo\/2015\/01\/les-rencontres-du-fantastique-la-fnac-de-nancy-en-janvier\/","twitter_card":"summary_large_image","twitter_title":"Les Rencontres du Fantastique \u00e0 la FNAC de Nancy en janvier - Gerardmer Info","twitter_description":"La Fnac apporte depuis plusieurs ann\u00e9es son soutien au Festival de G\u00e9rardmer. Une collaboration qui se traduit cette ann\u00e9e par [&hellip;]","twitter_creator":"@VosgesInfo88","twitter_site":"@VosgesInfo88","twitter_misc":{"\u00c9crit par":"QG","Dur\u00e9e de lecture estim\u00e9e":"2 minutes"},"schema":{"@context":"https:\/\/schema.org","@graph":[{"@type":"Article","@id":"https:\/\/vosgesinfo.fr\/gerardmerinfo\/2015\/01\/les-rencontres-du-fantastique-la-fnac-de-nancy-en-janvier\/#article","isPartOf":{"@id":"https:\/\/vosgesinfo.fr\/gerardmerinfo\/2015\/01\/les-rencontres-du-fantastique-la-fnac-de-nancy-en-janvier\/"},"author":{"name":"QG","@id":"https:\/\/vosgesinfo.fr\/gerardmerinfo\/#\/schema\/person\/db5605779a843dad16b5368f3e7613a5"},"headline":"Les Rencontres du Fantastique \u00e0 la FNAC de Nancy en janvier","datePublished":"2015-01-14T18:01:35+00:00","dateModified":"2015-01-14T18:01:35+00:00","mainEntityOfPage":{"@id":"https:\/\/vosgesinfo.fr\/gerardmerinfo\/2015\/01\/les-rencontres-du-fantastique-la-fnac-de-nancy-en-janvier\/"},"wordCount":367,"commentCount":0,"publisher":{"@id":"https:\/\/vosgesinfo.fr\/gerardmerinfo\/#organization"},"articleSection":["Culture","Lorraine","Vosges"],"inLanguage":"fr-FR","potentialAction":[{"@type":"CommentAction","name":"Comment","target":["https:\/\/vosgesinfo.fr\/gerardmerinfo\/2015\/01\/les-rencontres-du-fantastique-la-fnac-de-nancy-en-janvier\/#respond"]}]},{"@type":"WebPage","@id":"https:\/\/vosgesinfo.fr\/gerardmerinfo\/2015\/01\/les-rencontres-du-fantastique-la-fnac-de-nancy-en-janvier\/","url":"https:\/\/vosgesinfo.fr\/gerardmerinfo\/2015\/01\/les-rencontres-du-fantastique-la-fnac-de-nancy-en-janvier\/","name":"Les Rencontres du Fantastique \u00e0 la FNAC de Nancy en janvier - Gerardmer Info","isPartOf":{"@id":"https:\/\/vosgesinfo.fr\/gerardmerinfo\/#website"},"datePublished":"2015-01-14T18:01:35+00:00","dateModified":"2015-01-14T18:01:35+00:00","breadcrumb":{"@id":"https:\/\/vosgesinfo.fr\/gerardmerinfo\/2015\/01\/les-rencontres-du-fantastique-la-fnac-de-nancy-en-janvier\/#breadcrumb"},"inLanguage":"fr-FR","potentialAction":[{"@type":"ReadAction","target":["https:\/\/vosgesinfo.fr\/gerardmerinfo\/2015\/01\/les-rencontres-du-fantastique-la-fnac-de-nancy-en-janvier\/"]}]},{"@type":"BreadcrumbList","@id":"https:\/\/vosgesinfo.fr\/gerardmerinfo\/2015\/01\/les-rencontres-du-fantastique-la-fnac-de-nancy-en-janvier\/#breadcrumb","itemListElement":[{"@type":"ListItem","position":1,"name":"Home","item":"https:\/\/vosgesinfo.fr\/gerardmerinfo\/"},{"@type":"ListItem","position":2,"name":"Les Rencontres du Fantastique \u00e0 la FNAC de Nancy en janvier"}]},{"@type":"WebSite","@id":"https:\/\/vosgesinfo.fr\/gerardmerinfo\/#website","url":"https:\/\/vosgesinfo.fr\/gerardmerinfo\/","name":"Gerardmer Info","description":"Toute l&#039;actualit\u00e9 de G\u00e9rardmer","publisher":{"@id":"https:\/\/vosgesinfo.fr\/gerardmerinfo\/#organization"},"alternateName":"Toute l'actualit\u00e9 de G\u00e9rardmer","potentialAction":[{"@type":"SearchAction","target":{"@type":"EntryPoint","urlTemplate":"https:\/\/vosgesinfo.fr\/gerardmerinfo\/?s={search_term_string}"},"query-input":"required name=search_term_string"}],"inLanguage":"fr-FR"},{"@type":"Organization","@id":"https:\/\/vosgesinfo.fr\/gerardmerinfo\/#organization","name":"Gerardmer Info","url":"https:\/\/vosgesinfo.fr\/gerardmerinfo\/","logo":{"@type":"ImageObject","inLanguage":"fr-FR","@id":"https:\/\/vosgesinfo.fr\/gerardmerinfo\/#\/schema\/logo\/image\/","url":"https:\/\/vosgesinfo.fr\/app\/uploads\/sites\/6\/2023\/08\/favicon-gerardmerinfo.png","contentUrl":"https:\/\/vosgesinfo.fr\/app\/uploads\/sites\/6\/2023\/08\/favicon-gerardmerinfo.png","width":512,"height":512,"caption":"Gerardmer Info"},"image":{"@id":"https:\/\/vosgesinfo.fr\/gerardmerinfo\/#\/schema\/logo\/image\/"},"sameAs":["https:\/\/www.facebook.com\/profile.php?id=100049475262660","https:\/\/x.com\/VosgesInfo88","https:\/\/www.youtube.com\/@vosgesinfo"]},{"@type":"Person","@id":"https:\/\/vosgesinfo.fr\/gerardmerinfo\/#\/schema\/person\/db5605779a843dad16b5368f3e7613a5","name":"QG","image":{"@type":"ImageObject","inLanguage":"fr-FR","@id":"https:\/\/vosgesinfo.fr\/gerardmerinfo\/#\/schema\/person\/image\/","url":"https:\/\/secure.gravatar.com\/avatar\/ea80c42c204b534408512832fde52504ecabb9706bcb6151cf6175e5b64e6793?s=96&d=mm&r=g","contentUrl":"https:\/\/secure.gravatar.com\/avatar\/ea80c42c204b534408512832fde52504ecabb9706bcb6151cf6175e5b64e6793?s=96&d=mm&r=g","caption":"QG"},"url":"https:\/\/vosgesinfo.fr\/gerardmerinfo\/author\/quentin88\/"}]}},"_links":{"self":[{"href":"https:\/\/vosgesinfo.fr\/gerardmerinfo\/wp-json\/wp\/v2\/posts\/12158","targetHints":{"allow":["GET"]}}],"collection":[{"href":"https:\/\/vosgesinfo.fr\/gerardmerinfo\/wp-json\/wp\/v2\/posts"}],"about":[{"href":"https:\/\/vosgesinfo.fr\/gerardmerinfo\/wp-json\/wp\/v2\/types\/post"}],"author":[{"embeddable":true,"href":"https:\/\/vosgesinfo.fr\/gerardmerinfo\/wp-json\/wp\/v2\/users\/42"}],"replies":[{"embeddable":true,"href":"https:\/\/vosgesinfo.fr\/gerardmerinfo\/wp-json\/wp\/v2\/comments?post=12158"}],"version-history":[{"count":0,"href":"https:\/\/vosgesinfo.fr\/gerardmerinfo\/wp-json\/wp\/v2\/posts\/12158\/revisions"}],"wp:attachment":[{"href":"https:\/\/vosgesinfo.fr\/gerardmerinfo\/wp-json\/wp\/v2\/media?parent=12158"}],"wp:term":[{"taxonomy":"category","embeddable":true,"href":"https:\/\/vosgesinfo.fr\/gerardmerinfo\/wp-json\/wp\/v2\/categories?post=12158"},{"taxonomy":"post_tag","embeddable":true,"href":"https:\/\/vosgesinfo.fr\/gerardmerinfo\/wp-json\/wp\/v2\/tags?post=12158"}],"curies":[{"name":"wp","href":"https:\/\/api.w.org\/{rel}","templated":true}]}}