{"id":12159,"date":"2015-01-14T16:43:08","date_gmt":"2015-01-14T15:43:08","guid":{"rendered":"https:\/\/vosgesinfo.fr\/gerardmerinfo\/2015\/01\/course-moto-la-volontaire-aura-t-elle-lieu-dans-les-hautes-vosges\/"},"modified":"2015-01-14T16:43:08","modified_gmt":"2015-01-14T15:43:08","slug":"course-moto-la-volontaire-aura-t-elle-lieu-dans-les-hautes-vosges","status":"publish","type":"post","link":"https:\/\/vosgesinfo.fr\/gerardmerinfo\/2015\/01\/course-moto-la-volontaire-aura-t-elle-lieu-dans-les-hautes-vosges\/","title":{"rendered":"Course moto \u2013 La \u00ab Volontaire \u00bb aura-t-elle lieu dans les Hautes Vosges ?"},"content":{"rendered":"<p>\u00ab\u00a0<strong><em>On croit r\u00eaver\u2026c\u2019est de la folie totale\u2026on attend une non-autorisation\u2026\u00a0<\/em><\/strong>\u00bb<\/p>\n<p>Des repr\u00e9sentants d\u2019associations, ASVPP, Oiseaux Nature, Vosges Nature Environnement, le Club vosgien, le CAF et d\u2019autres encore s\u2019insurgent.<\/p>\n<p>Ce jour ils avaient convi\u00e9 la presse pour alerter l\u2019opinion sur un projet de \u00ab\u00a0<strong><em>course enduro de l\u2019extr\u00eame<\/em><\/strong>\u00a0<strong><em>compos\u00e9e d\u2019obstacles en tous genres tels que pierriers, moulards, mont\u00e9es et descentes plus \u00e9pouvantables les unes que les autres<\/em><\/strong> \u00bb selon les termes des organisateurs de la \u00ab\u00a0Volontaire\u00a0\u00bb.<\/p>\n<p>Une course qui emprunterait un parcours de 200 kilom\u00e8tres au c\u0153ur des Hautes Vosges au d\u00e9part de Remiremont le 21 mars.<\/p>\n<p>250 motards traverseraient 7 communes du Parc des Ballons des Vosges et c\u00f4toieraient plusieurs zones Natura 2000 en pleine p\u00e9riode de nidification.<\/p>\n<p>Le collectif d\u00e9nonce entre autres nuisances, des d\u00e9gradations fortes des routes, chemins, sentiers et terrains naturels, l\u2019impact s\u00e9rieux sur la faune et la flore (d\u00e9gradation d\u2019habitats et d\u00e9rangement d\u2019esp\u00e8ces prot\u00e9g\u00e9es), des conflits d\u2019usage avec les utilisateurs de la for\u00eat, comme les promeneurs et l\u2019impact sonore sur tout un massif y compris la nuit.<\/p>\n<p>Ces associations tirent donc un signal d\u2019alarme destin\u00e9 aux diff\u00e9rentes instances pouvant soumettre un avis au Pr\u00e9fet des Vosges\u00a0: le Parc Naturel des Ballons et les communes concern\u00e9es, sachant que l\u2019ONF a d\u00e9j\u00e0 donn\u00e9 un avis d\u00e9favorable en ce qui concerne les for\u00eats domaniales.<\/p>\n<p>Elles estiment cette utilisation du patrimoine naturel \u00ab\u00a0<strong><em>anachronique en cette ann\u00e9e de conf\u00e9rence internationale sur le climat<\/em><\/strong>\u00a0\u00bb et pointent une crise de la biodiversit\u00e9 de plus en plus perceptible.<\/p>\n<p>La balle si l\u2019on peut dire est maintenant dans le camp du Pr\u00e9fet.<\/p>\n<p>Il a latitude de donner son autorisation ou non jusqu\u2019au dernier moment.<\/p>\n<p>Avouons que 250 motards en plein carnaval v\u00e9nitien de Remiremont, cela \u00ab\u00a0vaudrait la photo\u00a0\u00bb.<\/p>\n<p>Mais pas s\u00fbr que la Nature appr\u00e9cie\u2026<\/p>\n","protected":false},"excerpt":{"rendered":"<p>\u00ab\u00a0On croit r\u00eaver\u2026c\u2019est de la folie totale\u2026on attend une non-autorisation\u2026\u00a0\u00bb Des repr\u00e9sentants d\u2019associations, ASVPP, Oiseaux Nature, Vosges Nature Environnement, le [&hellip;]<\/p>\n","protected":false},"author":142,"featured_media":0,"comment_status":"open","ping_status":"open","sticky":false,"template":"","format":"standard","meta":{"footnotes":""},"categories":[18],"tags":[],"class_list":["post-12159","post","type-post","status-publish","format-standard","hentry","category-vosges"],"acf":[],"yoast_head":"<!-- This site is optimized with the Yoast SEO plugin v22.5 - https:\/\/yoast.com\/wordpress\/plugins\/seo\/ -->\n<title>Course moto \u2013 La \u00ab Volontaire \u00bb aura-t-elle lieu dans les Hautes Vosges ? - Gerardmer Info<\/title>\n<meta name=\"robots\" content=\"index, follow, max-snippet:-1, max-image-preview:large, max-video-preview:-1\" \/>\n<link rel=\"canonical\" href=\"https:\/\/vosgesinfo.fr\/gerardmerinfo\/2015\/01\/course-moto-la-volontaire-aura-t-elle-lieu-dans-les-hautes-vosges\/\" \/>\n<meta name=\"twitter:card\" content=\"summary_large_image\" \/>\n<meta name=\"twitter:title\" content=\"Course moto \u2013 La \u00ab Volontaire \u00bb aura-t-elle lieu dans les Hautes Vosges ? - Gerardmer Info\" \/>\n<meta name=\"twitter:description\" content=\"\u00ab\u00a0On croit r\u00eaver\u2026c\u2019est de la folie totale\u2026on attend une non-autorisation\u2026\u00a0\u00bb Des repr\u00e9sentants d\u2019associations, ASVPP, Oiseaux Nature, Vosges Nature Environnement, le [&hellip;]\" \/>\n<meta name=\"twitter:creator\" content=\"@VosgesInfo88\" \/>\n<meta name=\"twitter:site\" content=\"@VosgesInfo88\" \/>\n<meta name=\"twitter:label1\" content=\"\u00c9crit par\" \/>\n\t<meta name=\"twitter:data1\" content=\"ER\" \/>\n\t<meta name=\"twitter:label2\" content=\"Dur\u00e9e de lecture estim\u00e9e\" \/>\n\t<meta name=\"twitter:data2\" content=\"2 minutes\" \/>\n<script type=\"application\/ld+json\" class=\"yoast-schema-graph\">{\"@context\":\"https:\/\/schema.org\",\"@graph\":[{\"@type\":\"Article\",\"@id\":\"https:\/\/vosgesinfo.fr\/gerardmerinfo\/2015\/01\/course-moto-la-volontaire-aura-t-elle-lieu-dans-les-hautes-vosges\/#article\",\"isPartOf\":{\"@id\":\"https:\/\/vosgesinfo.fr\/gerardmerinfo\/2015\/01\/course-moto-la-volontaire-aura-t-elle-lieu-dans-les-hautes-vosges\/\"},\"author\":{\"name\":\"ER\",\"@id\":\"https:\/\/vosgesinfo.fr\/gerardmerinfo\/#\/schema\/person\/fde1ec7f5ff931cb197c3a5e5b243873\"},\"headline\":\"Course moto \u2013 La \u00ab Volontaire \u00bb aura-t-elle lieu dans les Hautes Vosges ?\",\"datePublished\":\"2015-01-14T15:43:08+00:00\",\"dateModified\":\"2015-01-14T15:43:08+00:00\",\"mainEntityOfPage\":{\"@id\":\"https:\/\/vosgesinfo.fr\/gerardmerinfo\/2015\/01\/course-moto-la-volontaire-aura-t-elle-lieu-dans-les-hautes-vosges\/\"},\"wordCount\":341,\"commentCount\":0,\"publisher\":{\"@id\":\"https:\/\/vosgesinfo.fr\/gerardmerinfo\/#organization\"},\"articleSection\":[\"Vosges\"],\"inLanguage\":\"fr-FR\",\"potentialAction\":[{\"@type\":\"CommentAction\",\"name\":\"Comment\",\"target\":[\"https:\/\/vosgesinfo.fr\/gerardmerinfo\/2015\/01\/course-moto-la-volontaire-aura-t-elle-lieu-dans-les-hautes-vosges\/#respond\"]}]},{\"@type\":\"WebPage\",\"@id\":\"https:\/\/vosgesinfo.fr\/gerardmerinfo\/2015\/01\/course-moto-la-volontaire-aura-t-elle-lieu-dans-les-hautes-vosges\/\",\"url\":\"https:\/\/vosgesinfo.fr\/gerardmerinfo\/2015\/01\/course-moto-la-volontaire-aura-t-elle-lieu-dans-les-hautes-vosges\/\",\"name\":\"Course moto \u2013 La \u00ab Volontaire \u00bb aura-t-elle lieu dans les Hautes Vosges ? - Gerardmer Info\",\"isPartOf\":{\"@id\":\"https:\/\/vosgesinfo.fr\/gerardmerinfo\/#website\"},\"datePublished\":\"2015-01-14T15:43:08+00:00\",\"dateModified\":\"2015-01-14T15:43:08+00:00\",\"breadcrumb\":{\"@id\":\"https:\/\/vosgesinfo.fr\/gerardmerinfo\/2015\/01\/course-moto-la-volontaire-aura-t-elle-lieu-dans-les-hautes-vosges\/#breadcrumb\"},\"inLanguage\":\"fr-FR\",\"potentialAction\":[{\"@type\":\"ReadAction\",\"target\":[\"https:\/\/vosgesinfo.fr\/gerardmerinfo\/2015\/01\/course-moto-la-volontaire-aura-t-elle-lieu-dans-les-hautes-vosges\/\"]}]},{\"@type\":\"BreadcrumbList\",\"@id\":\"https:\/\/vosgesinfo.fr\/gerardmerinfo\/2015\/01\/course-moto-la-volontaire-aura-t-elle-lieu-dans-les-hautes-vosges\/#breadcrumb\",\"itemListElement\":[{\"@type\":\"ListItem\",\"position\":1,\"name\":\"Home\",\"item\":\"https:\/\/vosgesinfo.fr\/gerardmerinfo\/\"},{\"@type\":\"ListItem\",\"position\":2,\"name\":\"Course moto \u2013 La \u00ab Volontaire \u00bb aura-t-elle lieu dans les Hautes Vosges ?\"}]},{\"@type\":\"WebSite\",\"@id\":\"https:\/\/vosgesinfo.fr\/gerardmerinfo\/#website\",\"url\":\"https:\/\/vosgesinfo.fr\/gerardmerinfo\/\",\"name\":\"Gerardmer Info\",\"description\":\"Toute l&#039;actualit\u00e9 de G\u00e9rardmer\",\"publisher\":{\"@id\":\"https:\/\/vosgesinfo.fr\/gerardmerinfo\/#organization\"},\"alternateName\":\"Toute l'actualit\u00e9 de G\u00e9rardmer\",\"potentialAction\":[{\"@type\":\"SearchAction\",\"target\":{\"@type\":\"EntryPoint\",\"urlTemplate\":\"https:\/\/vosgesinfo.fr\/gerardmerinfo\/?s={search_term_string}\"},\"query-input\":\"required name=search_term_string\"}],\"inLanguage\":\"fr-FR\"},{\"@type\":\"Organization\",\"@id\":\"https:\/\/vosgesinfo.fr\/gerardmerinfo\/#organization\",\"name\":\"Gerardmer Info\",\"url\":\"https:\/\/vosgesinfo.fr\/gerardmerinfo\/\",\"logo\":{\"@type\":\"ImageObject\",\"inLanguage\":\"fr-FR\",\"@id\":\"https:\/\/vosgesinfo.fr\/gerardmerinfo\/#\/schema\/logo\/image\/\",\"url\":\"https:\/\/vosgesinfo.fr\/app\/uploads\/sites\/6\/2023\/08\/favicon-gerardmerinfo.png\",\"contentUrl\":\"https:\/\/vosgesinfo.fr\/app\/uploads\/sites\/6\/2023\/08\/favicon-gerardmerinfo.png\",\"width\":512,\"height\":512,\"caption\":\"Gerardmer Info\"},\"image\":{\"@id\":\"https:\/\/vosgesinfo.fr\/gerardmerinfo\/#\/schema\/logo\/image\/\"},\"sameAs\":[\"https:\/\/www.facebook.com\/profile.php?id=100049475262660\",\"https:\/\/x.com\/VosgesInfo88\",\"https:\/\/www.youtube.com\/@vosgesinfo\"]},{\"@type\":\"Person\",\"@id\":\"https:\/\/vosgesinfo.fr\/gerardmerinfo\/#\/schema\/person\/fde1ec7f5ff931cb197c3a5e5b243873\",\"name\":\"ER\",\"image\":{\"@type\":\"ImageObject\",\"inLanguage\":\"fr-FR\",\"@id\":\"https:\/\/vosgesinfo.fr\/gerardmerinfo\/#\/schema\/person\/image\/\",\"url\":\"https:\/\/secure.gravatar.com\/avatar\/8af1bfab4ee2a09c162fcb5b99b97405502398bcd28265413332ef4266d815cc?s=96&d=mm&r=g\",\"contentUrl\":\"https:\/\/secure.gravatar.com\/avatar\/8af1bfab4ee2a09c162fcb5b99b97405502398bcd28265413332ef4266d815cc?s=96&d=mm&r=g\",\"caption\":\"ER\"},\"url\":\"https:\/\/vosgesinfo.fr\/gerardmerinfo\/author\/er\/\"}]}<\/script>\n<!-- \/ Yoast SEO plugin. -->","yoast_head_json":{"title":"Course moto \u2013 La \u00ab Volontaire \u00bb aura-t-elle lieu dans les Hautes Vosges ? - Gerardmer Info","robots":{"index":"index","follow":"follow","max-snippet":"max-snippet:-1","max-image-preview":"max-image-preview:large","max-video-preview":"max-video-preview:-1"},"canonical":"https:\/\/vosgesinfo.fr\/gerardmerinfo\/2015\/01\/course-moto-la-volontaire-aura-t-elle-lieu-dans-les-hautes-vosges\/","twitter_card":"summary_large_image","twitter_title":"Course moto \u2013 La \u00ab Volontaire \u00bb aura-t-elle lieu dans les Hautes Vosges ? - Gerardmer Info","twitter_description":"\u00ab\u00a0On croit r\u00eaver\u2026c\u2019est de la folie totale\u2026on attend une non-autorisation\u2026\u00a0\u00bb Des repr\u00e9sentants d\u2019associations, ASVPP, Oiseaux Nature, Vosges Nature Environnement, le [&hellip;]","twitter_creator":"@VosgesInfo88","twitter_site":"@VosgesInfo88","twitter_misc":{"\u00c9crit par":"ER","Dur\u00e9e de lecture estim\u00e9e":"2 minutes"},"schema":{"@context":"https:\/\/schema.org","@graph":[{"@type":"Article","@id":"https:\/\/vosgesinfo.fr\/gerardmerinfo\/2015\/01\/course-moto-la-volontaire-aura-t-elle-lieu-dans-les-hautes-vosges\/#article","isPartOf":{"@id":"https:\/\/vosgesinfo.fr\/gerardmerinfo\/2015\/01\/course-moto-la-volontaire-aura-t-elle-lieu-dans-les-hautes-vosges\/"},"author":{"name":"ER","@id":"https:\/\/vosgesinfo.fr\/gerardmerinfo\/#\/schema\/person\/fde1ec7f5ff931cb197c3a5e5b243873"},"headline":"Course moto \u2013 La \u00ab Volontaire \u00bb aura-t-elle lieu dans les Hautes Vosges ?","datePublished":"2015-01-14T15:43:08+00:00","dateModified":"2015-01-14T15:43:08+00:00","mainEntityOfPage":{"@id":"https:\/\/vosgesinfo.fr\/gerardmerinfo\/2015\/01\/course-moto-la-volontaire-aura-t-elle-lieu-dans-les-hautes-vosges\/"},"wordCount":341,"commentCount":0,"publisher":{"@id":"https:\/\/vosgesinfo.fr\/gerardmerinfo\/#organization"},"articleSection":["Vosges"],"inLanguage":"fr-FR","potentialAction":[{"@type":"CommentAction","name":"Comment","target":["https:\/\/vosgesinfo.fr\/gerardmerinfo\/2015\/01\/course-moto-la-volontaire-aura-t-elle-lieu-dans-les-hautes-vosges\/#respond"]}]},{"@type":"WebPage","@id":"https:\/\/vosgesinfo.fr\/gerardmerinfo\/2015\/01\/course-moto-la-volontaire-aura-t-elle-lieu-dans-les-hautes-vosges\/","url":"https:\/\/vosgesinfo.fr\/gerardmerinfo\/2015\/01\/course-moto-la-volontaire-aura-t-elle-lieu-dans-les-hautes-vosges\/","name":"Course moto \u2013 La \u00ab Volontaire \u00bb aura-t-elle lieu dans les Hautes Vosges ? - Gerardmer Info","isPartOf":{"@id":"https:\/\/vosgesinfo.fr\/gerardmerinfo\/#website"},"datePublished":"2015-01-14T15:43:08+00:00","dateModified":"2015-01-14T15:43:08+00:00","breadcrumb":{"@id":"https:\/\/vosgesinfo.fr\/gerardmerinfo\/2015\/01\/course-moto-la-volontaire-aura-t-elle-lieu-dans-les-hautes-vosges\/#breadcrumb"},"inLanguage":"fr-FR","potentialAction":[{"@type":"ReadAction","target":["https:\/\/vosgesinfo.fr\/gerardmerinfo\/2015\/01\/course-moto-la-volontaire-aura-t-elle-lieu-dans-les-hautes-vosges\/"]}]},{"@type":"BreadcrumbList","@id":"https:\/\/vosgesinfo.fr\/gerardmerinfo\/2015\/01\/course-moto-la-volontaire-aura-t-elle-lieu-dans-les-hautes-vosges\/#breadcrumb","itemListElement":[{"@type":"ListItem","position":1,"name":"Home","item":"https:\/\/vosgesinfo.fr\/gerardmerinfo\/"},{"@type":"ListItem","position":2,"name":"Course moto \u2013 La \u00ab Volontaire \u00bb aura-t-elle lieu dans les Hautes Vosges ?"}]},{"@type":"WebSite","@id":"https:\/\/vosgesinfo.fr\/gerardmerinfo\/#website","url":"https:\/\/vosgesinfo.fr\/gerardmerinfo\/","name":"Gerardmer Info","description":"Toute l&#039;actualit\u00e9 de G\u00e9rardmer","publisher":{"@id":"https:\/\/vosgesinfo.fr\/gerardmerinfo\/#organization"},"alternateName":"Toute l'actualit\u00e9 de G\u00e9rardmer","potentialAction":[{"@type":"SearchAction","target":{"@type":"EntryPoint","urlTemplate":"https:\/\/vosgesinfo.fr\/gerardmerinfo\/?s={search_term_string}"},"query-input":"required name=search_term_string"}],"inLanguage":"fr-FR"},{"@type":"Organization","@id":"https:\/\/vosgesinfo.fr\/gerardmerinfo\/#organization","name":"Gerardmer Info","url":"https:\/\/vosgesinfo.fr\/gerardmerinfo\/","logo":{"@type":"ImageObject","inLanguage":"fr-FR","@id":"https:\/\/vosgesinfo.fr\/gerardmerinfo\/#\/schema\/logo\/image\/","url":"https:\/\/vosgesinfo.fr\/app\/uploads\/sites\/6\/2023\/08\/favicon-gerardmerinfo.png","contentUrl":"https:\/\/vosgesinfo.fr\/app\/uploads\/sites\/6\/2023\/08\/favicon-gerardmerinfo.png","width":512,"height":512,"caption":"Gerardmer Info"},"image":{"@id":"https:\/\/vosgesinfo.fr\/gerardmerinfo\/#\/schema\/logo\/image\/"},"sameAs":["https:\/\/www.facebook.com\/profile.php?id=100049475262660","https:\/\/x.com\/VosgesInfo88","https:\/\/www.youtube.com\/@vosgesinfo"]},{"@type":"Person","@id":"https:\/\/vosgesinfo.fr\/gerardmerinfo\/#\/schema\/person\/fde1ec7f5ff931cb197c3a5e5b243873","name":"ER","image":{"@type":"ImageObject","inLanguage":"fr-FR","@id":"https:\/\/vosgesinfo.fr\/gerardmerinfo\/#\/schema\/person\/image\/","url":"https:\/\/secure.gravatar.com\/avatar\/8af1bfab4ee2a09c162fcb5b99b97405502398bcd28265413332ef4266d815cc?s=96&d=mm&r=g","contentUrl":"https:\/\/secure.gravatar.com\/avatar\/8af1bfab4ee2a09c162fcb5b99b97405502398bcd28265413332ef4266d815cc?s=96&d=mm&r=g","caption":"ER"},"url":"https:\/\/vosgesinfo.fr\/gerardmerinfo\/author\/er\/"}]}},"_links":{"self":[{"href":"https:\/\/vosgesinfo.fr\/gerardmerinfo\/wp-json\/wp\/v2\/posts\/12159","targetHints":{"allow":["GET"]}}],"collection":[{"href":"https:\/\/vosgesinfo.fr\/gerardmerinfo\/wp-json\/wp\/v2\/posts"}],"about":[{"href":"https:\/\/vosgesinfo.fr\/gerardmerinfo\/wp-json\/wp\/v2\/types\/post"}],"author":[{"embeddable":true,"href":"https:\/\/vosgesinfo.fr\/gerardmerinfo\/wp-json\/wp\/v2\/users\/142"}],"replies":[{"embeddable":true,"href":"https:\/\/vosgesinfo.fr\/gerardmerinfo\/wp-json\/wp\/v2\/comments?post=12159"}],"version-history":[{"count":0,"href":"https:\/\/vosgesinfo.fr\/gerardmerinfo\/wp-json\/wp\/v2\/posts\/12159\/revisions"}],"wp:attachment":[{"href":"https:\/\/vosgesinfo.fr\/gerardmerinfo\/wp-json\/wp\/v2\/media?parent=12159"}],"wp:term":[{"taxonomy":"category","embeddable":true,"href":"https:\/\/vosgesinfo.fr\/gerardmerinfo\/wp-json\/wp\/v2\/categories?post=12159"},{"taxonomy":"post_tag","embeddable":true,"href":"https:\/\/vosgesinfo.fr\/gerardmerinfo\/wp-json\/wp\/v2\/tags?post=12159"}],"curies":[{"name":"wp","href":"https:\/\/api.w.org\/{rel}","templated":true}]}}